{"id":868,"date":"2017-07-12T09:31:19","date_gmt":"2017-07-12T09:31:19","guid":{"rendered":"http:\/\/www.barnaclinic.com\/blog\/?p=868"},"modified":"2017-07-12T09:31:19","modified_gmt":"2017-07-12T09:31:19","slug":"curso-internacional-cirugia-tiroidea","status":"publish","type":"post","link":"https:\/\/www.barnaclinic.com\/blog\/blog\/curso-internacional-cirugia-tiroidea\/","title":{"rendered":"III Curso Internacional de Cirug\u00eda tiroidea avanzada"},"content":{"rendered":"<p>Los pasados d\u00edas 6 y 7 de julio, en el <a href=\"http:\/\/hospitalclinic.org\"><strong>Hospital Cl\u00ednic<\/strong> <strong>de Barcelona<\/strong><\/a>, tuvo lugar la tercera edici\u00f3n consecutiva del <a href=\"http:\/\/www.doctoroscarvidal.com\/es\/publicacions\/53\/actualitat\/311\/curso-internacional-de-cirugia-tiroidea-avanzada\" target=\"_blank\" rel=\"noopener noreferrer\"><strong>Curso Internacional de Cirug\u00eda tiroidea avanzada<\/strong><\/a>. Se trata de un curso te\u00f3rico-pr\u00e1ctico de \u00e1mbito internacional destinado a especialistas en\u00a0<a href=\"http:\/\/www.barnaclinic.com\/cirugia-tiroides\/\" target=\"_blank\" rel=\"noopener noreferrer\"><strong>Cirug\u00eda del Tiroides<\/strong><\/a>. En esta edici\u00f3n, los cursillistas eran procedentes de los Pa\u00edses Bajos.<\/p>\n<p><!--more--><\/p>\n<h2><strong>Sobre las nuevas t\u00e9cnicas de guiado por imagen intraoperatoria<\/strong><\/h2>\n<p>La primera parte del curso estuvo dedicada a un trabajo te\u00f3rico sobre las indicaciones, abordajes y t\u00e9cnicas cl\u00e1sicas de <strong>tiroidectom\u00eda<\/strong> y <strong>disecci\u00f3n ganglionar del cuello<\/strong>. Se cont\u00f3 con la presencia del Dr. <a href=\"http:\/\/www.barnaclinic.com\/profesionales\/342\/sergi\" target=\"_blank\" rel=\"noopener noreferrer\"><strong>Sergi Vidal-Sicart<\/strong><\/a>, de <a href=\"http:\/\/www.barnaclinic.com\/especialidades\/22\/medicina-nuclear\" target=\"_blank\" rel=\"noopener noreferrer\">Medicina Nuclear<\/a>, que explic\u00f3 la incorporaci\u00f3n de las <strong>nuevas <a href=\"http:\/\/www.barnaclinic.com\/blog\/blog\/cirugia-cancer-tiroides-radioguiada-fluorescencia-mejor-informacion-pronostico-los-pacientes\/\" target=\"_blank\" rel=\"noopener noreferrer\">t\u00e9cnicas de guiado por imagen intra-operatorias <\/a><\/strong>mediante radiois\u00f3topos o <strong>fluorescencia<\/strong> a la <strong>cirug\u00eda del c\u00e1ncer de tiroides<\/strong>.<\/p>\n<p>El Dr. <a href=\"http:\/\/www.barnaclinic.com\/profesionales\/133\/oscar\" target=\"_blank\" rel=\"noopener noreferrer\"><strong>Oscar Vidal<\/strong><\/a>, de la <a href=\"http:\/\/www.barnaclinic.com\/cirugia-tiroides\/\" target=\"_blank\" rel=\"noopener noreferrer\"><strong>Unidad de Tiroides<\/strong><\/a>, fue el encargado de realizar un an\u00e1lisis cr\u00edtico de la <em>Gu\u00eda Americana de Tiroides<\/em> (ATA). Expuso la <a href=\"http:\/\/www.barnaclinic.com\/blog\/blog\/cirugia-cancer-tiroides-radioguiada-fluorescencia-mejor-informacion-pronostico-los-pacientes\/\" target=\"_blank\" rel=\"noopener noreferrer\"><strong>cirug\u00eda tiroidea guiada por imagen en la detecci\u00f3n del ganglio centinela cervical en C\u00e1ncer Diferenciado de Tiroides<\/strong><\/a>, y sus resultados preliminares obtenidos en el <a href=\"http:\/\/hospitalclinic.org\" target=\"_blank\" rel=\"noopener noreferrer\"><strong>Hospital Cl\u00ednic<\/strong><\/a>. Se trata de un trabajo fruto de la colaboraci\u00f3n multidisciplinar de los diferentes servicios del centro.<\/p>\n<blockquote><p><small>Post relacionado:<\/small><\/p>\n<ul>\n<li class=\"f\"><a href=\"http:\/\/www.barnaclinic.com\/blog\/blog\/cirugia-cancer-tiroides-radioguiada-fluorescencia-mejor-informacion-pronostico-los-pacientes\/\" target=\"_blank\" rel=\"noopener noreferrer\"><em>Cirug\u00eda de c\u00e1ncer de tiroides radioguiada con fluorescencia, mejor informaci\u00f3n sobre el pron\u00f3stico de los pacientes<\/em><\/a><\/li>\n<\/ul>\n<\/blockquote>\n<p>&nbsp;<\/p>\n<p><img loading=\"lazy\" decoding=\"async\" class=\"alignleft wp-image-869 size-medium\" src=\"http:\/\/www.barnaclinic.com\/blog\/wp-content\/uploads\/2017\/07\/IMG_0193-225x300.jpg\" alt=\"Curso cirug\u00eda tiroidea\" width=\"225\" height=\"300\" srcset=\"https:\/\/www.barnaclinic.com\/blog\/wp-content\/uploads\/2017\/07\/IMG_0193-225x300.jpg 225w, https:\/\/www.barnaclinic.com\/blog\/wp-content\/uploads\/2017\/07\/IMG_0193-768x1024.jpg 768w, https:\/\/www.barnaclinic.com\/blog\/wp-content\/uploads\/2017\/07\/IMG_0193.jpg 1200w\" sizes=\"auto, (max-width: 225px) 100vw, 225px\" \/>La exposici\u00f3n de los casos programados para operar en la jornada del d\u00eda siguiente, fue fruto de enriquecedor debate entre los cursillistas. Adem\u00e1s de esta vertiente te\u00f3rica, el segundo d\u00eda se realizaron, en el bloque quir\u00fargico del <strong>Hospital Cl\u00ednic<\/strong>, dos <strong>tiroidectom\u00edas totales asociadas a la detecci\u00f3n del ganglio centinela cervical <\/strong>y vaciamiento ganglionar que resultaron un \u00e9xito.<\/p>\n<h2><strong>Alto grado de valoraci\u00f3n de nuestras instalaciones y del curso<\/strong><\/h2>\n<p>La valoraci\u00f3n por parte de los asistentes de nuestras instalaciones quir\u00fargicas, del grado de implicaci\u00f3n y preparaci\u00f3n de enfermer\u00eda, as\u00ed como del resto del personal fue m\u00e1xima. Los asistentes mostraron tambi\u00e9n, una gran satisfacci\u00f3n con respecto a los contenidos y las intervenciones realizadas.<\/p>\n<p>&nbsp;<\/p>\n<hr \/>\n<p><strong><a href=\"http:\/\/www.barnaclinic.com\/solicitar-cita\/?profesional=133\" target=\"_blank\" rel=\"noopener noreferrer\"><img loading=\"lazy\" decoding=\"async\" class=\"aligncenter wp-image-613 size-large\" title=\"Cita Dr. \u00d2scar Vidal\" src=\"http:\/\/www.barnaclinic.com\/blog\/wp-content\/uploads\/2016\/06\/BANNER-CITA-VIDAL-1024x152.jpg\" alt=\"BANNER-CITA-VIDAL\" width=\"1024\" height=\"152\" srcset=\"https:\/\/www.barnaclinic.com\/blog\/wp-content\/uploads\/2016\/06\/BANNER-CITA-VIDAL-1024x152.jpg 1024w, https:\/\/www.barnaclinic.com\/blog\/wp-content\/uploads\/2016\/06\/BANNER-CITA-VIDAL-300x45.jpg 300w, https:\/\/www.barnaclinic.com\/blog\/wp-content\/uploads\/2016\/06\/BANNER-CITA-VIDAL.jpg 1468w\" sizes=\"auto, (max-width: 1024px) 100vw, 1024px\" \/><\/a><\/strong><\/p>\n","protected":false},"excerpt":{"rendered":"<p>Los pasados d\u00edas 6 y 7 de julio, en el Hospital Cl\u00ednic de Barcelona, tuvo lugar la tercera edici\u00f3n consecutiva del Curso Internacional de Cirug\u00eda tiroidea avanzada. Se trata de un curso te\u00f3rico-pr\u00e1ctico de \u00e1mbito internacional destinado a especialistas en\u00a0Cirug\u00eda del Tiroides. En esta edici\u00f3n, los cursillistas eran procedentes de los Pa\u00edses Bajos.<\/p>\n","protected":false},"author":2,"featured_media":870,"comment_status":"open","ping_status":"open","sticky":false,"template":"","format":"standard","meta":{"footnotes":""},"categories":[216,284,79],"tags":[23,300,259,286,299,237,235],"class_list":["post-868","post","type-post","status-publish","format-standard","has-post-thumbnail","hentry","category-cirugia-de-tiroides","category-medicina-nuclear","category-nuestros-profesionales","tag-cirugia","tag-curso","tag-formacion","tag-radioguiada","tag-tiroidea","tag-tiroidectomia","tag-tiroides"],"yoast_head":"<!-- This site is optimized with the Yoast SEO plugin v19.14 - https:\/\/yoast.com\/wordpress\/plugins\/seo\/ -->\n<title>III Curso Internacional de Cirug\u00eda tiroidea avanzada<\/title>\n<meta name=\"description\" content=\"Los pasados d\u00edas 6 y 7 de julio, en el Hospital Cl\u00ednic, tuvo lugar la tercera edici\u00f3n consecutiva del Curso Internacional de Cirug\u00eda tiroidea avanzada.\" \/>\n<meta name=\"robots\" content=\"index, follow, max-snippet:-1, max-image-preview:large, max-video-preview:-1\" \/>\n<link rel=\"canonical\" href=\"https:\/\/www.barnaclinic.com\/blog\/blog\/curso-internacional-cirugia-tiroidea\/\" \/>\n<meta property=\"og:locale\" content=\"es_ES\" \/>\n<meta property=\"og:type\" content=\"article\" \/>\n<meta property=\"og:title\" content=\"III Curso Internacional de Cirug\u00eda tiroidea avanzada\" \/>\n<meta property=\"og:description\" content=\"Los pasados d\u00edas 6 y 7 de julio, en el Hospital Cl\u00ednic, tuvo lugar la tercera edici\u00f3n consecutiva del Curso Internacional de Cirug\u00eda tiroidea avanzada.\" \/>\n<meta property=\"og:url\" content=\"https:\/\/www.barnaclinic.com\/blog\/blog\/curso-internacional-cirugia-tiroidea\/\" \/>\n<meta property=\"og:site_name\" content=\"Blog barnacl\u00ednic+\" \/>\n<meta property=\"article:published_time\" content=\"2017-07-12T09:31:19+00:00\" \/>\n<meta property=\"og:image\" content=\"https:\/\/www.barnaclinic.com\/blog\/wp-content\/uploads\/2017\/07\/cirugia-tiroidea.jpg\" \/>\n\t<meta property=\"og:image:width\" content=\"800\" \/>\n\t<meta property=\"og:image:height\" content=\"350\" \/>\n\t<meta property=\"og:image:type\" content=\"image\/jpeg\" \/>\n<meta name=\"author\" content=\"barnacl\u00ednic+\" \/>\n<meta name=\"twitter:label1\" content=\"Escrito por\" \/>\n\t<meta name=\"twitter:data1\" content=\"barnacl\u00ednic+\" \/>\n\t<meta name=\"twitter:label2\" content=\"Tiempo de lectura\" \/>\n\t<meta name=\"twitter:data2\" content=\"2 minutos\" \/>\n<script type=\"application\/ld+json\" class=\"yoast-schema-graph\">{\"@context\":\"https:\/\/schema.org\",\"@graph\":[{\"@type\":\"WebPage\",\"@id\":\"https:\/\/www.barnaclinic.com\/blog\/blog\/curso-internacional-cirugia-tiroidea\/\",\"url\":\"https:\/\/www.barnaclinic.com\/blog\/blog\/curso-internacional-cirugia-tiroidea\/\",\"name\":\"III Curso Internacional de Cirug\u00eda tiroidea avanzada\",\"isPartOf\":{\"@id\":\"https:\/\/www.barnaclinic.com\/blog\/#website\"},\"datePublished\":\"2017-07-12T09:31:19+00:00\",\"dateModified\":\"2017-07-12T09:31:19+00:00\",\"author\":{\"@id\":\"https:\/\/www.barnaclinic.com\/blog\/#\/schema\/person\/062c0219c54bbf07163f34494da33e17\"},\"description\":\"Los pasados d\u00edas 6 y 7 de julio, en el Hospital Cl\u00ednic, tuvo lugar la tercera edici\u00f3n consecutiva del Curso Internacional de Cirug\u00eda tiroidea avanzada.\",\"inLanguage\":\"es\",\"potentialAction\":[{\"@type\":\"ReadAction\",\"target\":[\"https:\/\/www.barnaclinic.com\/blog\/blog\/curso-internacional-cirugia-tiroidea\/\"]}]},{\"@type\":\"WebSite\",\"@id\":\"https:\/\/www.barnaclinic.com\/blog\/#website\",\"url\":\"https:\/\/www.barnaclinic.com\/blog\/\",\"name\":\"Blog barnacl\u00ednic+\",\"description\":\"Informaci\u00f3n y novedades sobre los servicios y profesionales de barnacl\u00ednic+, Hospital Cl\u00ednic de Barcelona\",\"potentialAction\":[{\"@type\":\"SearchAction\",\"target\":{\"@type\":\"EntryPoint\",\"urlTemplate\":\"https:\/\/www.barnaclinic.com\/blog\/?s={search_term_string}\"},\"query-input\":\"required name=search_term_string\"}],\"inLanguage\":\"es\"},{\"@type\":\"Person\",\"@id\":\"https:\/\/www.barnaclinic.com\/blog\/#\/schema\/person\/062c0219c54bbf07163f34494da33e17\",\"name\":\"barnacl\u00ednic+\",\"url\":\"https:\/\/www.barnaclinic.com\/blog\/blog\/author\/alex\/\"}]}<\/script>\n<!-- \/ Yoast SEO plugin. -->","yoast_head_json":{"title":"III Curso Internacional de Cirug\u00eda tiroidea avanzada","description":"Los pasados d\u00edas 6 y 7 de julio, en el Hospital Cl\u00ednic, tuvo lugar la tercera edici\u00f3n consecutiva del Curso Internacional de Cirug\u00eda tiroidea avanzada.","robots":{"index":"index","follow":"follow","max-snippet":"max-snippet:-1","max-image-preview":"max-image-preview:large","max-video-preview":"max-video-preview:-1"},"canonical":"https:\/\/www.barnaclinic.com\/blog\/blog\/curso-internacional-cirugia-tiroidea\/","og_locale":"es_ES","og_type":"article","og_title":"III Curso Internacional de Cirug\u00eda tiroidea avanzada","og_description":"Los pasados d\u00edas 6 y 7 de julio, en el Hospital Cl\u00ednic, tuvo lugar la tercera edici\u00f3n consecutiva del Curso Internacional de Cirug\u00eda tiroidea avanzada.","og_url":"https:\/\/www.barnaclinic.com\/blog\/blog\/curso-internacional-cirugia-tiroidea\/","og_site_name":"Blog barnacl\u00ednic+","article_published_time":"2017-07-12T09:31:19+00:00","og_image":[{"width":800,"height":350,"url":"https:\/\/www.barnaclinic.com\/blog\/wp-content\/uploads\/2017\/07\/cirugia-tiroidea.jpg","type":"image\/jpeg"}],"author":"barnacl\u00ednic+","twitter_misc":{"Escrito por":"barnacl\u00ednic+","Tiempo de lectura":"2 minutos"},"schema":{"@context":"https:\/\/schema.org","@graph":[{"@type":"WebPage","@id":"https:\/\/www.barnaclinic.com\/blog\/blog\/curso-internacional-cirugia-tiroidea\/","url":"https:\/\/www.barnaclinic.com\/blog\/blog\/curso-internacional-cirugia-tiroidea\/","name":"III Curso Internacional de Cirug\u00eda tiroidea avanzada","isPartOf":{"@id":"https:\/\/www.barnaclinic.com\/blog\/#website"},"datePublished":"2017-07-12T09:31:19+00:00","dateModified":"2017-07-12T09:31:19+00:00","author":{"@id":"https:\/\/www.barnaclinic.com\/blog\/#\/schema\/person\/062c0219c54bbf07163f34494da33e17"},"description":"Los pasados d\u00edas 6 y 7 de julio, en el Hospital Cl\u00ednic, tuvo lugar la tercera edici\u00f3n consecutiva del Curso Internacional de Cirug\u00eda tiroidea avanzada.","inLanguage":"es","potentialAction":[{"@type":"ReadAction","target":["https:\/\/www.barnaclinic.com\/blog\/blog\/curso-internacional-cirugia-tiroidea\/"]}]},{"@type":"WebSite","@id":"https:\/\/www.barnaclinic.com\/blog\/#website","url":"https:\/\/www.barnaclinic.com\/blog\/","name":"Blog barnacl\u00ednic+","description":"Informaci\u00f3n y novedades sobre los servicios y profesionales de barnacl\u00ednic+, Hospital Cl\u00ednic de Barcelona","potentialAction":[{"@type":"SearchAction","target":{"@type":"EntryPoint","urlTemplate":"https:\/\/www.barnaclinic.com\/blog\/?s={search_term_string}"},"query-input":"required name=search_term_string"}],"inLanguage":"es"},{"@type":"Person","@id":"https:\/\/www.barnaclinic.com\/blog\/#\/schema\/person\/062c0219c54bbf07163f34494da33e17","name":"barnacl\u00ednic+","url":"https:\/\/www.barnaclinic.com\/blog\/blog\/author\/alex\/"}]}},"_links":{"self":[{"href":"https:\/\/www.barnaclinic.com\/blog\/wp-json\/wp\/v2\/posts\/868","targetHints":{"allow":["GET"]}}],"collection":[{"href":"https:\/\/www.barnaclinic.com\/blog\/wp-json\/wp\/v2\/posts"}],"about":[{"href":"https:\/\/www.barnaclinic.com\/blog\/wp-json\/wp\/v2\/types\/post"}],"author":[{"embeddable":true,"href":"https:\/\/www.barnaclinic.com\/blog\/wp-json\/wp\/v2\/users\/2"}],"replies":[{"embeddable":true,"href":"https:\/\/www.barnaclinic.com\/blog\/wp-json\/wp\/v2\/comments?post=868"}],"version-history":[{"count":1,"href":"https:\/\/www.barnaclinic.com\/blog\/wp-json\/wp\/v2\/posts\/868\/revisions"}],"predecessor-version":[{"id":871,"href":"https:\/\/www.barnaclinic.com\/blog\/wp-json\/wp\/v2\/posts\/868\/revisions\/871"}],"wp:featuredmedia":[{"embeddable":true,"href":"https:\/\/www.barnaclinic.com\/blog\/wp-json\/wp\/v2\/media\/870"}],"wp:attachment":[{"href":"https:\/\/www.barnaclinic.com\/blog\/wp-json\/wp\/v2\/media?parent=868"}],"wp:term":[{"taxonomy":"category","embeddable":true,"href":"https:\/\/www.barnaclinic.com\/blog\/wp-json\/wp\/v2\/categories?post=868"},{"taxonomy":"post_tag","embeddable":true,"href":"https:\/\/www.barnaclinic.com\/blog\/wp-json\/wp\/v2\/tags?post=868"}],"curies":[{"name":"wp","href":"https:\/\/api.w.org\/{rel}","templated":true}]}}