{"id":540,"date":"2016-04-25T10:39:04","date_gmt":"2016-04-25T10:39:04","guid":{"rendered":"http:\/\/www.barnaclinic.com\/blog\/?p=540"},"modified":"2024-03-15T13:26:50","modified_gmt":"2024-03-15T13:26:50","slug":"barcelona-medical-destination-kuwait","status":"publish","type":"post","link":"https:\/\/www.barnaclinic.com\/blog\/blog\/barcelona-medical-destination-kuwait\/","title":{"rendered":"barnacl\u00ednic+ y Barcelona Medical Destination en Kuwait Medical Tourism"},"content":{"rendered":"<p>Entre los pasados d\u00edas 20 y 22 de marzo, <strong><a href=\"http:\/\/barcelonamedicaldestination.com\/es\/\" target=\"_blank\" rel=\"noopener\">Barcelona Medical Destination<\/a><\/strong> promocion\u00f3 la oferta de excelencia m\u00e9dica de los centros adheridos a la marca,\u00a0en la feria\u00a0<em><strong><a href=\"http:\/\/www.kuwaitmedicaltourism.com\/\" target=\"_blank\" rel=\"noopener\">Kuwait Medical Tourism Conference &amp; Exhibition 2016<\/a><\/strong><\/em>.\u00a0\u00a0<strong>barnacl\u00ednic+<\/strong>, junto al <strong><a href=\"http:\/\/www.hsjdbcn.org\/\" target=\"_blank\" rel=\"noopener\">Hospital Sant Joan de D\u00e9u<\/a><\/strong> y el <strong><a href=\"https:\/\/www.imor.org\/inici\" target=\"_blank\" rel=\"noopener\">Institut IMOR (Institut M\u00e8dic d\u2019Onco-Radioter\u00e0pia)<\/a><\/strong>, participaron en esta acci\u00f3n, calificada tanto por los centros como por la <strong><a href=\"http:\/\/act.gencat.cat\/\" target=\"_blank\" rel=\"noopener\">Ag\u00e8ncia Catalana de Turisme<\/a><\/strong> y <strong><a href=\"http:\/\/www.barcelonaturisme.com\/wv3\/es\/\" target=\"_blank\" rel=\"noopener\">Turisme de Barcelona<\/a><\/strong> como un gran \u00e9xito y una buena oportunidad.<!--more--><\/p>\n<p>El pasado mes de octubre se llev\u00f3 a cabo la<a href=\"http:\/\/www.barnaclinic.com\/blog\/blog\/barnaclinic-dubai\/\" target=\"_blank\" rel=\"noopener\"> primera acci\u00f3n de promoci\u00f3n de la marca <strong>Barcelona Medical Destination<\/strong><\/a>,\u00a0en la feria\u00a0<em><strong><a class=\"external\" href=\"http:\/\/www.medicaltravelexhibition.com\/\" target=\"_blank\" rel=\"external noopener\">International Medical Travel Exhibition and Conference\u00a0(IMTEC)<\/a>\u00a0<\/strong><\/em>de Dubai. Tambi\u00e9n con la presencia y participaci\u00f3n de <strong>barnacl\u00ednic+<\/strong>.<\/p>\n<blockquote><p><small>Post relacionado:<\/small><\/p>\n<ul>\n<li><strong><em><small><a href=\"http:\/\/www.barnaclinic.com\/blog\/blog\/barnaclinic-dubai\/\" target=\"_blank\" rel=\"noopener\">barnacl\u00ednic+ promociona sus servicios en la International Medical Travel Exhibition and Conference (IMTEC) de Dubai<\/a><\/small><\/em><\/strong><\/li>\n<\/ul>\n<\/blockquote>\n<p>Como en la feria de Dubai,\u00a0el objetivo de la participaci\u00f3n en la\u00a0<em><strong><a href=\"http:\/\/www.kuwaitmedicaltourism.com\/\" target=\"_blank\" rel=\"noopener\">Kuwait Medical Tourism Conference &amp; Exhibition 2016<\/a><\/strong><\/em>\u00a0era\u00a0dar a conocer la oferta m\u00e9dica\u00a0que ofrecen los centros adheridos a\u00a0la Marca\u00a0<strong><a href=\"http:\/\/barcelonamedicaldestination.com\/es\/\" target=\"_blank\" rel=\"noopener\">Barcelona Medical Destination<\/a><\/strong>,\u00a0as\u00ed como el destino Catalu\u00f1a &#8211;\u00a0Barcelona.<\/p>\n<p>Durante los tres d\u00edas que dur\u00f3 el evento, los representantes de BMD\u00a0mantuvieron reuniones y entrevistas con personalidades locales e internacionales a las que les facilitaron la\u00a0publicaci\u00f3n dise\u00f1ada para\u00a0la Marca\u00a0<strong><a href=\"http:\/\/barcelonamedicaldestination.com\/es\/\" target=\"_blank\" rel=\"noopener\">Barcelona Medical Destination<\/a><\/strong>. En dicha publicaci\u00f3n aparece la nueva web\u00a0<a href=\"http:\/\/www.barcelonamedicaldestination.com\" target=\"_blank\" rel=\"noopener\">www.barcelonamedicaldestination.com<\/a>, donde se pueden consultar todos los detalles de la\u00a0Marca y los Centros adheridos.<\/p>\n<p>Por otro lado,\u00a0el Director Ejecutivo de la\u00a0<strong><a href=\"http:\/\/act.gencat.cat\/\" target=\"_blank\" rel=\"noopener\">Ag\u00e8ncia Catalana de Turisme<\/a><\/strong>, y el Director de Atenci\u00f3n Privada e Internacional del\u00a0<strong><a href=\"http:\/\/www.hsjdbcn.org\/\" target=\"_blank\" rel=\"noopener\">Hospital Sant Joan de D\u00e9u<\/a><\/strong>, realizaron una ponencia en la que presentaron Barcelona- Catalu\u00f1a como destino tur\u00edstico de referencia en el \u00e1mbito m\u00e9dico, y dieron a conocer la oferta m\u00e9dica de la Marca BMD, en su totalidad.<\/p>\n<p>En una acci\u00f3n de promoci\u00f3n que ha sido valorada con un grado de satisfacci\u00f3n general de \u00abexcelente\u00bb por todos los participantes,\u00a0se ha podido identificar oportunidades de colaboraci\u00f3n y ha supuesto una ocasi\u00f3n\u00a0\u00fanica para dar a conocer el gran potencial\u00a0de acogida internacional de <strong>barnacl\u00ednic+<\/strong> en particular, y de todos los hospitales adheridos a la marca\u00a0<strong><a href=\"http:\/\/barcelonamedicaldestination.com\/es\/\" target=\"_blank\" rel=\"noopener\">Barcelona Medical Destination<\/a><\/strong> en general.<\/p>\n","protected":false},"excerpt":{"rendered":"<p>Entre los pasados d\u00edas 20 y 22 de marzo, Barcelona Medical Destination promocion\u00f3 la oferta de excelencia m\u00e9dica de los centros adheridos a la marca,\u00a0en la feria\u00a0Kuwait Medical Tourism Conference &amp; Exhibition 2016.\u00a0\u00a0barnacl\u00ednic+, junto al Hospital Sant Joan de D\u00e9u y el Institut IMOR (Institut M\u00e8dic d\u2019Onco-Radioter\u00e0pia), participaron en esta acci\u00f3n, calificada tanto por los [&hellip;]<\/p>\n","protected":false},"author":2,"featured_media":541,"comment_status":"open","ping_status":"open","sticky":false,"template":"","format":"standard","meta":{"footnotes":""},"categories":[5,168],"tags":[174,169,2,170,790,171,172,503,173],"class_list":["post-540","post","type-post","status-publish","format-standard","has-post-thumbnail","hentry","category-info-barnaclinic","category-proyecto-de-internacionalizacion","tag-barcelona","tag-barcelona-medical-destiantion","tag-barnaclinic","tag-bmd","tag-internacional-barnaclinic","tag-kuwait","tag-medical-tourism","tag-proyecto-de-internacionalizacion","tag-turismo-medico"],"yoast_head":"<!-- This site is optimized with the Yoast SEO plugin v19.14 - https:\/\/yoast.com\/wordpress\/plugins\/seo\/ -->\n<title>barnacl\u00ednic+ y Barcelona Medical Destination en Kuwait<\/title>\n<meta name=\"description\" content=\"Barcelona Medical Destination promocion\u00f3 la oferta m\u00e9dica de los centros adheridos, en la feria Kuwait Medical Tourism Conference &amp; Exhibition 2016.\" \/>\n<meta name=\"robots\" content=\"index, follow, max-snippet:-1, max-image-preview:large, max-video-preview:-1\" \/>\n<link rel=\"canonical\" href=\"https:\/\/www.barnaclinic.com\/blog\/blog\/barcelona-medical-destination-kuwait\/\" \/>\n<meta property=\"og:locale\" content=\"es_ES\" \/>\n<meta property=\"og:type\" content=\"article\" \/>\n<meta property=\"og:title\" content=\"barnacl\u00ednic+ y Barcelona Medical Destination en Kuwait\" \/>\n<meta property=\"og:description\" content=\"Barcelona Medical Destination promocion\u00f3 la oferta m\u00e9dica de los centros adheridos, en la feria Kuwait Medical Tourism Conference &amp; Exhibition 2016.\" \/>\n<meta property=\"og:url\" content=\"https:\/\/www.barnaclinic.com\/blog\/blog\/barcelona-medical-destination-kuwait\/\" \/>\n<meta property=\"og:site_name\" content=\"Blog barnacl\u00ednic+\" \/>\n<meta property=\"article:published_time\" content=\"2016-04-25T10:39:04+00:00\" \/>\n<meta property=\"article:modified_time\" content=\"2024-03-15T13:26:50+00:00\" \/>\n<meta property=\"og:image\" content=\"https:\/\/www.barnaclinic.com\/blog\/wp-content\/uploads\/2016\/04\/Barcelona-Medical-Destination-Kuwait.jpg\" \/>\n\t<meta property=\"og:image:width\" content=\"800\" \/>\n\t<meta property=\"og:image:height\" content=\"350\" \/>\n\t<meta property=\"og:image:type\" content=\"image\/jpeg\" \/>\n<meta name=\"author\" content=\"barnacl\u00ednic+\" \/>\n<meta name=\"twitter:label1\" content=\"Escrito por\" \/>\n\t<meta name=\"twitter:data1\" content=\"barnacl\u00ednic+\" \/>\n\t<meta name=\"twitter:label2\" content=\"Tiempo de lectura\" \/>\n\t<meta name=\"twitter:data2\" content=\"2 minutos\" \/>\n<script type=\"application\/ld+json\" class=\"yoast-schema-graph\">{\"@context\":\"https:\/\/schema.org\",\"@graph\":[{\"@type\":\"WebPage\",\"@id\":\"https:\/\/www.barnaclinic.com\/blog\/blog\/barcelona-medical-destination-kuwait\/\",\"url\":\"https:\/\/www.barnaclinic.com\/blog\/blog\/barcelona-medical-destination-kuwait\/\",\"name\":\"barnacl\u00ednic+ y Barcelona Medical Destination en Kuwait\",\"isPartOf\":{\"@id\":\"https:\/\/www.barnaclinic.com\/blog\/#website\"},\"datePublished\":\"2016-04-25T10:39:04+00:00\",\"dateModified\":\"2024-03-15T13:26:50+00:00\",\"author\":{\"@id\":\"https:\/\/www.barnaclinic.com\/blog\/#\/schema\/person\/062c0219c54bbf07163f34494da33e17\"},\"description\":\"Barcelona Medical Destination promocion\u00f3 la oferta m\u00e9dica de los centros adheridos, en la feria Kuwait Medical Tourism Conference & Exhibition 2016.\",\"inLanguage\":\"es\",\"potentialAction\":[{\"@type\":\"ReadAction\",\"target\":[\"https:\/\/www.barnaclinic.com\/blog\/blog\/barcelona-medical-destination-kuwait\/\"]}]},{\"@type\":\"WebSite\",\"@id\":\"https:\/\/www.barnaclinic.com\/blog\/#website\",\"url\":\"https:\/\/www.barnaclinic.com\/blog\/\",\"name\":\"Blog barnacl\u00ednic+\",\"description\":\"Informaci\u00f3n y novedades sobre los servicios y profesionales de barnacl\u00ednic+, Hospital Cl\u00ednic de Barcelona\",\"potentialAction\":[{\"@type\":\"SearchAction\",\"target\":{\"@type\":\"EntryPoint\",\"urlTemplate\":\"https:\/\/www.barnaclinic.com\/blog\/?s={search_term_string}\"},\"query-input\":\"required name=search_term_string\"}],\"inLanguage\":\"es\"},{\"@type\":\"Person\",\"@id\":\"https:\/\/www.barnaclinic.com\/blog\/#\/schema\/person\/062c0219c54bbf07163f34494da33e17\",\"name\":\"barnacl\u00ednic+\",\"url\":\"https:\/\/www.barnaclinic.com\/blog\/blog\/author\/alex\/\"}]}<\/script>\n<!-- \/ Yoast SEO plugin. -->","yoast_head_json":{"title":"barnacl\u00ednic+ y Barcelona Medical Destination en Kuwait","description":"Barcelona Medical Destination promocion\u00f3 la oferta m\u00e9dica de los centros adheridos, en la feria Kuwait Medical Tourism Conference & Exhibition 2016.","robots":{"index":"index","follow":"follow","max-snippet":"max-snippet:-1","max-image-preview":"max-image-preview:large","max-video-preview":"max-video-preview:-1"},"canonical":"https:\/\/www.barnaclinic.com\/blog\/blog\/barcelona-medical-destination-kuwait\/","og_locale":"es_ES","og_type":"article","og_title":"barnacl\u00ednic+ y Barcelona Medical Destination en Kuwait","og_description":"Barcelona Medical Destination promocion\u00f3 la oferta m\u00e9dica de los centros adheridos, en la feria Kuwait Medical Tourism Conference & Exhibition 2016.","og_url":"https:\/\/www.barnaclinic.com\/blog\/blog\/barcelona-medical-destination-kuwait\/","og_site_name":"Blog barnacl\u00ednic+","article_published_time":"2016-04-25T10:39:04+00:00","article_modified_time":"2024-03-15T13:26:50+00:00","og_image":[{"width":800,"height":350,"url":"https:\/\/www.barnaclinic.com\/blog\/wp-content\/uploads\/2016\/04\/Barcelona-Medical-Destination-Kuwait.jpg","type":"image\/jpeg"}],"author":"barnacl\u00ednic+","twitter_misc":{"Escrito por":"barnacl\u00ednic+","Tiempo de lectura":"2 minutos"},"schema":{"@context":"https:\/\/schema.org","@graph":[{"@type":"WebPage","@id":"https:\/\/www.barnaclinic.com\/blog\/blog\/barcelona-medical-destination-kuwait\/","url":"https:\/\/www.barnaclinic.com\/blog\/blog\/barcelona-medical-destination-kuwait\/","name":"barnacl\u00ednic+ y Barcelona Medical Destination en Kuwait","isPartOf":{"@id":"https:\/\/www.barnaclinic.com\/blog\/#website"},"datePublished":"2016-04-25T10:39:04+00:00","dateModified":"2024-03-15T13:26:50+00:00","author":{"@id":"https:\/\/www.barnaclinic.com\/blog\/#\/schema\/person\/062c0219c54bbf07163f34494da33e17"},"description":"Barcelona Medical Destination promocion\u00f3 la oferta m\u00e9dica de los centros adheridos, en la feria Kuwait Medical Tourism Conference & Exhibition 2016.","inLanguage":"es","potentialAction":[{"@type":"ReadAction","target":["https:\/\/www.barnaclinic.com\/blog\/blog\/barcelona-medical-destination-kuwait\/"]}]},{"@type":"WebSite","@id":"https:\/\/www.barnaclinic.com\/blog\/#website","url":"https:\/\/www.barnaclinic.com\/blog\/","name":"Blog barnacl\u00ednic+","description":"Informaci\u00f3n y novedades sobre los servicios y profesionales de barnacl\u00ednic+, Hospital Cl\u00ednic de Barcelona","potentialAction":[{"@type":"SearchAction","target":{"@type":"EntryPoint","urlTemplate":"https:\/\/www.barnaclinic.com\/blog\/?s={search_term_string}"},"query-input":"required name=search_term_string"}],"inLanguage":"es"},{"@type":"Person","@id":"https:\/\/www.barnaclinic.com\/blog\/#\/schema\/person\/062c0219c54bbf07163f34494da33e17","name":"barnacl\u00ednic+","url":"https:\/\/www.barnaclinic.com\/blog\/blog\/author\/alex\/"}]}},"_links":{"self":[{"href":"https:\/\/www.barnaclinic.com\/blog\/wp-json\/wp\/v2\/posts\/540","targetHints":{"allow":["GET"]}}],"collection":[{"href":"https:\/\/www.barnaclinic.com\/blog\/wp-json\/wp\/v2\/posts"}],"about":[{"href":"https:\/\/www.barnaclinic.com\/blog\/wp-json\/wp\/v2\/types\/post"}],"author":[{"embeddable":true,"href":"https:\/\/www.barnaclinic.com\/blog\/wp-json\/wp\/v2\/users\/2"}],"replies":[{"embeddable":true,"href":"https:\/\/www.barnaclinic.com\/blog\/wp-json\/wp\/v2\/comments?post=540"}],"version-history":[{"count":3,"href":"https:\/\/www.barnaclinic.com\/blog\/wp-json\/wp\/v2\/posts\/540\/revisions"}],"predecessor-version":[{"id":4572,"href":"https:\/\/www.barnaclinic.com\/blog\/wp-json\/wp\/v2\/posts\/540\/revisions\/4572"}],"wp:featuredmedia":[{"embeddable":true,"href":"https:\/\/www.barnaclinic.com\/blog\/wp-json\/wp\/v2\/media\/541"}],"wp:attachment":[{"href":"https:\/\/www.barnaclinic.com\/blog\/wp-json\/wp\/v2\/media?parent=540"}],"wp:term":[{"taxonomy":"category","embeddable":true,"href":"https:\/\/www.barnaclinic.com\/blog\/wp-json\/wp\/v2\/categories?post=540"},{"taxonomy":"post_tag","embeddable":true,"href":"https:\/\/www.barnaclinic.com\/blog\/wp-json\/wp\/v2\/tags?post=540"}],"curies":[{"name":"wp","href":"https:\/\/api.w.org\/{rel}","templated":true}]}}