{"id":5260,"date":"2025-06-30T08:14:25","date_gmt":"2025-06-30T08:14:25","guid":{"rendered":"https:\/\/www.barnaclinic.com\/blog\/?p=5260"},"modified":"2025-06-30T08:14:25","modified_gmt":"2025-06-30T08:14:25","slug":"memoria-anual-2024","status":"publish","type":"post","link":"https:\/\/www.barnaclinic.com\/blog\/blog\/memoria-anual-2024\/","title":{"rendered":"Memoria barnacl\u00ednic+ 2024: crecimiento sostenido, nuevos servicios y apuesta por el futuro"},"content":{"rendered":"<p>barnacl\u00ednic+ ha publicado recientemente su <strong>Memoria anual 2024<\/strong>, un documento que recoge la actividad, los indicadores y las iniciativas que marcaron un a\u00f1o clave para el desarrollo estrat\u00e9gico de la instituci\u00f3n. Tras un 2024 intenso, centrado en la <strong>reorganizaci\u00f3n asistencial<\/strong>, la <strong>internacionalizaci\u00f3n<\/strong> y el <strong>compromiso con el retorno al Cl\u00ednic<\/strong>, el 2025 se presenta como un a\u00f1o de continuidad y consolidaci\u00f3n del modelo iniciado.<\/p>\n<p><!--more--><\/p>\n<h2><strong>Un modelo m\u00e1s accesible, abierto y eficiente<\/strong><\/h2>\n<p>El a\u00f1o 2024 represent\u00f3 un punto de inflexi\u00f3n en la <strong>evoluci\u00f3n del modelo asistencial de barnacl\u00ednic+<\/strong>. Con la <a href=\"https:\/\/www.barnaclinic.com\/blog\/blog\/odontologia-barnaclinic\/\" target=\"_blank\" rel=\"noopener\">renovaci\u00f3n de la Cl\u00ednica de Odontolog\u00eda barnacl\u00ednic+<\/a> y el <a href=\"https:\/\/www.barnaclinic.com\/blog\/blog\/fivclinic-se-renueva\/\" target=\"_blank\" rel=\"noopener\">inicio de la reestructuraci\u00f3n de fivcl\u00ednic+<\/a> \u2014que se ha trasladado a un nuevo espacio en este 2025\u2014, se impuls\u00f3 una estrategia de externalizaci\u00f3n inteligente para mejorar la accesibilidad y la visibilidad de los servicios, manteniendo al mismo tiempo la calidad y la excelencia cl\u00ednica.<\/p>\n<div id=\"estoy-interesado\" class=\"destacat-site\">\n<h4 style=\"padding-left: 30px;\">TE PUEDE INTERESAR\u2026<\/h4>\n<h4 style=\"padding-left: 30px;\">\u00b7\u00a0<a href=\"https:\/\/www.barnaclinic.com\/blog\/blog\/fivclinic-se-renueva\/\" target=\"_blank\" rel=\"noopener noreferrer\">fivcl\u00ednic+ se renueva para reforzar el compromiso con la innovaci\u00f3n y mejorar la experiencia del paciente<\/a><\/h4>\n<h4 style=\"padding-left: 30px;\">\u00b7\u00a0<a href=\"https:\/\/www.barnaclinic.com\/blog\/blog\/odontologia-barnaclinic\/\" target=\"_blank\" rel=\"noopener noreferrer\">Odontolog\u00eda barnacl\u00ednic+ reinaugura su cl\u00ednica dental con instalaciones de \u00faltima generaci\u00f3n<\/a><\/h4>\n<\/div>\n<p>Este nuevo modelo, que se est\u00e1 desplegando plenamente durante 2025, se ha construido sobre los cimientos establecidos el a\u00f1o pasado: un crecimiento sostenido en la oferta asistencial, la incorporaci\u00f3n de m\u00e1s profesionales y la puesta en marcha de espacios propios, modernos y eficientes.<\/p>\n<blockquote>\n<h4><img loading=\"lazy\" decoding=\"async\" class=\"alignleft wp-image-3880\" src=\"https:\/\/www.barnaclinic.com\/blog\/wp-content\/uploads\/2022\/12\/Jaume-Balust.png\" alt=\"\" width=\"97\" height=\"119\" srcset=\"https:\/\/www.barnaclinic.com\/blog\/wp-content\/uploads\/2022\/12\/Jaume-Balust.png 579w, https:\/\/www.barnaclinic.com\/blog\/wp-content\/uploads\/2022\/12\/Jaume-Balust-244x300.png 244w\" sizes=\"auto, (max-width: 97px) 100vw, 97px\" \/><\/h4>\n<h4><strong>\u201cHemos avanzado hacia un nuevo modelo asistencial, con m\u00e1s accesibilidad, nuevos servicios y un crecimiento sostenido que refuerza nuestro liderazgo.\u201d<\/strong><\/h4>\n<p>Dr.<strong> Jaume Balust<\/strong>, Director Asistencial de barnacl\u00ednic+<\/p><\/blockquote>\n<h2>M\u00e1s actividad y mejor experiencia para el paciente<\/h2>\n<p>Durante 2024 se llevaron a cabo <strong>535 intervenciones quir\u00fargicas<\/strong> y <strong>315 ciclos de reproducci\u00f3n asistida<\/strong>. Se atendieron <strong>11.178 pacientes en consultas externas<\/strong> y de oftalmolog\u00eda, y <strong>8.819 m\u00e1s en la Cl\u00ednica de Odontolog\u00eda<\/strong>. Estas cifras, que actualmente siguen una l\u00ednea ascendente, reflejan la <strong>consolidaci\u00f3n de un modelo de atenci\u00f3n integral y personalizada<\/strong>.<br \/>\nAl mismo tiempo, el \u00c1rea de Atenci\u00f3n al Paciente reforz\u00f3 el acompa\u00f1amiento y la humanizaci\u00f3n de la atenci\u00f3n. Esta tarea, que se contin\u00faa desarrollando en 2025, ha sido clave para mejorar la satisfacci\u00f3n y el bienestar de los pacientes.<\/p>\n<hr \/>\n<h4 style=\"text-align: center;\">CONSULTA LA MEMORIA ANUAL 2024 DE BARNACL\u00cdNIC+<\/h4>\n<div align=\"center\"><a href=\"https:\/\/barnaclinic.com\/media\/upload\/arxius\/Mem%C3%B2ria\/Memoria_2024.pdf\"><img loading=\"lazy\" decoding=\"async\" class=\"wp-image-5247 size-full aligncenter\" src=\"https:\/\/www.barnaclinic.com\/blog\/wp-content\/uploads\/2025\/06\/Memoria-2024.png\" alt=\"Memoria 2024\" width=\"395\" height=\"281\" align=\"center\" srcset=\"https:\/\/www.barnaclinic.com\/blog\/wp-content\/uploads\/2025\/06\/Memoria-2024.png 395w, https:\/\/www.barnaclinic.com\/blog\/wp-content\/uploads\/2025\/06\/Memoria-2024-300x213.png 300w\" sizes=\"auto, (max-width: 395px) 100vw, 395px\" \/><\/a><\/div>\n<hr \/>\n<h2>Una apuesta firme por la proyecci\u00f3n internacional<\/h2>\n<p>El 2024 tambi\u00e9n supuso un salto adelante en la captaci\u00f3n de pacientes internacionales. <strong>Un 14\u202f% de la facturaci\u00f3n correspondi\u00f3 a pacientes no residentes<\/strong>, procedentes principalmente de Europa, Latinoam\u00e9rica, el norte de \u00c1frica y Oriente Medio. Esta tendencia se ha mantenido durante el primer semestre de 2025, consolidando barnacl\u00ednic+ como un centro de referencia global en tratamientos de alta complejidad.<\/p>\n<h2>Retorno y compromiso con el Cl\u00ednic<\/h2>\n<p><strong>Uno de los pilares fundamentales de barnacl\u00ednic+ es el retorno al <a href=\"https:\/\/www.clinicbarcelona.org\/\">Hospital Cl\u00ednic de Barcelona<\/a><\/strong>. El a\u00f1o pasado se destinaron 114.000 \u20ac a la financiaci\u00f3n de <a href=\"https:\/\/www.barnaclinic.com\/blog\/ca\/blog\/barnaclinic-infermeria-clinic\/\" target=\"_blank\" rel=\"noopener\">becas Sab\u00e0tics<\/a> para la formaci\u00f3n internacional de profesionales m\u00e9dicos y 80.000 \u20ac a iniciativas impulsadas por la Direcci\u00f3n de Enfermer\u00eda, como las becas de intensificaci\u00f3n para la investigaci\u00f3n o las c\u00e1psulas de innovaci\u00f3n.<\/p>\n<div id=\"estoy-interesado\" class=\"destacat-site\">\n<h4 style=\"padding-left: 30px;\">TE PUEDE INTERESAR\u2026<\/h4>\n<h4 style=\"padding-left: 30px;\">\u00b7\u00a0<a href=\"https:\/\/www.barnaclinic.com\/blog\/blog\/sabatics-formacion-medicos\/\" target=\"_blank\" rel=\"noopener noreferrer\">Sab\u00e0tics, una iniciativa para ayudar en la formaci\u00f3n de los profesionales m\u00e9dicos<\/a><\/h4>\n<h4 style=\"padding-left: 30px;\">\u00b7\u00a0<a href=\"https:\/\/www.barnaclinic.com\/blog\/blog\/barnaclinic-enfermeria-clinic\/\" target=\"_blank\" rel=\"noopener noreferrer\">barnacl\u00ednic+ pone todo su empe\u00f1o en celebrar la excelencia de la enfermer\u00eda del Cl\u00ednic<\/a><\/h4>\n<h4 style=\"padding-left: 30px;\">\u00b7\u00a0<a href=\"https:\/\/www.barnaclinic.com\/blog\/blog\/jornada-anual-direccion-enfermera-2023\/\" target=\"_blank\" rel=\"noopener noreferrer\">barnacl\u00ednic+ colabora con la XVI Jornada Anual de la Direcci\u00f3n de Enfermer\u00eda<\/a><\/h4>\n<\/div>\n<p>Este compromiso se mantiene activo en 2025, con nuevas convocatorias en marcha y una inversi\u00f3n continuada que contribuye directamente a mejorar la atenci\u00f3n sanitaria p\u00fablica y a potenciar el talento interno.<\/p>\n<blockquote>\n<h4><img loading=\"lazy\" decoding=\"async\" class=\"alignleft wp-image-3876\" src=\"https:\/\/www.barnaclinic.com\/blog\/wp-content\/uploads\/2022\/12\/carles-loran.png\" alt=\"\" width=\"97\" height=\"119\" srcset=\"https:\/\/www.barnaclinic.com\/blog\/wp-content\/uploads\/2022\/12\/carles-loran.png 579w, https:\/\/www.barnaclinic.com\/blog\/wp-content\/uploads\/2022\/12\/carles-loran-244x300.png 244w\" sizes=\"auto, (max-width: 97px) 100vw, 97px\" \/><\/h4>\n<h4><strong>\u201cEl 2024 fue un a\u00f1o para sentar bases s\u00f3lidas para el crecimiento. Con infraestructuras renovadas, alianzas estrat\u00e9gicas y una visi\u00f3n clara de futuro, avanzamos con determinaci\u00f3n.\u201d<\/strong><\/h4>\n<p><strong>Carles Loran<\/strong>, Gerente de barnacl\u00ednic+<\/p><\/blockquote>\n<h2>S\u00f3lido rendimiento econ\u00f3mico e impulso a los profesionales<\/h2>\n<p><strong>El resultado econ\u00f3mico de 2024 super\u00f3 los niveles prepand\u00e9micos, con una facturaci\u00f3n de m\u00e1s de 18 millones de euros y un resultado positivo<\/strong>. Este rendimiento ha permitido afrontar todas las aportaciones previstas al Cl\u00ednic y fortalecer la viabilidad de los proyectos actuales.<br \/>\nEn paralelo, se han desarrollado acciones orientadas al bienestar, la formaci\u00f3n y la fidelizaci\u00f3n del talento, especialmente en un contexto marcado por la dificultad para cubrir determinadas vacantes. En 2025 se mantienen y ampl\u00edan las l\u00edneas de trabajo iniciadas, con un enfoque especial en la transformaci\u00f3n digital y la adaptaci\u00f3n a los nuevos entornos laborales.<\/p>\n<h2>Comunicaci\u00f3n estrat\u00e9gica y transformaci\u00f3n digital<\/h2>\n<p>El 2024 tambi\u00e9n fue el a\u00f1o del lanzamiento del <a href=\"https:\/\/www.tiktok.com\/@barnaclinic\">perfil de TikTok<\/a> y de la adopci\u00f3n de estrategias digitales adaptadas a la inteligencia artificial. La web super\u00f3 los 3,3 millones de visitas y se generaron m\u00e1s de 20.000 leads. Esta estrategia de captaci\u00f3n se est\u00e1 manteniendo durante el primer semestre de 2025, consolidando el impulso de la marca barnacl\u00ednic+ a nivel local e internacional.<\/p>\n<h2>Consulta la memoria<\/h2>\n<p>La <strong>Memoria anual barnacl\u00ednic+ 2024<\/strong> recoge todo lo que se logr\u00f3 durante un a\u00f1o clave y que est\u00e1 permitiendo, hoy, seguir avanzando con firmeza hacia un modelo asistencial de excelencia, sostenible, digital y al servicio del paciente. Te invitamos a consultarla para conocer c\u00f3mo, desde el presente, seguimos construyendo el futuro de barnacl\u00ednic+.<\/p>\n<hr \/>\n<div id=\"cita\" class=\"destacat-site\">\n<h4 style=\"padding-left: 15px; padding-right: 15px;\" align=\"CENTER\"><span style=\"color: white;\">CONSULTA LA MEMORIA ANUAL 2024 DE BARNACL\u00cdNIC+<\/span><\/h4>\n<p class=\"boto\" style=\"padding-left: 30px; padding-right: 20px;\" align=\"center\"><a class=\"button button--cita\" href=\"https:\/\/barnaclinic.com\/media\/upload\/arxius\/Mem%C3%B2ria\/Memoria_2024.pdf\" target=\"_blank\" rel=\"noopener noreferrer\">MEMORIA 2024<\/a><\/p>\n<\/div>\n","protected":false},"excerpt":{"rendered":"<p>barnacl\u00ednic+ ha publicado recientemente su Memoria anual 2024, un documento que recoge la actividad, los indicadores y las iniciativas que marcaron un a\u00f1o clave para el desarrollo estrat\u00e9gico de la instituci\u00f3n. Tras un 2024 intenso, centrado en la reorganizaci\u00f3n asistencial, la internacionalizaci\u00f3n y el compromiso con el retorno al Cl\u00ednic, el 2025 se presenta como [&hellip;]<\/p>\n","protected":false},"author":2,"featured_media":5264,"comment_status":"open","ping_status":"closed","sticky":false,"template":"","format":"standard","meta":{"footnotes":""},"categories":[1314,566,5,1460,409,2028,1543],"tags":[2498,1726,1183,2278,260,942,2345,2262,2499,578,2263,570,2352,2500,1595,1592,621,2029],"class_list":["post-5260","post","type-post","status-publish","format-standard","has-post-thumbnail","hentry","category-fivclinic-2","category-grupo-hospital-clinic-de-barcelona","category-info-barnaclinic","category-memoria-b","category-nuestros-servicios","category-odontologia-barnaclinic","category-relacion-con-el-clinic","tag-becas-sabaticos","tag-carles-loran","tag-clinic-barcelona","tag-clinic-de-barcelona-2","tag-enfermeria","tag-enfermeria-hospital-clinic","tag-fivclinic","tag-grup-hospital-clinic-2","tag-grupo-clinic-barcelona","tag-grupo-hospital-clinic","tag-hospital-clinic-barcelona-2","tag-hospital-clinic-de-barcelona","tag-jaume-balust","tag-memoria-2024-2","tag-memoria-anual","tag-memoria-b","tag-odontologia","tag-odontologia-barnaclinic"],"yoast_head":"<!-- This site is optimized with the Yoast SEO plugin v19.14 - https:\/\/yoast.com\/wordpress\/plugins\/seo\/ -->\n<title>Memoria 2024: crecimiento, nuevos servicios y apuesta de futuro<\/title>\n<meta name=\"description\" content=\"barnacl\u00ednic+ ha publicado recientemente su Memoria anual 2024, un documento que recoge la actividad, los indicadores y las iniciativas...\" \/>\n<meta name=\"robots\" content=\"index, follow, max-snippet:-1, max-image-preview:large, max-video-preview:-1\" \/>\n<link rel=\"canonical\" href=\"https:\/\/www.barnaclinic.com\/blog\/blog\/memoria-anual-2024\/\" \/>\n<meta property=\"og:locale\" content=\"es_ES\" \/>\n<meta property=\"og:type\" content=\"article\" \/>\n<meta property=\"og:title\" content=\"Memoria 2024: crecimiento, nuevos servicios y apuesta de futuro\" \/>\n<meta property=\"og:description\" content=\"barnacl\u00ednic+ ha publicado recientemente su Memoria anual 2024, un documento que recoge la actividad, los indicadores y las iniciativas...\" \/>\n<meta property=\"og:url\" content=\"https:\/\/www.barnaclinic.com\/blog\/blog\/memoria-anual-2024\/\" \/>\n<meta property=\"og:site_name\" content=\"Blog barnacl\u00ednic+\" \/>\n<meta property=\"article:published_time\" content=\"2025-06-30T08:14:25+00:00\" \/>\n<meta property=\"og:image\" content=\"https:\/\/www.barnaclinic.com\/blog\/wp-content\/uploads\/2025\/06\/memoria-24.jpg\" \/>\n\t<meta property=\"og:image:width\" content=\"1600\" \/>\n\t<meta property=\"og:image:height\" content=\"903\" \/>\n\t<meta property=\"og:image:type\" content=\"image\/jpeg\" \/>\n<meta name=\"author\" content=\"barnacl\u00ednic+\" \/>\n<meta name=\"twitter:label1\" content=\"Escrito por\" \/>\n\t<meta name=\"twitter:data1\" content=\"barnacl\u00ednic+\" \/>\n\t<meta name=\"twitter:label2\" content=\"Tiempo de lectura\" \/>\n\t<meta name=\"twitter:data2\" content=\"5 minutos\" \/>\n<script type=\"application\/ld+json\" class=\"yoast-schema-graph\">{\"@context\":\"https:\/\/schema.org\",\"@graph\":[{\"@type\":\"WebPage\",\"@id\":\"https:\/\/www.barnaclinic.com\/blog\/blog\/memoria-anual-2024\/\",\"url\":\"https:\/\/www.barnaclinic.com\/blog\/blog\/memoria-anual-2024\/\",\"name\":\"Memoria 2024: crecimiento, nuevos servicios y apuesta de futuro\",\"isPartOf\":{\"@id\":\"https:\/\/www.barnaclinic.com\/blog\/#website\"},\"datePublished\":\"2025-06-30T08:14:25+00:00\",\"dateModified\":\"2025-06-30T08:14:25+00:00\",\"author\":{\"@id\":\"https:\/\/www.barnaclinic.com\/blog\/#\/schema\/person\/062c0219c54bbf07163f34494da33e17\"},\"description\":\"barnacl\u00ednic+ ha publicado recientemente su Memoria anual 2024, un documento que recoge la actividad, los indicadores y las iniciativas...\",\"inLanguage\":\"es\",\"potentialAction\":[{\"@type\":\"ReadAction\",\"target\":[\"https:\/\/www.barnaclinic.com\/blog\/blog\/memoria-anual-2024\/\"]}]},{\"@type\":\"WebSite\",\"@id\":\"https:\/\/www.barnaclinic.com\/blog\/#website\",\"url\":\"https:\/\/www.barnaclinic.com\/blog\/\",\"name\":\"Blog barnacl\u00ednic+\",\"description\":\"Informaci\u00f3n y novedades sobre los servicios y profesionales de barnacl\u00ednic+, Hospital Cl\u00ednic de Barcelona\",\"potentialAction\":[{\"@type\":\"SearchAction\",\"target\":{\"@type\":\"EntryPoint\",\"urlTemplate\":\"https:\/\/www.barnaclinic.com\/blog\/?s={search_term_string}\"},\"query-input\":\"required name=search_term_string\"}],\"inLanguage\":\"es\"},{\"@type\":\"Person\",\"@id\":\"https:\/\/www.barnaclinic.com\/blog\/#\/schema\/person\/062c0219c54bbf07163f34494da33e17\",\"name\":\"barnacl\u00ednic+\",\"url\":\"https:\/\/www.barnaclinic.com\/blog\/blog\/author\/alex\/\"}]}<\/script>\n<!-- \/ Yoast SEO plugin. -->","yoast_head_json":{"title":"Memoria 2024: crecimiento, nuevos servicios y apuesta de futuro","description":"barnacl\u00ednic+ ha publicado recientemente su Memoria anual 2024, un documento que recoge la actividad, los indicadores y las iniciativas...","robots":{"index":"index","follow":"follow","max-snippet":"max-snippet:-1","max-image-preview":"max-image-preview:large","max-video-preview":"max-video-preview:-1"},"canonical":"https:\/\/www.barnaclinic.com\/blog\/blog\/memoria-anual-2024\/","og_locale":"es_ES","og_type":"article","og_title":"Memoria 2024: crecimiento, nuevos servicios y apuesta de futuro","og_description":"barnacl\u00ednic+ ha publicado recientemente su Memoria anual 2024, un documento que recoge la actividad, los indicadores y las iniciativas...","og_url":"https:\/\/www.barnaclinic.com\/blog\/blog\/memoria-anual-2024\/","og_site_name":"Blog barnacl\u00ednic+","article_published_time":"2025-06-30T08:14:25+00:00","og_image":[{"width":1600,"height":903,"url":"https:\/\/www.barnaclinic.com\/blog\/wp-content\/uploads\/2025\/06\/memoria-24.jpg","type":"image\/jpeg"}],"author":"barnacl\u00ednic+","twitter_misc":{"Escrito por":"barnacl\u00ednic+","Tiempo de lectura":"5 minutos"},"schema":{"@context":"https:\/\/schema.org","@graph":[{"@type":"WebPage","@id":"https:\/\/www.barnaclinic.com\/blog\/blog\/memoria-anual-2024\/","url":"https:\/\/www.barnaclinic.com\/blog\/blog\/memoria-anual-2024\/","name":"Memoria 2024: crecimiento, nuevos servicios y apuesta de futuro","isPartOf":{"@id":"https:\/\/www.barnaclinic.com\/blog\/#website"},"datePublished":"2025-06-30T08:14:25+00:00","dateModified":"2025-06-30T08:14:25+00:00","author":{"@id":"https:\/\/www.barnaclinic.com\/blog\/#\/schema\/person\/062c0219c54bbf07163f34494da33e17"},"description":"barnacl\u00ednic+ ha publicado recientemente su Memoria anual 2024, un documento que recoge la actividad, los indicadores y las iniciativas...","inLanguage":"es","potentialAction":[{"@type":"ReadAction","target":["https:\/\/www.barnaclinic.com\/blog\/blog\/memoria-anual-2024\/"]}]},{"@type":"WebSite","@id":"https:\/\/www.barnaclinic.com\/blog\/#website","url":"https:\/\/www.barnaclinic.com\/blog\/","name":"Blog barnacl\u00ednic+","description":"Informaci\u00f3n y novedades sobre los servicios y profesionales de barnacl\u00ednic+, Hospital Cl\u00ednic de Barcelona","potentialAction":[{"@type":"SearchAction","target":{"@type":"EntryPoint","urlTemplate":"https:\/\/www.barnaclinic.com\/blog\/?s={search_term_string}"},"query-input":"required name=search_term_string"}],"inLanguage":"es"},{"@type":"Person","@id":"https:\/\/www.barnaclinic.com\/blog\/#\/schema\/person\/062c0219c54bbf07163f34494da33e17","name":"barnacl\u00ednic+","url":"https:\/\/www.barnaclinic.com\/blog\/blog\/author\/alex\/"}]}},"_links":{"self":[{"href":"https:\/\/www.barnaclinic.com\/blog\/wp-json\/wp\/v2\/posts\/5260","targetHints":{"allow":["GET"]}}],"collection":[{"href":"https:\/\/www.barnaclinic.com\/blog\/wp-json\/wp\/v2\/posts"}],"about":[{"href":"https:\/\/www.barnaclinic.com\/blog\/wp-json\/wp\/v2\/types\/post"}],"author":[{"embeddable":true,"href":"https:\/\/www.barnaclinic.com\/blog\/wp-json\/wp\/v2\/users\/2"}],"replies":[{"embeddable":true,"href":"https:\/\/www.barnaclinic.com\/blog\/wp-json\/wp\/v2\/comments?post=5260"}],"version-history":[{"count":2,"href":"https:\/\/www.barnaclinic.com\/blog\/wp-json\/wp\/v2\/posts\/5260\/revisions"}],"predecessor-version":[{"id":5266,"href":"https:\/\/www.barnaclinic.com\/blog\/wp-json\/wp\/v2\/posts\/5260\/revisions\/5266"}],"wp:featuredmedia":[{"embeddable":true,"href":"https:\/\/www.barnaclinic.com\/blog\/wp-json\/wp\/v2\/media\/5264"}],"wp:attachment":[{"href":"https:\/\/www.barnaclinic.com\/blog\/wp-json\/wp\/v2\/media?parent=5260"}],"wp:term":[{"taxonomy":"category","embeddable":true,"href":"https:\/\/www.barnaclinic.com\/blog\/wp-json\/wp\/v2\/categories?post=5260"},{"taxonomy":"post_tag","embeddable":true,"href":"https:\/\/www.barnaclinic.com\/blog\/wp-json\/wp\/v2\/tags?post=5260"}],"curies":[{"name":"wp","href":"https:\/\/api.w.org\/{rel}","templated":true}]}}