{"id":5193,"date":"2025-04-30T12:57:03","date_gmt":"2025-04-30T12:57:03","guid":{"rendered":"https:\/\/www.barnaclinic.com\/blog\/?p=5193"},"modified":"2025-04-30T13:13:26","modified_gmt":"2025-04-30T13:13:26","slug":"nuevas-consultas-externas","status":"publish","type":"post","link":"https:\/\/www.barnaclinic.com\/blog\/blog\/nuevas-consultas-externas\/","title":{"rendered":"barnacl\u00ednic+ inaugura sus nuevas consultas externas"},"content":{"rendered":"<h4><strong>Un paso m\u00e1s en el crecimiento y la consolidaci\u00f3n del proyecto asistencial de barnacl\u00ednic+<\/strong><\/h4>\n<p>El pasado 8 de abril tuvo lugar la inauguraci\u00f3n oficial de las <a href=\"https:\/\/flic.kr\/s\/aHBqjCccx4\"><strong>nuevas consultas externas de barnacl\u00ednic+<\/strong><\/a>, un paso estrat\u00e9gico hacia la externalizaci\u00f3n de la actividad asistencial fuera del recinto del Hospital Cl\u00ednic de Barcelona. Este nuevo espacio, ubicado en la <strong>calle Casanova 153<\/strong>, en una localizaci\u00f3n privilegiada y accesible, comienza su actividad con las <strong>profesionales de <a href=\"https:\/\/fivclinic.es\/\" target=\"_blank\" rel=\"noopener\">fivcl\u00ednic+<\/a><\/strong> y otros especialistas de barnacl\u00ednic+.<\/p>\n<p><!--more--><\/p>\n<p>Al acto de inauguraci\u00f3n asistieron representantes destacados del Cl\u00ednic y de barnacl\u00ednic+, como el Dr. <strong>Josep M. Campistol<\/strong>, Director General del Hospital Cl\u00ednic de Barcelona; el Dr. <a href=\"https:\/\/www.barnaclinic.com\/es\/cuadro-medico\/28\/antoni\" target=\"_blank\" rel=\"noopener\"><strong>Antoni Castells<\/strong><\/a>, Director Asistencial; la Dra. <strong>Raquel S\u00e1nchez-Valle<\/strong>, Directora M\u00e9dica; y el comit\u00e9 de direcci\u00f3n completo de barnacl\u00ednic+. Tambi\u00e9n estuvieron presentes profesionales referentes de diversas especialidades, como la Dra. <a href=\"https:\/\/www.barnaclinic.com\/es\/cuadro-medico\/462\/berta\"><strong>Berta D\u00edaz-Feijoo<\/strong><\/a>, el Dr. <a href=\"https:\/\/www.barnaclinic.com\/es\/cuadro-medico\/190\/joan\"><strong>Joan Fontdevila<\/strong><\/a> y el Dr. <a href=\"https:\/\/www.barnaclinic.com\/es\/cuadro-medico\/209\/alfonso\"><strong>Alfons L\u00f3pez Soto<\/strong><\/a>, entre otros.<\/p>\n<h3><strong>\u201cUn proyecto de futuro, que ya es una realidad\u201d<\/strong><\/h3>\n<p>Durante su intervenci\u00f3n, el Dr. <strong>Jaume Balust<\/strong>, Director Asistencial de barnacl\u00ednic+, destac\u00f3 que <em>\u201cinaugurar estas consultas es muy importante, porque <strong>comenzamos con la externalizaci\u00f3n de las consultas externas<\/strong>. Nuestros pacientes estar\u00e1n a pie de calle, podr\u00e1n visualizar las instalaciones de barnacl\u00ednic+ y nuestros profesionales dispondr\u00e1n de un espacio adecuado para atenderles como se merecen\u201d<\/em>.<\/p>\n<blockquote>\n<h4><em><img loading=\"lazy\" decoding=\"async\" class=\"alignleft wp-image-5172\" src=\"https:\/\/www.barnaclinic.com\/blog\/wp-content\/uploads\/2025\/04\/Captura-de-pantalla-2025-04-25-a-las-10.15.53.png\" alt=\"\" width=\"117\" height=\"118\" srcset=\"https:\/\/www.barnaclinic.com\/blog\/wp-content\/uploads\/2025\/04\/Captura-de-pantalla-2025-04-25-a-las-10.15.53.png 257w, https:\/\/www.barnaclinic.com\/blog\/wp-content\/uploads\/2025\/04\/Captura-de-pantalla-2025-04-25-a-las-10.15.53-150x150.png 150w\" sizes=\"auto, (max-width: 117px) 100vw, 117px\" \/>\u00abNuestros pacientes estar\u00e1n a pie de calle, podr\u00e1n visualizar las instalaciones de barnacl\u00ednic+ y nuestros profesionales dispondr\u00e1n de un espacio adecuado para atenderles como se merecen\u201d<\/em><\/h4>\n<p>Dr. <strong>Jaume Balust<\/strong>, Director Asistencial de barnacl\u00ednic+<\/p><\/blockquote>\n<p>Este movimiento es la <strong>continuaci\u00f3n natural de la evoluci\u00f3n que barnacl\u00ednic+ ha ido desarrollando en los \u00faltimos a\u00f1os<\/strong>: el <a href=\"https:\/\/www.barnaclinic.com\/blog\/blog\/nace-visionclinic\/\" target=\"_blank\" rel=\"noopener\">nacimiento de visi\u00f5ncl\u00ednic<\/a> en 2022, la <a href=\"https:\/\/www.barnaclinic.com\/blog\/blog\/fivclinic-se-renueva\/\" target=\"_blank\" rel=\"noopener\">renovaci\u00f3n reciente de fivcl\u00ednic+<\/a> y la <a href=\"https:\/\/www.barnaclinic.com\/blog\/blog\/odontologia-barnaclinic\/\" target=\"_blank\" rel=\"noopener\">inauguraci\u00f3n de la nueva Cl\u00ednica Dental de Odontolog\u00eda barnacl\u00ednic+<\/a> durante 2025. Ahora, con estas <strong>nuevas consultas externas<\/strong>, se pone en marcha la primera fase de <strong>un proceso que culminar\u00e1 con la externalizaci\u00f3n completa de la actividad<\/strong> ambulatoria y hospitalaria.<\/p>\n<div align=\"center\"><a title=\"XVII JORNADA ANUAL DE LA DIRECCI\u00d3 INFERMERA\" href=\"https:\/\/www.flickr.com\/photos\/202735628@N06\/albums\/72177720325729101\" data-flickr-embed=\"true\"><img loading=\"lazy\" decoding=\"async\" src=\"https:\/\/live.staticflickr.com\/65535\/54485563837_da05fa72d6_c.jpg\" alt=\"Nuevas Consultas Externas\" width=\"800\" height=\"600\" \/><\/a><script async src=\"\/\/embedr.flickr.com\/assets\/client-code.js\" charset=\"utf-8\"><\/script><\/div>\n<h3><strong>\u201cUna apuesta de futuro, un compromiso con la calidad\u201d<\/strong><\/h3>\n<p>El Dr. <strong>Josep M. Campistol<\/strong> remarc\u00f3 que <em>\u201csalir del recinto del hospital es importante para barnacl\u00ednic+. Es una apuesta clara del Cl\u00ednic por este proyecto, que seguir\u00e1 creciendo con nuevas inauguraciones\u201d<\/em>. La nueva ubicaci\u00f3n permitir\u00e1 ofrecer una mejor accesibilidad para los pacientes y una mayor visibilidad del proyecto barnacl\u00ednic+.<\/p>\n<blockquote>\n<h4><img loading=\"lazy\" decoding=\"async\" class=\"alignleft wp-image-4877\" src=\"https:\/\/www.barnaclinic.com\/blog\/wp-content\/uploads\/2024\/07\/Josep-M-Campistol.png\" alt=\"Josep M. Campistol - Hospital Cl\u00ednic de Barcelona\" width=\"107\" height=\"107\" srcset=\"https:\/\/www.barnaclinic.com\/blog\/wp-content\/uploads\/2024\/07\/Josep-M-Campistol.png 318w, https:\/\/www.barnaclinic.com\/blog\/wp-content\/uploads\/2024\/07\/Josep-M-Campistol-300x300.png 300w, https:\/\/www.barnaclinic.com\/blog\/wp-content\/uploads\/2024\/07\/Josep-M-Campistol-150x150.png 150w\" sizes=\"auto, (max-width: 107px) 100vw, 107px\" \/><\/h4>\n<h4><em>\u201cSalir del recinto del hospital es importante para barnacl\u00ednic+. Es una apuesta clara del Cl\u00ednic por este proyecto, que seguir\u00e1 creciendo con nuevas inauguraciones\u201d<\/em><\/h4>\n<p>Dr. <a href=\"https:\/\/www.clinicbarcelona.org\/profesionales\/josep-m-campistol\"><strong>Josep M. Campistol<\/strong><\/a>, director general del <a href=\"https:\/\/www.clinicbarcelona.org\">Hospital Cl\u00ednic de Barcelona<\/a><\/p><\/blockquote>\n<p>Por su parte, <strong>Carles Loran<\/strong>, gerente de barnacl\u00ednic+, puso \u00e9nfasis en el alcance del proyecto: <em>\u201cEste es solo el primer paso. Durante los pr\u00f3ximos meses y a\u00f1os, seguiremos con la externalizaci\u00f3n de todas las consultas externas y tambi\u00e9n de la parte de hospitalizaci\u00f3n. El objetivo es ofrecer la mejor atenci\u00f3n posible a nuestros pacientes y garantizar que los profesionales del Cl\u00ednic y de barnacl\u00ednic+ trabajen en las mejores condiciones e instalaciones\u201d<\/em>.<\/p>\n<blockquote>\n<h4><em><img loading=\"lazy\" decoding=\"async\" class=\"alignleft wp-image-5168\" src=\"https:\/\/www.barnaclinic.com\/blog\/wp-content\/uploads\/2025\/04\/Captura-de-pantalla-2025-04-25-a-las-10.15.42.png\" alt=\"\" width=\"117\" height=\"117\" srcset=\"https:\/\/www.barnaclinic.com\/blog\/wp-content\/uploads\/2025\/04\/Captura-de-pantalla-2025-04-25-a-las-10.15.42.png 260w, https:\/\/www.barnaclinic.com\/blog\/wp-content\/uploads\/2025\/04\/Captura-de-pantalla-2025-04-25-a-las-10.15.42-150x150.png 150w\" sizes=\"auto, (max-width: 117px) 100vw, 117px\" \/>\u00abEl objetivo es ofrecer la mejor atenci\u00f3n posible a nuestros pacientes y garantizar que los profesionales del Cl\u00ednic y de barnacl\u00ednic+ trabajen en las mejores condiciones e instalaciones\u00bb<\/em><\/h4>\n<p><strong>Carles Loran<\/strong>, gerente de barnacl\u00ednic+<\/p><\/blockquote>\n<h2><strong>Un nuevo espacio, la misma excelencia asistencial<\/strong><\/h2>\n<p>Con esta inauguraci\u00f3n, barnacl\u00ednic+ reafirma su compromiso con la innovaci\u00f3n, la calidad asistencial y la mejora continua. Este <strong>nuevo espacio de consultas externas supone un hito en la estrategia de crecimiento del centro<\/strong>, consolid\u00e1ndose como referente en la atenci\u00f3n sanitaria privada de Barcelona.<\/p>\n<hr \/>\n<div align=\"center\"><iframe loading=\"lazy\" title=\"YouTube video player\" src=\"https:\/\/www.youtube.com\/embed\/WiKxZUBXkkw?si=UDo8B5JtYjUAvR8Y\" width=\"304\" height=\"540\" frameborder=\"0\" allowfullscreen=\"allowfullscreen\" data-mce-fragment=\"1\"><\/iframe><\/div>\n<hr \/>\n<div id=\"estoy-interesado\" class=\"destacat-site\">\n<h3 style=\"padding-left: 15px; padding-right: 15px;\" align=\"CENTER\"><span style=\"color: white;\">\u00bfQUIERES VENIR A CONOCER NUESTRAS NUEVAS CONSULTAS EXTERNAS Y SER ATENDIDO POR LOS MEJORES PROFESIONALES?<\/span><\/h3>\n<p class=\"boto\" style=\"padding-left: 30px; padding-right: 20px;\" align=\"center\"><a class=\"button button--cita\" href=\"https:\/\/www.barnaclinic.com\/es\/solicitar-cita\/\" target=\"_blank\" rel=\"noopener noreferrer\">SOLICITAR CITA<\/a><\/p>\n<\/div>\n","protected":false},"excerpt":{"rendered":"<p>Un paso m\u00e1s en el crecimiento y la consolidaci\u00f3n del proyecto asistencial de barnacl\u00ednic+ El pasado 8 de abril tuvo lugar la inauguraci\u00f3n oficial de las nuevas consultas externas de barnacl\u00ednic+, un paso estrat\u00e9gico hacia la externalizaci\u00f3n de la actividad asistencial fuera del recinto del Hospital Cl\u00ednic de Barcelona. Este nuevo espacio, ubicado en la [&hellip;]<\/p>\n","protected":false},"author":2,"featured_media":5188,"comment_status":"open","ping_status":"closed","sticky":false,"template":"","format":"standard","meta":{"footnotes":""},"categories":[2409,1314,566,1137,1460,229,409],"tags":[2,2416,2278,2410,620,2411,2345,570,2284,2413,2414,2412,2415],"class_list":["post-5193","post","type-post","status-publish","format-standard","has-post-thumbnail","hentry","category-cirugia-plastica","category-fivclinic-2","category-grupo-hospital-clinic-de-barcelona","category-medicina-interna","category-memoria-b","category-nuestras-instalaciones","category-nuestros-servicios","tag-barnaclinic","tag-ccee-2","tag-clinic-de-barcelona-2","tag-clinico-de-barcelona","tag-consultas-externas","tag-externalizacion-de-barnaclinic","tag-fivclinic","tag-hospital-clinic-de-barcelona","tag-memoria","tag-nuevas-consultas-externas","tag-nuevas-instalaciones","tag-nuevos-servicios","tag-proyecto-barnaclinic"],"yoast_head":"<!-- This site is optimized with the Yoast SEO plugin v19.14 - https:\/\/yoast.com\/wordpress\/plugins\/seo\/ -->\n<title>barnacl\u00ednic+ inaugura sus nuevas consultas externas<\/title>\n<meta name=\"description\" content=\"El pasado 8 de abril tuvo lugar la inauguraci\u00f3n de las nuevas consultas externas de barnacl\u00ednic+, un paso m\u00e1s hacia la externalizaci\u00f3n...\" \/>\n<meta name=\"robots\" content=\"index, follow, max-snippet:-1, max-image-preview:large, max-video-preview:-1\" \/>\n<link rel=\"canonical\" href=\"https:\/\/www.barnaclinic.com\/blog\/blog\/nuevas-consultas-externas\/\" \/>\n<meta property=\"og:locale\" content=\"es_ES\" \/>\n<meta property=\"og:type\" content=\"article\" \/>\n<meta property=\"og:title\" content=\"barnacl\u00ednic+ inaugura sus nuevas consultas externas\" \/>\n<meta property=\"og:description\" content=\"El pasado 8 de abril tuvo lugar la inauguraci\u00f3n de las nuevas consultas externas de barnacl\u00ednic+, un paso m\u00e1s hacia la externalizaci\u00f3n...\" \/>\n<meta property=\"og:url\" content=\"https:\/\/www.barnaclinic.com\/blog\/blog\/nuevas-consultas-externas\/\" \/>\n<meta property=\"og:site_name\" content=\"Blog barnacl\u00ednic+\" \/>\n<meta property=\"article:published_time\" content=\"2025-04-30T12:57:03+00:00\" \/>\n<meta property=\"article:modified_time\" content=\"2025-04-30T13:13:26+00:00\" \/>\n<meta property=\"og:image\" content=\"https:\/\/www.barnaclinic.com\/blog\/wp-content\/uploads\/2025\/04\/noves-ccee.jpg\" \/>\n\t<meta property=\"og:image:width\" content=\"1440\" \/>\n\t<meta property=\"og:image:height\" content=\"810\" \/>\n\t<meta property=\"og:image:type\" content=\"image\/jpeg\" \/>\n<meta name=\"author\" content=\"barnacl\u00ednic+\" \/>\n<meta name=\"twitter:label1\" content=\"Escrito por\" \/>\n\t<meta name=\"twitter:data1\" content=\"barnacl\u00ednic+\" \/>\n\t<meta name=\"twitter:label2\" content=\"Tiempo de lectura\" \/>\n\t<meta name=\"twitter:data2\" content=\"3 minutos\" \/>\n<script type=\"application\/ld+json\" class=\"yoast-schema-graph\">{\"@context\":\"https:\/\/schema.org\",\"@graph\":[{\"@type\":\"WebPage\",\"@id\":\"https:\/\/www.barnaclinic.com\/blog\/blog\/nuevas-consultas-externas\/\",\"url\":\"https:\/\/www.barnaclinic.com\/blog\/blog\/nuevas-consultas-externas\/\",\"name\":\"barnacl\u00ednic+ inaugura sus nuevas consultas externas\",\"isPartOf\":{\"@id\":\"https:\/\/www.barnaclinic.com\/blog\/#website\"},\"datePublished\":\"2025-04-30T12:57:03+00:00\",\"dateModified\":\"2025-04-30T13:13:26+00:00\",\"author\":{\"@id\":\"https:\/\/www.barnaclinic.com\/blog\/#\/schema\/person\/062c0219c54bbf07163f34494da33e17\"},\"description\":\"El pasado 8 de abril tuvo lugar la inauguraci\u00f3n de las nuevas consultas externas de barnacl\u00ednic+, un paso m\u00e1s hacia la externalizaci\u00f3n...\",\"inLanguage\":\"es\",\"potentialAction\":[{\"@type\":\"ReadAction\",\"target\":[\"https:\/\/www.barnaclinic.com\/blog\/blog\/nuevas-consultas-externas\/\"]}]},{\"@type\":\"WebSite\",\"@id\":\"https:\/\/www.barnaclinic.com\/blog\/#website\",\"url\":\"https:\/\/www.barnaclinic.com\/blog\/\",\"name\":\"Blog barnacl\u00ednic+\",\"description\":\"Informaci\u00f3n y novedades sobre los servicios y profesionales de barnacl\u00ednic+, Hospital Cl\u00ednic de Barcelona\",\"potentialAction\":[{\"@type\":\"SearchAction\",\"target\":{\"@type\":\"EntryPoint\",\"urlTemplate\":\"https:\/\/www.barnaclinic.com\/blog\/?s={search_term_string}\"},\"query-input\":\"required name=search_term_string\"}],\"inLanguage\":\"es\"},{\"@type\":\"Person\",\"@id\":\"https:\/\/www.barnaclinic.com\/blog\/#\/schema\/person\/062c0219c54bbf07163f34494da33e17\",\"name\":\"barnacl\u00ednic+\",\"url\":\"https:\/\/www.barnaclinic.com\/blog\/blog\/author\/alex\/\"}]}<\/script>\n<!-- \/ Yoast SEO plugin. -->","yoast_head_json":{"title":"barnacl\u00ednic+ inaugura sus nuevas consultas externas","description":"El pasado 8 de abril tuvo lugar la inauguraci\u00f3n de las nuevas consultas externas de barnacl\u00ednic+, un paso m\u00e1s hacia la externalizaci\u00f3n...","robots":{"index":"index","follow":"follow","max-snippet":"max-snippet:-1","max-image-preview":"max-image-preview:large","max-video-preview":"max-video-preview:-1"},"canonical":"https:\/\/www.barnaclinic.com\/blog\/blog\/nuevas-consultas-externas\/","og_locale":"es_ES","og_type":"article","og_title":"barnacl\u00ednic+ inaugura sus nuevas consultas externas","og_description":"El pasado 8 de abril tuvo lugar la inauguraci\u00f3n de las nuevas consultas externas de barnacl\u00ednic+, un paso m\u00e1s hacia la externalizaci\u00f3n...","og_url":"https:\/\/www.barnaclinic.com\/blog\/blog\/nuevas-consultas-externas\/","og_site_name":"Blog barnacl\u00ednic+","article_published_time":"2025-04-30T12:57:03+00:00","article_modified_time":"2025-04-30T13:13:26+00:00","og_image":[{"width":1440,"height":810,"url":"https:\/\/www.barnaclinic.com\/blog\/wp-content\/uploads\/2025\/04\/noves-ccee.jpg","type":"image\/jpeg"}],"author":"barnacl\u00ednic+","twitter_misc":{"Escrito por":"barnacl\u00ednic+","Tiempo de lectura":"3 minutos"},"schema":{"@context":"https:\/\/schema.org","@graph":[{"@type":"WebPage","@id":"https:\/\/www.barnaclinic.com\/blog\/blog\/nuevas-consultas-externas\/","url":"https:\/\/www.barnaclinic.com\/blog\/blog\/nuevas-consultas-externas\/","name":"barnacl\u00ednic+ inaugura sus nuevas consultas externas","isPartOf":{"@id":"https:\/\/www.barnaclinic.com\/blog\/#website"},"datePublished":"2025-04-30T12:57:03+00:00","dateModified":"2025-04-30T13:13:26+00:00","author":{"@id":"https:\/\/www.barnaclinic.com\/blog\/#\/schema\/person\/062c0219c54bbf07163f34494da33e17"},"description":"El pasado 8 de abril tuvo lugar la inauguraci\u00f3n de las nuevas consultas externas de barnacl\u00ednic+, un paso m\u00e1s hacia la externalizaci\u00f3n...","inLanguage":"es","potentialAction":[{"@type":"ReadAction","target":["https:\/\/www.barnaclinic.com\/blog\/blog\/nuevas-consultas-externas\/"]}]},{"@type":"WebSite","@id":"https:\/\/www.barnaclinic.com\/blog\/#website","url":"https:\/\/www.barnaclinic.com\/blog\/","name":"Blog barnacl\u00ednic+","description":"Informaci\u00f3n y novedades sobre los servicios y profesionales de barnacl\u00ednic+, Hospital Cl\u00ednic de Barcelona","potentialAction":[{"@type":"SearchAction","target":{"@type":"EntryPoint","urlTemplate":"https:\/\/www.barnaclinic.com\/blog\/?s={search_term_string}"},"query-input":"required name=search_term_string"}],"inLanguage":"es"},{"@type":"Person","@id":"https:\/\/www.barnaclinic.com\/blog\/#\/schema\/person\/062c0219c54bbf07163f34494da33e17","name":"barnacl\u00ednic+","url":"https:\/\/www.barnaclinic.com\/blog\/blog\/author\/alex\/"}]}},"_links":{"self":[{"href":"https:\/\/www.barnaclinic.com\/blog\/wp-json\/wp\/v2\/posts\/5193","targetHints":{"allow":["GET"]}}],"collection":[{"href":"https:\/\/www.barnaclinic.com\/blog\/wp-json\/wp\/v2\/posts"}],"about":[{"href":"https:\/\/www.barnaclinic.com\/blog\/wp-json\/wp\/v2\/types\/post"}],"author":[{"embeddable":true,"href":"https:\/\/www.barnaclinic.com\/blog\/wp-json\/wp\/v2\/users\/2"}],"replies":[{"embeddable":true,"href":"https:\/\/www.barnaclinic.com\/blog\/wp-json\/wp\/v2\/comments?post=5193"}],"version-history":[{"count":1,"href":"https:\/\/www.barnaclinic.com\/blog\/wp-json\/wp\/v2\/posts\/5193\/revisions"}],"predecessor-version":[{"id":5194,"href":"https:\/\/www.barnaclinic.com\/blog\/wp-json\/wp\/v2\/posts\/5193\/revisions\/5194"}],"wp:featuredmedia":[{"embeddable":true,"href":"https:\/\/www.barnaclinic.com\/blog\/wp-json\/wp\/v2\/media\/5188"}],"wp:attachment":[{"href":"https:\/\/www.barnaclinic.com\/blog\/wp-json\/wp\/v2\/media?parent=5193"}],"wp:term":[{"taxonomy":"category","embeddable":true,"href":"https:\/\/www.barnaclinic.com\/blog\/wp-json\/wp\/v2\/categories?post=5193"},{"taxonomy":"post_tag","embeddable":true,"href":"https:\/\/www.barnaclinic.com\/blog\/wp-json\/wp\/v2\/tags?post=5193"}],"curies":[{"name":"wp","href":"https:\/\/api.w.org\/{rel}","templated":true}]}}