{"id":4997,"date":"2024-11-19T13:51:30","date_gmt":"2024-11-19T13:51:30","guid":{"rendered":"https:\/\/www.barnaclinic.com\/blog\/?p=4997"},"modified":"2024-11-19T14:32:26","modified_gmt":"2024-11-19T14:32:26","slug":"mejores-medicos-de-espana-2024","status":"publish","type":"post","link":"https:\/\/www.barnaclinic.com\/blog\/blog\/mejores-medicos-de-espana-2024\/","title":{"rendered":"Tres profesionales de barnacl\u00ednic+ entre los mejores m\u00e9dicos de Espa\u00f1a en 2024, seg\u00fan los premios \u201cLiderazgo Reputacional Sanitario\u201d"},"content":{"rendered":"<p>En la edici\u00f3n 2024 de los <a href=\"https:\/\/www.observatoriodesalud.es\/premios-liderazgo-reputacional-en-salud\/\"><strong>Premios al Liderazgo Reputacional<\/strong><\/a>, otorgados por el <a href=\"https:\/\/www.merco.info\/es\/\">Monitor Empresarial de Reputaci\u00f3n Corporativa (MERCO)<\/a> y el <a href=\"https:\/\/www.observatoriodesalud.es\/\">Observatorio de la Salud<\/a>, tres profesionales del <a href=\"https:\/\/www.barnaclinic.com\/es\/cuadro-medico\/\">cuadro m\u00e9dico de barnacl\u00ednic+<\/a> han sido reconocidos en la categor\u00eda de m\u00e1s reputados y <strong>mejores m\u00e9dicos de Espa\u00f1a en 2024<\/strong>, junto con otros 32 profesionales de todo el pa\u00eds. Este prestigioso reconocimiento subraya su excelencia profesional y su compromiso con los valores que inspiran el liderazgo y la <strong>reputaci\u00f3n en el sector sanitario<\/strong>.<\/p>\n<p><!--more--><\/p>\n<h2>Los m\u00e9dicos m\u00e1s reputados de Espa\u00f1a, de barnacl\u00ednic+<\/h2>\n<p>Los tres profesionales que han sido reconocidos entre los <strong>mejores m\u00e9dicos de Espa\u00f1a<\/strong> han sido el Dr. <a href=\"https:\/\/www.barnaclinic.com\/es\/cuadro-medico\/137\/alvar\"><strong>\u00c0lvar Agust\u00ed<\/strong><\/a>, el Dr. <a href=\"https:\/\/www.barnaclinic.com\/es\/cuadro-medico\/272\/antonio\"><strong>Antonio Alcaraz<\/strong><\/a> y el Dr. <strong>Eduard Gratac\u00f3s<\/strong>, que ya hab\u00edan sido premiados en <a href=\"https:\/\/www.barnaclinic.com\/blog\/blog\/mejores-medicos-de-espana\/\">la edici\u00f3n del a\u00f1o pasado de este galard\u00f3n<\/a>. Estos premios no hacen m\u00e1s que resaltar la importancia de todos ellos como referentes en sus respectivas especialidades, y con unos aportes que han supuesto un impacto significativo en la medicina.<\/p>\n<h4><img loading=\"lazy\" decoding=\"async\" class=\"alignleft wp-image-4426 size-thumbnail\" title=\"Dr. \u00c0lvar Agust\u00ed, mejor neum\u00f3logo de Espa\u00f1a\" src=\"https:\/\/www.barnaclinic.com\/blog\/wp-content\/uploads\/2023\/11\/Captura-de-pantalla-2023-11-20-a-las-14.48.48-150x150.png\" alt=\"Dr. \u00c0lvar Agust\u00ed, mejor neum\u00f3logo de Espa\u00f1a\" width=\"150\" height=\"150\" \/><\/h4>\n<h4>Dr. <a href=\"https:\/\/www.barnaclinic.com\/es\/cuadro-medico\/137\/alvar\">\u00c0lvar Agust\u00ed Garc\u00eda-Navarro<\/a><\/h4>\n<p>El Dr. <a href=\"https:\/\/www.barnaclinic.com\/es\/cuadro-medico\/137\/alvar\"><strong>\u00c0lvar Agust\u00ed<\/strong><\/a> es especialista en <a href=\"https:\/\/www.barnaclinic.com\/es\/respiratorio\/neumologia\/\"><strong>neumolog\u00eda<\/strong><\/a> y figura clave en el \u00e1mbito de las <strong>enfermedades respiratorias<\/strong>, ha liderado investigaciones revolucionarias sobre la <a href=\"https:\/\/www.youtube.com\/watch?v=eTdBMjMQG8o\">EPOC<\/a>, el asma, el <a href=\"https:\/\/www.barnaclinic.com\/es\/diagnostico-del-cancer\/diagnostico-cancer-de-pulmon\/\">c\u00e1ncer de pulm\u00f3n<\/a> y otras patolog\u00edas pulmonares, promoviendo avances en su diagn\u00f3stico y tratamiento. Su enfoque combina la excelencia cl\u00ednica con una visi\u00f3n de futuro orientada a personalizar los tratamientos para cada paciente. Adem\u00e1s, su trabajo en colaboraci\u00f3n con instituciones internacionales ha contribuido a establecer protocolos que son referentes a nivel mundial.<\/p>\n<p class=\"boto\" style=\"padding-left: 30px; padding-right: 20px;\"><a class=\"button button--cita\" href=\"https:\/\/www.barnaclinic.com\/es\/cuadro-medico\/137\/alvar\" target=\"_blank\" rel=\"noopener noreferrer\">M\u00c1S INFORMACI\u00d3N<\/a> \u00a0<a class=\"button button--televisita\" href=\"https:\/\/www.barnaclinic.com\/es\/solicitar-cita\/?profesional=137\" target=\"_blank\" rel=\"noopener noreferrer\">PEDIR CITA<\/a><\/p>\n<hr \/>\n<p><img loading=\"lazy\" decoding=\"async\" class=\"alignleft wp-image-4435 size-thumbnail\" src=\"https:\/\/www.barnaclinic.com\/blog\/wp-content\/uploads\/2023\/11\/Captura-de-pantalla-2023-11-20-a-las-14.56.23-150x150.png\" alt=\"\" width=\"150\" height=\"150\" srcset=\"https:\/\/www.barnaclinic.com\/blog\/wp-content\/uploads\/2023\/11\/Captura-de-pantalla-2023-11-20-a-las-14.56.23-150x150.png 150w, https:\/\/www.barnaclinic.com\/blog\/wp-content\/uploads\/2023\/11\/Captura-de-pantalla-2023-11-20-a-las-14.56.23.png 238w\" sizes=\"auto, (max-width: 150px) 100vw, 150px\" \/><\/p>\n<h4>Dr. <a href=\"https:\/\/www.barnaclinic.com\/es\/cuadro-medico\/272\/antonio\" target=\"_blank\" rel=\"noopener\"><strong>Antonio Alcaraz Asensio<\/strong><\/a><\/h4>\n<p>El Dr. <a href=\"https:\/\/www.barnaclinic.com\/es\/cuadro-medico\/272\/antonio\"><strong>Antonio Alcaraz<\/strong><\/a> reconocido por su experiencia en <a href=\"https:\/\/www.barnaclinic.com\/es\/especialidades\/61\/urologia\"><strong>urolog\u00eda<\/strong><\/a> y <a href=\"https:\/\/www.barnaclinic.com\/blog\/blog\/cirugia-robotica\/\" target=\"_blank\" rel=\"noopener\"><strong>cirug\u00eda rob\u00f3tica<\/strong><\/a>, ha transformado el tratamiento de patolog\u00edas complejas como el <a href=\"https:\/\/www.barnaclinic.com\/es\/diagnostico-del-cancer\/diagnostico-cancer-de-prostata\/\"><strong>c\u00e1ncer de pr\u00f3stata<\/strong><\/a> y el <a href=\"https:\/\/www.barnaclinic.com\/es\/trasplante-renal\/\"><strong>trasplante de ri\u00f1\u00f3n<\/strong><\/a>. Su liderazgo en t\u00e9cnicas m\u00ednimamente invasivas ha permitido a los pacientes una recuperaci\u00f3n m\u00e1s r\u00e1pida y con menos complicaciones. Adem\u00e1s, su compromiso con la formaci\u00f3n m\u00e9dica ha sido clave para la formaci\u00f3n de nuevas generaciones de especialistas en urolog\u00eda.<\/p>\n<p class=\"boto\" style=\"padding-left: 30px; padding-right: 20px;\"><a class=\"button button--cita\" href=\"https:\/\/www.barnaclinic.com\/es\/cuadro-medico\/272\/antonio\" target=\"_blank\" rel=\"noopener noreferrer\">M\u00c1S INFORMACI\u00d3N<\/a> \u00a0<a class=\"button button--televisita\" href=\"https:\/\/www.barnaclinic.com\/es\/solicitar-cita\/?profesional=272\" target=\"_blank\" rel=\"noopener noreferrer\">PEDIR CITA<\/a><\/p>\n<hr \/>\n<p><img loading=\"lazy\" decoding=\"async\" class=\"alignleft wp-image-4440 size-thumbnail\" src=\"https:\/\/www.barnaclinic.com\/blog\/wp-content\/uploads\/2023\/11\/Captura-de-pantalla-2023-11-20-a-las-15.00.47-150x150.png\" alt=\"Dr. Eduard GRatac\u00f3s - Mejor ginec\u00f3logo de Espa\u00f1a\" width=\"150\" height=\"150\" \/><\/p>\n<h4>Dr. <a href=\"https:\/\/www.barnaclinic.com\/es\/respiratorio\/neumologia\/\"><strong>Eduard Gratac\u00f3s<\/strong><\/a><\/h4>\n<p>El Dr. <a href=\"https:\/\/www.barnaclinic.com\/es\/respiratorio\/neumologia\/\"><strong>Eduard Gratac\u00f3s<\/strong><\/a> es una de las principales figuras en <a href=\"https:\/\/www.barnaclinic.com\/es\/medicina-fetal\/\"><strong>medicina fetal<\/strong><\/a> a nivel internacional. Ha sido pionero en intervenciones intrauterinas que permiten tratar enfermedades fetales antes del nacimiento, mejorando significativamente la calidad de vida de los reci\u00e9n nacidos y sus familias. Su liderazgo en proyectos de investigaci\u00f3n y docencia ha sido fundamental para posicionar a Espa\u00f1a como l\u00edder mundial en <a href=\"https:\/\/www.barnaclinic.com\/es\/medicina-fetal\/\">medicina materno-fetal<\/a>.<\/p>\n<p class=\"boto\" style=\"padding-left: 30px; padding-right: 20px;\"><a class=\"button button--cita\" href=\"https:\/\/www.barnaclinic.com\/es\/cuadro-medico\/235\/eduard\" target=\"_blank\" rel=\"noopener noreferrer\">M\u00c1S INFORMACI\u00d3N<\/a> \u00a0<a class=\"button button--televisita\" href=\"https:\/\/www.barnaclinic.com\/es\/solicitar-cita\/?profesional=235\" target=\"_blank\" rel=\"noopener noreferrer\">PEDIR CITA<\/a><\/p>\n<hr \/>\n<h2>Otros seis profesionales de barnacl\u00ednic+ entre los mejores m\u00e9dicos de Espa\u00f1a en 2024<\/h2>\n<p>Adem\u00e1s de los galardonados, otros seis <a href=\"https:\/\/www.barnaclinic.com\/es\/cuadro-medico\/\"><strong>especialistas de barnacl\u00ednic+<\/strong><\/a> han sido nominados en esta edici\u00f3n, destacando el talento y la excelencia del equipo m\u00e9dico de la instituci\u00f3n:<\/p>\n<h5 style=\"padding-left: 40px;\">Dr. <a href=\"https:\/\/www.barnaclinic.com\/es\/cuadro-medico\/202\/alfredo\"><strong>Alfredo Ad\u00e1n<\/strong><\/a><\/h5>\n<p style=\"padding-left: 40px;\">El Dr. <strong><a href=\"https:\/\/www.barnaclinic.com\/es\/cuadro-medico\/202\/alfredo\">Alfredo Ad\u00e1n<\/a><\/strong> es un referente en el tratamiento de <a href=\"https:\/\/www.vision-clinic.es\/retina\/\">enfermedades de la retina<\/a> y <a href=\"https:\/\/www.vision-clinic.es\/uveitis\/\">patolog\u00edas inflamatorias oculares<\/a>. Su labor investigadora ha permitido avances en terapias biol\u00f3gicas y regenerativas que benefician a pacientes con problemas visuales graves.<\/p>\n<h5 style=\"padding-left: 40px;\">Dr. <a href=\"https:\/\/www.barnaclinic.com\/es\/cuadro-medico\/9\/manuel\"><strong>Manuel Bernal<\/strong><\/a><\/h5>\n<p style=\"padding-left: 40px;\">El Dr. <a href=\"https:\/\/www.barnaclinic.com\/es\/cuadro-medico\/9\/manuel\"><strong>Manuel Bernal Sprekelsen<\/strong><\/a> es especialista en <a href=\"https:\/\/www.barnaclinic.com\/es\/especialidades\/21\/otorrinolaringologia\"><strong>otorrinolaringolog\u00eda<\/strong><\/a>, es reconocido por su experiencia en <a href=\"https:\/\/www.barnaclinic.com\/blog\/blog\/extirpar-tumores-del-oido\/\">cirug\u00eda del o\u00eddo<\/a> y tratamientos innovadores para trastornos de audici\u00f3n y equilibrio.<\/p>\n<h5 style=\"padding-left: 40px;\">Dr. <a href=\"https:\/\/www.barnaclinic.com\/es\/cuadro-medico\/31\/ricard\"><strong>Ricard Cervera<\/strong><\/a><\/h5>\n<p style=\"padding-left: 40px;\">El Dr. <a href=\"https:\/\/www.barnaclinic.com\/es\/cuadro-medico\/31\/ricard\"><strong>Ricard Cervera<\/strong><\/a> es l\u00edder mundial en el estudio de <a href=\"https:\/\/www.barnaclinic.com\/es\/especialidades\/28\/enfermedades-autoinmunes\"><strong>enfermedades autoinmunes<\/strong><\/a>, como el lupus y el s\u00edndrome antifosfol\u00edpido, ha contribuido a crear nuevas estrategias terap\u00e9uticas y de manejo para estas complejas patolog\u00edas.<\/p>\n<h5 style=\"padding-left: 40px;\"><strong>Dr. <a href=\"https:\/\/www.barnaclinic.com\/es\/cuadro-medico\/53\/francesc\">Francesc Graus<\/a><\/strong><\/h5>\n<p style=\"padding-left: 40px;\">El Dr. <a href=\"https:\/\/www.barnaclinic.com\/es\/cuadro-medico\/53\/francesc\"><strong>Francesc Graus<\/strong><\/a> es referente en <a href=\"https:\/\/www.barnaclinic.com\/es\/especialidades\/26\/neurologia\">neurolog\u00eda oncol\u00f3gica<\/a>, es experto en trastornos neurol\u00f3gicos asociados al c\u00e1ncer y en enfermedades paraneopl\u00e1sicas.<\/p>\n<h5 style=\"padding-left: 40px;\">Dra. <a href=\"https:\/\/www.barnaclinic.com\/es\/cuadro-medico\/581\/susana\"><strong>Susana Puig<\/strong><\/a><\/h5>\n<p style=\"padding-left: 40px;\">La Dra. <a href=\"https:\/\/www.barnaclinic.com\/es\/cuadro-medico\/581\/susana\"><strong>Susana Puig Sard\u00e0<\/strong><\/a> especialista en <a href=\"https:\/\/www.barnaclinic.com\/es\/solicitar-cita\/?especialidad=138\"><strong>dermatolog\u00eda<\/strong><\/a> y oncolog\u00eda cut\u00e1nea, ha destacado por su investigaci\u00f3n en <a href=\"https:\/\/www.barnaclinic.com\/es\/dermatologia\/cancer-de-piel-y-melanoma\/\"><strong>melanoma<\/strong> y otros tipos de <strong>c\u00e1ncer de piel<\/strong><\/a>.<\/p>\n<h5 style=\"padding-left: 40px;\">Dr. <a href=\"https:\/\/www.barnaclinic.com\/es\/cuadro-medico\/331\/eduard\"><strong>Eduard Vieta<\/strong><\/a><\/h5>\n<p style=\"padding-left: 40px;\">El Dr. <a href=\"https:\/\/www.barnaclinic.com\/es\/cuadro-medico\/331\/eduard\"><strong>Eduard Vieta Pascual<\/strong><\/a> es un profesional reconocido internacionalmente por su trabajo en <a href=\"https:\/\/www.barnaclinic.com\/es\/solicitar-cita\/?especialidad=53\">psiquiatr\u00eda<\/a>, es una autoridad en el tratamiento del <a href=\"https:\/\/www.barnaclinic.com\/es\/trastornos-psiquiatricos-y-psicologicos-del-adulto\/trastorno-bipolar\/\">trastorno bipolar<\/a> y otras enfermedades mentales.<\/p>\n<p style=\"padding-left: 40px;\">La presencia de tantos profesionales de barnacl\u00ednic+ en los <a href=\"https:\/\/www.merco.info\/es\/\">Premios MERCO 2024<\/a> no solo destaca su talento individual, sino que refleja el compromiso institucional con la excelencia, la innovaci\u00f3n y el impacto positivo en la sociedad. Estos premios no solo reconocen a los <strong>mejores m\u00e9dicos de Espa\u00f1a en 2024<\/strong>, son un reconocimiento al liderazgo responsable en un sector donde la reputaci\u00f3n no solo se mide por la calidad asistencial, sino tambi\u00e9n por la capacidad de generar un cambio positivo en la vida de los pacientes y en la comunidad m\u00e9dica.<\/p>\n<hr \/>\n<h2><strong>\u00bfQu\u00e9 son los premios \u201cLiderazgo Reputacional Sanitario\u201d?<\/strong><\/h2>\n<p>Los premios <a href=\"https:\/\/www.observatoriodesalud.es\/premios-liderazgo-reputacional-en-salud\/\">\u201cLiderazgo Reputacional Sanitario\u201d<\/a> tienen el objetivo principal de valorar y hacer visible el gran esfuerzo cl\u00ednico, investigador y de gesti\u00f3n que realizan en Espa\u00f1a los m\u00e9dicos, centros y gestores sanitarios, siendo esta la segunda edici\u00f3n de estos galardones. Este reconocimiento ha sido el resultado de una exhaustiva, rigurosa, independiente y objetiva evaluaci\u00f3n llevada a cabo por MERCO, con su monitor MRS, y verificada por KPMG, y el Observatorio de Salud.<\/p>\n<p>Los premios se dividieron en tres categor\u00edas: proyectos m\u00e1s relevantes de las Comunidades Aut\u00f3nomas en el \u00e1mbito sanitario, hospitales l\u00edderes y especialistas m\u00e9dicos m\u00e1s reputados. Es en esta \u00faltima donde han recibido el reconocimiento como <strong>mejores m\u00e9dicos de Espa\u00f1a en 2024<\/strong> los tres profesionales de barnacl\u00ednic+.<\/p>\n<hr \/>\n<div id=\"estoy-interesado\" class=\"destacat-site\">\n<h3 style=\"padding-left: 15px; padding-right: 15px;\" align=\"CENTER\"><span style=\"color: white;\">\u00bfQUIERES CONTACTAR CON ALGUNO DE LOS MEJORES M\u00c9DICOS DE ESPA\u00d1A EN 2024?<\/span><\/h3>\n<p class=\"boto\" style=\"padding-left: 30px; padding-right: 20px;\" align=\"center\"><a class=\"button button--cita\" href=\"https:\/\/www.barnaclinic.com\/es\/solicitar-cita\/\" target=\"_blank\" rel=\"noopener noreferrer\">PEDIR CITA<\/a><\/p>\n<\/div>\n","protected":false},"excerpt":{"rendered":"<p>En la edici\u00f3n 2024 de los Premios al Liderazgo Reputacional, otorgados por el Monitor Empresarial de Reputaci\u00f3n Corporativa (MERCO) y el Observatorio de la Salud, tres profesionales del cuadro m\u00e9dico de barnacl\u00ednic+ han sido reconocidos en la categor\u00eda de m\u00e1s reputados y mejores m\u00e9dicos de Espa\u00f1a en 2024, junto con otros 32 profesionales de todo [&hellip;]<\/p>\n","protected":false},"author":2,"featured_media":5011,"comment_status":"open","ping_status":"closed","sticky":false,"template":"","format":"standard","meta":{"footnotes":""},"categories":[1329,548,566,5,380,79,192,377,733,931,191,1103],"tags":[1188,739,1197,1951,1949,1952,1950,1953,1948,2361,1954,1955,2362],"class_list":["post-4997","post","type-post","status-publish","format-standard","has-post-thumbnail","hentry","category-dermatologia","category-ginecologia","category-grupo-hospital-clinic-de-barcelona","category-info-barnaclinic","category-neumologia","category-nuestros-profesionales","category-orl","category-psicologia","category-trasplante","category-trasplante-renal","category-urologia","category-visionclinic","tag-dr-alvar-agusti","tag-dr-antonio-alcaraz","tag-dr-eduard-gratacos","tag-mejor-ginecologo-de-espana","tag-mejor-medico-de-espana","tag-mejor-neumologo-de-espana","tag-mejor-urologo-de-espana","tag-mejores-doctores-de-espana","tag-mejores-medicos-de-espana","tag-mejores-medicos-de-espana-2024","tag-merco","tag-premios-liderazgo-reputacional-sanitario","tag-reputacion-sanitaria"],"yoast_head":"<!-- This site is optimized with the Yoast SEO plugin v19.14 - https:\/\/yoast.com\/wordpress\/plugins\/seo\/ -->\n<title>Tres profesionales de barnacl\u00ednic+ entre los mejores m\u00e9dicos de Espa\u00f1a 2024<\/title>\n<meta name=\"description\" content=\"En la edici\u00f3n 2024 de los Premios al Liderazgo Reputacional, tres profesionales de barnacl\u00ednic+ entre los mejores m\u00e9dicos de Espa\u00f1a en 2024\" \/>\n<meta name=\"robots\" content=\"index, follow, max-snippet:-1, max-image-preview:large, max-video-preview:-1\" \/>\n<link rel=\"canonical\" href=\"https:\/\/www.barnaclinic.com\/blog\/blog\/mejores-medicos-de-espana-2024\/\" \/>\n<meta property=\"og:locale\" content=\"es_ES\" \/>\n<meta property=\"og:type\" content=\"article\" \/>\n<meta property=\"og:title\" content=\"Tres profesionales de barnacl\u00ednic+ entre los mejores m\u00e9dicos de Espa\u00f1a 2024\" \/>\n<meta property=\"og:description\" content=\"En la edici\u00f3n 2024 de los Premios al Liderazgo Reputacional, tres profesionales de barnacl\u00ednic+ entre los mejores m\u00e9dicos de Espa\u00f1a en 2024\" \/>\n<meta property=\"og:url\" content=\"https:\/\/www.barnaclinic.com\/blog\/blog\/mejores-medicos-de-espana-2024\/\" \/>\n<meta property=\"og:site_name\" content=\"Blog barnacl\u00ednic+\" \/>\n<meta property=\"article:published_time\" content=\"2024-11-19T13:51:30+00:00\" \/>\n<meta property=\"article:modified_time\" content=\"2024-11-19T14:32:26+00:00\" \/>\n<meta property=\"og:image\" content=\"https:\/\/www.barnaclinic.com\/blog\/wp-content\/uploads\/2024\/11\/mejores-medicos-espana-2024.jpg\" \/>\n\t<meta property=\"og:image:width\" content=\"800\" \/>\n\t<meta property=\"og:image:height\" content=\"450\" \/>\n\t<meta property=\"og:image:type\" content=\"image\/jpeg\" \/>\n<meta name=\"author\" content=\"barnacl\u00ednic+\" \/>\n<meta name=\"twitter:label1\" content=\"Escrito por\" \/>\n\t<meta name=\"twitter:data1\" content=\"barnacl\u00ednic+\" \/>\n\t<meta name=\"twitter:label2\" content=\"Tiempo de lectura\" \/>\n\t<meta name=\"twitter:data2\" content=\"5 minutos\" \/>\n<script type=\"application\/ld+json\" class=\"yoast-schema-graph\">{\"@context\":\"https:\/\/schema.org\",\"@graph\":[{\"@type\":\"WebPage\",\"@id\":\"https:\/\/www.barnaclinic.com\/blog\/blog\/mejores-medicos-de-espana-2024\/\",\"url\":\"https:\/\/www.barnaclinic.com\/blog\/blog\/mejores-medicos-de-espana-2024\/\",\"name\":\"Tres profesionales de barnacl\u00ednic+ entre los mejores m\u00e9dicos de Espa\u00f1a 2024\",\"isPartOf\":{\"@id\":\"https:\/\/www.barnaclinic.com\/blog\/#website\"},\"datePublished\":\"2024-11-19T13:51:30+00:00\",\"dateModified\":\"2024-11-19T14:32:26+00:00\",\"author\":{\"@id\":\"https:\/\/www.barnaclinic.com\/blog\/#\/schema\/person\/062c0219c54bbf07163f34494da33e17\"},\"description\":\"En la edici\u00f3n 2024 de los Premios al Liderazgo Reputacional, tres profesionales de barnacl\u00ednic+ entre los mejores m\u00e9dicos de Espa\u00f1a en 2024\",\"inLanguage\":\"es\",\"potentialAction\":[{\"@type\":\"ReadAction\",\"target\":[\"https:\/\/www.barnaclinic.com\/blog\/blog\/mejores-medicos-de-espana-2024\/\"]}]},{\"@type\":\"WebSite\",\"@id\":\"https:\/\/www.barnaclinic.com\/blog\/#website\",\"url\":\"https:\/\/www.barnaclinic.com\/blog\/\",\"name\":\"Blog barnacl\u00ednic+\",\"description\":\"Informaci\u00f3n y novedades sobre los servicios y profesionales de barnacl\u00ednic+, Hospital Cl\u00ednic de Barcelona\",\"potentialAction\":[{\"@type\":\"SearchAction\",\"target\":{\"@type\":\"EntryPoint\",\"urlTemplate\":\"https:\/\/www.barnaclinic.com\/blog\/?s={search_term_string}\"},\"query-input\":\"required name=search_term_string\"}],\"inLanguage\":\"es\"},{\"@type\":\"Person\",\"@id\":\"https:\/\/www.barnaclinic.com\/blog\/#\/schema\/person\/062c0219c54bbf07163f34494da33e17\",\"name\":\"barnacl\u00ednic+\",\"url\":\"https:\/\/www.barnaclinic.com\/blog\/blog\/author\/alex\/\"}]}<\/script>\n<!-- \/ Yoast SEO plugin. -->","yoast_head_json":{"title":"Tres profesionales de barnacl\u00ednic+ entre los mejores m\u00e9dicos de Espa\u00f1a 2024","description":"En la edici\u00f3n 2024 de los Premios al Liderazgo Reputacional, tres profesionales de barnacl\u00ednic+ entre los mejores m\u00e9dicos de Espa\u00f1a en 2024","robots":{"index":"index","follow":"follow","max-snippet":"max-snippet:-1","max-image-preview":"max-image-preview:large","max-video-preview":"max-video-preview:-1"},"canonical":"https:\/\/www.barnaclinic.com\/blog\/blog\/mejores-medicos-de-espana-2024\/","og_locale":"es_ES","og_type":"article","og_title":"Tres profesionales de barnacl\u00ednic+ entre los mejores m\u00e9dicos de Espa\u00f1a 2024","og_description":"En la edici\u00f3n 2024 de los Premios al Liderazgo Reputacional, tres profesionales de barnacl\u00ednic+ entre los mejores m\u00e9dicos de Espa\u00f1a en 2024","og_url":"https:\/\/www.barnaclinic.com\/blog\/blog\/mejores-medicos-de-espana-2024\/","og_site_name":"Blog barnacl\u00ednic+","article_published_time":"2024-11-19T13:51:30+00:00","article_modified_time":"2024-11-19T14:32:26+00:00","og_image":[{"width":800,"height":450,"url":"https:\/\/www.barnaclinic.com\/blog\/wp-content\/uploads\/2024\/11\/mejores-medicos-espana-2024.jpg","type":"image\/jpeg"}],"author":"barnacl\u00ednic+","twitter_misc":{"Escrito por":"barnacl\u00ednic+","Tiempo de lectura":"5 minutos"},"schema":{"@context":"https:\/\/schema.org","@graph":[{"@type":"WebPage","@id":"https:\/\/www.barnaclinic.com\/blog\/blog\/mejores-medicos-de-espana-2024\/","url":"https:\/\/www.barnaclinic.com\/blog\/blog\/mejores-medicos-de-espana-2024\/","name":"Tres profesionales de barnacl\u00ednic+ entre los mejores m\u00e9dicos de Espa\u00f1a 2024","isPartOf":{"@id":"https:\/\/www.barnaclinic.com\/blog\/#website"},"datePublished":"2024-11-19T13:51:30+00:00","dateModified":"2024-11-19T14:32:26+00:00","author":{"@id":"https:\/\/www.barnaclinic.com\/blog\/#\/schema\/person\/062c0219c54bbf07163f34494da33e17"},"description":"En la edici\u00f3n 2024 de los Premios al Liderazgo Reputacional, tres profesionales de barnacl\u00ednic+ entre los mejores m\u00e9dicos de Espa\u00f1a en 2024","inLanguage":"es","potentialAction":[{"@type":"ReadAction","target":["https:\/\/www.barnaclinic.com\/blog\/blog\/mejores-medicos-de-espana-2024\/"]}]},{"@type":"WebSite","@id":"https:\/\/www.barnaclinic.com\/blog\/#website","url":"https:\/\/www.barnaclinic.com\/blog\/","name":"Blog barnacl\u00ednic+","description":"Informaci\u00f3n y novedades sobre los servicios y profesionales de barnacl\u00ednic+, Hospital Cl\u00ednic de Barcelona","potentialAction":[{"@type":"SearchAction","target":{"@type":"EntryPoint","urlTemplate":"https:\/\/www.barnaclinic.com\/blog\/?s={search_term_string}"},"query-input":"required name=search_term_string"}],"inLanguage":"es"},{"@type":"Person","@id":"https:\/\/www.barnaclinic.com\/blog\/#\/schema\/person\/062c0219c54bbf07163f34494da33e17","name":"barnacl\u00ednic+","url":"https:\/\/www.barnaclinic.com\/blog\/blog\/author\/alex\/"}]}},"_links":{"self":[{"href":"https:\/\/www.barnaclinic.com\/blog\/wp-json\/wp\/v2\/posts\/4997","targetHints":{"allow":["GET"]}}],"collection":[{"href":"https:\/\/www.barnaclinic.com\/blog\/wp-json\/wp\/v2\/posts"}],"about":[{"href":"https:\/\/www.barnaclinic.com\/blog\/wp-json\/wp\/v2\/types\/post"}],"author":[{"embeddable":true,"href":"https:\/\/www.barnaclinic.com\/blog\/wp-json\/wp\/v2\/users\/2"}],"replies":[{"embeddable":true,"href":"https:\/\/www.barnaclinic.com\/blog\/wp-json\/wp\/v2\/comments?post=4997"}],"version-history":[{"count":16,"href":"https:\/\/www.barnaclinic.com\/blog\/wp-json\/wp\/v2\/posts\/4997\/revisions"}],"predecessor-version":[{"id":5019,"href":"https:\/\/www.barnaclinic.com\/blog\/wp-json\/wp\/v2\/posts\/4997\/revisions\/5019"}],"wp:featuredmedia":[{"embeddable":true,"href":"https:\/\/www.barnaclinic.com\/blog\/wp-json\/wp\/v2\/media\/5011"}],"wp:attachment":[{"href":"https:\/\/www.barnaclinic.com\/blog\/wp-json\/wp\/v2\/media?parent=4997"}],"wp:term":[{"taxonomy":"category","embeddable":true,"href":"https:\/\/www.barnaclinic.com\/blog\/wp-json\/wp\/v2\/categories?post=4997"},{"taxonomy":"post_tag","embeddable":true,"href":"https:\/\/www.barnaclinic.com\/blog\/wp-json\/wp\/v2\/tags?post=4997"}],"curies":[{"name":"wp","href":"https:\/\/api.w.org\/{rel}","templated":true}]}}