{"id":4516,"date":"2024-03-04T17:12:05","date_gmt":"2024-03-04T17:12:05","guid":{"rendered":"https:\/\/www.barnaclinic.com\/blog\/?p=4516"},"modified":"2024-03-04T18:12:19","modified_gmt":"2024-03-04T18:12:19","slug":"odontologia-barnaclinic","status":"publish","type":"post","link":"https:\/\/www.barnaclinic.com\/blog\/blog\/odontologia-barnaclinic\/","title":{"rendered":"Odontolog\u00eda barnacl\u00ednic+ reinaugura su cl\u00ednica dental con instalaciones de \u00faltima generaci\u00f3n"},"content":{"rendered":"<p><span data-contrast=\"none\">El pasado 28 de febrero, tuvo lugar la reinauguraci\u00f3n de <a href=\"https:\/\/odontologiabarnaclinic.es\/\"><strong>Odontolog\u00eda barnacl\u00ednic+<\/strong><\/a>. Esta cl\u00ednica dental, reconocida por su <strong>excelencia en el cuidado bucodental<\/strong>, est\u00e1 en el coraz\u00f3n del Eixample, ha experimentado una transformaci\u00f3n completa para ofrecer a sus pacientes una mejor experiencia y mejores resultados.\u202f<\/span><span data-ccp-props=\"{&quot;335551550&quot;:6,&quot;335551620&quot;:6}\">\u00a0<\/span><\/p>\n<p><!--more--><\/p>\n<h2><b><span data-contrast=\"auto\">\u00bfC\u00f3mo es la nueva cl\u00ednica dental de Odontolog\u00eda barnacl\u00ednic+?<\/span><\/b><span data-ccp-props=\"{&quot;335551550&quot;:6,&quot;335551620&quot;:6}\">\u00a0<\/span><\/h2>\n<p><span data-contrast=\"auto\">Se ha realizado un gran esfuerzo para conseguir una remodelaci\u00f3n integral de las instalaciones destinado a mejorar tanto la funcionalidad como la est\u00e9tica. Se han <strong>modificado los espacios para mejorar los flujos de trabajo<\/strong>, se ha incorporado<strong> tecnolog\u00eda punta<\/strong> y se han realizado <strong>mejoras significativas en todas las \u00e1reas<\/strong>. Consta de <strong>seis boxes completamente renovados<\/strong> y un <strong>s\u00e9ptimo \u00abBox plus\u00bb<\/strong>, equipado con la \u00faltima tecnolog\u00eda, en el que destaca un sill\u00f3n de mayores dimensiones y m\u00e1s c\u00f3modo que permite el acceso a la boca del paciente desde todos los \u00e1ngulos, incorpora un carro m\u00f3vil de instrumental y micromotores y una luz cenital quir\u00fargica que lo hacen especialmente dise\u00f1ado para la realizaci\u00f3n de cirug\u00eda de implantes y maxilo-facial en r\u00e9gimen ambulatorio. Adem\u00e1s, para maximizar la seguridad y la higiene, se ha creado una <strong>nueva \u00e1rea de esterilizaci\u00f3n en el centro de la cl\u00ednica<\/strong> con acceso directo a los boxes.<\/span><span data-ccp-props=\"{&quot;335551550&quot;:6,&quot;335551620&quot;:6}\">\u00a0<\/span><\/p>\n<p><span data-contrast=\"auto\">Pero las mejoras no se detienen ah\u00ed. La cl\u00ednica ahora cuenta con <strong>dos amplias salas de espera renovadas<\/strong>, que ofrecen un ambiente acogedor y c\u00f3modo para los pacientes. Adem\u00e1s, se ha optimizado el dise\u00f1o de los espacios para garantizar una experiencia m\u00e1s agradable en toda la cl\u00ednica.<\/span><span data-ccp-props=\"{&quot;335551550&quot;:6,&quot;335551620&quot;:6}\">\u00a0<\/span><span data-ccp-props=\"{&quot;335551550&quot;:6,&quot;335551620&quot;:6}\">\u00a0<\/span><\/p>\n<blockquote>\n<h4><span data-contrast=\"auto\">Se han realizado <strong>mejoras significativas en todas las \u00e1reas de la cl\u00ednica dental: seis boxes renovados, un nuevo \u00abbox plus\u00bb con tecnolog\u00eda punta, nueva \u00e1rea de esterilizaci\u00f3n y dos amplias salas de espera renovadas<\/strong><\/span><\/h4>\n<\/blockquote>\n<h2><b><span data-contrast=\"auto\">Una nueva imagen para Odontolog\u00eda barnacl\u00ednic+<\/span><\/b><span data-ccp-props=\"{&quot;335551550&quot;:6,&quot;335551620&quot;:6}\">\u00a0<\/span><\/h2>\n<p><span data-contrast=\"auto\">Por otro lado, <a href=\"https:\/\/odontologiabarnaclinic.es\/\"><strong>Odontolog\u00eda barnacl\u00ednic+<\/strong><\/a> ha presentado una <strong>nueva imagen e identidad corporativa<\/strong>, reflejando su <strong>compromiso con la innovaci\u00f3n y la excelencia en el cuidado dental<\/strong>. Esta renovaci\u00f3n tambi\u00e9n incluye el lanzamiento de <a href=\"https:\/\/www.instagram.com\/odontologiabarnaclinic\/\">nuevos entornos digitales<\/a> pensados para acercarse a los pacientes, comunicar con ellos y brindarles un acceso f\u00e1cil a informaci\u00f3n detallada sobre la cl\u00ednica y sus servicios y profesionales.<\/span><span data-ccp-props=\"{&quot;335551550&quot;:6,&quot;335551620&quot;:6}\">\u00a0<\/span><span data-ccp-props=\"{&quot;335551550&quot;:6,&quot;335551620&quot;:6}\">\u00a0<\/span><\/p>\n<p><span data-contrast=\"auto\">El nuevo eslogan <strong><em>\u00abQueremos hacerte sonre\u00edr\u00bb<\/em><\/strong> encapsula la misi\u00f3n de <a href=\"https:\/\/odontologiabarnaclinic.es\/\"><strong>Odontolog\u00eda barnacl\u00ednic+<\/strong><\/a> para proporcionar un cuidado excepcional que no solo asegure la salud bucodental, sino que tambi\u00e9n fomente la confianza y la satisfacci\u00f3n de los pacientes. <\/span><span data-ccp-props=\"{&quot;335551550&quot;:6,&quot;335551620&quot;:6}\">\u00a0<\/span><\/p>\n<h2><b><span data-contrast=\"auto\">La cl\u00ednica dental del Cl\u00ednic Barcelona<\/span><\/b><span data-ccp-props=\"{&quot;335551550&quot;:6,&quot;335551620&quot;:6}\">\u00a0<\/span><\/h2>\n<p><span data-contrast=\"auto\">La inauguraci\u00f3n de la nueva <a href=\"https:\/\/odontologiabarnaclinic.es\/\"><strong>Odontolog\u00eda barnacl\u00ednic+<\/strong><\/a> cont\u00f3 con la presencia de todo el personal de la cl\u00ednica dental, as\u00ed como con la participaci\u00f3n del Consejo de Direcci\u00f3n completo de barnacl\u00ednic+. Adem\u00e1s, <strong>asistieron destacadas personalidades del <a href=\"https:\/\/www.clinicbarcelona.org\/\">Cl\u00ednic Barcelona<\/a><\/strong>, incluyendo al Director General, el Dr. <strong>Josep M. Campistol<\/strong>; al Director Asistencial, el Dr. <strong>Antoni Castells<\/strong>; la Directora M\u00e9dica, la Dra <strong>Raquel S\u00e1nchez Valle<\/strong> y a la Directora de enfermer\u00eda, la Sra. <strong>Gemma Mart\u00ednez<\/strong>. Visitaron las instalaciones, destacando el resultado est\u00e9tico y funcional, y pudieron comprobar de primera mano c\u00f3mo los <strong>espacios est\u00e1n pensados para ofrecer la mejor asistencia<\/strong>: el m\u00e1ximo confort, con la mayor seguridad y los mejores resultados. <\/span><span data-ccp-props=\"{&quot;335551550&quot;:6,&quot;335551620&quot;:6}\">\u00a0<\/span><span data-ccp-props=\"{&quot;335551550&quot;:6,&quot;335551620&quot;:6}\">\u00a0<\/span><\/p>\n<div id=\"estoy-interesado\" class=\"destacat-site\">\n<h4 style=\"padding-left: 15px; padding-right: 15px;\" align=\"CENTER\"><span style=\"color: white;\">\u00bfERES TRABAJADOR\/A DEL CL\u00cdNIC Y QUIERES VER LAS OFERTAS Y DESCUENTOS QUE ODONTOLOG\u00cdA BARNACL\u00cdNIC+ TIENE PARA TI?<\/span><\/h4>\n<p class=\"boto\" style=\"padding-left: 30px; padding-right: 20px;\" align=\"center\"><a class=\"button button--cita\" href=\"https:\/\/hospitalclinicdebarcelona.sharepoint.com\/sites\/BCLOfertes\" target=\"_blank\" rel=\"noopener noreferrer\">ME INTERESA<\/a><\/p>\n<\/div>\n<h2><b><span data-contrast=\"auto\">Experiencia, atenci\u00f3n personalizada e integral, en las mejores instalaciones<\/span><\/b><span data-ccp-props=\"{&quot;335551550&quot;:6,&quot;335551620&quot;:6}\">\u00a0<\/span><span data-ccp-props=\"{&quot;335551550&quot;:6,&quot;335551620&quot;:6}\">\u00a0<\/span><\/h2>\n<p><span data-contrast=\"auto\">Adem\u00e1s de las innovaciones f\u00edsicas, la cl\u00ednica se distingue por la experiencia de sus profesionales y una atenci\u00f3n personalizada y cercana, centrada en el paciente. Ser la Cl\u00ednica Dental del <strong><a href=\"https:\/\/www.clinicbarcelona.org\/\">Cl\u00ednic Barcelona<\/a><\/strong>, permite poner a disposici\u00f3n de los pacientes <a href=\"https:\/\/www.barnaclinic.com\/es\/cuadro-medico\/\">todos los servicios y el cuadro m\u00e9dico de barnacl\u00ednic+<\/a>. Atenci\u00f3n integral y hol\u00edstica, no solo en salud bucodental, sino en todos los aspectos relacionados con la salud.<\/span><span data-ccp-props=\"{&quot;335551550&quot;:6,&quot;335551620&quot;:6}\">\u00a0<\/span><\/p>\n<hr \/>\n<div id=\"estoy-interesado\" class=\"destacat-site\">\n<h3 style=\"padding-left: 15px; padding-right: 15px;\" align=\"CENTER\"><span style=\"color: white;\">\u00bfQUIERES CONTACTAR CON ODONTOLOG\u00cdA BARNACL\u00cdNIC+?<\/span><\/h3>\n<p class=\"boto\" style=\"padding-left: 30px; padding-right: 20px;\" align=\"center\"><a class=\"button button--cita\" href=\"https:\/\/www.barnaclinic.com\/es\/solicitar-cita\/?especialidad=35\" target=\"_blank\" rel=\"noopener noreferrer\">PEDIR CITA PRESENCIAL<\/a> |\u00a0<a class=\"button button--televisita\" href=\"https:\/\/www.barnaclinic.com\/es\/solicitar-televisita\/?especialidad=35\" target=\"_blank\" rel=\"noopener noreferrer\">SOLICITAR TELEVISITA<\/a><\/p>\n<\/div>\n","protected":false},"excerpt":{"rendered":"<p>El pasado 28 de febrero, tuvo lugar la reinauguraci\u00f3n de Odontolog\u00eda barnacl\u00ednic+. Esta cl\u00ednica dental, reconocida por su excelencia en el cuidado bucodental, est\u00e1 en el coraz\u00f3n del Eixample, ha experimentado una transformaci\u00f3n completa para ofrecer a sus pacientes una mejor experiencia y mejores resultados.\u202f\u00a0<\/p>\n","protected":false},"author":2,"featured_media":4526,"comment_status":"open","ping_status":"closed","sticky":false,"template":"","format":"standard","meta":{"footnotes":""},"categories":[566,5,1460,229,2028],"tags":[2032,621,2029,2034,2030,2031,2033],"class_list":["post-4516","post","type-post","status-publish","format-standard","has-post-thumbnail","hentry","category-grupo-hospital-clinic-de-barcelona","category-info-barnaclinic","category-memoria-b","category-nuestras-instalaciones","category-odontologia-barnaclinic","tag-dentista-barnaclinic","tag-odontologia","tag-odontologia-barnaclinic","tag-odontologia-clinic","tag-salud-dental","tag-salud-dental-barnaclinic","tag-salud-dental-clinic"],"yoast_head":"<!-- This site is optimized with the Yoast SEO plugin v19.14 - https:\/\/yoast.com\/wordpress\/plugins\/seo\/ -->\n<title>Odontolog\u00eda barnacl\u00ednic+ reinaugura su cl\u00ednica dental en Barcelona<\/title>\n<meta name=\"description\" content=\"Odontolog\u00eda barnacl\u00ednic+ transformado completamente su cl\u00ednica dental para ofrecer a sus pacientes una mejor experiencia y mejores resultados.\u202f\u00a0\" \/>\n<meta name=\"robots\" content=\"index, follow, max-snippet:-1, max-image-preview:large, max-video-preview:-1\" \/>\n<link rel=\"canonical\" href=\"https:\/\/www.barnaclinic.com\/blog\/blog\/odontologia-barnaclinic\/\" \/>\n<meta property=\"og:locale\" content=\"es_ES\" \/>\n<meta property=\"og:type\" content=\"article\" \/>\n<meta property=\"og:title\" content=\"Odontolog\u00eda barnacl\u00ednic+ reinaugura su cl\u00ednica dental en Barcelona\" \/>\n<meta property=\"og:description\" content=\"Odontolog\u00eda barnacl\u00ednic+ transformado completamente su cl\u00ednica dental para ofrecer a sus pacientes una mejor experiencia y mejores resultados.\u202f\u00a0\" \/>\n<meta property=\"og:url\" content=\"https:\/\/www.barnaclinic.com\/blog\/blog\/odontologia-barnaclinic\/\" \/>\n<meta property=\"og:site_name\" content=\"Blog barnacl\u00ednic+\" \/>\n<meta property=\"article:published_time\" content=\"2024-03-04T17:12:05+00:00\" \/>\n<meta property=\"article:modified_time\" content=\"2024-03-04T18:12:19+00:00\" \/>\n<meta property=\"og:image\" content=\"https:\/\/www.barnaclinic.com\/blog\/wp-content\/uploads\/2024\/03\/Odontologia-Salud-Dental-barnaclinic.png\" \/>\n\t<meta property=\"og:image:width\" content=\"800\" \/>\n\t<meta property=\"og:image:height\" content=\"450\" \/>\n\t<meta property=\"og:image:type\" content=\"image\/png\" \/>\n<meta name=\"author\" content=\"barnacl\u00ednic+\" \/>\n<meta name=\"twitter:label1\" content=\"Escrito por\" \/>\n\t<meta name=\"twitter:data1\" content=\"barnacl\u00ednic+\" \/>\n\t<meta name=\"twitter:label2\" content=\"Tiempo de lectura\" \/>\n\t<meta name=\"twitter:data2\" content=\"3 minutos\" \/>\n<script type=\"application\/ld+json\" class=\"yoast-schema-graph\">{\"@context\":\"https:\/\/schema.org\",\"@graph\":[{\"@type\":\"WebPage\",\"@id\":\"https:\/\/www.barnaclinic.com\/blog\/blog\/odontologia-barnaclinic\/\",\"url\":\"https:\/\/www.barnaclinic.com\/blog\/blog\/odontologia-barnaclinic\/\",\"name\":\"Odontolog\u00eda barnacl\u00ednic+ reinaugura su cl\u00ednica dental en Barcelona\",\"isPartOf\":{\"@id\":\"https:\/\/www.barnaclinic.com\/blog\/#website\"},\"datePublished\":\"2024-03-04T17:12:05+00:00\",\"dateModified\":\"2024-03-04T18:12:19+00:00\",\"author\":{\"@id\":\"https:\/\/www.barnaclinic.com\/blog\/#\/schema\/person\/062c0219c54bbf07163f34494da33e17\"},\"description\":\"Odontolog\u00eda barnacl\u00ednic+ transformado completamente su cl\u00ednica dental para ofrecer a sus pacientes una mejor experiencia y mejores resultados.\u202f\u00a0\",\"inLanguage\":\"es\",\"potentialAction\":[{\"@type\":\"ReadAction\",\"target\":[\"https:\/\/www.barnaclinic.com\/blog\/blog\/odontologia-barnaclinic\/\"]}]},{\"@type\":\"WebSite\",\"@id\":\"https:\/\/www.barnaclinic.com\/blog\/#website\",\"url\":\"https:\/\/www.barnaclinic.com\/blog\/\",\"name\":\"Blog barnacl\u00ednic+\",\"description\":\"Informaci\u00f3n y novedades sobre los servicios y profesionales de barnacl\u00ednic+, Hospital Cl\u00ednic de Barcelona\",\"potentialAction\":[{\"@type\":\"SearchAction\",\"target\":{\"@type\":\"EntryPoint\",\"urlTemplate\":\"https:\/\/www.barnaclinic.com\/blog\/?s={search_term_string}\"},\"query-input\":\"required name=search_term_string\"}],\"inLanguage\":\"es\"},{\"@type\":\"Person\",\"@id\":\"https:\/\/www.barnaclinic.com\/blog\/#\/schema\/person\/062c0219c54bbf07163f34494da33e17\",\"name\":\"barnacl\u00ednic+\",\"url\":\"https:\/\/www.barnaclinic.com\/blog\/blog\/author\/alex\/\"}]}<\/script>\n<!-- \/ Yoast SEO plugin. -->","yoast_head_json":{"title":"Odontolog\u00eda barnacl\u00ednic+ reinaugura su cl\u00ednica dental en Barcelona","description":"Odontolog\u00eda barnacl\u00ednic+ transformado completamente su cl\u00ednica dental para ofrecer a sus pacientes una mejor experiencia y mejores resultados.\u202f\u00a0","robots":{"index":"index","follow":"follow","max-snippet":"max-snippet:-1","max-image-preview":"max-image-preview:large","max-video-preview":"max-video-preview:-1"},"canonical":"https:\/\/www.barnaclinic.com\/blog\/blog\/odontologia-barnaclinic\/","og_locale":"es_ES","og_type":"article","og_title":"Odontolog\u00eda barnacl\u00ednic+ reinaugura su cl\u00ednica dental en Barcelona","og_description":"Odontolog\u00eda barnacl\u00ednic+ transformado completamente su cl\u00ednica dental para ofrecer a sus pacientes una mejor experiencia y mejores resultados.\u202f\u00a0","og_url":"https:\/\/www.barnaclinic.com\/blog\/blog\/odontologia-barnaclinic\/","og_site_name":"Blog barnacl\u00ednic+","article_published_time":"2024-03-04T17:12:05+00:00","article_modified_time":"2024-03-04T18:12:19+00:00","og_image":[{"width":800,"height":450,"url":"https:\/\/www.barnaclinic.com\/blog\/wp-content\/uploads\/2024\/03\/Odontologia-Salud-Dental-barnaclinic.png","type":"image\/png"}],"author":"barnacl\u00ednic+","twitter_misc":{"Escrito por":"barnacl\u00ednic+","Tiempo de lectura":"3 minutos"},"schema":{"@context":"https:\/\/schema.org","@graph":[{"@type":"WebPage","@id":"https:\/\/www.barnaclinic.com\/blog\/blog\/odontologia-barnaclinic\/","url":"https:\/\/www.barnaclinic.com\/blog\/blog\/odontologia-barnaclinic\/","name":"Odontolog\u00eda barnacl\u00ednic+ reinaugura su cl\u00ednica dental en Barcelona","isPartOf":{"@id":"https:\/\/www.barnaclinic.com\/blog\/#website"},"datePublished":"2024-03-04T17:12:05+00:00","dateModified":"2024-03-04T18:12:19+00:00","author":{"@id":"https:\/\/www.barnaclinic.com\/blog\/#\/schema\/person\/062c0219c54bbf07163f34494da33e17"},"description":"Odontolog\u00eda barnacl\u00ednic+ transformado completamente su cl\u00ednica dental para ofrecer a sus pacientes una mejor experiencia y mejores resultados.\u202f\u00a0","inLanguage":"es","potentialAction":[{"@type":"ReadAction","target":["https:\/\/www.barnaclinic.com\/blog\/blog\/odontologia-barnaclinic\/"]}]},{"@type":"WebSite","@id":"https:\/\/www.barnaclinic.com\/blog\/#website","url":"https:\/\/www.barnaclinic.com\/blog\/","name":"Blog barnacl\u00ednic+","description":"Informaci\u00f3n y novedades sobre los servicios y profesionales de barnacl\u00ednic+, Hospital Cl\u00ednic de Barcelona","potentialAction":[{"@type":"SearchAction","target":{"@type":"EntryPoint","urlTemplate":"https:\/\/www.barnaclinic.com\/blog\/?s={search_term_string}"},"query-input":"required name=search_term_string"}],"inLanguage":"es"},{"@type":"Person","@id":"https:\/\/www.barnaclinic.com\/blog\/#\/schema\/person\/062c0219c54bbf07163f34494da33e17","name":"barnacl\u00ednic+","url":"https:\/\/www.barnaclinic.com\/blog\/blog\/author\/alex\/"}]}},"_links":{"self":[{"href":"https:\/\/www.barnaclinic.com\/blog\/wp-json\/wp\/v2\/posts\/4516","targetHints":{"allow":["GET"]}}],"collection":[{"href":"https:\/\/www.barnaclinic.com\/blog\/wp-json\/wp\/v2\/posts"}],"about":[{"href":"https:\/\/www.barnaclinic.com\/blog\/wp-json\/wp\/v2\/types\/post"}],"author":[{"embeddable":true,"href":"https:\/\/www.barnaclinic.com\/blog\/wp-json\/wp\/v2\/users\/2"}],"replies":[{"embeddable":true,"href":"https:\/\/www.barnaclinic.com\/blog\/wp-json\/wp\/v2\/comments?post=4516"}],"version-history":[{"count":4,"href":"https:\/\/www.barnaclinic.com\/blog\/wp-json\/wp\/v2\/posts\/4516\/revisions"}],"predecessor-version":[{"id":4539,"href":"https:\/\/www.barnaclinic.com\/blog\/wp-json\/wp\/v2\/posts\/4516\/revisions\/4539"}],"wp:featuredmedia":[{"embeddable":true,"href":"https:\/\/www.barnaclinic.com\/blog\/wp-json\/wp\/v2\/media\/4526"}],"wp:attachment":[{"href":"https:\/\/www.barnaclinic.com\/blog\/wp-json\/wp\/v2\/media?parent=4516"}],"wp:term":[{"taxonomy":"category","embeddable":true,"href":"https:\/\/www.barnaclinic.com\/blog\/wp-json\/wp\/v2\/categories?post=4516"},{"taxonomy":"post_tag","embeddable":true,"href":"https:\/\/www.barnaclinic.com\/blog\/wp-json\/wp\/v2\/tags?post=4516"}],"curies":[{"name":"wp","href":"https:\/\/api.w.org\/{rel}","templated":true}]}}