{"id":4310,"date":"2023-07-21T10:13:06","date_gmt":"2023-07-21T10:13:06","guid":{"rendered":"https:\/\/www.barnaclinic.com\/blog\/?p=4310"},"modified":"2025-04-15T14:41:45","modified_gmt":"2025-04-15T14:41:45","slug":"estimulacion-cerebral-profunda-para-esquizofrenia-trastorno-bipolar","status":"publish","type":"post","link":"https:\/\/www.barnaclinic.com\/blog\/blog\/estimulacion-cerebral-profunda-para-esquizofrenia-trastorno-bipolar\/","title":{"rendered":"Un estudio demuestra la utilidad de la estimulaci\u00f3n cerebral profunda para el tratamiento de la esquizofrenia y el trastorno bipolar"},"content":{"rendered":"<p>Un art\u00edculo que ha sido publicado recientemente en el <em>Journal of Psychiatry and Mental Health<\/em>,<a href=\"#_edn1\" name=\"_ednref1\">[1]<\/a> en el cual han participado diversos <a href=\"https:\/\/www.barnaclinic.com\/es\/cuadro-medico\/\">profesionales de barnacl\u00ednic+<\/a>, ha demostrado que la <a href=\"https:\/\/www.barnaclinic.com\/es\/neurocirugia\/estimulacion-cerebral-profunda\/\"><strong>estimulaci\u00f3n cerebral profunda<\/strong><\/a>, un procedimiento quir\u00fargico que implica la colocaci\u00f3n de un dispositivo llamado neuroestimulador que env\u00eda impulsos el\u00e9ctricos a zonas espec\u00edficas del cerebro, puede ser una alternativa segura y eficaz para los casos complejos de pacientes con <strong>esquizofrenia<\/strong> y <strong>trastorno bipolar<\/strong> que no responden a las terapias habituales.<\/p>\n<p><!--more--><\/p>\n<p>Este tipo de procedimiento se viene usando en todo el mundo para tratar diferentes patolog\u00edas cerebrales, principalmente para <a href=\"https:\/\/www.barnaclinic.com\/es\/neurologia\/epilepsia\/\">epilepsia<\/a> y <a href=\"https:\/\/www.barnaclinic.com\/es\/trastornos-del-movimiento\/\">trastornos del movimiento<\/a>, como la <a href=\"https:\/\/www.barnaclinic.com\/blog\/neurocirugia\/estimulacion-cerebral-profunda-parkinson-avanzada\/\">enfermedad de Parkinson<\/a>. De hecho, <a href=\"https:\/\/www.barnaclinic.com\/blog\/blog\/neurocirugia-funcional-20-anos\/\">el Hospital Cl\u00ednic cuenta desde hace m\u00e1s de 20 a\u00f1os con un programa de <strong>Neurocirug\u00eda Funcional<\/strong><\/a> donde se ha utilizado desde sus inicios esta t\u00e9cnica e investigado sobre su eficacia. La experiencia obtenida a trav\u00e9s de este programa hizo plantear la posibilidad de que los <strong>pacientes con depresi\u00f3n o trastornos obsesivo-compulsivos<\/strong>, que no responden a tratamientos, tambi\u00e9n se pod\u00edan beneficiar de la <strong>estimulaci\u00f3n cerebral profunda<\/strong>.<\/p>\n<div id=\"estoy-interesado\" class=\"destacat-site\">\n<h4 style=\"padding-left: 30px;\">TE PUEDE INTERESAR\u2026<\/h4>\n<h4 style=\"padding-left: 30px;\">\u00b7 <a href=\"https:\/\/www.barnaclinic.com\/blog\/blog\/neurocirugia-funcional-20-anos\/\" target=\"_blank\" rel=\"noopener noreferrer\">Neurocirug\u00eda Funcional, 20 a\u00f1os y casi 1.000 intervenciones<br \/>\n<\/a><\/h4>\n<\/div>\n<hr \/>\n<div align=\"center\"><iframe loading=\"lazy\" title=\"YouTube video player\" src=\"https:\/\/www.youtube.com\/embed\/LREhhAmJoQA\" width=\"700\" height=\"394\" frameborder=\"0\" allowfullscreen=\"allowfullscreen\"><span data-mce-type=\"bookmark\" style=\"display: inline-block; width: 0px; overflow: hidden; line-height: 0;\" class=\"mce_SELRES_start\">\ufeff<\/span><\/iframe><\/div>\n<hr \/>\n<h2>Estimulaci\u00f3n cerebral profunda, para aquellos casos que no responden al tratamiento habitual<\/h2>\n<p>La importancia de este estudio radica adem\u00e1s en la necesidades no cubiertas de una buena parte de la poblaci\u00f3n. No hay que olvidar que cerca de un 30 % de las personas con esquizofrenia y de un 15 % de las que tienen un trastorno bipolar encajan en este perfil en el que no responden al tratamiento farmacol\u00f3gico habitual, y que actualmente no cuentan con alternativas que les ayuden a manejar su enfermedad. Por eso se puso en marcha un programa piloto para evaluar los <strong>efectos de la <a href=\"https:\/\/www.barnaclinic.com\/es\/neurocirugia\/estimulacion-cerebral-profunda\/\">estimulaci\u00f3n cerebral profunda<\/a><\/strong> como estrategia terap\u00e9utica. En el trabajo, liderado por <strong>Miquel Bioque<\/strong>, investigador acreditado del grupo IDIBAPS\u00a0<a href=\"https:\/\/www.clinicbarcelona.org\/idibaps\/areas-de-investigacion\/neurociencias-clinicas-y-experimentales\/esquizofrenia?_gl=1*8c0hjt*_up*MQ..*_ga*MTAxNDY1NDAyLjE2ODgzOTYwNDI.*_ga_R4X4292K2Y*MTY4ODM5NjA0Mi4xLjEuMTY4ODM5NjEwNy4wLjAuMA..\">Esquizofrenia<\/a>, dirigido por\u00a0<strong>Miguel Bernardo<\/strong>, han participado cuatro pacientes con esquizofrenia y trastorno bipolar resistentes al tratamiento y ha sido recientemente publicado por la <a href=\"https:\/\/www.elsevier.es\/es-revista-revista-psiquiatria-salud-mental--286-resumen-deep-brain-stimulation-and-digital-S1888989123000137\">Revista Espa\u00f1ola de Psiquiatr\u00eda y Salud Mental<\/a>,<\/p>\n<blockquote>\n<h4>Cerca de un 30 % de las personas con esquizofrenia y de un 15 % de las que tienen un trastorno bipolar no responden al tratamiento farmacol\u00f3gico habitual y actualmente no cuentan con alternativas<\/h4>\n<\/blockquote>\n<div align=\"center\"><iframe loading=\"lazy\" title=\"YouTube video player\" src=\"https:\/\/www.youtube.com\/embed\/X8_fZee45jg\" width=\"700\" height=\"394\" frameborder=\"0\" allowfullscreen=\"allowfullscreen\"><\/iframe><\/div>\n<h2><strong>Un estudio personalizado<\/strong><\/h2>\n<p>\u201cLos electrodos se colocaron en \u00e1reas del cerebro diferentes seg\u00fan los s\u00edntomas, afectivos o psic\u00f3ticos, que presentaba cada caso y su evoluci\u00f3n. Asimismo, las caracter\u00edsticas del est\u00edmulo el\u00e9ctrico tambi\u00e9n se adaptaron a cada paciente\u201d, se\u00f1ala el Dr. <a href=\"https:\/\/www.barnaclinic.com\/es\/cuadro-medico\/331\/eduard\" target=\"_blank\" rel=\"noopener\"><strong>Eduard Vieta<\/strong><\/a>, jefe del <a href=\"https:\/\/www.clinicbarcelona.org\/idibaps\/areas-de-investigacion\/neurociencias-clinicas-y-experimentales\/trastornos-bipolares-y-depresivos\">grupo IDIBAPS Trastornos bipolares y depresivos<\/a>, del Servicio de <a href=\"https:\/\/www.barnaclinic.com\/es\/trastornos-psiquiatricos-y-psicologicos-del-adulto\/\">Psiquiatr\u00eda y Psicolog\u00eda<\/a> del Cl\u00ednic Barcelona, profesional de barnacl\u00ednic+ y \u00faltimo firmante del art\u00edculo. Adem\u00e1s del Dr. Vieta, tambi\u00e9n participaron en el estudio el Dr. <a href=\"https:\/\/www.barnaclinic.com\/es\/cuadro-medico\/189\/jordi\"><strong>Jordi Rumia<\/strong><\/a>, neurocirujano que forma parte de la <a href=\"https:\/\/www.clinicbarcelona.org\/unidad\/parkinson-y-trastornos-del-movimiento\">Unidad de Parkinson y Trastornos del Movimiento (UPTM)<\/a> del Cl\u00ednic de Barcelona y de barnacl\u00ednic+, y el Dr. <a href=\"https:\/\/www.barnaclinic.com\/es\/cuadro-medico\/326\/pedro\"><strong>Pedro Rold\u00e1n<\/strong><\/a>, tambi\u00e9n neurocirujano del hospital Cl\u00ednic de Barcelona y de barnacl\u00ednic+.<\/p>\n<blockquote>\n<h4><img loading=\"lazy\" decoding=\"async\" class=\"alignleft wp-image-913\" src=\"http:\/\/www.barnaclinic.com\/blog\/wp-content\/uploads\/2017\/11\/eduard-vieta.jpg\" alt=\"Dr. Eduard Vieta\" width=\"107\" height=\"107\" srcset=\"https:\/\/www.barnaclinic.com\/blog\/wp-content\/uploads\/2017\/11\/eduard-vieta.jpg 180w, https:\/\/www.barnaclinic.com\/blog\/wp-content\/uploads\/2017\/11\/eduard-vieta-150x150.jpg 150w\" sizes=\"auto, (max-width: 107px) 100vw, 107px\" \/><\/h4>\n<h4>\u201cLos electrodos se colocaron en \u00e1reas del cerebro diferentes seg\u00fan los s\u00edntomas, afectivos o psic\u00f3ticos, que presentaba cada caso y su evoluci\u00f3n. Asimismo, las caracter\u00edsticas del est\u00edmulo el\u00e9ctrico tambi\u00e9n se adaptaron a cada paciente\u201d<\/h4>\n<p>Dr. <a href=\"https:\/\/www.barnaclinic.com\/es\/cuadro-medico\/331\/eduard\" target=\"_blank\" rel=\"noopener\"><strong>Eduard Vieta<\/strong><\/a>, jefe del <a href=\"https:\/\/www.clinicbarcelona.org\/idibaps\/areas-de-investigacion\/neurociencias-clinicas-y-experimentales\/trastornos-bipolares-y-depresivos\">grupo IDIBAPS Trastornos bipolares y depresivos<\/a>, del Servicio de <a href=\"https:\/\/www.barnaclinic.com\/es\/trastornos-psiquiatricos-y-psicologicos-del-adulto\/\">Psiquiatr\u00eda y Psicolog\u00eda<\/a> del Cl\u00ednic Barcelona, profesional de barnacl\u00ednic+<\/p><\/blockquote>\n<p>Adem\u00e1s de realizar un seguimiento psiqui\u00e1trico y quir\u00fargico intensivo durante un a\u00f1o para evaluar la eficacia y la seguridad de la <a href=\"https:\/\/www.barnaclinic.com\/es\/neurocirugia\/estimulacion-cerebral-profunda\/\"><strong>estimulaci\u00f3n cerebral profunda<\/strong><\/a>, los investigadores monitorizaron a los pacientes a trav\u00e9s de una aplicaci\u00f3n m\u00f3vil y un dispositivo port\u00e1til. La aplicaci\u00f3n recog\u00eda los s\u00edntomas del estado de \u00e1nimo, mientras que el dispositivo registraba la actividad f\u00edsica y los patrones del sue\u00f1o. Transcurrido este tiempo, se observ\u00f3 una respuesta terap\u00e9utica notable y estable en dos de los cuatro pacientes. El tercero mostr\u00f3 un alivio relevante de los s\u00edntomas cl\u00ednicos. En cambio, el cuarto no respondi\u00f3 significativamente. Por consiguiente, fue posible interrumpir las sesiones de <strong>terapia electroconvulsiva de mantenimiento<\/strong> en los tres casos con respuesta. Los buenos resultados tambi\u00e9n permitieron reducir parte del tratamiento farmacol\u00f3gico.<\/p>\n<p>Para los investigadores, el hallazgo constituye una evidencia inicial de que la t\u00e9cnica puede ser una alternativa eficaz y segura para <strong>tratar formas complejas y resistentes a los tratamientos de esquizofrenia y trastorno bipolar<\/strong>. \u00abEsto abre la puerta y da esperanza para un grupo de pacientes con esquizofrenia o trastorno bipolar especialmente complejos\u00bb, declara el Dr. Vieta. Sin embargo, el estudio presenta algunas limitaciones, como el n\u00famero reducido de pacientes incluidos, los distintos diagn\u00f3sticos de estos o la corta duraci\u00f3n del seguimiento, lo que requerir\u00e1 continuar con la l\u00ednea de investigaci\u00f3n.<\/p>\n<blockquote>\n<h4><img loading=\"lazy\" decoding=\"async\" class=\"alignleft wp-image-913\" src=\"http:\/\/www.barnaclinic.com\/blog\/wp-content\/uploads\/2017\/11\/eduard-vieta.jpg\" alt=\"Dr. Eduard Vieta\" width=\"107\" height=\"107\" srcset=\"https:\/\/www.barnaclinic.com\/blog\/wp-content\/uploads\/2017\/11\/eduard-vieta.jpg 180w, https:\/\/www.barnaclinic.com\/blog\/wp-content\/uploads\/2017\/11\/eduard-vieta-150x150.jpg 150w\" sizes=\"auto, (max-width: 107px) 100vw, 107px\" \/>\u00abEsto abre la puerta y da esperanza para un grupo de pacientes con esquizofrenia o trastorno bipolar especialmente complejos\u00bb<\/h4>\n<p>Dr. <a href=\"https:\/\/www.barnaclinic.com\/es\/cuadro-medico\/331\/eduard\" target=\"_blank\" rel=\"noopener\"><strong>Eduard Vieta<\/strong><\/a><\/p><\/blockquote>\n<hr \/>\n<p><span style=\"color: #808080;\"><a style=\"color: #808080;\" href=\"#_ednref1\" name=\"_edn1\">[1]<\/a> <small>Miquel Bioque, <a href=\"https:\/\/www.barnaclinic.com\/es\/cuadro-medico\/189\/jordi\">Jordi Rumi\u00e0<\/a>, <a href=\"https:\/\/www.barnaclinic.com\/es\/cuadro-medico\/326\/pedro\">Pedro Rold\u00e1n<\/a>, Diego Hidalgo Mazzei, Laura Montejo, Antonio Benabarre, Joaqu\u00edn Gil Badenes, Javier Tercero, Eduard Parellada, <a href=\"https:\/\/www.barnaclinic.com\/es\/cuadro-medico\/331\/eduard\">Eduard Vieta<\/a>. <em><a href=\"https:\/\/www.elsevier.es\/es-revista-revista-psiquiatria-salud-mental--286-resumen-deep-brain-stimulation-and-digital-S1888989123000137\">Deep brain stimulation and digital monitoring for patients with treatment-resistant schizophrenia and bipolar disorder: a case series<\/a><\/em>. Revista de Psiquiatr\u00eda y Salud Mental &#8211; Journal of Psychiatry and Mental Health. Online 26 June 2023. DOI: 10.1016\/j.rpsm.2023.05.001<\/small><\/span><\/p>\n<hr \/>\n<div id=\"cita\" class=\"destacat-site\">\n<h4 style=\"padding-left: 15px; padding-right: 15px;\" align=\"CENTER\"><span style=\"color: white;\">\u00bfQUIERES M\u00c1S INFORMACI\u00d3N SOBRE ESTA T\u00c9CNICA O DESEAS CONTACTAR CON NUESTROS PROFESIONALES?<\/span><\/h4>\n<p class=\"boto\" style=\"padding-left: 30px; padding-right: 20px;\" align=\"center\"><a class=\"button button--cita\" href=\"https:\/\/www.barnaclinic.com\/es\/solicitar-cita\/?especialidad=24\" target=\"_blank\" rel=\"noopener noreferrer\">PEDIR CITA PRESENCIAL<\/a> |\u00a0<a class=\"button button--televisita\" href=\"https:\/\/www.barnaclinic.com\/es\/solicitar-televisita\/?especialidad=24\" target=\"_blank\" rel=\"noopener noreferrer\">SOLICITAR TELEVISITA<\/a><\/p>\n<\/div>\n","protected":false},"excerpt":{"rendered":"<p>Un art\u00edculo que ha sido publicado recientemente en el Journal of Psychiatry and Mental Health,[1] en el cual han participado diversos profesionales de barnacl\u00ednic+, ha demostrado que la estimulaci\u00f3n cerebral profunda, un procedimiento quir\u00fargico que implica la colocaci\u00f3n de un dispositivo llamado neuroestimulador que env\u00eda impulsos el\u00e9ctricos a zonas espec\u00edficas del cerebro, puede ser una [&hellip;]<\/p>\n","protected":false},"author":2,"featured_media":4316,"comment_status":"open","ping_status":"closed","sticky":false,"template":"","format":"standard","meta":{"footnotes":""},"categories":[566,1185,183,409,377,301],"tags":[1623,1190,844,845,581,1724,1900,1899,577,276,37,843,849,309,310,421],"class_list":["post-4310","post","type-post","status-publish","format-standard","has-post-thumbnail","hentry","category-grupo-hospital-clinic-de-barcelona","category-investigacion","category-neurocirugia","category-nuestros-servicios","category-psicologia","category-psiquiatria","tag-ciencia-e-investigacion","tag-dr-eduard-vieta","tag-dr-jordi-rumia","tag-dr-pedro-roldan","tag-eduard-vieta","tag-electroestumulacion-cerebral-profunda","tag-esquizofrenia","tag-estimulacion-cerebral-profunda","tag-idibaps","tag-investigacion","tag-neurocirugia","tag-neurocirugia-funcional","tag-programa-de-neurocirugia-funcional","tag-psicologia","tag-psiquiatria","tag-trastorno-bipolar"],"yoast_head":"<!-- This site is optimized with the Yoast SEO plugin v19.14 - https:\/\/yoast.com\/wordpress\/plugins\/seo\/ -->\n<title>Estimulaci\u00f3n cerebral profunda para la esquizofrenia y el trastorno bipolar<\/title>\n<meta name=\"description\" content=\"Un estudio demuestra la utilidad de la estimulaci\u00f3n cerebral profunda para el tratamiento de la esquizofrenia y el trastorno bipolar...\" \/>\n<meta name=\"robots\" content=\"index, follow, max-snippet:-1, max-image-preview:large, max-video-preview:-1\" \/>\n<link rel=\"canonical\" href=\"https:\/\/www.barnaclinic.com\/blog\/blog\/estimulacion-cerebral-profunda-para-esquizofrenia-trastorno-bipolar\/\" \/>\n<meta property=\"og:locale\" content=\"es_ES\" \/>\n<meta property=\"og:type\" content=\"article\" \/>\n<meta property=\"og:title\" content=\"Estimulaci\u00f3n cerebral profunda para la esquizofrenia y el trastorno bipolar\" \/>\n<meta property=\"og:description\" content=\"Un estudio demuestra la utilidad de la estimulaci\u00f3n cerebral profunda para el tratamiento de la esquizofrenia y el trastorno bipolar...\" \/>\n<meta property=\"og:url\" content=\"https:\/\/www.barnaclinic.com\/blog\/blog\/estimulacion-cerebral-profunda-para-esquizofrenia-trastorno-bipolar\/\" \/>\n<meta property=\"og:site_name\" content=\"Blog barnacl\u00ednic+\" \/>\n<meta property=\"article:published_time\" content=\"2023-07-21T10:13:06+00:00\" \/>\n<meta property=\"article:modified_time\" content=\"2025-04-15T14:41:45+00:00\" \/>\n<meta property=\"og:image\" content=\"https:\/\/www.barnaclinic.com\/blog\/wp-content\/uploads\/2023\/07\/electroestimulacion-cerebral-profunda-trastorno-bipolar.jpg\" \/>\n\t<meta property=\"og:image:width\" content=\"800\" \/>\n\t<meta property=\"og:image:height\" content=\"450\" \/>\n\t<meta property=\"og:image:type\" content=\"image\/jpeg\" \/>\n<meta name=\"author\" content=\"barnacl\u00ednic+\" \/>\n<meta name=\"twitter:label1\" content=\"Escrito por\" \/>\n\t<meta name=\"twitter:data1\" content=\"barnacl\u00ednic+\" \/>\n\t<meta name=\"twitter:label2\" content=\"Tiempo de lectura\" \/>\n\t<meta name=\"twitter:data2\" content=\"5 minutos\" \/>\n<script type=\"application\/ld+json\" class=\"yoast-schema-graph\">{\"@context\":\"https:\/\/schema.org\",\"@graph\":[{\"@type\":\"WebPage\",\"@id\":\"https:\/\/www.barnaclinic.com\/blog\/blog\/estimulacion-cerebral-profunda-para-esquizofrenia-trastorno-bipolar\/\",\"url\":\"https:\/\/www.barnaclinic.com\/blog\/blog\/estimulacion-cerebral-profunda-para-esquizofrenia-trastorno-bipolar\/\",\"name\":\"Estimulaci\u00f3n cerebral profunda para la esquizofrenia y el trastorno bipolar\",\"isPartOf\":{\"@id\":\"https:\/\/www.barnaclinic.com\/blog\/#website\"},\"datePublished\":\"2023-07-21T10:13:06+00:00\",\"dateModified\":\"2025-04-15T14:41:45+00:00\",\"author\":{\"@id\":\"https:\/\/www.barnaclinic.com\/blog\/#\/schema\/person\/062c0219c54bbf07163f34494da33e17\"},\"description\":\"Un estudio demuestra la utilidad de la estimulaci\u00f3n cerebral profunda para el tratamiento de la esquizofrenia y el trastorno bipolar...\",\"inLanguage\":\"es\",\"potentialAction\":[{\"@type\":\"ReadAction\",\"target\":[\"https:\/\/www.barnaclinic.com\/blog\/blog\/estimulacion-cerebral-profunda-para-esquizofrenia-trastorno-bipolar\/\"]}]},{\"@type\":\"WebSite\",\"@id\":\"https:\/\/www.barnaclinic.com\/blog\/#website\",\"url\":\"https:\/\/www.barnaclinic.com\/blog\/\",\"name\":\"Blog barnacl\u00ednic+\",\"description\":\"Informaci\u00f3n y novedades sobre los servicios y profesionales de barnacl\u00ednic+, Hospital Cl\u00ednic de Barcelona\",\"potentialAction\":[{\"@type\":\"SearchAction\",\"target\":{\"@type\":\"EntryPoint\",\"urlTemplate\":\"https:\/\/www.barnaclinic.com\/blog\/?s={search_term_string}\"},\"query-input\":\"required name=search_term_string\"}],\"inLanguage\":\"es\"},{\"@type\":\"Person\",\"@id\":\"https:\/\/www.barnaclinic.com\/blog\/#\/schema\/person\/062c0219c54bbf07163f34494da33e17\",\"name\":\"barnacl\u00ednic+\",\"url\":\"https:\/\/www.barnaclinic.com\/blog\/blog\/author\/alex\/\"}]}<\/script>\n<!-- \/ Yoast SEO plugin. -->","yoast_head_json":{"title":"Estimulaci\u00f3n cerebral profunda para la esquizofrenia y el trastorno bipolar","description":"Un estudio demuestra la utilidad de la estimulaci\u00f3n cerebral profunda para el tratamiento de la esquizofrenia y el trastorno bipolar...","robots":{"index":"index","follow":"follow","max-snippet":"max-snippet:-1","max-image-preview":"max-image-preview:large","max-video-preview":"max-video-preview:-1"},"canonical":"https:\/\/www.barnaclinic.com\/blog\/blog\/estimulacion-cerebral-profunda-para-esquizofrenia-trastorno-bipolar\/","og_locale":"es_ES","og_type":"article","og_title":"Estimulaci\u00f3n cerebral profunda para la esquizofrenia y el trastorno bipolar","og_description":"Un estudio demuestra la utilidad de la estimulaci\u00f3n cerebral profunda para el tratamiento de la esquizofrenia y el trastorno bipolar...","og_url":"https:\/\/www.barnaclinic.com\/blog\/blog\/estimulacion-cerebral-profunda-para-esquizofrenia-trastorno-bipolar\/","og_site_name":"Blog barnacl\u00ednic+","article_published_time":"2023-07-21T10:13:06+00:00","article_modified_time":"2025-04-15T14:41:45+00:00","og_image":[{"width":800,"height":450,"url":"https:\/\/www.barnaclinic.com\/blog\/wp-content\/uploads\/2023\/07\/electroestimulacion-cerebral-profunda-trastorno-bipolar.jpg","type":"image\/jpeg"}],"author":"barnacl\u00ednic+","twitter_misc":{"Escrito por":"barnacl\u00ednic+","Tiempo de lectura":"5 minutos"},"schema":{"@context":"https:\/\/schema.org","@graph":[{"@type":"WebPage","@id":"https:\/\/www.barnaclinic.com\/blog\/blog\/estimulacion-cerebral-profunda-para-esquizofrenia-trastorno-bipolar\/","url":"https:\/\/www.barnaclinic.com\/blog\/blog\/estimulacion-cerebral-profunda-para-esquizofrenia-trastorno-bipolar\/","name":"Estimulaci\u00f3n cerebral profunda para la esquizofrenia y el trastorno bipolar","isPartOf":{"@id":"https:\/\/www.barnaclinic.com\/blog\/#website"},"datePublished":"2023-07-21T10:13:06+00:00","dateModified":"2025-04-15T14:41:45+00:00","author":{"@id":"https:\/\/www.barnaclinic.com\/blog\/#\/schema\/person\/062c0219c54bbf07163f34494da33e17"},"description":"Un estudio demuestra la utilidad de la estimulaci\u00f3n cerebral profunda para el tratamiento de la esquizofrenia y el trastorno bipolar...","inLanguage":"es","potentialAction":[{"@type":"ReadAction","target":["https:\/\/www.barnaclinic.com\/blog\/blog\/estimulacion-cerebral-profunda-para-esquizofrenia-trastorno-bipolar\/"]}]},{"@type":"WebSite","@id":"https:\/\/www.barnaclinic.com\/blog\/#website","url":"https:\/\/www.barnaclinic.com\/blog\/","name":"Blog barnacl\u00ednic+","description":"Informaci\u00f3n y novedades sobre los servicios y profesionales de barnacl\u00ednic+, Hospital Cl\u00ednic de Barcelona","potentialAction":[{"@type":"SearchAction","target":{"@type":"EntryPoint","urlTemplate":"https:\/\/www.barnaclinic.com\/blog\/?s={search_term_string}"},"query-input":"required name=search_term_string"}],"inLanguage":"es"},{"@type":"Person","@id":"https:\/\/www.barnaclinic.com\/blog\/#\/schema\/person\/062c0219c54bbf07163f34494da33e17","name":"barnacl\u00ednic+","url":"https:\/\/www.barnaclinic.com\/blog\/blog\/author\/alex\/"}]}},"_links":{"self":[{"href":"https:\/\/www.barnaclinic.com\/blog\/wp-json\/wp\/v2\/posts\/4310","targetHints":{"allow":["GET"]}}],"collection":[{"href":"https:\/\/www.barnaclinic.com\/blog\/wp-json\/wp\/v2\/posts"}],"about":[{"href":"https:\/\/www.barnaclinic.com\/blog\/wp-json\/wp\/v2\/types\/post"}],"author":[{"embeddable":true,"href":"https:\/\/www.barnaclinic.com\/blog\/wp-json\/wp\/v2\/users\/2"}],"replies":[{"embeddable":true,"href":"https:\/\/www.barnaclinic.com\/blog\/wp-json\/wp\/v2\/comments?post=4310"}],"version-history":[{"count":8,"href":"https:\/\/www.barnaclinic.com\/blog\/wp-json\/wp\/v2\/posts\/4310\/revisions"}],"predecessor-version":[{"id":5141,"href":"https:\/\/www.barnaclinic.com\/blog\/wp-json\/wp\/v2\/posts\/4310\/revisions\/5141"}],"wp:featuredmedia":[{"embeddable":true,"href":"https:\/\/www.barnaclinic.com\/blog\/wp-json\/wp\/v2\/media\/4316"}],"wp:attachment":[{"href":"https:\/\/www.barnaclinic.com\/blog\/wp-json\/wp\/v2\/media?parent=4310"}],"wp:term":[{"taxonomy":"category","embeddable":true,"href":"https:\/\/www.barnaclinic.com\/blog\/wp-json\/wp\/v2\/categories?post=4310"},{"taxonomy":"post_tag","embeddable":true,"href":"https:\/\/www.barnaclinic.com\/blog\/wp-json\/wp\/v2\/tags?post=4310"}],"curies":[{"name":"wp","href":"https:\/\/api.w.org\/{rel}","templated":true}]}}