{"id":4165,"date":"2023-05-08T09:32:14","date_gmt":"2023-05-08T09:32:14","guid":{"rendered":"https:\/\/www.barnaclinic.com\/blog\/?p=4165"},"modified":"2023-05-08T12:53:31","modified_gmt":"2023-05-08T12:53:31","slug":"ablacion-laser-tumor-cerebral-epilepsia","status":"publish","type":"post","link":"https:\/\/www.barnaclinic.com\/blog\/blog\/ablacion-laser-tumor-cerebral-epilepsia\/","title":{"rendered":"barnacl\u00ednic+ incorpora la ablaci\u00f3n l\u00e1ser para el tratamiento de tumores cerebrales y epilepsia"},"content":{"rendered":"<p>En el a\u00f1o 2021 el <a href=\"https:\/\/www.clinicbarcelona.org\/\">hospital Cl\u00ednic de Barcelona<\/a> incorpor\u00f3 la <strong>ablaci\u00f3n l\u00e1ser en el tratamiento de algunos pacientes con tumores cerebrales o con epilepsia<\/strong>. Ahora, esta t\u00e9cnica est\u00e1 disponible en barnacl\u00ednic+, aumentado as\u00ed la cartera de servicios que el centro ofrece y facilitando el acceso de los pacientes a esta tecnolog\u00eda. \u201cLa <strong>ablaci\u00f3n por l\u00e1ser<\/strong> es un t\u00e9cnica m\u00ednimamente invasiva con unos resultados muy buenos que reduce el riesgo de complicaciones y permite una recuperaci\u00f3n m\u00e1s precoz que la cirug\u00eda convencional\u201d, explica el Dr. <a href=\"https:\/\/www.barnaclinic.com\/es\/cuadro-medico\/36\/joaquim\"><strong>Joaquim Ense\u00f1at<\/strong><\/a>, jefe del Servicio de <a href=\"https:\/\/www.barnaclinic.com\/es\/neurocirugia\/\">Neurocirug\u00eda<\/a> del hospital Cl\u00ednica de Barcelona y profesional de barnacl\u00ednic+.<\/p>\n<p><!--more--><\/p>\n<blockquote>\n<h4><img loading=\"lazy\" decoding=\"async\" class=\"alignleft wp-image-1060\" src=\"http:\/\/www.barnaclinic.com\/blog\/wp-content\/uploads\/2018\/07\/Captura-de-pantalla-2018-07-09-a-las-13.02.13-150x150.png\" alt=\"Joaquim Ense\u00f1at\" width=\"107\" height=\"107\" srcset=\"https:\/\/www.barnaclinic.com\/blog\/wp-content\/uploads\/2018\/07\/Captura-de-pantalla-2018-07-09-a-las-13.02.13-150x150.png 150w, https:\/\/www.barnaclinic.com\/blog\/wp-content\/uploads\/2018\/07\/Captura-de-pantalla-2018-07-09-a-las-13.02.13-300x300.png 300w, https:\/\/www.barnaclinic.com\/blog\/wp-content\/uploads\/2018\/07\/Captura-de-pantalla-2018-07-09-a-las-13.02.13.png 354w\" sizes=\"auto, (max-width: 107px) 100vw, 107px\" \/><\/h4>\n<h4>\u00abLa <strong>ablaci\u00f3n por l\u00e1ser<\/strong> es un t\u00e9cnica m\u00ednimamente invasiva con unos resultados muy buenos que reduce el riesgo de complicaciones y permite una recuperaci\u00f3n m\u00e1s precoz que la cirug\u00eda convencional\u00bb<\/h4>\n<p>Dr. <a href=\"https:\/\/www.barnaclinic.com\/es\/cuadro-medico\/36\/joaquim\"><strong>Joaquim Ense\u00f1at<\/strong><\/a>, jefe del Servicio de <a href=\"https:\/\/www.barnaclinic.com\/es\/neurocirugia\/\">Neurocirug\u00eda<\/a> del hospital Cl\u00ednica de Barcelona y profesional de barnacl\u00ednic+<\/p><\/blockquote>\n<h2><strong>\u00bfEn qu\u00e9 consiste la ablaci\u00f3n con l\u00e1ser para tratar tumores cerebrales y epilepsia?<\/strong><\/h2>\n<p>La <strong>ablaci\u00f3n l\u00e1ser de tumores cerebrales o para la epilepsia<\/strong> consiste en la introducci\u00f3n de una fibra \u00f3ptica milim\u00e9trica que emite una luz l\u00e1ser a trav\u00e9s de una peque\u00f1a incisi\u00f3n de entre 2 y 3 cm. \u201cPor medio de una fuente de energ\u00eda l\u00e1ser y a trav\u00e9s de estas fibras es posible destruir el tejido enfermo mediante el recalentamiento de la zona enferma\u201d, explica el Dr. <a href=\"https:\/\/www.barnaclinic.com\/es\/cuadro-medico\/326\/pedro\"><strong>Pedro Rold\u00e1n<\/strong><\/a>, neurocirujano del hospital Cl\u00ednic de Barcelona y barnacl\u00ednic+, quien a\u00f1ade que el paciente es monitorizado en tiempo real mediante una resonancia magn\u00e9tica para de esta forma controlar en todo momento el tejido que est\u00e1 siendo destruido.<\/p>\n<blockquote>\n<h4><img loading=\"lazy\" decoding=\"async\" class=\" wp-image-1953 alignleft\" src=\"http:\/\/www.barnaclinic.com\/blog\/wp-content\/uploads\/2021\/03\/Captura-de-pantalla-2021-03-02-a-las-17.42.18.png\" alt=\"Pedro Roldan - Trastornos del Movimiento y Epilepsia\" width=\"98\" height=\"97\" \/><\/h4>\n<h4>\u00abPor medio de una fuente de energ\u00eda l\u00e1ser y a trav\u00e9s de estas fibras es posible destruir el tejido enfermo mediante el recalentamiento de la zona enferma\u00bb<\/h4>\n<p>Dr. <a href=\"https:\/\/www.barnaclinic.com\/es\/cuadro-medico\/326\/pedro\"><strong>Pedro Rold\u00e1n<\/strong><\/a>, neurocirujano del hospital Cl\u00ednic de Barcelona y barnacl\u00ednic+<\/p><\/blockquote>\n<p>El procedimiento dura aproximadamente 2-3 horas y, una vez que la operaci\u00f3n ha terminado, el paciente regresa a su habitaci\u00f3n y en un breve periodo de tiempo de entre 24 y 48 horas puede recibir el alta hospitalaria. \u201cEsta es una de las principales ventajas de esta intervenci\u00f3n, la r\u00e1pida recuperaci\u00f3n del paciente. Con la cirug\u00eda convencional puede ser necesarios entre cinco y siete d\u00edas. Adem\u00e1s, la reinserci\u00f3n laboral de estos pacientes tambi\u00e9n es m\u00e1s r\u00e1pida\u201d, apunta el Dr. <a href=\"https:\/\/www.barnaclinic.com\/es\/cuadro-medico\/36\/joaquim\"><strong>Joaquim Ense\u00f1at<\/strong><\/a>, quien a\u00f1ade la importancia de realizar este tipo de intervenciones en centros que dispongan de una alta tecnolog\u00eda que permite ser muy preciso en la colocaci\u00f3n de las fibras l\u00e1ser.<\/p>\n<h2><strong>\u00bfQu\u00e9 pacientes son candidatos a esta t\u00e9cnica l\u00e1ser?<\/strong><\/h2>\n<p>Existe una amplia variedad de pacientes que pueden beneficiarse de la <strong>ablaci\u00f3n l\u00e1ser<\/strong>, siendo necesario siempre un estudio particular de cada caso para ver si esta t\u00e9cnica es la m\u00e1s indicada. De forma general, los principales candidatos a utilizarla son aquellos casos de <strong>tumor cerebral o de epilepsia<\/strong> cuya complejidad, por proximidad del tejido afecto a zonas delicadas o profundidad, la conviertan en muy arriesgadas para la cirug\u00eda convencional. \u201cEsto puede deberse a que la zona afectada se encuentra muy cerca de un \u00e1rea elocuente, es decir, aquellas con una alta expresividad funcional, y que por tanto la operaci\u00f3n puede dejar importantes secuelas\u201d, apunta el Dr. Ense\u00f1at, quien se\u00f1ala tambi\u00e9n que otro motivo es que la zona afectada sea muy profunda y por tanto har\u00eda necesario atravesar mucho tejido para llegar hasta ella.<\/p>\n<p>La <strong>ablaci\u00f3n por l\u00e1ser de tumores cerebrales o para tratar la epilepsia<\/strong> tambi\u00e9n presenta ciertas limitaciones. Cuando el tama\u00f1o de la lesi\u00f3n es superior a los tres o cuatro cent\u00edmetros o su forma es muy irregular, esta t\u00e9cnica puede no ser la mejor opci\u00f3n. \u201cDe todos modos, tambi\u00e9n es posible combinar diferentes fibras l\u00e1ser para tratar este tipo de lesiones\u201d, afirma el Dr. Ense\u00f1at. A lo que el Dr. Roldan a\u00f1ade: \u00abcualquier caso ser\u00eda candidato a estudio para valorar la posibilidad de tratamiento mediante la <strong>albaci\u00f3n por l\u00e1ser<\/strong>\u00ab.<\/p>\n<blockquote>\n<h4><img loading=\"lazy\" decoding=\"async\" class=\" wp-image-1953 alignleft\" src=\"http:\/\/www.barnaclinic.com\/blog\/wp-content\/uploads\/2021\/03\/Captura-de-pantalla-2021-03-02-a-las-17.42.18.png\" alt=\"Pedro Roldan - Trastornos del Movimiento y Epilepsia\" width=\"98\" height=\"97\" \/><\/h4>\n<h4>\u00abA pesar de las te\u00f3ricas limitaciones de esta t\u00e9cnica, cualquier paciente con tumor cerebral o epilepsia puede ser candidato a estudio para valorar la posibilidad de tratamiento mediante ablaci\u00f3n por l\u00e1ser\u00bb<\/h4>\n<p>Dr. <a href=\"https:\/\/www.barnaclinic.com\/es\/cuadro-medico\/326\/pedro\"><strong>Pedro Rold\u00e1n<\/strong><\/a><\/p><\/blockquote>\n<div id=\"estoy-interesado\" class=\"destacat-site\">\n<h4 style=\"padding-left: 30px;\">TE PUEDE INTERESAR\u2026<\/h4>\n<h4 style=\"padding-left: 30px;\"><a href=\"https:\/\/www.barnaclinic.com\/blog\/blog\/laser-para-la-epilepsia-farmacorresistente\/\" target=\"_blank\" rel=\"noopener noreferrer\">Nuevo tratamiento con l\u00e1ser para la epilepsia farmacorresistente<br \/>\n<\/a><\/h4>\n<\/div>\n<h2><strong>Ventajas de la ablaci\u00f3n l\u00e1ser respecto a la neurocirug\u00eda convencional<\/strong><\/h2>\n<p>Al tratarse la <strong>ablaci\u00f3n l\u00e1ser<\/strong> de un procedimiento m\u00ednimamente invasivo esta tiene las ventajas inherentes a cualquier operaci\u00f3n en la que no es necesario realizar una incisi\u00f3n grande para llevarla a cabo. Esto se traduce principalmente en una recuperaci\u00f3n mucho m\u00e1s r\u00e1pida del paciente. Pero esta t\u00e9cnica, tambi\u00e9n tiene otras ventajas. \u201cLa<strong> ablaci\u00f3n l\u00e1ser<\/strong> tiene muchos menos complicaciones que la cirug\u00eda convencional. Sobre todo se reduce mucho el riesgo de infecciones, de hemorragias y de infartos\u201d comenta el Dr. <a href=\"https:\/\/www.barnaclinic.com\/es\/cuadro-medico\/36\/joaquim\"><strong>Joaquim Ense\u00f1at<\/strong><\/a>, quien tambi\u00e9n explica que la r\u00e1pida recuperaci\u00f3n del paciente permite no retrasar otros tratamientos complementarios en los casos de los tumores cerebrales si estos fuesen necesarios.<\/p>\n<blockquote>\n<h4><img loading=\"lazy\" decoding=\"async\" class=\"alignleft wp-image-1060\" src=\"http:\/\/www.barnaclinic.com\/blog\/wp-content\/uploads\/2018\/07\/Captura-de-pantalla-2018-07-09-a-las-13.02.13-150x150.png\" alt=\"Joaquim Ense\u00f1at\" width=\"107\" height=\"107\" srcset=\"https:\/\/www.barnaclinic.com\/blog\/wp-content\/uploads\/2018\/07\/Captura-de-pantalla-2018-07-09-a-las-13.02.13-150x150.png 150w, https:\/\/www.barnaclinic.com\/blog\/wp-content\/uploads\/2018\/07\/Captura-de-pantalla-2018-07-09-a-las-13.02.13-300x300.png 300w, https:\/\/www.barnaclinic.com\/blog\/wp-content\/uploads\/2018\/07\/Captura-de-pantalla-2018-07-09-a-las-13.02.13.png 354w\" sizes=\"auto, (max-width: 107px) 100vw, 107px\" \/><\/h4>\n<h4>\u00abLa ablaci\u00f3n l\u00e1ser tiene muchos menos complicaciones que la cirug\u00eda convencional. Sobre todo se reduce mucho el riesgo de infecciones, de hemorragias y de infartos\u00bb<\/h4>\n<p>Dr. <a href=\"https:\/\/www.barnaclinic.com\/es\/cuadro-medico\/36\/joaquim\"><strong>Joaquim Ense\u00f1at<\/strong><\/a><\/p><\/blockquote>\n<p>Otra de las ventajas, derivada tambi\u00e9n de la peque\u00f1a incisi\u00f3n que es necesario realizar, es que los pacientes no tienen secuelas est\u00e9ticas tan importantes como en la cirug\u00eda convencional. \u201cEste es otro punto a favor de la ablaci\u00f3n l\u00e1ser, que adem\u00e1s facilita la reincorporaci\u00f3n de la persona a su vida social\u201d explica el Dr. Rold\u00e1n.<\/p>\n<h2><strong>\u00bfPor qu\u00e9 operarse en barnacl\u00ednic+?<\/strong><\/h2>\n<p>Actualmente la <strong>ablaci\u00f3n l\u00e1ser<\/strong> no es una intervenci\u00f3n que se pueda llevar a cabo en cualquier centro y hasta la fecha son muy pocos los que pueden ofrecerla. Requiere un quir\u00f3fano con un alto grado de tecnolog\u00eda que permita realizar la intervenci\u00f3n con la m\u00e1xima seguridad y eficacia. \u201cHay pocos centros que cuenten con esta tecnolog\u00eda, que adem\u00e1s tambi\u00e9n requiere un alto grado de especializaci\u00f3n por parte de los cirujanos. El hospital Cl\u00ednic y barnacl\u00ednic+ ahora son centros punteros no solo a nivel de Espa\u00f1a, sino mundial\u201d, explica el Dr. Ense\u00f1at. El Dr. <a href=\"https:\/\/www.barnaclinic.com\/es\/cuadro-medico\/326\/pedro\"><strong>Pedro Rold\u00e1n<\/strong><\/a>, por su parte, destaca el <a href=\"https:\/\/www.barnaclinic.com\/blog\/blog\/nuevo-quirofano-integrado-de-neurocirugia-con-imagen-intraoperatoria\/\" target=\"_blank\" rel=\"noopener\">robot quir\u00fagico Renishaw\u00ae de \u00faltima generaci\u00f3n, y el TC intraoperatorio<\/a>, \u00abuna tectolog\u00eda que garantiza la implantaci\u00f3n de la fibra con una precisi\u00f3n submilim\u00e9trica, lo cual nos convierte en uno de los centros mejor dotados tecnol\u00f3gicamente del mundo\u00bb.<\/p>\n<blockquote>\n<h4><img loading=\"lazy\" decoding=\"async\" class=\"alignleft wp-image-1060\" src=\"http:\/\/www.barnaclinic.com\/blog\/wp-content\/uploads\/2018\/07\/Captura-de-pantalla-2018-07-09-a-las-13.02.13-150x150.png\" alt=\"Joaquim Ense\u00f1at\" width=\"107\" height=\"107\" srcset=\"https:\/\/www.barnaclinic.com\/blog\/wp-content\/uploads\/2018\/07\/Captura-de-pantalla-2018-07-09-a-las-13.02.13-150x150.png 150w, https:\/\/www.barnaclinic.com\/blog\/wp-content\/uploads\/2018\/07\/Captura-de-pantalla-2018-07-09-a-las-13.02.13-300x300.png 300w, https:\/\/www.barnaclinic.com\/blog\/wp-content\/uploads\/2018\/07\/Captura-de-pantalla-2018-07-09-a-las-13.02.13.png 354w\" sizes=\"auto, (max-width: 107px) 100vw, 107px\" \/><\/h4>\n<h4>\u00abHay pocos centros que cuenten con esta tecnolog\u00eda, que adem\u00e1s tambi\u00e9n requiere un alto grado de especializaci\u00f3n por parte de los cirujanos. El hospital Cl\u00ednic y barnacl\u00ednic+ ahora son centros punteros no solo a nivel de Espa\u00f1a, sino mundial\u00bb<\/h4>\n<p>Dr. <a href=\"https:\/\/www.barnaclinic.com\/es\/cuadro-medico\/36\/joaquim\"><strong>Joaquim Ense\u00f1at<\/strong><\/a><\/p><\/blockquote>\n<p>&nbsp;<\/p>\n<div id=\"estoy-interesado\" class=\"destacat-site\">\n<h4 style=\"padding-left: 30px;\">TE PUEDE INTERESAR\u2026<\/h4>\n<h4 style=\"padding-left: 30px;\"><a href=\"https:\/\/www.barnaclinic.com\/blog\/blog\/nuevo-quirofano-integrado-de-neurocirugia-con-imagen-intraoperatoria\/\" target=\"_blank\" rel=\"noopener noreferrer\">Nuevo quir\u00f3fano integrado de neurocirug\u00eda con imagen intraoperatoria<\/a><\/h4>\n<h4 style=\"padding-left: 30px;\"><a href=\"https:\/\/www.barnaclinic.com\/blog\/blog\/cirugia-robotica\/#neurocirugia\" target=\"_blank\" rel=\"noopener noreferrer\">El Grupo Hospital Cl\u00ednic, pionero y referente en neurocirug\u00eda rob\u00f3tica<\/a><\/h4>\n<\/div>\n<p>Por otro lado, el Dr. Rold\u00e1n destaca igualmente el gran nivel de los profesionales con los que cuenta el centro, a quien avala adem\u00e1s una historia de m\u00e1s de cien a\u00f1os. \u201cContamos con <strong>profesionales de prestigio internacional con una experiencia m\u00e1s que avalada<\/strong>, que son sin duda una de las principales razones para llevar a cabo esta intervenci\u00f3n en barnacl\u00ednic+\u201d.<\/p>\n<blockquote>\n<h4><img loading=\"lazy\" decoding=\"async\" class=\" wp-image-1953 alignleft\" src=\"http:\/\/www.barnaclinic.com\/blog\/wp-content\/uploads\/2021\/03\/Captura-de-pantalla-2021-03-02-a-las-17.42.18.png\" alt=\"Pedro Roldan - Trastornos del Movimiento y Epilepsia\" width=\"98\" height=\"97\" \/><\/h4>\n<h4>\u00abContamos con profesionales <strong>de prestigio internacional<\/strong> con una experiencia m\u00e1s que avalada, que son sin duda una de las principales razones para llevar a cabo esta intervenci\u00f3n en barnacl\u00ednic+\u00bb<\/h4>\n<p>Dr. <a href=\"https:\/\/www.barnaclinic.com\/es\/cuadro-medico\/326\/pedro\"><strong>Pedro Rold\u00e1n<\/strong><\/a><\/p><\/blockquote>\n<hr \/>\n<div id=\"cita\" class=\"destacat-site\">\n<h4 style=\"padding-left: 15px; padding-right: 15px;\" align=\"CENTER\"><span style=\"color: white;\">\u00bfQUIERES M\u00c1S INFORMACI\u00d3N SOBRE ESTA T\u00c9CNICA O DESEAS CONTACTAR CON NUESTROS PROFESIONALES EXPERTOS EN NEUROCIRUG\u00cdA?<\/span><\/h4>\n<p class=\"boto\" style=\"padding-left: 30px; padding-right: 20px;\" align=\"center\"><a class=\"button button--cita\" href=\"https:\/\/www.barnaclinic.com\/es\/solicitar-cita\/?especialidad=24\" target=\"_blank\" rel=\"noopener noreferrer\">PEDIR CITA PRESENCIAL<\/a> |\u00a0<a class=\"button button--televisita\" href=\"https:\/\/www.barnaclinic.com\/es\/solicitar-televisita\/?especialidad=24\" target=\"_blank\" rel=\"noopener noreferrer\">SOLICITAR TELEVISITA<\/a><\/p>\n<\/div>\n","protected":false},"excerpt":{"rendered":"<p>En el a\u00f1o 2021 el hospital Cl\u00ednic de Barcelona incorpor\u00f3 la ablaci\u00f3n l\u00e1ser en el tratamiento de algunos pacientes con tumores cerebrales o con epilepsia. Ahora, esta t\u00e9cnica est\u00e1 disponible en barnacl\u00ednic+, aumentado as\u00ed la cartera de servicios que el centro ofrece y facilitando el acceso de los pacientes a esta tecnolog\u00eda. \u201cLa ablaci\u00f3n por [&hellip;]<\/p>\n","protected":false},"author":2,"featured_media":4172,"comment_status":"open","ping_status":"closed","sticky":false,"template":"","format":"standard","meta":{"footnotes":""},"categories":[651,183,409],"tags":[1769,35,355,845,63,37,843,1771,1772,1269,1770,1265],"class_list":["post-4165","post","type-post","status-publish","format-standard","has-post-thumbnail","hentry","category-cirugia-robotica","category-neurocirugia","category-nuestros-servicios","tag-ablacion-laser","tag-cirugia-robotica","tag-dr-joaquim-ensenat","tag-dr-pedro-roldan","tag-epilepsia","tag-neurocirugia","tag-neurocirugia-funcional","tag-neurocirugia-minimamente-invasiva","tag-neurocirugia-robotica","tag-tumor-base-del-craneo","tag-tumor-cerebral","tag-tumor-de-base-del-craneo","has-post-video"],"yoast_head":"<!-- This site is optimized with the Yoast SEO plugin v19.14 - https:\/\/yoast.com\/wordpress\/plugins\/seo\/ -->\n<title>La nueva ablaci\u00f3n l\u00e1ser para tumores cerebrales y epilepsia<\/title>\n<meta name=\"description\" content=\"La ablaci\u00f3n l\u00e1ser de los tumores cerebrales o para la epilepsia reduce el riesgo de complicaciones y permite una recuperaci\u00f3n m\u00e1s r\u00e1pida...\" \/>\n<meta name=\"robots\" content=\"index, follow, max-snippet:-1, max-image-preview:large, max-video-preview:-1\" \/>\n<link rel=\"canonical\" href=\"https:\/\/www.barnaclinic.com\/blog\/blog\/ablacion-laser-tumor-cerebral-epilepsia\/\" \/>\n<meta property=\"og:locale\" content=\"es_ES\" \/>\n<meta property=\"og:type\" content=\"article\" \/>\n<meta property=\"og:title\" content=\"La nueva ablaci\u00f3n l\u00e1ser para tumores cerebrales y epilepsia\" \/>\n<meta property=\"og:description\" content=\"La ablaci\u00f3n l\u00e1ser de los tumores cerebrales o para la epilepsia reduce el riesgo de complicaciones y permite una recuperaci\u00f3n m\u00e1s r\u00e1pida...\" \/>\n<meta property=\"og:url\" content=\"https:\/\/www.barnaclinic.com\/blog\/blog\/ablacion-laser-tumor-cerebral-epilepsia\/\" \/>\n<meta property=\"og:site_name\" content=\"Blog barnacl\u00ednic+\" \/>\n<meta property=\"article:published_time\" content=\"2023-05-08T09:32:14+00:00\" \/>\n<meta property=\"article:modified_time\" content=\"2023-05-08T12:53:31+00:00\" \/>\n<meta property=\"og:image\" content=\"https:\/\/www.barnaclinic.com\/blog\/wp-content\/uploads\/2023\/05\/ABLACION-LASER-para-los-TUMORES-CEREBRALES-y-la-EPILEPSIA-Dr.-Joaquim-Ensenat-y-Dr.-Pedro-Roldan.jpeg\" \/>\n\t<meta property=\"og:image:width\" content=\"1280\" \/>\n\t<meta property=\"og:image:height\" content=\"720\" \/>\n\t<meta property=\"og:image:type\" content=\"image\/jpeg\" \/>\n<meta name=\"author\" content=\"barnacl\u00ednic+\" \/>\n<meta name=\"twitter:label1\" content=\"Escrito por\" \/>\n\t<meta name=\"twitter:data1\" content=\"barnacl\u00ednic+\" \/>\n\t<meta name=\"twitter:label2\" content=\"Tiempo de lectura\" \/>\n\t<meta name=\"twitter:data2\" content=\"7 minutos\" \/>\n<script type=\"application\/ld+json\" class=\"yoast-schema-graph\">{\"@context\":\"https:\/\/schema.org\",\"@graph\":[{\"@type\":\"WebPage\",\"@id\":\"https:\/\/www.barnaclinic.com\/blog\/blog\/ablacion-laser-tumor-cerebral-epilepsia\/\",\"url\":\"https:\/\/www.barnaclinic.com\/blog\/blog\/ablacion-laser-tumor-cerebral-epilepsia\/\",\"name\":\"La nueva ablaci\u00f3n l\u00e1ser para tumores cerebrales y epilepsia\",\"isPartOf\":{\"@id\":\"https:\/\/www.barnaclinic.com\/blog\/#website\"},\"datePublished\":\"2023-05-08T09:32:14+00:00\",\"dateModified\":\"2023-05-08T12:53:31+00:00\",\"author\":{\"@id\":\"https:\/\/www.barnaclinic.com\/blog\/#\/schema\/person\/062c0219c54bbf07163f34494da33e17\"},\"description\":\"La ablaci\u00f3n l\u00e1ser de los tumores cerebrales o para la epilepsia reduce el riesgo de complicaciones y permite una recuperaci\u00f3n m\u00e1s r\u00e1pida...\",\"inLanguage\":\"es\",\"potentialAction\":[{\"@type\":\"ReadAction\",\"target\":[\"https:\/\/www.barnaclinic.com\/blog\/blog\/ablacion-laser-tumor-cerebral-epilepsia\/\"]}]},{\"@type\":\"WebSite\",\"@id\":\"https:\/\/www.barnaclinic.com\/blog\/#website\",\"url\":\"https:\/\/www.barnaclinic.com\/blog\/\",\"name\":\"Blog barnacl\u00ednic+\",\"description\":\"Informaci\u00f3n y novedades sobre los servicios y profesionales de barnacl\u00ednic+, Hospital Cl\u00ednic de Barcelona\",\"potentialAction\":[{\"@type\":\"SearchAction\",\"target\":{\"@type\":\"EntryPoint\",\"urlTemplate\":\"https:\/\/www.barnaclinic.com\/blog\/?s={search_term_string}\"},\"query-input\":\"required name=search_term_string\"}],\"inLanguage\":\"es\"},{\"@type\":\"Person\",\"@id\":\"https:\/\/www.barnaclinic.com\/blog\/#\/schema\/person\/062c0219c54bbf07163f34494da33e17\",\"name\":\"barnacl\u00ednic+\",\"url\":\"https:\/\/www.barnaclinic.com\/blog\/blog\/author\/alex\/\"}]}<\/script>\n<!-- \/ Yoast SEO plugin. -->","yoast_head_json":{"title":"La nueva ablaci\u00f3n l\u00e1ser para tumores cerebrales y epilepsia","description":"La ablaci\u00f3n l\u00e1ser de los tumores cerebrales o para la epilepsia reduce el riesgo de complicaciones y permite una recuperaci\u00f3n m\u00e1s r\u00e1pida...","robots":{"index":"index","follow":"follow","max-snippet":"max-snippet:-1","max-image-preview":"max-image-preview:large","max-video-preview":"max-video-preview:-1"},"canonical":"https:\/\/www.barnaclinic.com\/blog\/blog\/ablacion-laser-tumor-cerebral-epilepsia\/","og_locale":"es_ES","og_type":"article","og_title":"La nueva ablaci\u00f3n l\u00e1ser para tumores cerebrales y epilepsia","og_description":"La ablaci\u00f3n l\u00e1ser de los tumores cerebrales o para la epilepsia reduce el riesgo de complicaciones y permite una recuperaci\u00f3n m\u00e1s r\u00e1pida...","og_url":"https:\/\/www.barnaclinic.com\/blog\/blog\/ablacion-laser-tumor-cerebral-epilepsia\/","og_site_name":"Blog barnacl\u00ednic+","article_published_time":"2023-05-08T09:32:14+00:00","article_modified_time":"2023-05-08T12:53:31+00:00","og_image":[{"width":1280,"height":720,"url":"https:\/\/www.barnaclinic.com\/blog\/wp-content\/uploads\/2023\/05\/ABLACION-LASER-para-los-TUMORES-CEREBRALES-y-la-EPILEPSIA-Dr.-Joaquim-Ensenat-y-Dr.-Pedro-Roldan.jpeg","type":"image\/jpeg"}],"author":"barnacl\u00ednic+","twitter_misc":{"Escrito por":"barnacl\u00ednic+","Tiempo de lectura":"7 minutos"},"schema":{"@context":"https:\/\/schema.org","@graph":[{"@type":"WebPage","@id":"https:\/\/www.barnaclinic.com\/blog\/blog\/ablacion-laser-tumor-cerebral-epilepsia\/","url":"https:\/\/www.barnaclinic.com\/blog\/blog\/ablacion-laser-tumor-cerebral-epilepsia\/","name":"La nueva ablaci\u00f3n l\u00e1ser para tumores cerebrales y epilepsia","isPartOf":{"@id":"https:\/\/www.barnaclinic.com\/blog\/#website"},"datePublished":"2023-05-08T09:32:14+00:00","dateModified":"2023-05-08T12:53:31+00:00","author":{"@id":"https:\/\/www.barnaclinic.com\/blog\/#\/schema\/person\/062c0219c54bbf07163f34494da33e17"},"description":"La ablaci\u00f3n l\u00e1ser de los tumores cerebrales o para la epilepsia reduce el riesgo de complicaciones y permite una recuperaci\u00f3n m\u00e1s r\u00e1pida...","inLanguage":"es","potentialAction":[{"@type":"ReadAction","target":["https:\/\/www.barnaclinic.com\/blog\/blog\/ablacion-laser-tumor-cerebral-epilepsia\/"]}]},{"@type":"WebSite","@id":"https:\/\/www.barnaclinic.com\/blog\/#website","url":"https:\/\/www.barnaclinic.com\/blog\/","name":"Blog barnacl\u00ednic+","description":"Informaci\u00f3n y novedades sobre los servicios y profesionales de barnacl\u00ednic+, Hospital Cl\u00ednic de Barcelona","potentialAction":[{"@type":"SearchAction","target":{"@type":"EntryPoint","urlTemplate":"https:\/\/www.barnaclinic.com\/blog\/?s={search_term_string}"},"query-input":"required name=search_term_string"}],"inLanguage":"es"},{"@type":"Person","@id":"https:\/\/www.barnaclinic.com\/blog\/#\/schema\/person\/062c0219c54bbf07163f34494da33e17","name":"barnacl\u00ednic+","url":"https:\/\/www.barnaclinic.com\/blog\/blog\/author\/alex\/"}]}},"_links":{"self":[{"href":"https:\/\/www.barnaclinic.com\/blog\/wp-json\/wp\/v2\/posts\/4165","targetHints":{"allow":["GET"]}}],"collection":[{"href":"https:\/\/www.barnaclinic.com\/blog\/wp-json\/wp\/v2\/posts"}],"about":[{"href":"https:\/\/www.barnaclinic.com\/blog\/wp-json\/wp\/v2\/types\/post"}],"author":[{"embeddable":true,"href":"https:\/\/www.barnaclinic.com\/blog\/wp-json\/wp\/v2\/users\/2"}],"replies":[{"embeddable":true,"href":"https:\/\/www.barnaclinic.com\/blog\/wp-json\/wp\/v2\/comments?post=4165"}],"version-history":[{"count":11,"href":"https:\/\/www.barnaclinic.com\/blog\/wp-json\/wp\/v2\/posts\/4165\/revisions"}],"predecessor-version":[{"id":4189,"href":"https:\/\/www.barnaclinic.com\/blog\/wp-json\/wp\/v2\/posts\/4165\/revisions\/4189"}],"wp:featuredmedia":[{"embeddable":true,"href":"https:\/\/www.barnaclinic.com\/blog\/wp-json\/wp\/v2\/media\/4172"}],"wp:attachment":[{"href":"https:\/\/www.barnaclinic.com\/blog\/wp-json\/wp\/v2\/media?parent=4165"}],"wp:term":[{"taxonomy":"category","embeddable":true,"href":"https:\/\/www.barnaclinic.com\/blog\/wp-json\/wp\/v2\/categories?post=4165"},{"taxonomy":"post_tag","embeddable":true,"href":"https:\/\/www.barnaclinic.com\/blog\/wp-json\/wp\/v2\/tags?post=4165"}],"curies":[{"name":"wp","href":"https:\/\/api.w.org\/{rel}","templated":true}]}}