{"id":282,"date":"2015-12-03T15:36:09","date_gmt":"2015-12-03T15:36:09","guid":{"rendered":"http:\/\/www.barnaclinic.com\/blog\/?p=282"},"modified":"2025-04-15T14:45:08","modified_gmt":"2025-04-15T14:45:08","slug":"neurocirugia-funcional-20-anos","status":"publish","type":"post","link":"https:\/\/www.barnaclinic.com\/blog\/blog\/neurocirugia-funcional-20-anos\/","title":{"rendered":"Neurocirug\u00eda Funcional, 20 a\u00f1os y casi 1.000 intervenciones"},"content":{"rendered":"<p>El <strong>Programa de <a href=\"http:\/\/www.barnaclinic.com\/neurocirugia\/\" target=\"_blank\" rel=\"noopener\">Neurocirug\u00eda<\/a> Funcional<\/strong> del <strong><a href=\"http:\/\/hospitalclinic.org\" target=\"_blank\" rel=\"noopener\">Hospital Cl\u00ednic de Barcelona<\/a><\/strong>\u00a0cumple 20 a\u00f1os, en los que <strong>se han intervenido casi 1.000 pacientes con epilepsia y trastornos del movimiento<\/strong>. El Dr.<strong> <a href=\"http:\/\/www.barnaclinic.com\/profesionales\/189\/jordi-rumia-arboix\" target=\"_blank\" rel=\"noopener\">Jordi Rumi\u00e0<\/a><\/strong>,\u00a0Coordinador del Programa, lo puso en marcha en 1995, junto con los Coordinadores de las <a href=\"https:\/\/www.barnaclinic.com\/es\/neurologia\/epilepsia\/\" target=\"_blank\" rel=\"noopener\"><strong>Unitades de Epilepsia<\/strong><\/a> y de <a href=\"https:\/\/www.barnaclinic.com\/es\/trastornos-del-movimiento\/\" target=\"_blank\" rel=\"noopener\"><strong>Trastornos del Movimiento<\/strong><\/a> del Hospital Cl\u00ednic.<\/p>\n<p>En 2006 se incorpor\u00f3 al <strong><a href=\"http:\/\/www.hsjdbcn.org\" target=\"_blank\" rel=\"noopener\">Hospital de Sant Joan de D\u00e8u<\/a><\/strong>, y hoy en d\u00eda es\u00a0<a href=\"http:\/\/www.msssi.gob.es\/profesionales\/CentrosDeReferencia\/docs\/03septiembre2015listaCSUR.pdf\" target=\"_blank\" rel=\"noopener\"><strong>Unidad de Referencia Estatal<\/strong> (CSUR) del Sistema Nacional de Salud<\/a> en <strong>epilepsia refractaria<\/strong>, <strong>cirug\u00eda de trastornos del movimiento<\/strong> y en <strong>enfermedades raras que cursan con trastornos del movimiento<\/strong>, en adultos y ni\u00f1os, respectivamente. <!--more--><\/p>\n<h2>\u00bfCu\u00e1l es el objetivo del Programa de Neurocirug\u00eda Funcional?<\/h2>\n<p>La <strong><a href=\"http:\/\/www.barnaclinic.com\/neurocirugia\/\" target=\"_blank\" rel=\"noopener\">Neurocirug\u00eda<\/a> Funcional<\/strong> tiene como objetivo corregir los funcionamientos an\u00f3malos del cerebro (<a href=\"https:\/\/www.barnaclinic.com\/es\/neurologia\/epilepsia\/\" target=\"_blank\" rel=\"noopener\"><strong>Epilepsia<\/strong><\/a> y <a href=\"https:\/\/www.barnaclinic.com\/es\/trastornos-del-movimiento\/\" target=\"_blank\" rel=\"noopener\"><strong>Trastornos del Movimiento<\/strong><\/a>, entro otras patolog\u00edas) en pacientes que no responden al tratamiento. Por este motivo, el Dr.\u00a0<strong><a href=\"http:\/\/www.barnaclinic.com\/profesionales\/189\/jordi-rumia-arboix\" target=\"_blank\" rel=\"noopener\">Rumi\u00e0<\/a><\/strong>, coordinador del programa, afirma: \u00abEs crucial detectar lo antes posible las resistencias a los f\u00e1rmacos, ya que si el paciente se puede operar, la recuperaci\u00f3n es mejor y con menos secuelas\u00bb.<\/p>\n<p>&nbsp;<\/p>\n<blockquote>\n<h4><em><strong><a href=\"http:\/\/www.barnaclinic.com\/profesionales\/189\/jordi-rumia-arboix\"><img loading=\"lazy\" decoding=\"async\" class=\"alignleft wp-image-283\" title=\"Jordi Rumia\" src=\"http:\/\/www.barnaclinic.com\/blog\/wp-content\/uploads\/2015\/12\/rumia.png\" alt=\"rumia\" width=\"90\" height=\"90\" \/><\/a>\u00abEs crucial detectar lo antes posible las resistencias a los f\u00e1rmacos. Si el paciente se puede operar, la recuperaci\u00f3n es mejor y con menos secuelas\u00bb<\/strong><\/em><\/h4>\n<p><a href=\"http:\/\/www.barnaclinic.com\/profesionales\/189\/jordi-rumia-arboix\" target=\"_blank\" rel=\"noopener\">Dr. Jordi Rumi\u00e0<\/a><\/p><\/blockquote>\n<p><a href=\"http:\/\/www.barnaclinic.com\/solicitar-cita\/index\/?profesional=189\" rel=\"attachment wp-att-399\"><img loading=\"lazy\" decoding=\"async\" class=\"aligncenter wp-image-399\" title=\"Cita Jordi Rumia\" src=\"http:\/\/www.barnaclinic.com\/blog\/wp-content\/uploads\/2015\/12\/BANNER-CITA-LITTLE-RuMIA-300x29.png\" alt=\"BANNER-CITA-LITTLE-RuMIA\" width=\"800\" height=\"76\" srcset=\"https:\/\/www.barnaclinic.com\/blog\/wp-content\/uploads\/2015\/12\/BANNER-CITA-LITTLE-RuMIA-300x29.png 300w, https:\/\/www.barnaclinic.com\/blog\/wp-content\/uploads\/2015\/12\/BANNER-CITA-LITTLE-RuMIA-768x73.png 768w, https:\/\/www.barnaclinic.com\/blog\/wp-content\/uploads\/2015\/12\/BANNER-CITA-LITTLE-RuMIA-1024x98.png 1024w, https:\/\/www.barnaclinic.com\/blog\/wp-content\/uploads\/2015\/12\/BANNER-CITA-LITTLE-RuMIA.png 1468w\" sizes=\"auto, (max-width: 800px) 100vw, 800px\" \/><\/a><\/p>\n<p><strong>Casi el 33% de los pacientes con <a href=\"https:\/\/www.barnaclinic.com\/es\/neurologia\/epilepsia\/\" target=\"_blank\" rel=\"noopener\">Epilepsia<\/a> no responde al tratamiento farmacol\u00f3gico<\/strong>.\u00a0En lo que se refiere a los <strong>Trastornos del Movimiento<\/strong>, entre ellos el <a href=\"https:\/\/www.barnaclinic.com\/es\/trastornos-del-movimiento\/parkinson\/\"><strong>Parkinson<\/strong><\/a>, a\u00a0pesar de una menor incidencia general,\u00a0la resistencia a los f\u00e1rmacos y los efectos secundarios son m\u00e1s\u00a0severos.<\/p>\n<h1>\u00bfQui\u00e9n se puede beneficiar del programa?<\/h1>\n<p>Seg\u00fan el Dr. <strong><a href=\"http:\/\/www.barnaclinic.com\/profesionales\/101\/francesc-valldeoriola-serra\" target=\"_blank\" rel=\"noopener\">Francesc Valldeoriola<\/a><\/strong>, Responsable de la <strong>Unidad de <a href=\"https:\/\/www.barnaclinic.com\/es\/trastornos-del-movimiento\/\" target=\"_blank\" rel=\"noopener\">Trastornos del Movimiento<\/a><\/strong>: \u00abDe los pacientes que no responden a los f\u00e1rmacos, <strong>un 30 % se pueden beneficiar de una intervenci\u00f3n<\/strong> para extirpar el foco que causa el problema neurol\u00f3gico o de la <strong>estimulaci\u00f3n cerebral para eliminar las crisis<\/strong>\u00ab.<\/p>\n<p>&nbsp;<\/p>\n<blockquote>\n<h4><em><strong><em><strong><a href=\"http:\/\/www.barnaclinic.com\/profesionales\/101\/francesc-valldeoriola-serra\"><img loading=\"lazy\" decoding=\"async\" class=\"alignleft wp-image-285\" title=\"Francesc Valldeoriola\" src=\"http:\/\/www.barnaclinic.com\/blog\/wp-content\/uploads\/2015\/12\/valldeoriola.png\" width=\"90\" height=\"90\" \/><\/a><\/strong><\/em>\u00abDe los pacientes que no responden a los f\u00e1rmacos, un 30 % se pueden beneficiar de una intervenci\u00f3n\u00bb<\/strong><\/em><\/h4>\n<p><a href=\"http:\/\/www.barnaclinic.com\/profesionales\/101\/francesc-valldeoriola-serra\" target=\"_blank\" rel=\"noopener\">Dr. Francesc Valldeoriola<\/a><\/p><\/blockquote>\n<p>&nbsp;<\/p>\n<p><a href=\"http:\/\/www.barnaclinic.com\/solicitar-cita\/index\/?profesional=101\" rel=\"attachment wp-att-401\"><img loading=\"lazy\" decoding=\"async\" class=\"aligncenter wp-image-401\" title=\"Cita Valldeoriola\" src=\"http:\/\/www.barnaclinic.com\/blog\/wp-content\/uploads\/2015\/12\/BANNER-CITA-LITTLE-VALLDEORIOLA-300x29.png\" alt=\"BANNER-CITA-LITTLE-VALLDEORIOLA\" width=\"800\" height=\"76\" srcset=\"https:\/\/www.barnaclinic.com\/blog\/wp-content\/uploads\/2015\/12\/BANNER-CITA-LITTLE-VALLDEORIOLA-300x29.png 300w, https:\/\/www.barnaclinic.com\/blog\/wp-content\/uploads\/2015\/12\/BANNER-CITA-LITTLE-VALLDEORIOLA-768x73.png 768w, https:\/\/www.barnaclinic.com\/blog\/wp-content\/uploads\/2015\/12\/BANNER-CITA-LITTLE-VALLDEORIOLA-1024x98.png 1024w, https:\/\/www.barnaclinic.com\/blog\/wp-content\/uploads\/2015\/12\/BANNER-CITA-LITTLE-VALLDEORIOLA.png 1468w\" sizes=\"auto, (max-width: 800px) 100vw, 800px\" \/><\/a><\/p>\n<p>Los avances tecnol\u00f3gicos en <strong>neurocirug\u00eda<\/strong> han permitido ofrecer tratamientos y t\u00e9cnicas quir\u00fargicas a pacientes que antes no pod\u00edan ser tratados. La Dra. <strong><a href=\"http:\/\/www.barnaclinic.com\/profesionales\/25\/maria-del-mar-carreno-martinez\" target=\"_blank\" rel=\"noopener\">Mar Carre\u00f1o<\/a><\/strong>, Coordinadora de la <a href=\"https:\/\/www.barnaclinic.com\/es\/neurologia\/epilepsia\/\" target=\"_blank\" rel=\"noopener\"><strong>Unitad de Epilepsia<\/strong><\/a>, destaca adem\u00e1s la baja mortalidad de este tipo de intervenciones: \u00abinferior al 1%\u00bb. El \u00e9xito de esta cirug\u00eda, seg\u00fan la Dra. Carre\u00f1o, permite \u00abofrecer este tratamiento a aquellos pacientes que no controlan bien los s\u00edntomas con la medicaci\u00f3n.<\/p>\n<p>&nbsp;<\/p>\n<blockquote>\n<h4><em><strong><em><strong><a href=\"http:\/\/www.barnaclinic.com\/profesionales\/25\/maria-del-mar-carreno-martinez\"><img loading=\"lazy\" decoding=\"async\" class=\"alignleft wp-image-287\" title=\"Mar Carre\u00f1o\" src=\"http:\/\/www.barnaclinic.com\/blog\/wp-content\/uploads\/2015\/12\/carreno.png\" width=\"90\" height=\"90\" \/><\/a><\/strong><\/em>\u00abLa baja mortalidad en este tipo de intervenciones, inferior al 1 %, permite\u00a0ofrecer esta posibilidad a aquellos pacientes que no controlan bien los s\u00edntomas con la medicaci\u00f3n\u00bb<\/strong><\/em><\/h4>\n<p><a href=\"http:\/\/www.barnaclinic.com\/profesionales\/25\/maria-del-mar-carreno-martinez\" target=\"_blank\" rel=\"noopener\">Dra. Mar Carre\u00f1o<\/a><\/p><\/blockquote>\n<p><a href=\"http:\/\/www.barnaclinic.com\/solicitar-cita\/index\/?profesional=25\" rel=\"attachment wp-att-402\"><img loading=\"lazy\" decoding=\"async\" class=\"aligncenter wp-image-402\" title=\"Mar Carre\u00f1o Cita\" src=\"http:\/\/www.barnaclinic.com\/blog\/wp-content\/uploads\/2015\/12\/BANNER-CITA-LITTLE-CARRENO-300x29.png\" alt=\"BANNER-CITA-LITTLE-CARRENO\" width=\"800\" height=\"76\" srcset=\"https:\/\/www.barnaclinic.com\/blog\/wp-content\/uploads\/2015\/12\/BANNER-CITA-LITTLE-CARRENO-300x29.png 300w, https:\/\/www.barnaclinic.com\/blog\/wp-content\/uploads\/2015\/12\/BANNER-CITA-LITTLE-CARRENO-768x73.png 768w, https:\/\/www.barnaclinic.com\/blog\/wp-content\/uploads\/2015\/12\/BANNER-CITA-LITTLE-CARRENO-1024x98.png 1024w, https:\/\/www.barnaclinic.com\/blog\/wp-content\/uploads\/2015\/12\/BANNER-CITA-LITTLE-CARRENO.png 1468w\" sizes=\"auto, (max-width: 800px) 100vw, 800px\" \/><\/a><\/p>\n<p>Para acabar, el Dr.\u00a0<strong><a href=\"http:\/\/www.barnaclinic.com\/profesionales\/189\/jordi-rumia-arboix\" target=\"_blank\" rel=\"noopener\">Jordi Rumi\u00e0<\/a><\/strong>\u00a0destaca la importancia de que los pacientes afectados, los m\u00e9dicos de referencia, de cabecera y los pediatras \u00abconozcan la existencia de esta cirug\u00eda como opci\u00f3n de tratamiento, adem\u00e1s de los beneficios que puede comportar cuando las otras estrategias terap\u00e9uticas fallan\u00bb.<em style=\"line-height: 26.6667px;\">\u00a0<\/em><\/p>\n","protected":false},"excerpt":{"rendered":"<p>El Programa de Neurocirug\u00eda Funcional del Hospital Cl\u00ednic de Barcelona\u00a0cumple 20 a\u00f1os, en los que se han intervenido casi 1.000 pacientes con epilepsia y trastornos del movimiento. El Dr. Jordi Rumi\u00e0,\u00a0Coordinador del Programa, lo puso en marcha en 1995, junto con los Coordinadores de las Unitades de Epilepsia y de Trastornos del Movimiento del Hospital [&hellip;]<\/p>\n","protected":false},"author":2,"featured_media":290,"comment_status":"open","ping_status":"open","sticky":false,"template":"","format":"standard","meta":{"footnotes":""},"categories":[5,183,1],"tags":[23,63,62,66,37,64,65],"class_list":["post-282","post","type-post","status-publish","format-standard","has-post-thumbnail","hentry","category-info-barnaclinic","category-neurocirugia","category-sin-categoria","tag-cirugia","tag-epilepsia","tag-funcional","tag-movimiento","tag-neurocirugia","tag-parkinson","tag-trastornos"],"yoast_head":"<!-- This site is optimized with the Yoast SEO plugin v19.14 - https:\/\/yoast.com\/wordpress\/plugins\/seo\/ -->\n<title>Neurocirug\u00eda Funcional, 20 a\u00f1os y casi 1.000 intervenciones<\/title>\n<meta name=\"description\" content=\"El Programa de Neurocirug\u00eda Funcional del Hospital Cl\u00ednic cumple 20 a\u00f1os. Se han intervenido casi 1.000 pacientes con epilepsia y trastornos del movimiento.\" \/>\n<meta name=\"robots\" content=\"index, follow, max-snippet:-1, max-image-preview:large, max-video-preview:-1\" \/>\n<link rel=\"canonical\" href=\"https:\/\/www.barnaclinic.com\/blog\/blog\/neurocirugia-funcional-20-anos\/\" \/>\n<meta property=\"og:locale\" content=\"es_ES\" \/>\n<meta property=\"og:type\" content=\"article\" \/>\n<meta property=\"og:title\" content=\"Neurocirug\u00eda Funcional, 20 a\u00f1os y casi 1.000 intervenciones\" \/>\n<meta property=\"og:description\" content=\"El Programa de Neurocirug\u00eda Funcional del Hospital Cl\u00ednic cumple 20 a\u00f1os. Se han intervenido casi 1.000 pacientes con epilepsia y trastornos del movimiento.\" \/>\n<meta property=\"og:url\" content=\"https:\/\/www.barnaclinic.com\/blog\/blog\/neurocirugia-funcional-20-anos\/\" \/>\n<meta property=\"og:site_name\" content=\"Blog barnacl\u00ednic+\" \/>\n<meta property=\"article:published_time\" content=\"2015-12-03T15:36:09+00:00\" \/>\n<meta property=\"article:modified_time\" content=\"2025-04-15T14:45:08+00:00\" \/>\n<meta property=\"og:image\" content=\"https:\/\/www.barnaclinic.com\/blog\/wp-content\/uploads\/2015\/12\/nuerocirugia-funcional-rumia.png\" \/>\n\t<meta property=\"og:image:width\" content=\"800\" \/>\n\t<meta property=\"og:image:height\" content=\"350\" \/>\n\t<meta property=\"og:image:type\" content=\"image\/png\" \/>\n<meta name=\"author\" content=\"barnacl\u00ednic+\" \/>\n<meta name=\"twitter:label1\" content=\"Escrito por\" \/>\n\t<meta name=\"twitter:data1\" content=\"barnacl\u00ednic+\" \/>\n\t<meta name=\"twitter:label2\" content=\"Tiempo de lectura\" \/>\n\t<meta name=\"twitter:data2\" content=\"3 minutos\" \/>\n<script type=\"application\/ld+json\" class=\"yoast-schema-graph\">{\"@context\":\"https:\/\/schema.org\",\"@graph\":[{\"@type\":\"WebPage\",\"@id\":\"https:\/\/www.barnaclinic.com\/blog\/blog\/neurocirugia-funcional-20-anos\/\",\"url\":\"https:\/\/www.barnaclinic.com\/blog\/blog\/neurocirugia-funcional-20-anos\/\",\"name\":\"Neurocirug\u00eda Funcional, 20 a\u00f1os y casi 1.000 intervenciones\",\"isPartOf\":{\"@id\":\"https:\/\/www.barnaclinic.com\/blog\/#website\"},\"datePublished\":\"2015-12-03T15:36:09+00:00\",\"dateModified\":\"2025-04-15T14:45:08+00:00\",\"author\":{\"@id\":\"https:\/\/www.barnaclinic.com\/blog\/#\/schema\/person\/062c0219c54bbf07163f34494da33e17\"},\"description\":\"El Programa de Neurocirug\u00eda Funcional del Hospital Cl\u00ednic cumple 20 a\u00f1os. Se han intervenido casi 1.000 pacientes con epilepsia y trastornos del movimiento.\",\"inLanguage\":\"es\",\"potentialAction\":[{\"@type\":\"ReadAction\",\"target\":[\"https:\/\/www.barnaclinic.com\/blog\/blog\/neurocirugia-funcional-20-anos\/\"]}]},{\"@type\":\"WebSite\",\"@id\":\"https:\/\/www.barnaclinic.com\/blog\/#website\",\"url\":\"https:\/\/www.barnaclinic.com\/blog\/\",\"name\":\"Blog barnacl\u00ednic+\",\"description\":\"Informaci\u00f3n y novedades sobre los servicios y profesionales de barnacl\u00ednic+, Hospital Cl\u00ednic de Barcelona\",\"potentialAction\":[{\"@type\":\"SearchAction\",\"target\":{\"@type\":\"EntryPoint\",\"urlTemplate\":\"https:\/\/www.barnaclinic.com\/blog\/?s={search_term_string}\"},\"query-input\":\"required name=search_term_string\"}],\"inLanguage\":\"es\"},{\"@type\":\"Person\",\"@id\":\"https:\/\/www.barnaclinic.com\/blog\/#\/schema\/person\/062c0219c54bbf07163f34494da33e17\",\"name\":\"barnacl\u00ednic+\",\"url\":\"https:\/\/www.barnaclinic.com\/blog\/blog\/author\/alex\/\"}]}<\/script>\n<!-- \/ Yoast SEO plugin. -->","yoast_head_json":{"title":"Neurocirug\u00eda Funcional, 20 a\u00f1os y casi 1.000 intervenciones","description":"El Programa de Neurocirug\u00eda Funcional del Hospital Cl\u00ednic cumple 20 a\u00f1os. Se han intervenido casi 1.000 pacientes con epilepsia y trastornos del movimiento.","robots":{"index":"index","follow":"follow","max-snippet":"max-snippet:-1","max-image-preview":"max-image-preview:large","max-video-preview":"max-video-preview:-1"},"canonical":"https:\/\/www.barnaclinic.com\/blog\/blog\/neurocirugia-funcional-20-anos\/","og_locale":"es_ES","og_type":"article","og_title":"Neurocirug\u00eda Funcional, 20 a\u00f1os y casi 1.000 intervenciones","og_description":"El Programa de Neurocirug\u00eda Funcional del Hospital Cl\u00ednic cumple 20 a\u00f1os. Se han intervenido casi 1.000 pacientes con epilepsia y trastornos del movimiento.","og_url":"https:\/\/www.barnaclinic.com\/blog\/blog\/neurocirugia-funcional-20-anos\/","og_site_name":"Blog barnacl\u00ednic+","article_published_time":"2015-12-03T15:36:09+00:00","article_modified_time":"2025-04-15T14:45:08+00:00","og_image":[{"width":800,"height":350,"url":"https:\/\/www.barnaclinic.com\/blog\/wp-content\/uploads\/2015\/12\/nuerocirugia-funcional-rumia.png","type":"image\/png"}],"author":"barnacl\u00ednic+","twitter_misc":{"Escrito por":"barnacl\u00ednic+","Tiempo de lectura":"3 minutos"},"schema":{"@context":"https:\/\/schema.org","@graph":[{"@type":"WebPage","@id":"https:\/\/www.barnaclinic.com\/blog\/blog\/neurocirugia-funcional-20-anos\/","url":"https:\/\/www.barnaclinic.com\/blog\/blog\/neurocirugia-funcional-20-anos\/","name":"Neurocirug\u00eda Funcional, 20 a\u00f1os y casi 1.000 intervenciones","isPartOf":{"@id":"https:\/\/www.barnaclinic.com\/blog\/#website"},"datePublished":"2015-12-03T15:36:09+00:00","dateModified":"2025-04-15T14:45:08+00:00","author":{"@id":"https:\/\/www.barnaclinic.com\/blog\/#\/schema\/person\/062c0219c54bbf07163f34494da33e17"},"description":"El Programa de Neurocirug\u00eda Funcional del Hospital Cl\u00ednic cumple 20 a\u00f1os. Se han intervenido casi 1.000 pacientes con epilepsia y trastornos del movimiento.","inLanguage":"es","potentialAction":[{"@type":"ReadAction","target":["https:\/\/www.barnaclinic.com\/blog\/blog\/neurocirugia-funcional-20-anos\/"]}]},{"@type":"WebSite","@id":"https:\/\/www.barnaclinic.com\/blog\/#website","url":"https:\/\/www.barnaclinic.com\/blog\/","name":"Blog barnacl\u00ednic+","description":"Informaci\u00f3n y novedades sobre los servicios y profesionales de barnacl\u00ednic+, Hospital Cl\u00ednic de Barcelona","potentialAction":[{"@type":"SearchAction","target":{"@type":"EntryPoint","urlTemplate":"https:\/\/www.barnaclinic.com\/blog\/?s={search_term_string}"},"query-input":"required name=search_term_string"}],"inLanguage":"es"},{"@type":"Person","@id":"https:\/\/www.barnaclinic.com\/blog\/#\/schema\/person\/062c0219c54bbf07163f34494da33e17","name":"barnacl\u00ednic+","url":"https:\/\/www.barnaclinic.com\/blog\/blog\/author\/alex\/"}]}},"_links":{"self":[{"href":"https:\/\/www.barnaclinic.com\/blog\/wp-json\/wp\/v2\/posts\/282","targetHints":{"allow":["GET"]}}],"collection":[{"href":"https:\/\/www.barnaclinic.com\/blog\/wp-json\/wp\/v2\/posts"}],"about":[{"href":"https:\/\/www.barnaclinic.com\/blog\/wp-json\/wp\/v2\/types\/post"}],"author":[{"embeddable":true,"href":"https:\/\/www.barnaclinic.com\/blog\/wp-json\/wp\/v2\/users\/2"}],"replies":[{"embeddable":true,"href":"https:\/\/www.barnaclinic.com\/blog\/wp-json\/wp\/v2\/comments?post=282"}],"version-history":[{"count":13,"href":"https:\/\/www.barnaclinic.com\/blog\/wp-json\/wp\/v2\/posts\/282\/revisions"}],"predecessor-version":[{"id":5144,"href":"https:\/\/www.barnaclinic.com\/blog\/wp-json\/wp\/v2\/posts\/282\/revisions\/5144"}],"wp:featuredmedia":[{"embeddable":true,"href":"https:\/\/www.barnaclinic.com\/blog\/wp-json\/wp\/v2\/media\/290"}],"wp:attachment":[{"href":"https:\/\/www.barnaclinic.com\/blog\/wp-json\/wp\/v2\/media?parent=282"}],"wp:term":[{"taxonomy":"category","embeddable":true,"href":"https:\/\/www.barnaclinic.com\/blog\/wp-json\/wp\/v2\/categories?post=282"},{"taxonomy":"post_tag","embeddable":true,"href":"https:\/\/www.barnaclinic.com\/blog\/wp-json\/wp\/v2\/tags?post=282"}],"curies":[{"name":"wp","href":"https:\/\/api.w.org\/{rel}","templated":true}]}}