{"id":1901,"date":"2021-02-01T14:57:45","date_gmt":"2021-02-01T14:57:45","guid":{"rendered":"http:\/\/www.barnaclinic.com\/blog\/?p=1901"},"modified":"2021-02-02T11:15:08","modified_gmt":"2021-02-02T11:15:08","slug":"test-molecular-diagnostico-del-cancer","status":"publish","type":"post","link":"https:\/\/www.barnaclinic.com\/blog\/blog\/test-molecular-diagnostico-del-cancer\/","title":{"rendered":"Un nuevo test molecular detecta alteraciones gen\u00e9ticas en los tumores y mejora el diagn\u00f3stico y tratamiento personalizado del c\u00e1ncer"},"content":{"rendered":"<p>En el <a href=\"https:\/\/www.clinicbarcelona.org\/\">Grupo Hospital Cl\u00ednic<\/a> contamos con una <strong>nueva opci\u00f3n para el diagn\u00f3stico molecular del c\u00e1ncer avanzado<\/strong>. Se trata de un nuevo test basado en tecnolog\u00eda de <a href=\"https:\/\/www.ncbi.nlm.nih.gov\/pmc\/articles\/PMC3841808\/\" target=\"_blank\" rel=\"noopener noreferrer\">Next Generation Sequencing (NGS)<\/a> que, mediante el an\u00e1lisis del ADN y ARN del tumor, detecta m\u00faltiples alteraciones gen\u00e9ticas en 52 de sus genes. Esta nueva prueba de <strong>diagn\u00f3stico del c\u00e1ncer<\/strong> permite personalizar aun m\u00e1s el tratamiento. Adem\u00e1s, mejora los tests actuales para el <strong><a href=\"https:\/\/www.barnaclinic.com\/es\/diagnostico-cancer-de-pulmon\/\" target=\"_blank\" rel=\"noopener noreferrer\">diagn\u00f3stico del c\u00e1ncer de pulm\u00f3n<\/a>, de c\u00f3lon y recto y de melanoma<\/strong>.<\/p>\n<p><!--more--><\/p>\n<div id=\"estoy-interesado\" class=\"destacat-site\">\n<h4 style=\"padding-left: 30px;\">LE PUEDE INTERESAR\u2026<\/h4>\n<h4 style=\"padding-left: 30px;\"><a href=\"https:\/\/www.barnaclinic.com\/es\/oncologia-medica\/estudio-genetico-cancer\/\" target=\"_blank\" rel=\"noopener noreferrer\">Estudio gen\u00e9tico para detecci\u00f3n de riesgo de c\u00e1ncer<\/a><\/h4>\n<\/div>\n<h2>Pioneros en la utilizaci\u00f3n de tests gen\u00e9ticos para el diagn\u00f3stico del c\u00e1ncer<\/h2>\n<p>El\u00a0<a href=\"https:\/\/www.clinicbarcelona.org\/\">Grupo Hospital Cl\u00ednic<\/a> es pionero en la implementaci\u00f3n y utilizaci\u00f3n de <a href=\"https:\/\/www.barnaclinic.com\/es\/oncologia-medica\/estudio-genetico-cancer\/\" target=\"_blank\" rel=\"noopener noreferrer\">tests gen\u00e9ticos y moleculares para el diagn\u00f3stico del c\u00e1ncer<\/a>. En 2016, introdujo la utilizaci\u00f3n de forma rutinaria de un test gen\u00e9tico de 22 genes para el\u00a0<strong><a href=\"https:\/\/www.barnaclinic.com\/es\/diagnostico-cancer-de-pulmon\/\" target=\"_blank\" rel=\"noopener noreferrer\">diagn\u00f3stico del c\u00e1ncer de pulm\u00f3n<\/a>, de c\u00f3lon y recto y de melanoma<\/strong>. Con esta nueva prueba se analizar\u00e1n 52 genes para los que existe un tratamiento espec\u00edfico aprobado o que abrir\u00e1n las puertas a la participaci\u00f3n en un ensayo cl\u00ednico.<\/p>\n<h2>Mejora el tratamiento personalizado del c\u00e1ncer<\/h2>\n<p>Este <strong>nuevo test molecular<\/strong> detecta todas las alteraciones gen\u00e9ticas tratables actualmente, pero tambi\u00e9n las que pueden serlo en el futuro. Ampliar el panel de genes analizado, asegura la detecci\u00f3n de aun m\u00e1s alteraciones gen\u00e9ticas con tratamiento potencial, conocido o futuro. Como afirma el Dr.\u00a0<a href=\"https:\/\/www.barnaclinic.com\/es\/cuadro-medico\/308\/aleix\" target=\"_blank\" rel=\"noopener noreferrer\">Aleix Prat<\/a>, jefe del <a href=\"https:\/\/www.clinicbarcelona.org\/servicio\/oncologia-medica\" target=\"_blank\" rel=\"noopener noreferrer\">Servicio de Oncolog\u00eda M\u00e9dica del Cl\u00ednic<\/a> y <a href=\"https:\/\/www.barnaclinic.com\/es\/cuadro-medico\/308\/aleix\" target=\"_blank\" rel=\"noopener noreferrer\">onc\u00f3logo de barnacl\u00ednic+<\/a>, \u201ceste nuevo test gen\u00e9tico para el diagn\u00f3stico del c\u00e1ncer nos ofrece una imagen m\u00e1s completa de la biolog\u00eda del tumor. Gracias a ello, podemos ofrecer un tratamiento m\u00e1s adecuado para cada caso\u201d.<\/p>\n<p>Por otro lado, la aplicaci\u00f3n rutinaria de esta nueva prueba permitir\u00e1 adquirir m\u00e1s experiencia con la tecnolog\u00eda de diagn\u00f3stico, lo cual ayudar\u00e1 a mejorar la t\u00e9cnica y aspirar a niveles superiores de calidad asistencial.<\/p>\n<blockquote>\n<h4><a href=\"https:\/\/www.barnaclinic.com\/es\/cuadro-medico\/308\/aleix\"><img loading=\"lazy\" decoding=\"async\" class=\"alignleft wp-image-1404\" src=\"http:\/\/www.barnaclinic.com\/blog\/wp-content\/uploads\/2019\/08\/Captura-de-pantalla-2019-08-30-a-las-11.33.25-150x150.png\" alt=\"Aleix Prat\" width=\"90\" height=\"90\" srcset=\"https:\/\/www.barnaclinic.com\/blog\/wp-content\/uploads\/2019\/08\/Captura-de-pantalla-2019-08-30-a-las-11.33.25-150x150.png 150w, https:\/\/www.barnaclinic.com\/blog\/wp-content\/uploads\/2019\/08\/Captura-de-pantalla-2019-08-30-a-las-11.33.25-300x300.png 300w, https:\/\/www.barnaclinic.com\/blog\/wp-content\/uploads\/2019\/08\/Captura-de-pantalla-2019-08-30-a-las-11.33.25.png 718w\" sizes=\"auto, (max-width: 90px) 100vw, 90px\" \/><\/a><\/h4>\n<h4>\u201cEste nuevo test gen\u00e9tico para el diagn\u00f3stico del c\u00e1ncer nos ofrece una imagen m\u00e1s completa de la biolog\u00eda del tumor. Gracias a ello, podemos ofrecer un tratamiento m\u00e1s adecuado para cada caso\u201d<\/h4>\n<p>Dr. <a href=\"https:\/\/www.barnaclinic.com\/es\/cuadro-medico\/308\/aleix\" target=\"_blank\" rel=\"noopener noreferrer\">Aleix Prat<\/a>, <a href=\"https:\/\/www.barnaclinic.com\/es\/oncologia-medica\/\" target=\"_blank\" rel=\"noopener noreferrer\">Oncolog\u00eda M\u00e9dica<\/a><\/p><\/blockquote>\n<div id=\"estoy-interesado\" class=\"destacat-site\">\n<h4 style=\"padding-left: 30px;\">LE PUEDE INTERESAR\u2026<\/h4>\n<p style=\"padding-left: 30px;\"><strong>&#8211;\u00a0 <a href=\"http:\/\/www.barnaclinic.com\/blog\/oncologia\/medicina-de-precision-oncologia\/\" target=\"_blank\" rel=\"noopener noreferrer\">\u00bfQu\u00e9 es la medicina de precisi\u00f3n y cu\u00e1l es el futuro de la oncolog\u00eda?<\/a><\/strong><\/p>\n<p style=\"padding-left: 30px;\"><strong>&#8211;\u00a0<a href=\"http:\/\/www.barnaclinic.com\/blog\/oncologia\/biopsia-liquida\/\" target=\"_blank\" rel=\"noopener noreferrer\">La biopsia l\u00edquida, diagn\u00f3stico del c\u00e1ncer no invasivo, tratamiento personalizado y seguimiento<\/a><\/strong><\/p>\n<p style=\"padding-left: 30px;\"><strong>&#8211; <a href=\"http:\/\/www.barnaclinic.com\/blog\/blog\/guardant-360\/\" target=\"_blank\" rel=\"noopener noreferrer\">El mejor test de biopsia l\u00edquida para pacientes con c\u00e1ncer avanzado llega a barnacl\u00ednic+<\/a><\/strong><\/p>\n<\/div>\n<h2>El Grupo Hospital Cl\u00ednic, a la vanguardia en el diagn\u00f3stico molecular del c\u00e1ncer<\/h2>\n<p>Con la implementaci\u00f3n de este nueva prueba, el <a href=\"https:\/\/www.barnaclinic.com\/es\/oncologia-medica\/\" target=\"_blank\" rel=\"noopener noreferrer\">Servicio de Oncolog\u00eda M\u00e9dica<\/a> del <a href=\"https:\/\/www.clinicbarcelona.org\/servicio\/oncologia-medica\" target=\"_blank\" rel=\"noopener noreferrer\">Grupo Hospital Cl\u00ednic<\/a> se posiciona a la vanguardia de la aplicaci\u00f3n cl\u00ednica del <strong>diagn\u00f3stico molecular del c\u00e1ncer<\/strong>. La tecnolog\u00eda utilizara, el n\u00famero de genes analizados y los tipos de c\u00e1ncer estudiados de forma rutinaria (<strong><a href=\"https:\/\/www.barnaclinic.com\/es\/diagnostico-cancer-de-pulmon\/\" target=\"_blank\" rel=\"noopener noreferrer\">c\u00e1ncer de pulm\u00f3n<\/a><\/strong>, mama, <a href=\"https:\/\/www.barnaclinic.com\/es\/especialidades\/8\/cancer-de-colon-y-recto\" target=\"_blank\" rel=\"noopener noreferrer\">colon y recto<\/a>, melanoma, v\u00eda biliar, <a href=\"https:\/\/www.barnaclinic.com\/blog\/cirugia-del-pancreas\/cancer-pancreas-tratamiento\/\" target=\"_blank\" rel=\"noopener noreferrer\">p\u00e1ncreas<\/a>, <a href=\"https:\/\/www.barnaclinic.com\/blog\/cirugia-de-tiroides\/cancer-de-tiroides\/\" target=\"_blank\" rel=\"noopener noreferrer\">tiroides<\/a>, <a href=\"http:\/\/www.barnaclinic.com\/blog\/orl\/tumor-de-la-glandula-salival\/\" target=\"_blank\" rel=\"noopener noreferrer\">gl\u00e1ndulas salivales<\/a> y vejiga) le sit\u00faan a la cabeza en el panorama nacional.<\/p>\n<hr \/>\n<div id=\"cita\" class=\"destacat-site\">\n<h4 style=\"padding-left: 15px; padding-right: 15px;\" align=\"CENTER\"><span style=\"color: white;\">\u00bfDESEA M\u00c1S INFORMACI\u00d3N SOBRE EL DIAGN\u00d3STICO MOLECULAR DEL C\u00c0NCER O QUIERE CONTACTAR CON EL SERVICIO DE ONCOLOG\u00cdA M\u00c9DICA?<\/span><\/h4>\n<p class=\"boto\" style=\"padding-left: 30px; padding-right: 20px;\" align=\"center\"><a class=\"button button--cita\" href=\"https:\/\/www.barnaclinic.com\/es\/solicitar-cita\/?especialidad=128\" target=\"_blank\" rel=\"noopener noreferrer\">PEDIR CITA PRESENCIAL<\/a> |\u00a0<a class=\"button button--televisita\" href=\"https:\/\/www.barnaclinic.com\/es\/solicitar-televisita\/?especialidad=128\" target=\"_blank\" rel=\"noopener noreferrer\">SOLICITAR TELEVISITA<\/a><\/p>\n<\/div>\n","protected":false},"excerpt":{"rendered":"<p>En el Grupo Hospital Cl\u00ednic contamos con una nueva opci\u00f3n para el diagn\u00f3stico molecular del c\u00e1ncer avanzado. Se trata de un nuevo test basado en tecnolog\u00eda de Next Generation Sequencing (NGS) que, mediante el an\u00e1lisis del ADN y ARN del tumor, detecta m\u00faltiples alteraciones gen\u00e9ticas en 52 de sus genes. Esta nueva prueba de diagn\u00f3stico [&hellip;]<\/p>\n","protected":false},"author":2,"featured_media":1909,"comment_status":"open","ping_status":"open","sticky":false,"template":"","format":"standard","meta":{"footnotes":""},"categories":[278,433],"tags":[281,240,518,802,801,800,495,799,805,431,806,279,497,804,803],"class_list":["post-1901","post","type-post","status-publish","format-standard","has-post-thumbnail","hentry","category-oncologia-medica","category-pruebas-de-diagnostico","tag-aleix-prat","tag-cancer","tag-cancer-avanzado","tag-cancer-colorectal","tag-cancer-de-colon-y-recto","tag-cancer-de-pulmon","tag-diagnostico-del-cancer","tag-diagnostico-molecular","tag-dr-aleix-prat","tag-estudio-genetico","tag-melanoma","tag-oncologia","tag-oncologia-medica","tag-test-genetico","tag-test-molecular"],"yoast_head":"<!-- This site is optimized with the Yoast SEO plugin v19.14 - https:\/\/yoast.com\/wordpress\/plugins\/seo\/ -->\n<title>Nuevo test molecular mejora diagn\u00f3stico y tratamiento personalizado del c\u00e1ncer<\/title>\n<meta name=\"description\" content=\"Desde hace unas semanas, el Grupo Hospital Cl\u00ednic cuenta con una nueva prueba para el diagn\u00f3stico molecular del c\u00e1ncer avanzado...\" \/>\n<meta name=\"robots\" content=\"index, follow, max-snippet:-1, max-image-preview:large, max-video-preview:-1\" \/>\n<link rel=\"canonical\" href=\"https:\/\/www.barnaclinic.com\/blog\/blog\/test-molecular-diagnostico-del-cancer\/\" \/>\n<meta property=\"og:locale\" content=\"es_ES\" \/>\n<meta property=\"og:type\" content=\"article\" \/>\n<meta property=\"og:title\" content=\"Nuevo test molecular mejora diagn\u00f3stico y tratamiento personalizado del c\u00e1ncer\" \/>\n<meta property=\"og:description\" content=\"Desde hace unas semanas, el Grupo Hospital Cl\u00ednic cuenta con una nueva prueba para el diagn\u00f3stico molecular del c\u00e1ncer avanzado...\" \/>\n<meta property=\"og:url\" content=\"https:\/\/www.barnaclinic.com\/blog\/blog\/test-molecular-diagnostico-del-cancer\/\" \/>\n<meta property=\"og:site_name\" content=\"Blog barnacl\u00ednic+\" \/>\n<meta property=\"article:published_time\" content=\"2021-02-01T14:57:45+00:00\" \/>\n<meta property=\"article:modified_time\" content=\"2021-02-02T11:15:08+00:00\" \/>\n<meta property=\"og:image\" content=\"https:\/\/www.barnaclinic.com\/blog\/wp-content\/uploads\/2021\/02\/test-molecular-diagnostico-cancer.jpg\" \/>\n\t<meta property=\"og:image:width\" content=\"800\" \/>\n\t<meta property=\"og:image:height\" content=\"350\" \/>\n\t<meta property=\"og:image:type\" content=\"image\/jpeg\" \/>\n<meta name=\"author\" content=\"barnacl\u00ednic+\" \/>\n<meta name=\"twitter:label1\" content=\"Escrito por\" \/>\n\t<meta name=\"twitter:data1\" content=\"barnacl\u00ednic+\" \/>\n\t<meta name=\"twitter:label2\" content=\"Tiempo de lectura\" \/>\n\t<meta name=\"twitter:data2\" content=\"3 minutos\" \/>\n<script type=\"application\/ld+json\" class=\"yoast-schema-graph\">{\"@context\":\"https:\/\/schema.org\",\"@graph\":[{\"@type\":\"WebPage\",\"@id\":\"https:\/\/www.barnaclinic.com\/blog\/blog\/test-molecular-diagnostico-del-cancer\/\",\"url\":\"https:\/\/www.barnaclinic.com\/blog\/blog\/test-molecular-diagnostico-del-cancer\/\",\"name\":\"Nuevo test molecular mejora diagn\u00f3stico y tratamiento personalizado del c\u00e1ncer\",\"isPartOf\":{\"@id\":\"https:\/\/www.barnaclinic.com\/blog\/#website\"},\"datePublished\":\"2021-02-01T14:57:45+00:00\",\"dateModified\":\"2021-02-02T11:15:08+00:00\",\"author\":{\"@id\":\"https:\/\/www.barnaclinic.com\/blog\/#\/schema\/person\/062c0219c54bbf07163f34494da33e17\"},\"description\":\"Desde hace unas semanas, el Grupo Hospital Cl\u00ednic cuenta con una nueva prueba para el diagn\u00f3stico molecular del c\u00e1ncer avanzado...\",\"inLanguage\":\"es\",\"potentialAction\":[{\"@type\":\"ReadAction\",\"target\":[\"https:\/\/www.barnaclinic.com\/blog\/blog\/test-molecular-diagnostico-del-cancer\/\"]}]},{\"@type\":\"WebSite\",\"@id\":\"https:\/\/www.barnaclinic.com\/blog\/#website\",\"url\":\"https:\/\/www.barnaclinic.com\/blog\/\",\"name\":\"Blog barnacl\u00ednic+\",\"description\":\"Informaci\u00f3n y novedades sobre los servicios y profesionales de barnacl\u00ednic+, Hospital Cl\u00ednic de Barcelona\",\"potentialAction\":[{\"@type\":\"SearchAction\",\"target\":{\"@type\":\"EntryPoint\",\"urlTemplate\":\"https:\/\/www.barnaclinic.com\/blog\/?s={search_term_string}\"},\"query-input\":\"required name=search_term_string\"}],\"inLanguage\":\"es\"},{\"@type\":\"Person\",\"@id\":\"https:\/\/www.barnaclinic.com\/blog\/#\/schema\/person\/062c0219c54bbf07163f34494da33e17\",\"name\":\"barnacl\u00ednic+\",\"url\":\"https:\/\/www.barnaclinic.com\/blog\/blog\/author\/alex\/\"}]}<\/script>\n<!-- \/ Yoast SEO plugin. -->","yoast_head_json":{"title":"Nuevo test molecular mejora diagn\u00f3stico y tratamiento personalizado del c\u00e1ncer","description":"Desde hace unas semanas, el Grupo Hospital Cl\u00ednic cuenta con una nueva prueba para el diagn\u00f3stico molecular del c\u00e1ncer avanzado...","robots":{"index":"index","follow":"follow","max-snippet":"max-snippet:-1","max-image-preview":"max-image-preview:large","max-video-preview":"max-video-preview:-1"},"canonical":"https:\/\/www.barnaclinic.com\/blog\/blog\/test-molecular-diagnostico-del-cancer\/","og_locale":"es_ES","og_type":"article","og_title":"Nuevo test molecular mejora diagn\u00f3stico y tratamiento personalizado del c\u00e1ncer","og_description":"Desde hace unas semanas, el Grupo Hospital Cl\u00ednic cuenta con una nueva prueba para el diagn\u00f3stico molecular del c\u00e1ncer avanzado...","og_url":"https:\/\/www.barnaclinic.com\/blog\/blog\/test-molecular-diagnostico-del-cancer\/","og_site_name":"Blog barnacl\u00ednic+","article_published_time":"2021-02-01T14:57:45+00:00","article_modified_time":"2021-02-02T11:15:08+00:00","og_image":[{"width":800,"height":350,"url":"https:\/\/www.barnaclinic.com\/blog\/wp-content\/uploads\/2021\/02\/test-molecular-diagnostico-cancer.jpg","type":"image\/jpeg"}],"author":"barnacl\u00ednic+","twitter_misc":{"Escrito por":"barnacl\u00ednic+","Tiempo de lectura":"3 minutos"},"schema":{"@context":"https:\/\/schema.org","@graph":[{"@type":"WebPage","@id":"https:\/\/www.barnaclinic.com\/blog\/blog\/test-molecular-diagnostico-del-cancer\/","url":"https:\/\/www.barnaclinic.com\/blog\/blog\/test-molecular-diagnostico-del-cancer\/","name":"Nuevo test molecular mejora diagn\u00f3stico y tratamiento personalizado del c\u00e1ncer","isPartOf":{"@id":"https:\/\/www.barnaclinic.com\/blog\/#website"},"datePublished":"2021-02-01T14:57:45+00:00","dateModified":"2021-02-02T11:15:08+00:00","author":{"@id":"https:\/\/www.barnaclinic.com\/blog\/#\/schema\/person\/062c0219c54bbf07163f34494da33e17"},"description":"Desde hace unas semanas, el Grupo Hospital Cl\u00ednic cuenta con una nueva prueba para el diagn\u00f3stico molecular del c\u00e1ncer avanzado...","inLanguage":"es","potentialAction":[{"@type":"ReadAction","target":["https:\/\/www.barnaclinic.com\/blog\/blog\/test-molecular-diagnostico-del-cancer\/"]}]},{"@type":"WebSite","@id":"https:\/\/www.barnaclinic.com\/blog\/#website","url":"https:\/\/www.barnaclinic.com\/blog\/","name":"Blog barnacl\u00ednic+","description":"Informaci\u00f3n y novedades sobre los servicios y profesionales de barnacl\u00ednic+, Hospital Cl\u00ednic de Barcelona","potentialAction":[{"@type":"SearchAction","target":{"@type":"EntryPoint","urlTemplate":"https:\/\/www.barnaclinic.com\/blog\/?s={search_term_string}"},"query-input":"required name=search_term_string"}],"inLanguage":"es"},{"@type":"Person","@id":"https:\/\/www.barnaclinic.com\/blog\/#\/schema\/person\/062c0219c54bbf07163f34494da33e17","name":"barnacl\u00ednic+","url":"https:\/\/www.barnaclinic.com\/blog\/blog\/author\/alex\/"}]}},"_links":{"self":[{"href":"https:\/\/www.barnaclinic.com\/blog\/wp-json\/wp\/v2\/posts\/1901","targetHints":{"allow":["GET"]}}],"collection":[{"href":"https:\/\/www.barnaclinic.com\/blog\/wp-json\/wp\/v2\/posts"}],"about":[{"href":"https:\/\/www.barnaclinic.com\/blog\/wp-json\/wp\/v2\/types\/post"}],"author":[{"embeddable":true,"href":"https:\/\/www.barnaclinic.com\/blog\/wp-json\/wp\/v2\/users\/2"}],"replies":[{"embeddable":true,"href":"https:\/\/www.barnaclinic.com\/blog\/wp-json\/wp\/v2\/comments?post=1901"}],"version-history":[{"count":13,"href":"https:\/\/www.barnaclinic.com\/blog\/wp-json\/wp\/v2\/posts\/1901\/revisions"}],"predecessor-version":[{"id":1963,"href":"https:\/\/www.barnaclinic.com\/blog\/wp-json\/wp\/v2\/posts\/1901\/revisions\/1963"}],"wp:featuredmedia":[{"embeddable":true,"href":"https:\/\/www.barnaclinic.com\/blog\/wp-json\/wp\/v2\/media\/1909"}],"wp:attachment":[{"href":"https:\/\/www.barnaclinic.com\/blog\/wp-json\/wp\/v2\/media?parent=1901"}],"wp:term":[{"taxonomy":"category","embeddable":true,"href":"https:\/\/www.barnaclinic.com\/blog\/wp-json\/wp\/v2\/categories?post=1901"},{"taxonomy":"post_tag","embeddable":true,"href":"https:\/\/www.barnaclinic.com\/blog\/wp-json\/wp\/v2\/tags?post=1901"}],"curies":[{"name":"wp","href":"https:\/\/api.w.org\/{rel}","templated":true}]}}