{"id":1616,"date":"2020-05-12T11:22:45","date_gmt":"2020-05-12T11:22:45","guid":{"rendered":"http:\/\/www.barnaclinic.com\/blog\/?p=1616"},"modified":"2024-05-24T08:24:05","modified_gmt":"2024-05-24T08:24:05","slug":"enfermeria-del-hospital-clinic","status":"publish","type":"post","link":"https:\/\/www.barnaclinic.com\/blog\/blog\/enfermeria-del-hospital-clinic\/","title":{"rendered":"barnacl\u00ednic+ potencia la formaci\u00f3n del equipo de enfermer\u00eda del Hospital Cl\u00ednic"},"content":{"rendered":"<p>El pasado 12 de mayo se celebr\u00f3 el <a href=\"https:\/\/www.clinicbarcelona.org\/noticias\/la-mirada-enfermera-una-vision-de-360o\" target=\"_blank\" rel=\"noopener noreferrer\"><strong>D\u00eda Internacional de la Enfermer\u00eda<\/strong><\/a>. Como cada a\u00f1o, en ocasi\u00f3n de su celebraci\u00f3n, se anunciaron los profesionales ganadores de los <strong>permisos Sab\u00e0tics<\/strong> <strong>2020<\/strong>. <strong>Los permisos Sab\u00e0tics<\/strong> son una iniciativa de <a href=\"https:\/\/www.clinicbarcelona.org\/estructura-organizativa\/direccion-enfermeria\" target=\"_blank\" rel=\"noopener noreferrer\"><strong>Direcci\u00f3n de enfermer\u00eda\u00a0del Hospital Cl\u00ednic de Barcelona<\/strong><\/a> y <strong>cuentan con la colaboraci\u00f3n y financiaci\u00f3n de barnacl\u00ednic+. <\/strong>Los <strong>Sab\u00e0tics<\/strong> tienen el objetivo de <strong>promover la investigaci\u00f3n y el conocimiento de los equipos de enfermer\u00eda<\/strong>, mejorando as\u00ed la atenci\u00f3n de los pacientes.<\/p>\n<p><!--more--><\/p>\n<h2><strong>\u00bfEN QU\u00c9 CONSISTEN LOS PERMISOS SAB\u00c0TICS?<\/strong><\/h2>\n<p>Los <strong>permisos Sab\u00e0tics<\/strong>\u00a0tienen como objetivo la mejora asistencial, mediante la formaci\u00f3n en el extranjero de profesionales de\u00a0<a href=\"https:\/\/www.hospitalclinic.org\/es\/profesional\/direccion-enfermera\/la-organizacion-enfermera\"><strong>enfermer\u00eda del Hospital Cl\u00ednic<\/strong><\/a>. Proyectos como <strong>Sab\u00e0tics<\/strong> permiten incorporar a la instituci\u00f3n nuevas acciones para la mejora en la cura y la atenci\u00f3n de los pacientes. La de 2020 ha sido la quinta edici\u00f3n de unos <strong>Sab\u00e0tics<\/strong> que, en esta ocasi\u00f3n, han tenido una duraci\u00f3n de entre 1 y 3 meses, y de los que se han beneficiado seis <strong>enfermeras del Hospital Cl\u00ednic<\/strong>, que han hecho estancias formativas en: Estados Unidos, Reino Unido, Finlandia, Colombia, Suecia y Francia.<\/p>\n<h2><strong>\u00bfQUI\u00c9NES HAN REALIZADO O REALIZAR\u00c1N LOS PERMISOS SAB\u00c0TICS?<\/strong><\/h2>\n<p>Los <strong>permisos Sab\u00e0tics<\/strong> se conceden a <strong>profesionales de enfermer\u00eda del Hospital Cl\u00ednic de Barcelona<\/strong>, que hayan presentado la solicitud y que, siguiendo una serie de criterios, vengan elegidos por un comit\u00e9. Este a\u00f1o, han disfrutado de los <strong>permisos Sab\u00e0tics<\/strong>:<\/p>\n<ul>\n<li><strong> Anna Ballesteros Urp\u00ed (ICN):<\/strong>\u201cProyecto piloto de soporte mutuo (peer suport) en el Hospital de D\u00eda Infanto-Juvenil de Psiquiatr\u00eda\u201d. (<a href=\"https:\/\/medicine.yale.edu\/\" target=\"_blank\" rel=\"noopener noreferrer\">Yale School of Medicine<\/a>, Estados Unidos y <a href=\"https:\/\/www.nottinghamshirehealthcare.nhs.uk\/\" target=\"_blank\" rel=\"noopener noreferrer\">Nottinghamshire Healthcare NHS Foundation Trust<\/a>, Reino Unido). Aprobado para 2,5 meses.<\/li>\n<li><strong> Cindy Fr\u00edas Torres (ICN):<\/strong>\u201cEmpowering patient education in mental health nursing: psychoeducational program and relapse prevention\u201d. (<a href=\"https:\/\/www.utu.fi\/en\" target=\"_blank\" rel=\"noopener noreferrer\">University of Turku<\/a>, Finlandia). Aprobado para 1 mes.<\/li>\n<li><strong> Amanda Luis Gago (ICGON):<\/strong>\u201cManejo de la preeclampsia grave y la eclampsia\u201d. (<a href=\"https:\/\/www.maternidadrafaelcalvo.gov.co\/nws\/index.php\" target=\"_blank\" rel=\"noopener noreferrer\">Empresa Social del Estado Cl\u00ednica Maternidad Rafael Calvo<\/a>, Cartagena de Indias, Colombia). Aprobado para 1,5 meses.<\/li>\n<li><strong> Ana Mart\u00edn Asensio (ICNU)<\/strong>: \u201cCuidados enfermeros: fast-track de la cistectomia radical. Proyecto de implementaci\u00f3n\u201d. (<a href=\"https:\/\/www.karolinska.se\/en\/karolinska-university-hospital\/\" target=\"_blank\" rel=\"noopener noreferrer\">Karolinska Hospital<\/a>, Suecia). Aprobado para 2 meses.<\/li>\n<li><strong>N\u00faria Montagut Colomer (ICN):\u00a0<\/strong>\u201cIntervenci\u00f3n logop\u00e9dica presencial y teleterapia en la afasia progresiva primaria\u201d. (<a href=\"https:\/\/www.utexas.edu\/\" target=\"_blank\" rel=\"noopener noreferrer\">The University of Texas at Austin<\/a>, Estados Unidos). Aprobado para 2 meses.<\/li>\n<li><strong>Ana M\u00aa Ram\u00edrez Gallardo (ICR):<\/strong>\u201cAn\u00e1lisis de las necesidades del paciente con hipertensi\u00f3n arterial pulmonar desde la perspectiva de dos modelos sanitarios diferentes\u201d. (<a href=\"http:\/\/hopital-bicetre.aphp.fr\/\" target=\"_blank\" rel=\"noopener noreferrer\">H\u00f4pital Le Bic\u00eatre<\/a>, Francia). Aprobado para 2 meses.<\/li>\n<\/ul>\n","protected":false},"excerpt":{"rendered":"<p>El pasado 12 de mayo se celebr\u00f3 el D\u00eda Internacional de la Enfermer\u00eda. Como cada a\u00f1o, en ocasi\u00f3n de su celebraci\u00f3n, se anunciaron los profesionales ganadores de los permisos Sab\u00e0tics 2020. Los permisos Sab\u00e0tics son una iniciativa de Direcci\u00f3n de enfermer\u00eda\u00a0del Hospital Cl\u00ednic de Barcelona y cuentan con la colaboraci\u00f3n y financiaci\u00f3n de barnacl\u00ednic+. Los [&hellip;]<\/p>\n","protected":false},"author":2,"featured_media":1617,"comment_status":"open","ping_status":"open","sticky":false,"template":"","format":"standard","meta":{"footnotes":""},"categories":[566,5,79],"tags":[243,468,940,941,260,619,618,259,276,469,242],"class_list":["post-1616","post","type-post","status-publish","format-standard","has-post-thumbnail","hentry","category-grupo-hospital-clinic-de-barcelona","category-info-barnaclinic","category-nuestros-profesionales","tag-becas","tag-becas-sabatics","tag-dia-internacional-de-la-enfermera","tag-dia-internacional-de-la-enfermeria","tag-enfermeria","tag-enfermeria-del-clinic","tag-enfermeria-del-hospital-clinic-de-barcelona","tag-formacion","tag-investigacion","tag-permisos","tag-sabatics","has-post-video"],"yoast_head":"<!-- This site is optimized with the Yoast SEO plugin v19.14 - https:\/\/yoast.com\/wordpress\/plugins\/seo\/ -->\n<title>barnacl\u00ednic+ potencia la formaci\u00f3n de enfermer\u00eda del Hospital Cl\u00ednic<\/title>\n<meta name=\"description\" content=\"Los permisos Sab\u00e0tics son una iniciativa de Gesti\u00f3n de Enfermer\u00eda del Hospital Cl\u00ednic de Barcelona, con la colaboraci\u00f3n y financiaci\u00f3n de barnacl\u00ednic+...\" \/>\n<meta name=\"robots\" content=\"index, follow, max-snippet:-1, max-image-preview:large, max-video-preview:-1\" \/>\n<link rel=\"canonical\" href=\"https:\/\/www.barnaclinic.com\/blog\/blog\/enfermeria-del-hospital-clinic\/\" \/>\n<meta property=\"og:locale\" content=\"es_ES\" \/>\n<meta property=\"og:type\" content=\"article\" \/>\n<meta property=\"og:title\" content=\"barnacl\u00ednic+ potencia la formaci\u00f3n de enfermer\u00eda del Hospital Cl\u00ednic\" \/>\n<meta property=\"og:description\" content=\"Los permisos Sab\u00e0tics son una iniciativa de Gesti\u00f3n de Enfermer\u00eda del Hospital Cl\u00ednic de Barcelona, con la colaboraci\u00f3n y financiaci\u00f3n de barnacl\u00ednic+...\" \/>\n<meta property=\"og:url\" content=\"https:\/\/www.barnaclinic.com\/blog\/blog\/enfermeria-del-hospital-clinic\/\" \/>\n<meta property=\"og:site_name\" content=\"Blog barnacl\u00ednic+\" \/>\n<meta property=\"article:published_time\" content=\"2020-05-12T11:22:45+00:00\" \/>\n<meta property=\"article:modified_time\" content=\"2024-05-24T08:24:05+00:00\" \/>\n<meta property=\"og:image\" content=\"https:\/\/www.barnaclinic.com\/blog\/wp-content\/uploads\/2020\/05\/Sab\u00e0tics-2020-Infermeria.jpeg\" \/>\n\t<meta property=\"og:image:width\" content=\"1280\" \/>\n\t<meta property=\"og:image:height\" content=\"720\" \/>\n\t<meta property=\"og:image:type\" content=\"image\/jpeg\" \/>\n<meta name=\"author\" content=\"barnacl\u00ednic+\" \/>\n<meta name=\"twitter:label1\" content=\"Escrito por\" \/>\n\t<meta name=\"twitter:data1\" content=\"barnacl\u00ednic+\" \/>\n\t<meta name=\"twitter:label2\" content=\"Tiempo de lectura\" \/>\n\t<meta name=\"twitter:data2\" content=\"2 minutos\" \/>\n<script type=\"application\/ld+json\" class=\"yoast-schema-graph\">{\"@context\":\"https:\/\/schema.org\",\"@graph\":[{\"@type\":\"WebPage\",\"@id\":\"https:\/\/www.barnaclinic.com\/blog\/blog\/enfermeria-del-hospital-clinic\/\",\"url\":\"https:\/\/www.barnaclinic.com\/blog\/blog\/enfermeria-del-hospital-clinic\/\",\"name\":\"barnacl\u00ednic+ potencia la formaci\u00f3n de enfermer\u00eda del Hospital Cl\u00ednic\",\"isPartOf\":{\"@id\":\"https:\/\/www.barnaclinic.com\/blog\/#website\"},\"datePublished\":\"2020-05-12T11:22:45+00:00\",\"dateModified\":\"2024-05-24T08:24:05+00:00\",\"author\":{\"@id\":\"https:\/\/www.barnaclinic.com\/blog\/#\/schema\/person\/062c0219c54bbf07163f34494da33e17\"},\"description\":\"Los permisos Sab\u00e0tics son una iniciativa de Gesti\u00f3n de Enfermer\u00eda del Hospital Cl\u00ednic de Barcelona, con la colaboraci\u00f3n y financiaci\u00f3n de barnacl\u00ednic+...\",\"inLanguage\":\"es\",\"potentialAction\":[{\"@type\":\"ReadAction\",\"target\":[\"https:\/\/www.barnaclinic.com\/blog\/blog\/enfermeria-del-hospital-clinic\/\"]}]},{\"@type\":\"WebSite\",\"@id\":\"https:\/\/www.barnaclinic.com\/blog\/#website\",\"url\":\"https:\/\/www.barnaclinic.com\/blog\/\",\"name\":\"Blog barnacl\u00ednic+\",\"description\":\"Informaci\u00f3n y novedades sobre los servicios y profesionales de barnacl\u00ednic+, Hospital Cl\u00ednic de Barcelona\",\"potentialAction\":[{\"@type\":\"SearchAction\",\"target\":{\"@type\":\"EntryPoint\",\"urlTemplate\":\"https:\/\/www.barnaclinic.com\/blog\/?s={search_term_string}\"},\"query-input\":\"required name=search_term_string\"}],\"inLanguage\":\"es\"},{\"@type\":\"Person\",\"@id\":\"https:\/\/www.barnaclinic.com\/blog\/#\/schema\/person\/062c0219c54bbf07163f34494da33e17\",\"name\":\"barnacl\u00ednic+\",\"url\":\"https:\/\/www.barnaclinic.com\/blog\/blog\/author\/alex\/\"}]}<\/script>\n<!-- \/ Yoast SEO plugin. -->","yoast_head_json":{"title":"barnacl\u00ednic+ potencia la formaci\u00f3n de enfermer\u00eda del Hospital Cl\u00ednic","description":"Los permisos Sab\u00e0tics son una iniciativa de Gesti\u00f3n de Enfermer\u00eda del Hospital Cl\u00ednic de Barcelona, con la colaboraci\u00f3n y financiaci\u00f3n de barnacl\u00ednic+...","robots":{"index":"index","follow":"follow","max-snippet":"max-snippet:-1","max-image-preview":"max-image-preview:large","max-video-preview":"max-video-preview:-1"},"canonical":"https:\/\/www.barnaclinic.com\/blog\/blog\/enfermeria-del-hospital-clinic\/","og_locale":"es_ES","og_type":"article","og_title":"barnacl\u00ednic+ potencia la formaci\u00f3n de enfermer\u00eda del Hospital Cl\u00ednic","og_description":"Los permisos Sab\u00e0tics son una iniciativa de Gesti\u00f3n de Enfermer\u00eda del Hospital Cl\u00ednic de Barcelona, con la colaboraci\u00f3n y financiaci\u00f3n de barnacl\u00ednic+...","og_url":"https:\/\/www.barnaclinic.com\/blog\/blog\/enfermeria-del-hospital-clinic\/","og_site_name":"Blog barnacl\u00ednic+","article_published_time":"2020-05-12T11:22:45+00:00","article_modified_time":"2024-05-24T08:24:05+00:00","og_image":[{"width":1280,"height":720,"url":"https:\/\/www.barnaclinic.com\/blog\/wp-content\/uploads\/2020\/05\/Sab\u00e0tics-2020-Infermeria.jpeg","type":"image\/jpeg"}],"author":"barnacl\u00ednic+","twitter_misc":{"Escrito por":"barnacl\u00ednic+","Tiempo de lectura":"2 minutos"},"schema":{"@context":"https:\/\/schema.org","@graph":[{"@type":"WebPage","@id":"https:\/\/www.barnaclinic.com\/blog\/blog\/enfermeria-del-hospital-clinic\/","url":"https:\/\/www.barnaclinic.com\/blog\/blog\/enfermeria-del-hospital-clinic\/","name":"barnacl\u00ednic+ potencia la formaci\u00f3n de enfermer\u00eda del Hospital Cl\u00ednic","isPartOf":{"@id":"https:\/\/www.barnaclinic.com\/blog\/#website"},"datePublished":"2020-05-12T11:22:45+00:00","dateModified":"2024-05-24T08:24:05+00:00","author":{"@id":"https:\/\/www.barnaclinic.com\/blog\/#\/schema\/person\/062c0219c54bbf07163f34494da33e17"},"description":"Los permisos Sab\u00e0tics son una iniciativa de Gesti\u00f3n de Enfermer\u00eda del Hospital Cl\u00ednic de Barcelona, con la colaboraci\u00f3n y financiaci\u00f3n de barnacl\u00ednic+...","inLanguage":"es","potentialAction":[{"@type":"ReadAction","target":["https:\/\/www.barnaclinic.com\/blog\/blog\/enfermeria-del-hospital-clinic\/"]}]},{"@type":"WebSite","@id":"https:\/\/www.barnaclinic.com\/blog\/#website","url":"https:\/\/www.barnaclinic.com\/blog\/","name":"Blog barnacl\u00ednic+","description":"Informaci\u00f3n y novedades sobre los servicios y profesionales de barnacl\u00ednic+, Hospital Cl\u00ednic de Barcelona","potentialAction":[{"@type":"SearchAction","target":{"@type":"EntryPoint","urlTemplate":"https:\/\/www.barnaclinic.com\/blog\/?s={search_term_string}"},"query-input":"required name=search_term_string"}],"inLanguage":"es"},{"@type":"Person","@id":"https:\/\/www.barnaclinic.com\/blog\/#\/schema\/person\/062c0219c54bbf07163f34494da33e17","name":"barnacl\u00ednic+","url":"https:\/\/www.barnaclinic.com\/blog\/blog\/author\/alex\/"}]}},"_links":{"self":[{"href":"https:\/\/www.barnaclinic.com\/blog\/wp-json\/wp\/v2\/posts\/1616","targetHints":{"allow":["GET"]}}],"collection":[{"href":"https:\/\/www.barnaclinic.com\/blog\/wp-json\/wp\/v2\/posts"}],"about":[{"href":"https:\/\/www.barnaclinic.com\/blog\/wp-json\/wp\/v2\/types\/post"}],"author":[{"embeddable":true,"href":"https:\/\/www.barnaclinic.com\/blog\/wp-json\/wp\/v2\/users\/2"}],"replies":[{"embeddable":true,"href":"https:\/\/www.barnaclinic.com\/blog\/wp-json\/wp\/v2\/comments?post=1616"}],"version-history":[{"count":3,"href":"https:\/\/www.barnaclinic.com\/blog\/wp-json\/wp\/v2\/posts\/1616\/revisions"}],"predecessor-version":[{"id":1622,"href":"https:\/\/www.barnaclinic.com\/blog\/wp-json\/wp\/v2\/posts\/1616\/revisions\/1622"}],"wp:featuredmedia":[{"embeddable":true,"href":"https:\/\/www.barnaclinic.com\/blog\/wp-json\/wp\/v2\/media\/1617"}],"wp:attachment":[{"href":"https:\/\/www.barnaclinic.com\/blog\/wp-json\/wp\/v2\/media?parent=1616"}],"wp:term":[{"taxonomy":"category","embeddable":true,"href":"https:\/\/www.barnaclinic.com\/blog\/wp-json\/wp\/v2\/categories?post=1616"},{"taxonomy":"post_tag","embeddable":true,"href":"https:\/\/www.barnaclinic.com\/blog\/wp-json\/wp\/v2\/tags?post=1616"}],"curies":[{"name":"wp","href":"https:\/\/api.w.org\/{rel}","templated":true}]}}