{"id":1468,"date":"2019-11-20T10:08:45","date_gmt":"2019-11-20T10:08:45","guid":{"rendered":"http:\/\/www.barnaclinic.com\/blog\/?p=1468"},"modified":"2024-03-22T09:18:17","modified_gmt":"2024-03-22T09:18:17","slug":"top-doctors-awards-2019","status":"publish","type":"post","link":"https:\/\/www.barnaclinic.com\/blog\/blog\/top-doctors-awards-2019\/","title":{"rendered":"Los Top Doctors Awards reconocen a tres profesionales barnacl\u00ednic+ como los mejores del pa\u00eds en 2019"},"content":{"rendered":"<p>Hace unos d\u00edas se anunci\u00f3 el resultado de los <strong><a href=\"https:\/\/www.topdoctors.es\/top-doctors-awards\/\" target=\"_blank\" rel=\"noopener noreferrer\">Top Doctors Awards 2019<\/a><\/strong>, que reconocen a los mejores profesionales del pa\u00eds que forman parte de <a href=\"https:\/\/www.topdoctors.es\/\" target=\"_blank\" rel=\"noopener noreferrer\">TopDoctors.es<\/a>. Un a\u00f1o mas, y como en todas las ediciones desde su inauguraci\u00f3n, <strong>barnacl\u00ednic+<\/strong> cuenta con presencia destacada. Tres profesionales de nuestro <a href=\"https:\/\/www.barnaclinic.com\/es\/cuadro-medico\/\" target=\"_blank\" rel=\"noopener noreferrer\">cuadro m\u00e9dico<\/a> han sido reconocidos por sus colegas como <strong>los mejores de sus respectivas especialidades<\/strong>.<\/p>\n<p><!--more--><\/p>\n<p>Los profesionales del <a href=\"https:\/\/www.barnaclinic.com\/es\/cuadro-medico\/\" target=\"_blank\" rel=\"noopener noreferrer\">cuadro m\u00e9dico de barnacl\u00ednic+<\/a>\u00a0premiados en los\u00a0<a href=\"https:\/\/www.topdoctors.es\/top-doctors-awards\/\" target=\"_blank\" rel=\"noopener noreferrer\"><strong>Top Doctors Awards 2019<\/strong><\/a> han sido:<\/p>\n<hr \/>\n<p style=\"padding-left: 60px;\"><a href=\"https:\/\/www.barnaclinic.com\/es\/cuadro-medico\/119\/antonio-m\"><img loading=\"lazy\" decoding=\"async\" class=\"alignleft wp-image-1471\" src=\"http:\/\/www.barnaclinic.com\/blog\/wp-content\/uploads\/2019\/11\/lacy-150x150.jpeg\" alt=\"\" width=\"90\" height=\"90\" srcset=\"https:\/\/www.barnaclinic.com\/blog\/wp-content\/uploads\/2019\/11\/lacy-150x150.jpeg 150w, https:\/\/www.barnaclinic.com\/blog\/wp-content\/uploads\/2019\/11\/lacy-300x300.jpeg 300w, https:\/\/www.barnaclinic.com\/blog\/wp-content\/uploads\/2019\/11\/lacy.jpeg 450w\" sizes=\"auto, (max-width: 90px) 100vw, 90px\" \/><\/a><\/p>\n<h4 style=\"padding-left: 60px;\">Dr.\u00a0<a href=\"http:\/\/www.barnaclinic.com\/profesionales\/119\/antonio-m\" target=\"_blank\" rel=\"noopener noreferrer\">Antonio M. De Lacy<\/a><\/h4>\n<p style=\"padding-left: 60px;\"><a href=\"http:\/\/www.barnaclinic.com\/especialidades\/74\/cirugia-general-y-digestiva\" target=\"_blank\" rel=\"noopener noreferrer\">Cirug\u00eda General y digestiva<\/a><\/p>\n<hr \/>\n<p style=\"padding-left: 60px;\"><a href=\"https:\/\/www.barnaclinic.com\/es\/cuadro-medico\/121\/vicente\"><img loading=\"lazy\" decoding=\"async\" class=\"alignleft wp-image-1474\" src=\"http:\/\/www.barnaclinic.com\/blog\/wp-content\/uploads\/2019\/11\/vicente-riambau-150x150.jpg\" alt=\"\" width=\"90\" height=\"90\" srcset=\"https:\/\/www.barnaclinic.com\/blog\/wp-content\/uploads\/2019\/11\/vicente-riambau-150x150.jpg 150w, https:\/\/www.barnaclinic.com\/blog\/wp-content\/uploads\/2019\/11\/vicente-riambau-300x300.jpg 300w, https:\/\/www.barnaclinic.com\/blog\/wp-content\/uploads\/2019\/11\/vicente-riambau.jpg 309w\" sizes=\"auto, (max-width: 90px) 100vw, 90px\" \/><\/a><\/p>\n<h4 style=\"padding-left: 60px;\">Dr.\u00a0<a href=\"https:\/\/www.barnaclinic.com\/es\/cuadro-medico\/121\/vicente\" target=\"_blank\" rel=\"noopener noreferrer\">Vicente Riambau<\/a><\/h4>\n<p><a href=\"https:\/\/www.barnaclinic.com\/es\/especialidades\/6\/angiologia-y-cirugia-vascular\" target=\"_blank\" rel=\"noopener noreferrer\">Angiolog\u00eda y Cirug\u00eda Vascular<\/a><\/p>\n<hr \/>\n<p style=\"padding-left: 60px;\"><a href=\"https:\/\/www.barnaclinic.com\/es\/cuadro-medico\/285\/maria-jose\"><img loading=\"lazy\" decoding=\"async\" class=\"alignleft wp-image-1476\" src=\"http:\/\/www.barnaclinic.com\/blog\/wp-content\/uploads\/2019\/11\/maria-j-ribal-150x150.jpg\" alt=\"\" width=\"90\" height=\"90\" srcset=\"https:\/\/www.barnaclinic.com\/blog\/wp-content\/uploads\/2019\/11\/maria-j-ribal-150x150.jpg 150w, https:\/\/www.barnaclinic.com\/blog\/wp-content\/uploads\/2019\/11\/maria-j-ribal-300x300.jpg 300w, https:\/\/www.barnaclinic.com\/blog\/wp-content\/uploads\/2019\/11\/maria-j-ribal.jpg 307w\" sizes=\"auto, (max-width: 90px) 100vw, 90px\" \/><\/a><\/p>\n<h4 style=\"padding-left: 60px;\">Dr.\u00a0<a href=\"https:\/\/www.barnaclinic.com\/es\/cuadro-medico\/285\/maria-jose\" target=\"_blank\" rel=\"noopener noreferrer\">Maria Jos\u00e9 Ribal<\/a><\/h4>\n<p><a href=\"https:\/\/www.barnaclinic.com\/es\/especialidades\/61\/urologia\" target=\"_blank\" rel=\"noopener noreferrer\">Urolog\u00eda<\/a><\/p>\n<hr \/>\n<h2>\u00bfQu\u00e9 son los Top Doctors Awards?<\/h2>\n<p>Los\u00a0<a href=\"https:\/\/www.topdoctors.es\/top-doctors-awards\/\" target=\"_blank\" rel=\"noopener noreferrer\"><strong>Premios Top Doctors Awards<\/strong><\/a> los entrega cada a\u00f1o el portal m\u00e9dico\u00a0<a href=\"https:\/\/www.topdoctors.es\/\" target=\"_blank\" rel=\"noopener noreferrer\">TopDoctors.es<\/a>\u00a0como reconocimiento de la Excelencia M\u00e9dica. En nuestro pa\u00eds existen desde el a\u00f1o 2014, pero hace m\u00e1s de diez a\u00f1os que se entregan en Estados Unidos. Los\u00a0<a href=\"https:\/\/www.topdoctors.es\/top-doctors-awards\/\" target=\"_blank\" rel=\"noopener noreferrer\"><strong>Top Doctors Awards<\/strong><\/a> tienen un valor especial ya que, los premiados, son escogidos por los otros profesionales de la plataforma.<\/p>\n<h2>barnacl\u00ednic+ en los Top Doctors Awards<\/h2>\n<p>Con los <strong>tres profesionales premiados<\/strong> este a\u00f1o, <strong>barnacl\u00ednic+<\/strong> ha estado presente en todas las ediciones de los\u00a0<a href=\"https:\/\/www.topdoctors.es\/top-doctors-awards\/\" target=\"_blank\" rel=\"noopener noreferrer\"><strong>Top Doctors Awards<\/strong><\/a>, sumando un total de 14 premios, repartidos entre 9 profesionales. Con el premio de este a\u00f1o, el Dr.<a href=\"http:\/\/www.barnaclinic.com\/profesionales\/119\/antonio-m\" target=\"_blank\" rel=\"noopener noreferrer\">Antonio de Lacy<\/a> acumula\u00a04\u00a0<a href=\"https:\/\/www.topdoctors.es\/top-doctors-awards\/\" target=\"_blank\" rel=\"noopener noreferrer\"><strong>Top Doctors Awards<\/strong><\/a>\u00a0y la Dra.\u00a0<a href=\"https:\/\/www.barnaclinic.com\/es\/cuadro-medico\/285\/maria-jose\" target=\"_blank\" rel=\"noopener noreferrer\">Maria Jos\u00e9 Ribal<\/a>\u00a0tambi\u00e9n repite el premio que recibi\u00f3 en 2015 y 2018.<\/p>\n<hr \/>\n<h4>Top Doctors Awards 2018<\/h4>\n<p>Dr. <a href=\"http:\/\/www.barnaclinic.com\/profesionales\/119\/antonio-m\" target=\"_blank\" rel=\"noopener noreferrer\">Antonio M. de Lacy<\/a><\/p>\n<p>Dra. <a href=\"https:\/\/www.barnaclinic.com\/es\/cuadro-medico\/285\/maria-jose\" target=\"_blank\" rel=\"noopener noreferrer\">Maria Jos\u00e9 Ribal<\/a><\/p>\n<hr \/>\n<h4>Top Doctors Awards\u00a02017<\/h4>\n<p>Dr. <a href=\"https:\/\/www.barnaclinic.com\/es\/cuadro-medico\/24\/francisco\" target=\"_blank\" rel=\"noopener noreferrer\">Francisco Carmona<\/a><\/p>\n<p>Dr.\u00a0<a href=\"http:\/\/www.barnaclinic.com\/profesionales\/119\/antonio-m\" target=\"_blank\" rel=\"noopener noreferrer\">Antonio M. de Lacy<\/a><\/p>\n<hr \/>\n<h4>Top Doctors Awards\u00a02016<\/h4>\n<p>Dr.\u00a0<a href=\"http:\/\/www.barnaclinic.com\/profesionales\/119\/antonio-m\" target=\"_blank\" rel=\"noopener noreferrer\">Antonio M. de Lacy<\/a><\/p>\n<p>Dr. <a href=\"https:\/\/www.barnaclinic.com\/es\/cuadro-medico\/520\/eduard\" target=\"_blank\" rel=\"noopener noreferrer\">Eduard Garc\u00eda Cruz<\/a><\/p>\n<p>Dr. <a href=\"https:\/\/www.barnaclinic.com\/es\/cuadro-medico\/188\/laureano\" target=\"_blank\" rel=\"noopener noreferrer\">Laureano Molins L\u00f3pez-Rod\u00f3<\/a><\/p>\n<p>Dra. <a href=\"https:\/\/www.barnaclinic.com\/es\/cuadro-medico\/95\/marta\" target=\"_blank\" rel=\"noopener noreferrer\">Marta Sitges<\/a><\/p>\n<hr \/>\n<h4>Top Doctors Awards\u00a02015<\/h4>\n<p>Dra.\u00a0<a href=\"https:\/\/www.barnaclinic.com\/es\/cuadro-medico\/285\/maria-jose\" target=\"_blank\" rel=\"noopener noreferrer\">Maria Jos\u00e9 Ribal<\/a><\/p>\n<hr \/>\n<h4>Top Doctors Awards\u00a02014<\/h4>\n<p>Dr. <a href=\"https:\/\/www.barnaclinic.com\/es\/cuadro-medico\/45\/juan-carlos\" target=\"_blank\" rel=\"noopener noreferrer\">Juan Carlos Garc\u00eda-Valdecasas<\/a><\/p>\n<p>Dr. <a href=\"https:\/\/www.barnaclinic.com\/es\/cuadro-medico\/235\/eduard\" target=\"_blank\" rel=\"noopener noreferrer\">Eduard Gratac\u00f3s<\/a><\/p>\n<hr \/>\n<p>&nbsp;<\/p>\n","protected":false},"excerpt":{"rendered":"<p>Hace unos d\u00edas se anunci\u00f3 el resultado de los Top Doctors Awards 2019, que reconocen a los mejores profesionales del pa\u00eds que forman parte de TopDoctors.es. Un a\u00f1o mas, y como en todas las ediciones desde su inauguraci\u00f3n, barnacl\u00ednic+ cuenta con presencia destacada. Tres profesionales de nuestro cuadro m\u00e9dico han sido reconocidos por sus colegas [&hellip;]<\/p>\n","protected":false},"author":2,"featured_media":1470,"comment_status":"open","ping_status":"open","sticky":false,"template":"","format":"standard","meta":{"footnotes":""},"categories":[5],"tags":[534,2052,73,543,72,256,2053,544],"class_list":["post-1468","post","type-post","status-publish","format-standard","has-post-thumbnail","hentry","category-info-barnaclinic","tag-antonio-de-lacy","tag-dr-vicente-riambau","tag-maria-jose-ribal","tag-mejores-medicos","tag-top-doctors","tag-top-doctors-awards","tag-vicent-riambau","tag-vicente-riambau"],"yoast_head":"<!-- This site is optimized with the Yoast SEO plugin v19.14 - https:\/\/yoast.com\/wordpress\/plugins\/seo\/ -->\n<title>Los Top Doctors Awards reconocen a tres profesionales barnacl\u00ednic+ como los mejores del pa\u00eds en 2019 - Blog barnacl\u00ednic+<\/title>\n<meta name=\"robots\" content=\"index, follow, max-snippet:-1, max-image-preview:large, max-video-preview:-1\" \/>\n<link rel=\"canonical\" href=\"https:\/\/www.barnaclinic.com\/blog\/blog\/top-doctors-awards-2019\/\" \/>\n<meta property=\"og:locale\" content=\"es_ES\" \/>\n<meta property=\"og:type\" content=\"article\" \/>\n<meta property=\"og:title\" content=\"Los Top Doctors Awards reconocen a tres profesionales barnacl\u00ednic+ como los mejores del pa\u00eds en 2019 - Blog barnacl\u00ednic+\" \/>\n<meta property=\"og:description\" content=\"Hace unos d\u00edas se anunci\u00f3 el resultado de los Top Doctors Awards 2019, que reconocen a los mejores profesionales del pa\u00eds que forman parte de TopDoctors.es. Un a\u00f1o mas, y como en todas las ediciones desde su inauguraci\u00f3n, barnacl\u00ednic+ cuenta con presencia destacada. Tres profesionales de nuestro cuadro m\u00e9dico han sido reconocidos por sus colegas [&hellip;]\" \/>\n<meta property=\"og:url\" content=\"https:\/\/www.barnaclinic.com\/blog\/blog\/top-doctors-awards-2019\/\" \/>\n<meta property=\"og:site_name\" content=\"Blog barnacl\u00ednic+\" \/>\n<meta property=\"article:published_time\" content=\"2019-11-20T10:08:45+00:00\" \/>\n<meta property=\"article:modified_time\" content=\"2024-03-22T09:18:17+00:00\" \/>\n<meta property=\"og:image\" content=\"https:\/\/www.barnaclinic.com\/blog\/wp-content\/uploads\/2019\/11\/top-doctors-awards-2019.jpg\" \/>\n\t<meta property=\"og:image:width\" content=\"800\" \/>\n\t<meta property=\"og:image:height\" content=\"350\" \/>\n\t<meta property=\"og:image:type\" content=\"image\/jpeg\" \/>\n<meta name=\"author\" content=\"barnacl\u00ednic+\" \/>\n<meta name=\"twitter:label1\" content=\"Escrito por\" \/>\n\t<meta name=\"twitter:data1\" content=\"barnacl\u00ednic+\" \/>\n\t<meta name=\"twitter:label2\" content=\"Tiempo de lectura\" \/>\n\t<meta name=\"twitter:data2\" content=\"2 minutos\" \/>\n<script type=\"application\/ld+json\" class=\"yoast-schema-graph\">{\"@context\":\"https:\/\/schema.org\",\"@graph\":[{\"@type\":\"WebPage\",\"@id\":\"https:\/\/www.barnaclinic.com\/blog\/blog\/top-doctors-awards-2019\/\",\"url\":\"https:\/\/www.barnaclinic.com\/blog\/blog\/top-doctors-awards-2019\/\",\"name\":\"Los Top Doctors Awards reconocen a tres profesionales barnacl\u00ednic+ como los mejores del pa\u00eds en 2019 - Blog barnacl\u00ednic+\",\"isPartOf\":{\"@id\":\"https:\/\/www.barnaclinic.com\/blog\/#website\"},\"datePublished\":\"2019-11-20T10:08:45+00:00\",\"dateModified\":\"2024-03-22T09:18:17+00:00\",\"author\":{\"@id\":\"https:\/\/www.barnaclinic.com\/blog\/#\/schema\/person\/062c0219c54bbf07163f34494da33e17\"},\"inLanguage\":\"es\",\"potentialAction\":[{\"@type\":\"ReadAction\",\"target\":[\"https:\/\/www.barnaclinic.com\/blog\/blog\/top-doctors-awards-2019\/\"]}]},{\"@type\":\"WebSite\",\"@id\":\"https:\/\/www.barnaclinic.com\/blog\/#website\",\"url\":\"https:\/\/www.barnaclinic.com\/blog\/\",\"name\":\"Blog barnacl\u00ednic+\",\"description\":\"Informaci\u00f3n y novedades sobre los servicios y profesionales de barnacl\u00ednic+, Hospital Cl\u00ednic de Barcelona\",\"potentialAction\":[{\"@type\":\"SearchAction\",\"target\":{\"@type\":\"EntryPoint\",\"urlTemplate\":\"https:\/\/www.barnaclinic.com\/blog\/?s={search_term_string}\"},\"query-input\":\"required name=search_term_string\"}],\"inLanguage\":\"es\"},{\"@type\":\"Person\",\"@id\":\"https:\/\/www.barnaclinic.com\/blog\/#\/schema\/person\/062c0219c54bbf07163f34494da33e17\",\"name\":\"barnacl\u00ednic+\",\"url\":\"https:\/\/www.barnaclinic.com\/blog\/blog\/author\/alex\/\"}]}<\/script>\n<!-- \/ Yoast SEO plugin. -->","yoast_head_json":{"title":"Los Top Doctors Awards reconocen a tres profesionales barnacl\u00ednic+ como los mejores del pa\u00eds en 2019 - Blog barnacl\u00ednic+","robots":{"index":"index","follow":"follow","max-snippet":"max-snippet:-1","max-image-preview":"max-image-preview:large","max-video-preview":"max-video-preview:-1"},"canonical":"https:\/\/www.barnaclinic.com\/blog\/blog\/top-doctors-awards-2019\/","og_locale":"es_ES","og_type":"article","og_title":"Los Top Doctors Awards reconocen a tres profesionales barnacl\u00ednic+ como los mejores del pa\u00eds en 2019 - Blog barnacl\u00ednic+","og_description":"Hace unos d\u00edas se anunci\u00f3 el resultado de los Top Doctors Awards 2019, que reconocen a los mejores profesionales del pa\u00eds que forman parte de TopDoctors.es. Un a\u00f1o mas, y como en todas las ediciones desde su inauguraci\u00f3n, barnacl\u00ednic+ cuenta con presencia destacada. Tres profesionales de nuestro cuadro m\u00e9dico han sido reconocidos por sus colegas [&hellip;]","og_url":"https:\/\/www.barnaclinic.com\/blog\/blog\/top-doctors-awards-2019\/","og_site_name":"Blog barnacl\u00ednic+","article_published_time":"2019-11-20T10:08:45+00:00","article_modified_time":"2024-03-22T09:18:17+00:00","og_image":[{"width":800,"height":350,"url":"https:\/\/www.barnaclinic.com\/blog\/wp-content\/uploads\/2019\/11\/top-doctors-awards-2019.jpg","type":"image\/jpeg"}],"author":"barnacl\u00ednic+","twitter_misc":{"Escrito por":"barnacl\u00ednic+","Tiempo de lectura":"2 minutos"},"schema":{"@context":"https:\/\/schema.org","@graph":[{"@type":"WebPage","@id":"https:\/\/www.barnaclinic.com\/blog\/blog\/top-doctors-awards-2019\/","url":"https:\/\/www.barnaclinic.com\/blog\/blog\/top-doctors-awards-2019\/","name":"Los Top Doctors Awards reconocen a tres profesionales barnacl\u00ednic+ como los mejores del pa\u00eds en 2019 - Blog barnacl\u00ednic+","isPartOf":{"@id":"https:\/\/www.barnaclinic.com\/blog\/#website"},"datePublished":"2019-11-20T10:08:45+00:00","dateModified":"2024-03-22T09:18:17+00:00","author":{"@id":"https:\/\/www.barnaclinic.com\/blog\/#\/schema\/person\/062c0219c54bbf07163f34494da33e17"},"inLanguage":"es","potentialAction":[{"@type":"ReadAction","target":["https:\/\/www.barnaclinic.com\/blog\/blog\/top-doctors-awards-2019\/"]}]},{"@type":"WebSite","@id":"https:\/\/www.barnaclinic.com\/blog\/#website","url":"https:\/\/www.barnaclinic.com\/blog\/","name":"Blog barnacl\u00ednic+","description":"Informaci\u00f3n y novedades sobre los servicios y profesionales de barnacl\u00ednic+, Hospital Cl\u00ednic de Barcelona","potentialAction":[{"@type":"SearchAction","target":{"@type":"EntryPoint","urlTemplate":"https:\/\/www.barnaclinic.com\/blog\/?s={search_term_string}"},"query-input":"required name=search_term_string"}],"inLanguage":"es"},{"@type":"Person","@id":"https:\/\/www.barnaclinic.com\/blog\/#\/schema\/person\/062c0219c54bbf07163f34494da33e17","name":"barnacl\u00ednic+","url":"https:\/\/www.barnaclinic.com\/blog\/blog\/author\/alex\/"}]}},"_links":{"self":[{"href":"https:\/\/www.barnaclinic.com\/blog\/wp-json\/wp\/v2\/posts\/1468","targetHints":{"allow":["GET"]}}],"collection":[{"href":"https:\/\/www.barnaclinic.com\/blog\/wp-json\/wp\/v2\/posts"}],"about":[{"href":"https:\/\/www.barnaclinic.com\/blog\/wp-json\/wp\/v2\/types\/post"}],"author":[{"embeddable":true,"href":"https:\/\/www.barnaclinic.com\/blog\/wp-json\/wp\/v2\/users\/2"}],"replies":[{"embeddable":true,"href":"https:\/\/www.barnaclinic.com\/blog\/wp-json\/wp\/v2\/comments?post=1468"}],"version-history":[{"count":9,"href":"https:\/\/www.barnaclinic.com\/blog\/wp-json\/wp\/v2\/posts\/1468\/revisions"}],"predecessor-version":[{"id":1483,"href":"https:\/\/www.barnaclinic.com\/blog\/wp-json\/wp\/v2\/posts\/1468\/revisions\/1483"}],"wp:featuredmedia":[{"embeddable":true,"href":"https:\/\/www.barnaclinic.com\/blog\/wp-json\/wp\/v2\/media\/1470"}],"wp:attachment":[{"href":"https:\/\/www.barnaclinic.com\/blog\/wp-json\/wp\/v2\/media?parent=1468"}],"wp:term":[{"taxonomy":"category","embeddable":true,"href":"https:\/\/www.barnaclinic.com\/blog\/wp-json\/wp\/v2\/categories?post=1468"},{"taxonomy":"post_tag","embeddable":true,"href":"https:\/\/www.barnaclinic.com\/blog\/wp-json\/wp\/v2\/tags?post=1468"}],"curies":[{"name":"wp","href":"https:\/\/api.w.org\/{rel}","templated":true}]}}