{"id":137,"date":"2025-06-23T09:25:34","date_gmt":"2025-06-23T09:25:34","guid":{"rendered":"https:\/\/www.barnaclinic.com\/blog\/traumatologia\/?p=137"},"modified":"2025-06-23T10:03:48","modified_gmt":"2025-06-23T10:03:48","slug":"lesion-tendon-aquiles-tratamiento","status":"publish","type":"post","link":"https:\/\/www.barnaclinic.com\/blog\/traumatologia\/lesion-tendon-aquiles-tratamiento\/","title":{"rendered":"Lesiones del tend\u00f3n de Aquiles: causas, s\u00edntomas y tratamiento"},"content":{"rendered":"<p data-start=\"459\" data-end=\"934\">El <strong>tend\u00f3n de Aquiles<\/strong>, el m\u00e1s largo y resistente del cuerpo humano, juega un papel fundamental en acciones tan cotidianas como caminar, subir escaleras o ponerse de puntillas. Sin embargo, su constante exigencia funcional lo convierte tambi\u00e9n en uno de los tendones m\u00e1s vulnerables a las lesiones. Cuando aparece <strong data-start=\"771\" data-end=\"804\">dolor en el tend\u00f3n de Aquiles<\/strong>, es importante actuar a tiempo para evitar complicaciones como la <strong data-start=\"871\" data-end=\"894\">inflamaci\u00f3n cr\u00f3nica<\/strong>, la <strong data-start=\"899\" data-end=\"909\">rotura<\/strong> o la p\u00e9rdida de funci\u00f3n.<\/p>\n<p data-start=\"936\" data-end=\"1176\">El Dr. <a href=\"https:\/\/www.barnaclinic.com\/es\/cuadro-medico\/79\/daniel-poggio-cano\" target=\"_blank\" rel=\"noopener\"><strong>Daniel Poggio<\/strong><\/a>, especialista en <strong data-start=\"974\" data-end=\"1028\">traumatolog\u00eda y <a href=\"https:\/\/www.barnaclinic.com\/blog\/traumatologia\/lesiones-de-pie-y-tobillo\/\">cirug\u00eda de pie y tobillo<\/a><\/strong> en barnacl\u00ednic+, nos ofrece en este art\u00edculo una gu\u00eda clara y completa sobre las <strong data-start=\"1110\" data-end=\"1144\">lesiones del tend\u00f3n de Aquiles<\/strong>, su tratamiento y recuperaci\u00f3n.<\/p>\n<p data-start=\"936\" data-end=\"1176\"><!--more--><\/p>\n<h2 data-start=\"1178\" data-end=\"1222\">\u00bfPor qu\u00e9 se lesiona el tend\u00f3n de Aquiles?<\/h2>\n<p data-start=\"1224\" data-end=\"1521\">El <strong data-start=\"1227\" data-end=\"1248\">tend\u00f3n de Aquiles<\/strong> une los m\u00fasculos de la pantorrilla con el tal\u00f3n y soporta fuerzas de hasta 12 veces el peso corporal durante la carrera. Por eso, no es raro que aparezcan lesiones por sobrecarga, uso excesivo o microtraumatismos repetitivos, sobre todo en personas activas o deportistas.<\/p>\n<p data-start=\"1523\" data-end=\"1813\">Tambi\u00e9n pueden influir factores como el envejecimiento, una t\u00e9cnica deportiva incorrecta, un calzado inadecuado o la falta de estiramientos. Todo esto puede desembocar en una <strong data-start=\"1698\" data-end=\"1734\">tendinitis del tend\u00f3n de Aquiles<\/strong>, un <strong data-start=\"1739\" data-end=\"1770\">tend\u00f3n de Aquiles inflamado<\/strong>, o incluso una <strong data-start=\"1786\" data-end=\"1812\">rotura total o parcial<\/strong>.<\/p>\n<h2 data-start=\"1815\" data-end=\"1864\">S\u00edntomas de una lesi\u00f3n en el tend\u00f3n de Aquiles<\/h2>\n<p data-start=\"1866\" data-end=\"1996\">Las lesiones del tend\u00f3n de Aquiles pueden presentarse de forma progresiva o s\u00fabita. Entre los s\u00edntomas m\u00e1s frecuentes encontramos:<\/p>\n<ul data-start=\"1998\" data-end=\"2414\">\n<li data-start=\"1998\" data-end=\"2105\">\n<p data-start=\"2000\" data-end=\"2105\"><strong data-start=\"2000\" data-end=\"2043\">Dolor en la parte posterior del tobillo<\/strong>, que suele empeorar al caminar o al levantarse por la ma\u00f1ana.<\/p>\n<\/li>\n<li data-start=\"2106\" data-end=\"2190\">\n<p data-start=\"2108\" data-end=\"2190\"><strong data-start=\"2108\" data-end=\"2153\">Inflamaci\u00f3n visible del tend\u00f3n de Aquiles<\/strong>, con enrojecimiento o engrosamiento.<\/p>\n<\/li>\n<li data-start=\"2191\" data-end=\"2251\">\n<p data-start=\"2193\" data-end=\"2251\"><strong data-start=\"2193\" data-end=\"2213\">Rigidez matutina<\/strong> o tras per\u00edodos de reposo prolongado.<\/p>\n<\/li>\n<li data-start=\"2252\" data-end=\"2313\">\n<p data-start=\"2254\" data-end=\"2313\"><strong data-start=\"2254\" data-end=\"2312\">Debilidad o p\u00e9rdida de fuerza al impulsarse con el pie<\/strong>.<\/p>\n<\/li>\n<li data-start=\"2314\" data-end=\"2414\">\n<p data-start=\"2316\" data-end=\"2414\">Sensaci\u00f3n de chasquido o \u201cpedrada\u201d en el gemelo, signo t\u00edpico de <strong data-start=\"2381\" data-end=\"2413\">rotura del tend\u00f3n de Aquiles<\/strong>.<\/p>\n<\/li>\n<\/ul>\n<p data-start=\"2416\" data-end=\"2653\">Aunque pueda parecer sorprendente, en algunos casos <strong data-start=\"2468\" data-end=\"2516\">se puede andar con el tend\u00f3n de Aquiles roto<\/strong>, aunque de forma muy limitada y con marcha an\u00f3mala. Es importante no subestimar esta situaci\u00f3n, ya que requiere atenci\u00f3n m\u00e9dica urgente.<\/p>\n<blockquote>\n<h4><a href=\"https:\/\/www.barnaclinic.com\/es\/cuadro-medico\/79\/daniel-poggio-cano\"><img loading=\"lazy\" decoding=\"async\" class=\" wp-image-25 alignleft\" src=\"https:\/\/www.barnaclinic.com\/blog\/traumatologia\/wp-content\/uploads\/sites\/22\/2022\/04\/Captura-de-pantalla-2022-04-05-a-las-9.38.31.png\" alt=\"\" width=\"117\" height=\"119\" srcset=\"https:\/\/www.barnaclinic.com\/blog\/traumatologia\/wp-content\/uploads\/sites\/22\/2022\/04\/Captura-de-pantalla-2022-04-05-a-las-9.38.31.png 363w, https:\/\/www.barnaclinic.com\/blog\/traumatologia\/wp-content\/uploads\/sites\/22\/2022\/04\/Captura-de-pantalla-2022-04-05-a-las-9.38.31-294x300.png 294w\" sizes=\"auto, (max-width: 117px) 100vw, 117px\" \/><\/a><\/h4>\n<h4 data-start=\"2416\" data-end=\"2653\">\u201cNo todos los dolores en el tend\u00f3n de Aquiles son iguales: identificar la causa es clave para un tratamiento eficaz.\u201d<\/h4>\n<p>Dr. <a href=\"https:\/\/www.barnaclinic.com\/es\/cuadro-medico\/79\/daniel-poggio-cano\" target=\"_blank\" rel=\"noopener\"><strong>Daniel Poggio<\/strong><\/a>, traumat\u00f3logo y cirujano ortop\u00e9dico experto en lesiones del pie y el tobillo<\/p><\/blockquote>\n<h2 data-start=\"2655\" data-end=\"2682\">Diagn\u00f3stico y evaluaci\u00f3n<\/h2>\n<p data-start=\"2684\" data-end=\"2996\">El diagn\u00f3stico se realiza mediante una exploraci\u00f3n cl\u00ednica especializada, acompa\u00f1ada de pruebas como la <strong data-start=\"2788\" data-end=\"2820\">ecograf\u00eda musculoesquel\u00e9tica<\/strong> o la <strong data-start=\"2826\" data-end=\"2850\">resonancia magn\u00e9tica<\/strong>, que permiten valorar el grado de <strong data-start=\"2885\" data-end=\"2948\">engrosamiento, inflamaci\u00f3n o desgarro del tend\u00f3n de Aquiles<\/strong>, y establecer el plan terap\u00e9utico m\u00e1s adecuado.<\/p>\n<h2 data-start=\"2998\" data-end=\"3050\">Tratamiento de las lesiones del tend\u00f3n de Aquiles<\/h2>\n<p data-start=\"3052\" data-end=\"3165\">El abordaje terap\u00e9utico var\u00eda seg\u00fan la gravedad de la lesi\u00f3n, el tipo de paciente y su nivel de actividad f\u00edsica.<\/p>\n<h4 data-start=\"3167\" data-end=\"3194\">Tratamiento conservador<\/h4>\n<p data-start=\"3196\" data-end=\"3304\">En casos de <strong data-start=\"3208\" data-end=\"3239\">tend\u00f3n de Aquiles inflamado<\/strong> o de <strong data-start=\"3245\" data-end=\"3263\">rotura parcial<\/strong>, el tratamiento suele ser no quir\u00fargico:<\/p>\n<ul data-start=\"3306\" data-end=\"3692\">\n<li data-start=\"3306\" data-end=\"3345\">\n<p data-start=\"3308\" data-end=\"3345\">Reposo relativo y descarga de la zona<\/p>\n<\/li>\n<li data-start=\"3346\" data-end=\"3426\">\n<p data-start=\"3348\" data-end=\"3426\">Aplicaci\u00f3n de fr\u00edo local para reducir la <strong data-start=\"3389\" data-end=\"3426\">inflamaci\u00f3n del tend\u00f3n de Aquiles<\/strong><\/p>\n<\/li>\n<li data-start=\"3427\" data-end=\"3525\">\n<p data-start=\"3429\" data-end=\"3525\">Fisioterapia especializada, con ejercicios exc\u00e9ntricos y <strong data-start=\"3486\" data-end=\"3525\">estiramientos del tend\u00f3n de Aquiles<\/strong><\/p>\n<\/li>\n<li data-start=\"3526\" data-end=\"3577\">\n<p data-start=\"3528\" data-end=\"3577\">Elevaci\u00f3n del tal\u00f3n, plantillas o bota ortop\u00e9dica<\/p>\n<\/li>\n<li data-start=\"3578\" data-end=\"3638\">\n<p data-start=\"3580\" data-end=\"3638\">Terapias biol\u00f3gicas como el PRP (plasma rico en plaquetas)<\/p>\n<\/li>\n<li data-start=\"3639\" data-end=\"3692\">\n<p data-start=\"3641\" data-end=\"3692\">Antiinflamatorios o analg\u00e9sicos, seg\u00fan la necesidad<\/p>\n<\/li>\n<\/ul>\n<p data-start=\"3694\" data-end=\"3891\">Con este enfoque, la <strong data-start=\"3715\" data-end=\"3753\">recuperaci\u00f3n del tend\u00f3n de Aquiles<\/strong> puede requerir entre 4 y 12 semanas. La adherencia al tratamiento y la personalizaci\u00f3n de la fisioterapia son clave para evitar reca\u00eddas.<\/p>\n<h4 data-start=\"3893\" data-end=\"3958\">Cirug\u00eda del tend\u00f3n de Aquiles: opciones m\u00ednimamente invasivas<\/h4>\n<p data-start=\"3960\" data-end=\"4207\">Cuando se produce una <strong data-start=\"3982\" data-end=\"4023\">rotura completa del tend\u00f3n de Aquiles<\/strong>, o cuando el tratamiento conservador no es suficiente, se plantea la cirug\u00eda. Tal como explica el Dr. Poggio, hoy en d\u00eda disponemos de t\u00e9cnicas cada vez m\u00e1s seguras y menos agresivas.<\/p>\n<blockquote>\n<h4><a href=\"https:\/\/www.barnaclinic.com\/es\/cuadro-medico\/79\/daniel-poggio-cano\"><img loading=\"lazy\" decoding=\"async\" class=\" wp-image-25 alignleft\" src=\"https:\/\/www.barnaclinic.com\/blog\/traumatologia\/wp-content\/uploads\/sites\/22\/2022\/04\/Captura-de-pantalla-2022-04-05-a-las-9.38.31.png\" alt=\"\" width=\"117\" height=\"119\" srcset=\"https:\/\/www.barnaclinic.com\/blog\/traumatologia\/wp-content\/uploads\/sites\/22\/2022\/04\/Captura-de-pantalla-2022-04-05-a-las-9.38.31.png 363w, https:\/\/www.barnaclinic.com\/blog\/traumatologia\/wp-content\/uploads\/sites\/22\/2022\/04\/Captura-de-pantalla-2022-04-05-a-las-9.38.31-294x300.png 294w\" sizes=\"auto, (max-width: 117px) 100vw, 117px\" \/><\/a><\/h4>\n<h4 data-start=\"3960\" data-end=\"4207\">\u201cLa cirug\u00eda m\u00ednimamente invasiva del tend\u00f3n de Aquiles permite reducir complicaciones, acelerar la recuperaci\u00f3n y mejorar los resultados funcionales.\u201d<\/h4>\n<p>Dr. <a href=\"https:\/\/www.barnaclinic.com\/es\/cuadro-medico\/79\/daniel-poggio-cano\" target=\"_blank\" rel=\"noopener\"><strong>Daniel Poggio<\/strong><\/a><\/p><\/blockquote>\n<p data-start=\"4209\" data-end=\"4448\">Una de las m\u00e1s destacadas es la <strong data-start=\"4241\" data-end=\"4309\">cirug\u00eda m\u00ednimamente invasiva o endosc\u00f3pica del tend\u00f3n de Aquiles<\/strong>. Este abordaje permite reparar el tend\u00f3n mediante incisiones muy peque\u00f1as, con la ayuda de una c\u00e1mara y microinstrumental. Gracias a ello:<\/p>\n<ul data-start=\"4450\" data-end=\"4680\">\n<li data-start=\"4450\" data-end=\"4524\">\n<p data-start=\"4452\" data-end=\"4524\">Se reducen los riesgos de complicaciones, como infecciones o adherencias<\/p>\n<\/li>\n<li data-start=\"4525\" data-end=\"4562\">\n<p data-start=\"4527\" data-end=\"4562\">Se mejora la recuperaci\u00f3n funcional<\/p>\n<\/li>\n<li data-start=\"4563\" data-end=\"4612\">\n<p data-start=\"4565\" data-end=\"4612\">Se acorta el tiempo de baja deportiva o laboral<\/p>\n<\/li>\n<li data-start=\"4613\" data-end=\"4680\">\n<p data-start=\"4615\" data-end=\"4680\">Se minimiza la <strong data-start=\"4630\" data-end=\"4680\">cicatriz de la operaci\u00f3n del tend\u00f3n de Aquiles<\/strong><\/p>\n<\/li>\n<\/ul>\n<p data-start=\"4682\" data-end=\"4865\">Este tipo de intervenci\u00f3n est\u00e1 especialmente indicado en pacientes j\u00f3venes, deportistas o con alta demanda funcional, y permite una reincorporaci\u00f3n m\u00e1s r\u00e1pida a la actividad habitual.<\/p>\n<p data-start=\"4867\" data-end=\"5109\">En cuanto al procedimiento, la <strong data-start=\"4898\" data-end=\"4933\">operaci\u00f3n del tend\u00f3n de Aquiles<\/strong> dura entre 45 y 90 minutos. Tras la cirug\u00eda, se inicia un protocolo de recuperaci\u00f3n estructurado, que incluye inmovilizaci\u00f3n progresiva, fisioterapia y readaptaci\u00f3n funcional.<\/p>\n<hr \/>\n<div align=\"center\"><iframe loading=\"lazy\" title=\"YouTube video player\" src=\"https:\/\/www.youtube.com\/embed\/r-xSRQB91nQ\" width=\"315\" height=\"560\" frameborder=\"0\" allowfullscreen=\"allowfullscreen\"><span data-mce-type=\"bookmark\" style=\"display: inline-block; width: 0px; overflow: hidden; line-height: 0;\" class=\"mce_SELRES_start\">\ufeff<\/span><\/iframe><\/div>\n<hr \/>\n<h2 data-start=\"5111\" data-end=\"5184\">\u00bfCu\u00e1nto dura la recuperaci\u00f3n tras una operaci\u00f3n del tend\u00f3n de Aquiles?<\/h2>\n<p data-start=\"5186\" data-end=\"5378\">La <strong data-start=\"5189\" data-end=\"5241\">recuperaci\u00f3n de una rotura del tend\u00f3n de Aquiles<\/strong> es progresiva y depende del tipo de cirug\u00eda, el estado previo del tend\u00f3n y la implicaci\u00f3n del paciente en la rehabilitaci\u00f3n. En general:<\/p>\n<ul data-start=\"5380\" data-end=\"5605\">\n<li data-start=\"5380\" data-end=\"5433\">\n<p data-start=\"5382\" data-end=\"5433\">Las primeras semanas se emplea una bota tipo Walker<\/p>\n<\/li>\n<li data-start=\"5434\" data-end=\"5517\">\n<p data-start=\"5436\" data-end=\"5517\">La fisioterapia empieza precozmente para mantener la movilidad y evitar rigideces<\/p>\n<\/li>\n<li data-start=\"5518\" data-end=\"5605\">\n<p data-start=\"5520\" data-end=\"5605\">A partir del segundo mes se inicia el trabajo de fuerza y la reeducaci\u00f3n de la marcha<\/p>\n<\/li>\n<\/ul>\n<p data-start=\"5607\" data-end=\"6023\">En condiciones \u00f3ptimas, la vuelta a la vida activa se produce entre los 4 y 6 meses tras la intervenci\u00f3n. En deportistas de \u00e9lite, este tiempo puede acortarse gracias a protocolos espec\u00edficos. Aun as\u00ed, hay que tener en cuenta posibles <strong data-start=\"5842\" data-end=\"5890\">secuelas de una rotura del tend\u00f3n de Aquiles<\/strong>, como leves molestias residuales o p\u00e9rdida parcial de fuerza, especialmente si no se sigue adecuadamente el proceso de recuperaci\u00f3n.<\/p>\n<blockquote>\n<h4><a href=\"https:\/\/www.barnaclinic.com\/es\/cuadro-medico\/79\/daniel-poggio-cano\"><img loading=\"lazy\" decoding=\"async\" class=\" wp-image-25 alignleft\" src=\"https:\/\/www.barnaclinic.com\/blog\/traumatologia\/wp-content\/uploads\/sites\/22\/2022\/04\/Captura-de-pantalla-2022-04-05-a-las-9.38.31.png\" alt=\"\" width=\"117\" height=\"119\" srcset=\"https:\/\/www.barnaclinic.com\/blog\/traumatologia\/wp-content\/uploads\/sites\/22\/2022\/04\/Captura-de-pantalla-2022-04-05-a-las-9.38.31.png 363w, https:\/\/www.barnaclinic.com\/blog\/traumatologia\/wp-content\/uploads\/sites\/22\/2022\/04\/Captura-de-pantalla-2022-04-05-a-las-9.38.31-294x300.png 294w\" sizes=\"auto, (max-width: 117px) 100vw, 117px\" \/><\/a><\/h4>\n<h4 data-start=\"5607\" data-end=\"6023\"><strong>\u201cCon un buen seguimiento, la mayor\u00eda de pacientes con una lesi\u00f3n en el tend\u00f3n de Aquiles puede volver a caminar, correr y vivir sin dolor.\u201d<\/strong><\/h4>\n<p>Dr. <a href=\"https:\/\/www.barnaclinic.com\/es\/cuadro-medico\/79\/daniel-poggio-cano\" target=\"_blank\" rel=\"noopener\"><strong>Daniel Poggio<\/strong><\/a><\/p><\/blockquote>\n<h2 data-start=\"6025\" data-end=\"6093\">\u00bfPor qu\u00e9 tratar una lesi\u00f3n del tend\u00f3n de Aquiles en barnacl\u00ednic+?<\/h2>\n<p data-start=\"6095\" data-end=\"6306\">El equipo de <strong data-start=\"6108\" data-end=\"6141\">Traumatolog\u00eda de barnacl\u00ednic+<\/strong>, con el Dr. <a href=\"https:\/\/www.barnaclinic.com\/es\/cuadro-medico\/79\/daniel-poggio-cano\" target=\"_blank\" rel=\"noopener\"><strong>Daniel Poggio<\/strong><\/a>\u00a0al frente en el \u00e1rea de <a href=\"https:\/\/www.barnaclinic.com\/blog\/traumatologia\/lesiones-de-pie-y-tobillo\/\"><strong data-start=\"6192\" data-end=\"6221\">lesiones de pie y tobillo<\/strong><\/a>, ofrece un abordaje avanzado, personalizado y basado en la evidencia. Disponemos de:<\/p>\n<ul data-start=\"6308\" data-end=\"6557\">\n<li data-start=\"6308\" data-end=\"6367\">\n<p data-start=\"6310\" data-end=\"6367\">T\u00e9cnicas quir\u00fargicas m\u00ednimamente invasivas y endosc\u00f3picas<\/p>\n<\/li>\n<li data-start=\"6368\" data-end=\"6435\">\n<p data-start=\"6370\" data-end=\"6435\">Fisioterapia especializada en lesiones deportivas y tendinopat\u00edas<\/p>\n<\/li>\n<li data-start=\"6436\" data-end=\"6490\">\n<p data-start=\"6438\" data-end=\"6490\">Protocolos de recuperaci\u00f3n adaptados a cada paciente<\/p>\n<\/li>\n<li data-start=\"6491\" data-end=\"6557\">\n<p data-start=\"6493\" data-end=\"6557\">Diagn\u00f3stico r\u00e1pido con ecograf\u00eda de alta resoluci\u00f3n y resonancia<\/p>\n<\/li>\n<\/ul>\n<p data-start=\"6559\" data-end=\"6817\">Si presentas <strong data-start=\"6572\" data-end=\"6619\">dolor en el tend\u00f3n de Aquiles al levantarte<\/strong>, molestias persistentes o has sufrido una posible rotura, es fundamental una valoraci\u00f3n precoz. En barnacl\u00ednic+, te ofrecemos las mejores soluciones para volver a caminar, correr o vivir sin dolor.<\/p>\n<hr \/>\n<div id=\"estoy-interesado\" class=\"destacat-site\">\n<h3 style=\"padding-left: 15px; padding-right: 15px;\" align=\"CENTER\"><span style=\"color: white;\">\u00bfTienes dolor en el tend\u00f3n de Aquiles o necesitas una cirug\u00eda por rotura del tend\u00f3n de Aquiles?<\/span><\/h3>\n<h4 style=\"padding-left: 15px; padding-right: 15px;\" align=\"CENTER\">Contacta con el Dr. Daniel Poggio<\/h4>\n<p class=\"boto\" style=\"padding-left: 30px; padding-right: 20px;\" align=\"center\"><a class=\"button button--cita\" href=\"https:\/\/www.barnaclinic.com\/es\/solicitar-cita\/?profesional=79\" target=\"_blank\" rel=\"noopener noreferrer\">PEDIR CITA PRESENCIAL<\/a> |\u00a0<a class=\"button button--televisita\" href=\"https:\/\/www.barnaclinic.com\/es\/solicitar-televisita\/?profesional=79\" target=\"_blank\" rel=\"noopener noreferrer\">SOLICITAR TELEVISITA<\/a><\/p>\n<\/div>\n","protected":false},"excerpt":{"rendered":"<p>El tend\u00f3n de Aquiles, el m\u00e1s largo y resistente del cuerpo humano, juega un papel fundamental en acciones tan cotidianas como caminar, subir escaleras o ponerse de puntillas. Sin embargo, su constante exigencia funcional lo convierte tambi\u00e9n en uno de los tendones m\u00e1s vulnerables a las lesiones. Cuando aparece dolor en el tend\u00f3n de Aquiles, [&hellip;]<\/p>\n","protected":false},"author":2,"featured_media":143,"comment_status":"open","ping_status":"open","sticky":false,"template":"","format":"standard","meta":{"footnotes":""},"categories":[50],"tags":[213,209,208,203,58,206,200,212,210,205,201,202,204,207,211],"class_list":["post-137","post","type-post","status-publish","format-standard","has-post-thumbnail","hentry","category-unidad-de-pie-y-tobillo","tag-barnaclinic","tag-cirugia-endoscopica-tendon-de-aquiles","tag-cirugia-minimamente-invasiva","tag-dolor-en-el-tendon-de-aquiles","tag-dr-daniel-poggio","tag-inflamacion-del-tendon-de-aquiles","tag-lesion-tendon-de-aquiles","tag-pie-y-tobillo","tag-recuperacion-tendon-de-aquiles","tag-rotura-tendon-de-aquiles","tag-tendinitis-tendon-de-aquiles","tag-tendon-de-aquiles-inflamado","tag-tendon-de-aquiles-roto","tag-tratamiento-tendon-de-aquiles","tag-traumatologia-deportiva"],"yoast_head":"<!-- This site is optimized with the Yoast SEO plugin v19.14 - https:\/\/yoast.com\/wordpress\/plugins\/seo\/ -->\n<title>Lesiones del tend\u00f3n de Aquiles: causas, s\u00edntomas y tratamiento<\/title>\n<meta name=\"description\" content=\"Dolor, inflamaci\u00f3n o rotura del tend\u00f3n de Aquiles: s\u00edntomas, tratamientos y opciones quir\u00fargicas m\u00ednimamente invasivas | Dr. Daniel Poggio\" \/>\n<meta name=\"robots\" content=\"index, follow, max-snippet:-1, max-image-preview:large, max-video-preview:-1\" \/>\n<link rel=\"canonical\" href=\"https:\/\/www.barnaclinic.com\/blog\/traumatologia\/lesion-tendon-aquiles-tratamiento\/\" \/>\n<meta property=\"og:locale\" content=\"es_ES\" \/>\n<meta property=\"og:type\" content=\"article\" \/>\n<meta property=\"og:title\" content=\"Lesiones del tend\u00f3n de Aquiles: causas, s\u00edntomas y tratamiento\" \/>\n<meta property=\"og:description\" content=\"Dolor, inflamaci\u00f3n o rotura del tend\u00f3n de Aquiles: s\u00edntomas, tratamientos y opciones quir\u00fargicas m\u00ednimamente invasivas | Dr. Daniel Poggio\" \/>\n<meta property=\"og:url\" content=\"https:\/\/www.barnaclinic.com\/blog\/traumatologia\/lesion-tendon-aquiles-tratamiento\/\" \/>\n<meta property=\"og:site_name\" content=\"Blog de Cirug\u00eda Ortop\u00e9dica y Traumatolog\u00eda\" \/>\n<meta property=\"article:published_time\" content=\"2025-06-23T09:25:34+00:00\" \/>\n<meta property=\"article:modified_time\" content=\"2025-06-23T10:03:48+00:00\" \/>\n<meta property=\"og:image\" content=\"https:\/\/www.barnaclinic.com\/blog\/traumatologia\/wp-content\/uploads\/sites\/22\/2025\/06\/lesion-tendon-de-aquiles.png\" \/>\n\t<meta property=\"og:image:width\" content=\"1440\" \/>\n\t<meta property=\"og:image:height\" content=\"810\" \/>\n\t<meta property=\"og:image:type\" content=\"image\/png\" \/>\n<meta name=\"author\" content=\"barnacl\u00ednic+\" \/>\n<meta name=\"twitter:card\" content=\"summary_large_image\" \/>\n<meta name=\"twitter:label1\" content=\"Escrito por\" \/>\n\t<meta name=\"twitter:data1\" content=\"barnacl\u00ednic+\" \/>\n\t<meta name=\"twitter:label2\" content=\"Tiempo de lectura\" \/>\n\t<meta name=\"twitter:data2\" content=\"6 minutos\" \/>\n<script type=\"application\/ld+json\" class=\"yoast-schema-graph\">{\"@context\":\"https:\/\/schema.org\",\"@graph\":[{\"@type\":\"WebPage\",\"@id\":\"https:\/\/www.barnaclinic.com\/blog\/traumatologia\/lesion-tendon-aquiles-tratamiento\/\",\"url\":\"https:\/\/www.barnaclinic.com\/blog\/traumatologia\/lesion-tendon-aquiles-tratamiento\/\",\"name\":\"Lesiones del tend\u00f3n de Aquiles: causas, s\u00edntomas y tratamiento\",\"isPartOf\":{\"@id\":\"https:\/\/www.barnaclinic.com\/blog\/traumatologia\/#website\"},\"datePublished\":\"2025-06-23T09:25:34+00:00\",\"dateModified\":\"2025-06-23T10:03:48+00:00\",\"author\":{\"@id\":\"https:\/\/www.barnaclinic.com\/blog\/traumatologia\/#\/schema\/person\/062c0219c54bbf07163f34494da33e17\"},\"description\":\"Dolor, inflamaci\u00f3n o rotura del tend\u00f3n de Aquiles: s\u00edntomas, tratamientos y opciones quir\u00fargicas m\u00ednimamente invasivas | Dr. Daniel Poggio\",\"breadcrumb\":{\"@id\":\"https:\/\/www.barnaclinic.com\/blog\/traumatologia\/lesion-tendon-aquiles-tratamiento\/#breadcrumb\"},\"inLanguage\":\"es\",\"potentialAction\":[{\"@type\":\"ReadAction\",\"target\":[\"https:\/\/www.barnaclinic.com\/blog\/traumatologia\/lesion-tendon-aquiles-tratamiento\/\"]}]},{\"@type\":\"BreadcrumbList\",\"@id\":\"https:\/\/www.barnaclinic.com\/blog\/traumatologia\/lesion-tendon-aquiles-tratamiento\/#breadcrumb\",\"itemListElement\":[{\"@type\":\"ListItem\",\"position\":1,\"name\":\"Portada\",\"item\":\"https:\/\/www.barnaclinic.com\/blog\/traumatologia\/\"},{\"@type\":\"ListItem\",\"position\":2,\"name\":\"Lesiones del tend\u00f3n de Aquiles: causas, s\u00edntomas y tratamiento\"}]},{\"@type\":\"WebSite\",\"@id\":\"https:\/\/www.barnaclinic.com\/blog\/traumatologia\/#website\",\"url\":\"https:\/\/www.barnaclinic.com\/blog\/traumatologia\/\",\"name\":\"Blog de Cirug\u00eda Ortop\u00e9dica y Traumatolog\u00eda\",\"description\":\"En el blog de Cirug\u00eda Ortop\u00e9dica y Traumatolog\u00eda encontrar\u00e1 informaci\u00f3n sobre patolog\u00edas cong\u00e9nitas, tumorales o degenerativas del aparato locomotor, as\u00ed como con lesiones traum\u00e1ticas.\",\"potentialAction\":[{\"@type\":\"SearchAction\",\"target\":{\"@type\":\"EntryPoint\",\"urlTemplate\":\"https:\/\/www.barnaclinic.com\/blog\/traumatologia\/?s={search_term_string}\"},\"query-input\":\"required name=search_term_string\"}],\"inLanguage\":\"es\"},{\"@type\":\"Person\",\"@id\":\"https:\/\/www.barnaclinic.com\/blog\/traumatologia\/#\/schema\/person\/062c0219c54bbf07163f34494da33e17\",\"name\":\"barnacl\u00ednic+\",\"image\":{\"@type\":\"ImageObject\",\"inLanguage\":\"es\",\"@id\":\"https:\/\/www.barnaclinic.com\/blog\/traumatologia\/#\/schema\/person\/image\/\",\"url\":\"https:\/\/secure.gravatar.com\/avatar\/d6a36f6e326a816ac635808864feed8bc381527908e45406660f6ee6ebffee1b?s=96&d=mm&r=g\",\"contentUrl\":\"https:\/\/secure.gravatar.com\/avatar\/d6a36f6e326a816ac635808864feed8bc381527908e45406660f6ee6ebffee1b?s=96&d=mm&r=g\",\"caption\":\"barnacl\u00ednic+\"},\"url\":\"https:\/\/www.barnaclinic.com\/blog\/traumatologia\/author\/alex\/\"}]}<\/script>\n<!-- \/ Yoast SEO plugin. -->","yoast_head_json":{"title":"Lesiones del tend\u00f3n de Aquiles: causas, s\u00edntomas y tratamiento","description":"Dolor, inflamaci\u00f3n o rotura del tend\u00f3n de Aquiles: s\u00edntomas, tratamientos y opciones quir\u00fargicas m\u00ednimamente invasivas | Dr. Daniel Poggio","robots":{"index":"index","follow":"follow","max-snippet":"max-snippet:-1","max-image-preview":"max-image-preview:large","max-video-preview":"max-video-preview:-1"},"canonical":"https:\/\/www.barnaclinic.com\/blog\/traumatologia\/lesion-tendon-aquiles-tratamiento\/","og_locale":"es_ES","og_type":"article","og_title":"Lesiones del tend\u00f3n de Aquiles: causas, s\u00edntomas y tratamiento","og_description":"Dolor, inflamaci\u00f3n o rotura del tend\u00f3n de Aquiles: s\u00edntomas, tratamientos y opciones quir\u00fargicas m\u00ednimamente invasivas | Dr. Daniel Poggio","og_url":"https:\/\/www.barnaclinic.com\/blog\/traumatologia\/lesion-tendon-aquiles-tratamiento\/","og_site_name":"Blog de Cirug\u00eda Ortop\u00e9dica y Traumatolog\u00eda","article_published_time":"2025-06-23T09:25:34+00:00","article_modified_time":"2025-06-23T10:03:48+00:00","og_image":[{"width":1440,"height":810,"url":"https:\/\/www.barnaclinic.com\/blog\/traumatologia\/wp-content\/uploads\/sites\/22\/2025\/06\/lesion-tendon-de-aquiles.png","type":"image\/png"}],"author":"barnacl\u00ednic+","twitter_card":"summary_large_image","twitter_misc":{"Escrito por":"barnacl\u00ednic+","Tiempo de lectura":"6 minutos"},"schema":{"@context":"https:\/\/schema.org","@graph":[{"@type":"WebPage","@id":"https:\/\/www.barnaclinic.com\/blog\/traumatologia\/lesion-tendon-aquiles-tratamiento\/","url":"https:\/\/www.barnaclinic.com\/blog\/traumatologia\/lesion-tendon-aquiles-tratamiento\/","name":"Lesiones del tend\u00f3n de Aquiles: causas, s\u00edntomas y tratamiento","isPartOf":{"@id":"https:\/\/www.barnaclinic.com\/blog\/traumatologia\/#website"},"datePublished":"2025-06-23T09:25:34+00:00","dateModified":"2025-06-23T10:03:48+00:00","author":{"@id":"https:\/\/www.barnaclinic.com\/blog\/traumatologia\/#\/schema\/person\/062c0219c54bbf07163f34494da33e17"},"description":"Dolor, inflamaci\u00f3n o rotura del tend\u00f3n de Aquiles: s\u00edntomas, tratamientos y opciones quir\u00fargicas m\u00ednimamente invasivas | Dr. Daniel Poggio","breadcrumb":{"@id":"https:\/\/www.barnaclinic.com\/blog\/traumatologia\/lesion-tendon-aquiles-tratamiento\/#breadcrumb"},"inLanguage":"es","potentialAction":[{"@type":"ReadAction","target":["https:\/\/www.barnaclinic.com\/blog\/traumatologia\/lesion-tendon-aquiles-tratamiento\/"]}]},{"@type":"BreadcrumbList","@id":"https:\/\/www.barnaclinic.com\/blog\/traumatologia\/lesion-tendon-aquiles-tratamiento\/#breadcrumb","itemListElement":[{"@type":"ListItem","position":1,"name":"Portada","item":"https:\/\/www.barnaclinic.com\/blog\/traumatologia\/"},{"@type":"ListItem","position":2,"name":"Lesiones del tend\u00f3n de Aquiles: causas, s\u00edntomas y tratamiento"}]},{"@type":"WebSite","@id":"https:\/\/www.barnaclinic.com\/blog\/traumatologia\/#website","url":"https:\/\/www.barnaclinic.com\/blog\/traumatologia\/","name":"Blog de Cirug\u00eda Ortop\u00e9dica y Traumatolog\u00eda","description":"En el blog de Cirug\u00eda Ortop\u00e9dica y Traumatolog\u00eda encontrar\u00e1 informaci\u00f3n sobre patolog\u00edas cong\u00e9nitas, tumorales o degenerativas del aparato locomotor, as\u00ed como con lesiones traum\u00e1ticas.","potentialAction":[{"@type":"SearchAction","target":{"@type":"EntryPoint","urlTemplate":"https:\/\/www.barnaclinic.com\/blog\/traumatologia\/?s={search_term_string}"},"query-input":"required name=search_term_string"}],"inLanguage":"es"},{"@type":"Person","@id":"https:\/\/www.barnaclinic.com\/blog\/traumatologia\/#\/schema\/person\/062c0219c54bbf07163f34494da33e17","name":"barnacl\u00ednic+","image":{"@type":"ImageObject","inLanguage":"es","@id":"https:\/\/www.barnaclinic.com\/blog\/traumatologia\/#\/schema\/person\/image\/","url":"https:\/\/secure.gravatar.com\/avatar\/d6a36f6e326a816ac635808864feed8bc381527908e45406660f6ee6ebffee1b?s=96&d=mm&r=g","contentUrl":"https:\/\/secure.gravatar.com\/avatar\/d6a36f6e326a816ac635808864feed8bc381527908e45406660f6ee6ebffee1b?s=96&d=mm&r=g","caption":"barnacl\u00ednic+"},"url":"https:\/\/www.barnaclinic.com\/blog\/traumatologia\/author\/alex\/"}]}},"_links":{"self":[{"href":"https:\/\/www.barnaclinic.com\/blog\/traumatologia\/wp-json\/wp\/v2\/posts\/137","targetHints":{"allow":["GET"]}}],"collection":[{"href":"https:\/\/www.barnaclinic.com\/blog\/traumatologia\/wp-json\/wp\/v2\/posts"}],"about":[{"href":"https:\/\/www.barnaclinic.com\/blog\/traumatologia\/wp-json\/wp\/v2\/types\/post"}],"author":[{"embeddable":true,"href":"https:\/\/www.barnaclinic.com\/blog\/traumatologia\/wp-json\/wp\/v2\/users\/2"}],"replies":[{"embeddable":true,"href":"https:\/\/www.barnaclinic.com\/blog\/traumatologia\/wp-json\/wp\/v2\/comments?post=137"}],"version-history":[{"count":4,"href":"https:\/\/www.barnaclinic.com\/blog\/traumatologia\/wp-json\/wp\/v2\/posts\/137\/revisions"}],"predecessor-version":[{"id":142,"href":"https:\/\/www.barnaclinic.com\/blog\/traumatologia\/wp-json\/wp\/v2\/posts\/137\/revisions\/142"}],"wp:featuredmedia":[{"embeddable":true,"href":"https:\/\/www.barnaclinic.com\/blog\/traumatologia\/wp-json\/wp\/v2\/media\/143"}],"wp:attachment":[{"href":"https:\/\/www.barnaclinic.com\/blog\/traumatologia\/wp-json\/wp\/v2\/media?parent=137"}],"wp:term":[{"taxonomy":"category","embeddable":true,"href":"https:\/\/www.barnaclinic.com\/blog\/traumatologia\/wp-json\/wp\/v2\/categories?post=137"},{"taxonomy":"post_tag","embeddable":true,"href":"https:\/\/www.barnaclinic.com\/blog\/traumatologia\/wp-json\/wp\/v2\/tags?post=137"}],"curies":[{"name":"wp","href":"https:\/\/api.w.org\/{rel}","templated":true}]}}