{"id":53,"date":"2017-02-17T09:01:57","date_gmt":"2017-02-17T09:01:57","guid":{"rendered":"https:\/\/www.barnaclinic.com\/blog\/traumatologia\/?p=53"},"modified":"2022-07-18T16:19:35","modified_gmt":"2022-07-18T16:19:35","slug":"protesi-total-de-maluc","status":"publish","type":"post","link":"https:\/\/www.barnaclinic.com\/blog\/traumatologia\/ca\/protesi-total-de-maluc\/","title":{"rendered":"Pr\u00f2tesi total de maluc: La intervenci\u00f3 del segle"},"content":{"rendered":"<p><span class=\"notranslate\">La\u00a0<strong>intervenci\u00f3 de segle<\/strong>\u00a0\u00e9s com va anomenar\u00a0<a href=\"http:\/\/www.thelancet.com\/article\/S0140-6736(07)60457-7\/abstract\" target=\"_blank\" rel=\"noopener noreferrer\"><em>The Lancet<\/em><\/a>, una de les revistes m\u00e8diques m\u00e9s prestigioses de m\u00f3n, a la\u00a0<strong>cirurgia de pr\u00f2tesi total de maluc.<\/strong><\/span>\u00a0<span class=\"notranslate\">Abans dels anys 50, el pacient que desenvolupava una\u00a0<strong>artrosi de maluc<\/strong>\u00a0tenia molt poques opcions terap\u00e8utiques;<\/span>\u00a0<span class=\"notranslate\">disminuir les activitats quotidianes i prendre analg\u00e8sics indefinidament, de manera que la seva qualitat de vida disminu\u00efa dr\u00e0sticament.<\/span>\u00a0<span class=\"notranslate\">En la d\u00e8cada dels anys 50,\u00a0<a href=\"https:\/\/es.wikipedia.org\/wiki\/John_Charnley\" target=\"_blank\" rel=\"noopener noreferrer\"><strong>John Charnley<\/strong><\/a>\u00a0va introduir i va popularitzar l&#8217;\u00fas de la\u00a0<strong>pr\u00f2tesi total de maluc<\/strong>\u00a0cementada a la\u00a0<a href=\"https:\/\/www.barnaclinic.com\/ca\/traumatologia\/\" target=\"_blank\" rel=\"noopener noreferrer\"><strong>Cirurgia Ortop\u00e8dica i Traumatologia<\/strong><\/a>\u00a0.<\/span>\u00a0<span class=\"notranslate\">Aquest fet,\u00a0<strong>va revolucionar el tractament dels pacients que presentaven artrosi de maluc,<\/strong>\u00a0ja que, amb la\u00a0<strong>cirurgia de col\u00b7locaci\u00f3 d&#8217;una pr\u00f2tesi de maluc,<\/strong>\u00a0la qualitat de vida d&#8217;aquests pacients va millorar tant a curt com a llarg termini.<\/span><\/p>\n<p><!--more--><\/p>\n<p><span class=\"notranslate\">En els \u00faltims anys,\u00a0<strong>s&#8217;han produ\u00eft canvis molt importants en aquest tipus de cirurgia,<\/strong>\u00a0degut tant a l&#8217;evoluci\u00f3 de les\u00a0<strong>pr\u00f2tesis de maluc<\/strong>\u00a0(disseny, material de fabricaci\u00f3, parell de fricci\u00f3 &#8230;) com a la introducci\u00f3 de diversos accessos quir\u00fargics per produir el m\u00ednim dany a les parts toves.<\/span>\u00a0<span class=\"notranslate\">Malgrat aquests aven\u00e7os, l&#8217;ess\u00e8ncia de la\u00a0<strong>cirurgia de pr\u00f2tesi total de maluc<\/strong>\u00a0ha estat sempre la mateixa, millorar al m\u00e0xim la qualitat de vida dels pacients.<\/span><\/p>\n<h2><span class=\"notranslate\">PER QU\u00c8 ES COL\u00b7LOCA UNA PR\u00d2TESI TOTAL DE MALUC?<\/span><\/h2>\n<p><span class=\"notranslate\">Les dues indicacions principals per col\u00b7locar una\u00a0<strong>pr\u00f2tesi total de maluc<\/strong>\u00a0s\u00f3n el dolor i la discapacitat funcional que pateix el pacient.<\/span>\u00a0<span class=\"notranslate\">Despr\u00e9s de la intervenci\u00f3, no nom\u00e9s\u00a0<strong>desapareix el dolor,<\/strong>\u00a0sin\u00f3 que el pacient\u00a0<strong>pot recuperar la mobilitat normal del maluc afectat<\/strong>\u00a0i tornar a realitzar les seves activitats quotidianes d&#8217;una manera satisfact\u00f2ria.<\/span><\/p>\n<blockquote>\n<h4><strong><em><a href=\"https:\/\/www.barnaclinic.com\/ca\/quadre-medic\/107\/guillem\" target=\"_blank\" rel=\"noopener noreferrer\"><img loading=\"lazy\" decoding=\"async\" class=\"alignleft wp-image-11\" title=\"Guillem Bori\" src=\"http:\/\/www.barnaclinic.com\/blog\/protesis\/wp-content\/uploads\/sites\/8\/dr-guillem-bori.jpg\" alt=\"Dr. Guillem Bori\" width=\"90\" height=\"90\" \/><\/a><\/em><\/strong><\/h4>\n<h4><span class=\"notranslate\"><strong>&#8220;Despr\u00e9s d&#8217;una cirurgia de pr\u00f2tesi de maluc, desapareix el dolor i es recupera la mobilitat normal del maluc&#8221;<\/strong><\/span><\/h4>\n<p><a href=\"http:\/\/www.barnaclinic.com\/profesionales\/107\/guillem\" target=\"_blank\" rel=\"noopener noreferrer\">Dr. Guillem Bori<\/a><\/p><\/blockquote>\n<p>Actualment, tant els pacients joves, com els pacients ancians que presenten <strong>artrosi<\/strong> o alguna altra\u00a0<strong>malaltia degenerativa del maluc<\/strong>\u00a0(necrosi o fractura del cap femoral, displ\u00e0sia del maluc &#8230;) es beneficien d&#8217;aquesta cirurgia, recuperant tant la qualitat de vida, com l&#8217;esperan\u00e7a de poder realitzar activitats f\u00edsiques exigents (nedar, anar amb bicicleta, &#8230;).<\/p>\n<h2><span class=\"notranslate\">EN QU\u00c8 CONSISTEIX LA CIRURGIA DE PR\u00d2TESI DE MALUC I QUINS TIPUS DE PR\u00d2TESIS HI HA?<\/span><\/h2>\n<p><span class=\"notranslate\"><strong>L&#8217;operaci\u00f3 de pr\u00f2tesi de maluc<\/strong>\u00a0consisteix en la\u00a0<strong>substituci\u00f3 de l&#8217;articulaci\u00f3 afectada per un implant mec\u00e0nic, la pr\u00f2tesi.<\/strong><\/span><\/p>\n<p><span class=\"notranslate\">Hi ha molts <strong>tipus de pr\u00f2tesis<\/strong>, per\u00f2 de manera gen\u00e8rica podem dir que una\u00a0<strong>pr\u00f2tesi total de maluc<\/strong>\u00a0consta de tres elements b\u00e0sics;<\/span>\u00a0<span class=\"notranslate\">un implant per la part del f\u00e8mur (plan\u00e7\u00f3), un implant per la part de la pelvis o acet\u00e0bul (c\u00f2tila), i un implant entre el plan\u00e7\u00f3 i el c\u00f2tila (cap).<\/span><\/p>\n<blockquote>\n<h4><strong><em><a href=\"https:\/\/www.barnaclinic.com\/ca\/quadre-medic\/107\/guillem\" target=\"_blank\" rel=\"noopener noreferrer\"><img loading=\"lazy\" decoding=\"async\" class=\"alignleft wp-image-11\" title=\"Guillem Bori\" src=\"http:\/\/www.barnaclinic.com\/blog\/protesis\/wp-content\/uploads\/sites\/8\/dr-guillem-bori.jpg\" alt=\"Dr. Guillem Bori\" width=\"90\" height=\"90\" \/><\/a><\/em><\/strong><\/h4>\n<h4><span class=\"notranslate\">&#8220;L&#8217;operaci\u00f3 de pr\u00f2tesi de maluc consisteix en la substituci\u00f3 de l&#8217;articulaci\u00f3 afectada per un implant mec\u00e0nic, la pr\u00f2tesi&#8221;<\/span><\/h4>\n<p><a href=\"http:\/\/www.barnaclinic.com\/profesionales\/107\/guillem\" target=\"_blank\" rel=\"noopener noreferrer\">Dr. Guillem Bori<\/a><\/p><\/blockquote>\n<p><span class=\"notranslate\">Tant el plan\u00e7\u00f3 com\u00a0la\u00a0c\u00f2tila estan fixats a l&#8217;os, i aquesta fixaci\u00f3 ser\u00e0 la responsable que una\u00a0<strong>pr\u00f2tesi de maluc<\/strong>\u00a0duri m\u00e9s o menys temps.<\/span>\u00a0<span class=\"notranslate\">En funci\u00f3 de la fixaci\u00f3 de la tija o\u00a0c\u00f2tila a l&#8217;os, les pr\u00f2tesis es classifiquen en cimentades o no cimentades.<\/span><\/p>\n<p><span class=\"notranslate\">Una altra part important de la pr\u00f2tesi \u00e9s el\u00a0<strong>parell de fricci\u00f3<\/strong>\u00a0(components que estan en contacte durant el moviment), que es classifica segons el material: metall-polietil\u00e8, cer\u00e0mica-polietil\u00e8, cer\u00e0mica-cer\u00e0mica, oxinium-polietil\u00e8, metall-metall,&#8230; Actualment, la\u00a0<strong>pr\u00f2tesi total de maluc<\/strong>\u00a0m\u00e9s utilitzada, segons el\u00a0<a href=\"http:\/\/aquas.gencat.cat\/es\/projectes\/mes_projectes\/qualitat_atencio_sanitaria\/racat\/\" target=\"_blank\" rel=\"noopener noreferrer\">Registre d&#8217;Artropl\u00e0sties de Catalunya (RACat)<\/a>\u00a0, \u00e9s la no cimentada amb parell de fricci\u00f3 metall-polietil\u00e8.<\/span><\/p>\n<p><span class=\"notranslate\">L&#8217;elecci\u00f3 del<strong> tipus de pr\u00f2tesi<\/strong>\u00a0i\u00a0<strong>parell de fricci\u00f3<\/strong>\u00a0dependr\u00e0 de diferents factors com l&#8217;edat, antecedents m\u00e8dics de l&#8217;pacient&#8230;<\/span>\u00a0<span class=\"notranslate\">Per\u00f2, de tota manera,\u00a0<a href=\"https:\/\/www.barnaclinic.com\/ca\/quadre-medic\/107\/guillem\" target=\"_blank\" rel=\"noopener noreferrer\"><strong>l&#8217;experi\u00e8ncia del cirurgi\u00e0 \u00e9s fonamental<\/strong><\/a>\u00a0per escollir la m\u00e9s indicada per a cada pacient en aquest tipus d&#8217;intervenci\u00f3.<\/span><\/p>\n<hr \/>\n<div id=\"estoy-interesado\" class=\"destacat-site\">\n<h3 style=\"padding-left: 15px; padding-right: 15px; text-align: center;\" align=\"LEFT\"><span style=\"color: white;\">VOLS CONTACTAR AMB EL NOSTRE EQUIP DE TRAUMAT\u00d2LEGS?<\/span><\/h3>\n<p class=\"boto\" style=\"padding-right: 20px;\" align=\"center\"><a class=\"button\" href=\"https:\/\/www.barnaclinic.com\/ca\/solicitar-cita\/?especialidad=19\" target=\"_blank&amp;\" rel=\"noopener\">DEMANAR CITA PRESENCIAL<\/a> |\u00a0<a class=\"button\" href=\"https:\/\/www.barnaclinic.com\/ca\/solicitar-televisita\/?especialidad=19\" target=\"_blank&amp;\" rel=\"noopener\">SOL\u00b7LICITAR TELEVISITA<\/a><\/p>\n<\/div>\n","protected":false},"excerpt":{"rendered":"<p>La\u00a0intervenci\u00f3 de segle\u00a0\u00e9s com va anomenar\u00a0The Lancet, una de les revistes m\u00e8diques m\u00e9s prestigioses de m\u00f3n, a la\u00a0cirurgia de pr\u00f2tesi total de maluc.\u00a0Abans dels anys 50, el pacient que desenvolupava una\u00a0artrosi de maluc\u00a0tenia molt poques opcions terap\u00e8utiques;\u00a0disminuir les activitats quotidianes i prendre analg\u00e8sics indefinidament, de manera que la seva qualitat de vida disminu\u00efa dr\u00e0sticament.\u00a0En la [&hellip;]<\/p>\n","protected":false},"author":2,"featured_media":50,"comment_status":"open","ping_status":"open","sticky":false,"template":"","format":"standard","meta":{"footnotes":""},"categories":[19],"tags":[85,86,87,84,88,89,90,91],"class_list":["post-53","post","type-post","status-publish","format-standard","has-post-thumbnail","hentry","category-unitat-de-maluc","tag-cirurgia","tag-cirurgia-de-protesi","tag-dr-guillem-bori-2","tag-maluc","tag-operacio","tag-protesi","tag-protesi-de-maluc","tag-protesi-total-de-maluc"],"yoast_head":"<!-- This site is optimized with the Yoast SEO plugin v19.14 - https:\/\/yoast.com\/wordpress\/plugins\/seo\/ -->\n<title>Cirurgia de pr\u00f2tesi total de maluc: La intervenci\u00f3 del segle<\/title>\n<meta name=\"description\" content=\"La intervenci\u00f3 de segle \u00e9s com va anomenar The Lancet a la cirurgia de pr\u00f2tesi total de maluc. Aquesta cirurgia consisteix en...\" \/>\n<meta name=\"robots\" content=\"index, follow, max-snippet:-1, max-image-preview:large, max-video-preview:-1\" \/>\n<link rel=\"canonical\" href=\"https:\/\/www.barnaclinic.com\/blog\/traumatologia\/ca\/protesi-total-de-maluc\/\" \/>\n<meta property=\"og:locale\" content=\"ca_ES\" \/>\n<meta property=\"og:type\" content=\"article\" \/>\n<meta property=\"og:title\" content=\"Cirurgia de pr\u00f2tesi total de maluc: La intervenci\u00f3 del segle\" \/>\n<meta property=\"og:description\" content=\"La intervenci\u00f3 de segle \u00e9s com va anomenar The Lancet a la cirurgia de pr\u00f2tesi total de maluc. Aquesta cirurgia consisteix en...\" \/>\n<meta property=\"og:url\" content=\"https:\/\/www.barnaclinic.com\/blog\/traumatologia\/ca\/protesi-total-de-maluc\/\" \/>\n<meta property=\"og:site_name\" content=\"Blog de Cirug\u00eda Ortop\u00e9dica y Traumatolog\u00eda\" \/>\n<meta property=\"article:published_time\" content=\"2017-02-17T09:01:57+00:00\" \/>\n<meta property=\"article:modified_time\" content=\"2022-07-18T16:19:35+00:00\" \/>\n<meta property=\"og:image\" content=\"https:\/\/www.barnaclinic.com\/blog\/traumatologia\/wp-content\/uploads\/sites\/22\/2022\/07\/protesis-total-de-cadera.jpeg\" \/>\n\t<meta property=\"og:image:width\" content=\"800\" \/>\n\t<meta property=\"og:image:height\" content=\"350\" \/>\n\t<meta property=\"og:image:type\" content=\"image\/jpeg\" \/>\n<meta name=\"author\" content=\"barnacl\u00ednic+\" \/>\n<meta name=\"twitter:card\" content=\"summary_large_image\" \/>\n<meta name=\"twitter:label1\" content=\"Escrit per\" \/>\n\t<meta name=\"twitter:data1\" content=\"barnacl\u00ednic+\" \/>\n\t<meta name=\"twitter:label2\" content=\"Temps estimat de lectura\" \/>\n\t<meta name=\"twitter:data2\" content=\"3 minuts\" \/>\n<script type=\"application\/ld+json\" class=\"yoast-schema-graph\">{\"@context\":\"https:\/\/schema.org\",\"@graph\":[{\"@type\":\"WebPage\",\"@id\":\"https:\/\/www.barnaclinic.com\/blog\/traumatologia\/ca\/protesi-total-de-maluc\/\",\"url\":\"https:\/\/www.barnaclinic.com\/blog\/traumatologia\/ca\/protesi-total-de-maluc\/\",\"name\":\"Cirurgia de pr\u00f2tesi total de maluc: La intervenci\u00f3 del segle\",\"isPartOf\":{\"@id\":\"https:\/\/www.barnaclinic.com\/blog\/traumatologia\/#website\"},\"datePublished\":\"2017-02-17T09:01:57+00:00\",\"dateModified\":\"2022-07-18T16:19:35+00:00\",\"author\":{\"@id\":\"https:\/\/www.barnaclinic.com\/blog\/traumatologia\/#\/schema\/person\/062c0219c54bbf07163f34494da33e17\"},\"description\":\"La intervenci\u00f3 de segle \u00e9s com va anomenar The Lancet a la cirurgia de pr\u00f2tesi total de maluc. Aquesta cirurgia consisteix en...\",\"breadcrumb\":{\"@id\":\"https:\/\/www.barnaclinic.com\/blog\/traumatologia\/ca\/protesi-total-de-maluc\/#breadcrumb\"},\"inLanguage\":\"ca\",\"potentialAction\":[{\"@type\":\"ReadAction\",\"target\":[\"https:\/\/www.barnaclinic.com\/blog\/traumatologia\/ca\/protesi-total-de-maluc\/\"]}]},{\"@type\":\"BreadcrumbList\",\"@id\":\"https:\/\/www.barnaclinic.com\/blog\/traumatologia\/ca\/protesi-total-de-maluc\/#breadcrumb\",\"itemListElement\":[{\"@type\":\"ListItem\",\"position\":1,\"name\":\"Portada\",\"item\":\"https:\/\/www.barnaclinic.com\/blog\/traumatologia\/\"},{\"@type\":\"ListItem\",\"position\":2,\"name\":\"Pr\u00f2tesi total de maluc: La intervenci\u00f3 del segle\"}]},{\"@type\":\"WebSite\",\"@id\":\"https:\/\/www.barnaclinic.com\/blog\/traumatologia\/#website\",\"url\":\"https:\/\/www.barnaclinic.com\/blog\/traumatologia\/\",\"name\":\"Blog de Cirug\u00eda Ortop\u00e9dica y Traumatolog\u00eda\",\"description\":\"En el blog de Cirug\u00eda Ortop\u00e9dica y Traumatolog\u00eda encontrar\u00e1 informaci\u00f3n sobre patolog\u00edas cong\u00e9nitas, tumorales o degenerativas del aparato locomotor, as\u00ed como con lesiones traum\u00e1ticas.\",\"potentialAction\":[{\"@type\":\"SearchAction\",\"target\":{\"@type\":\"EntryPoint\",\"urlTemplate\":\"https:\/\/www.barnaclinic.com\/blog\/traumatologia\/?s={search_term_string}\"},\"query-input\":\"required name=search_term_string\"}],\"inLanguage\":\"ca\"},{\"@type\":\"Person\",\"@id\":\"https:\/\/www.barnaclinic.com\/blog\/traumatologia\/#\/schema\/person\/062c0219c54bbf07163f34494da33e17\",\"name\":\"barnacl\u00ednic+\",\"image\":{\"@type\":\"ImageObject\",\"inLanguage\":\"ca\",\"@id\":\"https:\/\/www.barnaclinic.com\/blog\/traumatologia\/#\/schema\/person\/image\/\",\"url\":\"https:\/\/secure.gravatar.com\/avatar\/d6a36f6e326a816ac635808864feed8bc381527908e45406660f6ee6ebffee1b?s=96&d=mm&r=g\",\"contentUrl\":\"https:\/\/secure.gravatar.com\/avatar\/d6a36f6e326a816ac635808864feed8bc381527908e45406660f6ee6ebffee1b?s=96&d=mm&r=g\",\"caption\":\"barnacl\u00ednic+\"},\"url\":\"https:\/\/www.barnaclinic.com\/blog\/traumatologia\/ca\/author\/alex\/\"}]}<\/script>\n<!-- \/ Yoast SEO plugin. -->","yoast_head_json":{"title":"Cirurgia de pr\u00f2tesi total de maluc: La intervenci\u00f3 del segle","description":"La intervenci\u00f3 de segle \u00e9s com va anomenar The Lancet a la cirurgia de pr\u00f2tesi total de maluc. Aquesta cirurgia consisteix en...","robots":{"index":"index","follow":"follow","max-snippet":"max-snippet:-1","max-image-preview":"max-image-preview:large","max-video-preview":"max-video-preview:-1"},"canonical":"https:\/\/www.barnaclinic.com\/blog\/traumatologia\/ca\/protesi-total-de-maluc\/","og_locale":"ca_ES","og_type":"article","og_title":"Cirurgia de pr\u00f2tesi total de maluc: La intervenci\u00f3 del segle","og_description":"La intervenci\u00f3 de segle \u00e9s com va anomenar The Lancet a la cirurgia de pr\u00f2tesi total de maluc. Aquesta cirurgia consisteix en...","og_url":"https:\/\/www.barnaclinic.com\/blog\/traumatologia\/ca\/protesi-total-de-maluc\/","og_site_name":"Blog de Cirug\u00eda Ortop\u00e9dica y Traumatolog\u00eda","article_published_time":"2017-02-17T09:01:57+00:00","article_modified_time":"2022-07-18T16:19:35+00:00","og_image":[{"width":800,"height":350,"url":"https:\/\/www.barnaclinic.com\/blog\/traumatologia\/wp-content\/uploads\/sites\/22\/2022\/07\/protesis-total-de-cadera.jpeg","type":"image\/jpeg"}],"author":"barnacl\u00ednic+","twitter_card":"summary_large_image","twitter_misc":{"Escrit per":"barnacl\u00ednic+","Temps estimat de lectura":"3 minuts"},"schema":{"@context":"https:\/\/schema.org","@graph":[{"@type":"WebPage","@id":"https:\/\/www.barnaclinic.com\/blog\/traumatologia\/ca\/protesi-total-de-maluc\/","url":"https:\/\/www.barnaclinic.com\/blog\/traumatologia\/ca\/protesi-total-de-maluc\/","name":"Cirurgia de pr\u00f2tesi total de maluc: La intervenci\u00f3 del segle","isPartOf":{"@id":"https:\/\/www.barnaclinic.com\/blog\/traumatologia\/#website"},"datePublished":"2017-02-17T09:01:57+00:00","dateModified":"2022-07-18T16:19:35+00:00","author":{"@id":"https:\/\/www.barnaclinic.com\/blog\/traumatologia\/#\/schema\/person\/062c0219c54bbf07163f34494da33e17"},"description":"La intervenci\u00f3 de segle \u00e9s com va anomenar The Lancet a la cirurgia de pr\u00f2tesi total de maluc. Aquesta cirurgia consisteix en...","breadcrumb":{"@id":"https:\/\/www.barnaclinic.com\/blog\/traumatologia\/ca\/protesi-total-de-maluc\/#breadcrumb"},"inLanguage":"ca","potentialAction":[{"@type":"ReadAction","target":["https:\/\/www.barnaclinic.com\/blog\/traumatologia\/ca\/protesi-total-de-maluc\/"]}]},{"@type":"BreadcrumbList","@id":"https:\/\/www.barnaclinic.com\/blog\/traumatologia\/ca\/protesi-total-de-maluc\/#breadcrumb","itemListElement":[{"@type":"ListItem","position":1,"name":"Portada","item":"https:\/\/www.barnaclinic.com\/blog\/traumatologia\/"},{"@type":"ListItem","position":2,"name":"Pr\u00f2tesi total de maluc: La intervenci\u00f3 del segle"}]},{"@type":"WebSite","@id":"https:\/\/www.barnaclinic.com\/blog\/traumatologia\/#website","url":"https:\/\/www.barnaclinic.com\/blog\/traumatologia\/","name":"Blog de Cirug\u00eda Ortop\u00e9dica y Traumatolog\u00eda","description":"En el blog de Cirug\u00eda Ortop\u00e9dica y Traumatolog\u00eda encontrar\u00e1 informaci\u00f3n sobre patolog\u00edas cong\u00e9nitas, tumorales o degenerativas del aparato locomotor, as\u00ed como con lesiones traum\u00e1ticas.","potentialAction":[{"@type":"SearchAction","target":{"@type":"EntryPoint","urlTemplate":"https:\/\/www.barnaclinic.com\/blog\/traumatologia\/?s={search_term_string}"},"query-input":"required name=search_term_string"}],"inLanguage":"ca"},{"@type":"Person","@id":"https:\/\/www.barnaclinic.com\/blog\/traumatologia\/#\/schema\/person\/062c0219c54bbf07163f34494da33e17","name":"barnacl\u00ednic+","image":{"@type":"ImageObject","inLanguage":"ca","@id":"https:\/\/www.barnaclinic.com\/blog\/traumatologia\/#\/schema\/person\/image\/","url":"https:\/\/secure.gravatar.com\/avatar\/d6a36f6e326a816ac635808864feed8bc381527908e45406660f6ee6ebffee1b?s=96&d=mm&r=g","contentUrl":"https:\/\/secure.gravatar.com\/avatar\/d6a36f6e326a816ac635808864feed8bc381527908e45406660f6ee6ebffee1b?s=96&d=mm&r=g","caption":"barnacl\u00ednic+"},"url":"https:\/\/www.barnaclinic.com\/blog\/traumatologia\/ca\/author\/alex\/"}]}},"_links":{"self":[{"href":"https:\/\/www.barnaclinic.com\/blog\/traumatologia\/ca\/wp-json\/wp\/v2\/posts\/53","targetHints":{"allow":["GET"]}}],"collection":[{"href":"https:\/\/www.barnaclinic.com\/blog\/traumatologia\/ca\/wp-json\/wp\/v2\/posts"}],"about":[{"href":"https:\/\/www.barnaclinic.com\/blog\/traumatologia\/ca\/wp-json\/wp\/v2\/types\/post"}],"author":[{"embeddable":true,"href":"https:\/\/www.barnaclinic.com\/blog\/traumatologia\/ca\/wp-json\/wp\/v2\/users\/2"}],"replies":[{"embeddable":true,"href":"https:\/\/www.barnaclinic.com\/blog\/traumatologia\/ca\/wp-json\/wp\/v2\/comments?post=53"}],"version-history":[{"count":4,"href":"https:\/\/www.barnaclinic.com\/blog\/traumatologia\/ca\/wp-json\/wp\/v2\/posts\/53\/revisions"}],"predecessor-version":[{"id":57,"href":"https:\/\/www.barnaclinic.com\/blog\/traumatologia\/ca\/wp-json\/wp\/v2\/posts\/53\/revisions\/57"}],"wp:featuredmedia":[{"embeddable":true,"href":"https:\/\/www.barnaclinic.com\/blog\/traumatologia\/ca\/wp-json\/wp\/v2\/media\/50"}],"wp:attachment":[{"href":"https:\/\/www.barnaclinic.com\/blog\/traumatologia\/ca\/wp-json\/wp\/v2\/media?parent=53"}],"wp:term":[{"taxonomy":"category","embeddable":true,"href":"https:\/\/www.barnaclinic.com\/blog\/traumatologia\/ca\/wp-json\/wp\/v2\/categories?post=53"},{"taxonomy":"post_tag","embeddable":true,"href":"https:\/\/www.barnaclinic.com\/blog\/traumatologia\/ca\/wp-json\/wp\/v2\/tags?post=53"}],"curies":[{"name":"wp","href":"https:\/\/api.w.org\/{rel}","templated":true}]}}