{"id":263,"date":"2016-07-07T11:30:41","date_gmt":"2016-07-07T09:30:41","guid":{"rendered":"http:\/\/www.barnaclinic.com\/blog\/traumatologia-deportiva\/?p=263"},"modified":"2023-11-07T11:57:28","modified_gmt":"2023-11-07T09:57:28","slug":"lesion-cadera-del-corredor","status":"publish","type":"post","link":"https:\/\/www.barnaclinic.com\/blog\/traumatologia-deportiva\/2016\/07\/07\/lesion-cadera-del-corredor\/","title":{"rendered":"La lesi\u00f3n de cadera del corredor"},"content":{"rendered":"<p><strong>Una <a href=\"http:\/\/www.barnaclinic.com\/blog\/traumatologia-deportiva\/category\/running\/\" target=\"_blank\" rel=\"noopener\">lesi\u00f3n frecuente en el running<\/a>\u00a0se produce en la cadera<\/strong>, sobretodo en <strong>corredores de monta\u00f1a<\/strong>. La patolog\u00eda se produce por una doble causa, primero al ser un deporte de alto impacto, y segundo al realizar sobretodo las subidas, donde aumenta el \u00e1ngulo de flexi\u00f3n de la cadera del corredor, aumenta el <a href=\"http:\/\/www.barnaclinic.com\/blog\/traumatologia-deportiva\/2016\/02\/19\/choque-pinzamiento-femoroacetabular\/\" target=\"_blank\" rel=\"noopener\">pinzamiento en la parte anterior de la articulaci\u00f3n<\/a>.<!--more--><\/p>\n<p>Normalmente se conjunta una serie de par\u00e1metros: pacientes predispuestos con una morfolog\u00eda de cadera \u201cdiferente\u201d y el deporte que provoca una hiperpresi\u00f3n en una parte de la articulaci\u00f3n. Todo esto hace que se puedan producir <strong>lesiones en el l\u00e1brum cotiloideo<\/strong>, as\u00ed como en el <strong>cart\u00edlago coxofemoral<\/strong>, pudiendo producir un desgaste prematuro de la misma.<\/p>\n<p>Existen 2 tipos b\u00e1sicos de \u201cmalformaciones\u201d: <strong>CAM<\/strong>, <strong>Pincer<\/strong> o combinadas entre ambos.<\/p>\n<p>El <strong>CAM<\/strong> es cuando la \u201cmalformaci\u00f3n\u201d reside m\u00e1s en la <strong>cabeza del f\u00e9mur<\/strong>, y el <strong>PINCER<\/strong> cu\u00e1ndo es culpa de la otra parte de la articulaci\u00f3n, el <strong>acet\u00e1bulo<\/strong>. Actualmente se est\u00e1 viendo como ciertas formas de la articulaci\u00f3n de la cadera pueden provocar una <strong>lesi\u00f3n precoz del <em>labrum<\/em><\/strong> y con ello un \u201cdesgaste\u201d prematuro de la articulaci\u00f3n. <strong>Con la reparaci\u00f3n de estas lesiones se cree que se puede alargar el tiempo sin necesitar la colocaci\u00f3n de una pr\u00f3tesis de cadera <\/strong>debido al desgaste provocado por \u00e9sta \u201cmalformaci\u00f3n\u201d.<\/p>\n<h4><a href=\"http:\/\/www.barnaclinic.com\/profesionales\/91\/sergi\"><img loading=\"lazy\" decoding=\"async\" class=\"alignleft wp-image-151 size-full\" src=\"http:\/\/www.barnaclinic.com\/blog\/traumatologia-deportiva\/wp-content\/uploads\/sites\/3\/sastre-sergi.png\" alt=\"sastre-sergi\" width=\"90\" height=\"90\" \/><\/a><\/h4>\n<h4><em>\u201cCon la reparaci\u00f3n de estas lesiones se cree que se puede alargar el tiempo sin necesitar la colocaci\u00f3n de una pr\u00f3tesis de cadera por el desgaste provocado por<a href=\"http:\/\/www.barnaclinic.com\/blog\/traumatologia-deportiva\/2016\/09\/26\/artroscopia-de-cadera-malformacion\/\" target=\"_blank\" rel=\"noopener\"> \u00e9sta \u201cmalformaci\u00f3n<\/a>\u201d<\/em><\/h4>\n<p><a href=\"http:\/\/www.barnaclinic.com\/profesionales\/91\/sergi\" target=\"_blank\" rel=\"noopener\">Dr. Sergi Sastre<\/a><\/p>\n<p><strong>Mediante <a href=\"http:\/\/www.barnaclinic.com\/blog\/traumatologia-deportiva\/2016\/02\/11\/artroscopia-de-cadera\/\" target=\"_blank\" rel=\"noopener\">artroscopia<\/a> puede accederse a la <a href=\"http:\/\/www.barnaclinic.com\/blog\/traumatologia-deportiva\/2016\/09\/26\/artroscopia-de-cadera-malformacion\/\" target=\"_blank\" rel=\"noopener\">articulaci\u00f3n de la cadera y remodelarla<\/a><\/strong> (limando y fresando las malformaciones hasta que los huesos adquieren una forma lo m\u00e1s correcta posible). El resultado es una agresi\u00f3n quir\u00fargica m\u00ednima, con los consiguientes beneficios postoperatorios (menos sangrado, poco dolor, recuperaci\u00f3n m\u00e1s r\u00e1pida y una probabilidad de infecci\u00f3n much\u00edsimo menor).<\/p>\n<blockquote><p><em>Post relacionado:<\/em><\/p>\n<ul>\n<li><em><a href=\"http:\/\/www.barnaclinic.com\/blog\/traumatologia-deportiva\/2016\/02\/11\/artroscopia-de-cadera\/\" target=\"_blank\" rel=\"noopener\">Artroscopia de cadera, m\u00faltiples beneficios<\/a><\/em><\/li>\n<li><em><a href=\"http:\/\/www.barnaclinic.com\/blog\/traumatologia-deportiva\/2016\/09\/26\/artroscopia-de-cadera-malformacion\/\" target=\"_blank\" rel=\"noopener\">Artroscopia de cadera para corregir la malformaci\u00f3n<\/a><\/em><\/li>\n<\/ul>\n<\/blockquote>\n<p><strong>Este tipo de tratamiento del desgaste de la cadera del corredor, nos permite una reincorporaci\u00f3n al <a href=\"http:\/\/www.barnaclinic.com\/blog\/traumatologia-deportiva\/category\/running\/\" target=\"_blank\" rel=\"noopener\">running<\/a> de manera efectiva y precoz<\/strong>, aunque siempre ha de ser valorado y consensuado con un m\u00e9dico traumat\u00f3logo especialista en \u00e9sta patolog\u00eda.<\/p>\n<h4><a href=\"http:\/\/www.barnaclinic.com\/profesionales\/91\/sergi\"><img loading=\"lazy\" decoding=\"async\" class=\"alignleft wp-image-151 size-full\" src=\"http:\/\/www.barnaclinic.com\/blog\/traumatologia-deportiva\/wp-content\/uploads\/sites\/3\/sastre-sergi.png\" alt=\"sastre-sergi\" width=\"90\" height=\"90\" \/><\/a><\/h4>\n<h4><em>\u201cEl tratamiento con <a href=\"http:\/\/www.barnaclinic.com\/blog\/traumatologia-deportiva\/2016\/02\/11\/artroscopia-de-cadera\/\" target=\"_blank\" rel=\"noopener\">artroscopia de la cadera<\/a> del corredor,\u00a0nos permite una reincorporaci\u00f3n al <a href=\"http:\/\/www.barnaclinic.com\/blog\/traumatologia-deportiva\/category\/running\" target=\"_blank\" rel=\"noopener\">running<\/a> de manera efectiva y precoz\u201d<\/em><\/h4>\n<p><a href=\"http:\/\/www.barnaclinic.com\/profesionales\/91\/sergi\" target=\"_blank\" rel=\"noopener\">Dr. Sergi Sastre<\/a><\/p>\n<p><em><strong><strong><em><strong><strong><em><strong><a href=\"http:\/\/www.barnaclinic.com\/solicitar-cita\/index\/?profesional=91\" target=\"_blank\" rel=\"attachment wp-att-166 noopener\"><img loading=\"lazy\" decoding=\"async\" class=\"aligncenter wp-image-166\" src=\"http:\/\/www.barnaclinic.com\/blog\/traumatologia-deportiva\/wp-content\/uploads\/sites\/3\/BANNER-CITA-SergiSastre-300x45.png\" alt=\"BANNER-CITA-SergiSastre\" width=\"800\" height=\"119\" srcset=\"https:\/\/www.barnaclinic.com\/blog\/traumatologia-deportiva\/wp-content\/uploads\/sites\/3\/BANNER-CITA-SergiSastre-300x45.png 300w, https:\/\/www.barnaclinic.com\/blog\/traumatologia-deportiva\/wp-content\/uploads\/sites\/3\/BANNER-CITA-SergiSastre-768x114.png 768w, https:\/\/www.barnaclinic.com\/blog\/traumatologia-deportiva\/wp-content\/uploads\/sites\/3\/BANNER-CITA-SergiSastre-1024x152.png 1024w, https:\/\/www.barnaclinic.com\/blog\/traumatologia-deportiva\/wp-content\/uploads\/sites\/3\/BANNER-CITA-SergiSastre.png 1468w\" sizes=\"auto, (max-width: 800px) 100vw, 800px\" \/><\/a><\/strong><\/em><\/strong><\/strong><\/em><\/strong><\/strong><\/em><\/p>\n","protected":false},"excerpt":{"rendered":"<p>Una lesi\u00f3n frecuente en el running\u00a0se produce en la cadera, sobretodo en corredores de monta\u00f1a. La patolog\u00eda se produce por una doble causa, primero al ser un deporte de alto impacto, y segundo al realizar sobretodo las subidas, donde aumenta el \u00e1ngulo de flexi\u00f3n de la cadera del corredor, aumenta el pinzamiento en la parte [&hellip;]<\/p>\n","protected":false},"author":6,"featured_media":266,"comment_status":"open","ping_status":"open","sticky":false,"template":"","format":"standard","meta":{"footnotes":""},"categories":[32,109],"tags":[12,38,88,124,125,89],"class_list":["post-263","post","type-post","status-publish","format-standard","has-post-thumbnail","hentry","category-lesiones-de-cadera","category-running","tag-artroscopia","tag-cadera","tag-corredor","tag-desgaste","tag-malformacion","tag-running"],"yoast_head":"<!-- This site is optimized with the Yoast SEO plugin v19.14 - https:\/\/yoast.com\/wordpress\/plugins\/seo\/ -->\n<title>La lesi\u00f3n de cadera del corredor, desgaste por malformaci\u00f3n<\/title>\n<meta name=\"description\" content=\"Una lesi\u00f3n frecuente en running se produce en la cadera, sobretodo en corredores de monta\u00f1a. La cadera del corredor sufre gran impacto, sobretodo en subidas\" \/>\n<meta name=\"robots\" content=\"index, follow, max-snippet:-1, max-image-preview:large, max-video-preview:-1\" \/>\n<link rel=\"canonical\" href=\"https:\/\/www.barnaclinic.com\/blog\/traumatologia-deportiva\/2016\/07\/07\/lesion-cadera-del-corredor\/\" \/>\n<meta property=\"og:locale\" content=\"es_ES\" \/>\n<meta property=\"og:type\" content=\"article\" \/>\n<meta property=\"og:title\" content=\"La lesi\u00f3n de cadera del corredor, desgaste por malformaci\u00f3n\" \/>\n<meta property=\"og:description\" content=\"Una lesi\u00f3n frecuente en running se produce en la cadera, sobretodo en corredores de monta\u00f1a. La cadera del corredor sufre gran impacto, sobretodo en subidas\" \/>\n<meta property=\"og:url\" content=\"https:\/\/www.barnaclinic.com\/blog\/traumatologia-deportiva\/2016\/07\/07\/lesion-cadera-del-corredor\/\" \/>\n<meta property=\"og:site_name\" content=\"Blog de Traumatolog\u00eda Deportiva\" \/>\n<meta property=\"article:published_time\" content=\"2016-07-07T09:30:41+00:00\" \/>\n<meta property=\"article:modified_time\" content=\"2023-11-07T09:57:28+00:00\" \/>\n<meta property=\"og:image\" content=\"https:\/\/www.barnaclinic.com\/blog\/traumatologia-deportiva\/wp-content\/uploads\/sites\/3\/cadera-del-corredor.jpg\" \/>\n\t<meta property=\"og:image:width\" content=\"800\" \/>\n\t<meta property=\"og:image:height\" content=\"350\" \/>\n\t<meta property=\"og:image:type\" content=\"image\/jpeg\" \/>\n<meta name=\"author\" content=\"Dr. Sergi Sastre\" \/>\n<meta name=\"twitter:card\" content=\"summary_large_image\" \/>\n<meta name=\"twitter:creator\" content=\"@drsergisastre\" \/>\n<meta name=\"twitter:label1\" content=\"Escrito por\" \/>\n\t<meta name=\"twitter:data1\" content=\"Dr. Sergi Sastre\" \/>\n\t<meta name=\"twitter:label2\" content=\"Tiempo de lectura\" \/>\n\t<meta name=\"twitter:data2\" content=\"2 minutos\" \/>\n<script type=\"application\/ld+json\" class=\"yoast-schema-graph\">{\"@context\":\"https:\/\/schema.org\",\"@graph\":[{\"@type\":\"WebPage\",\"@id\":\"https:\/\/www.barnaclinic.com\/blog\/traumatologia-deportiva\/2016\/07\/07\/lesion-cadera-del-corredor\/\",\"url\":\"https:\/\/www.barnaclinic.com\/blog\/traumatologia-deportiva\/2016\/07\/07\/lesion-cadera-del-corredor\/\",\"name\":\"La lesi\u00f3n de cadera del corredor, desgaste por malformaci\u00f3n\",\"isPartOf\":{\"@id\":\"https:\/\/www.barnaclinic.com\/blog\/traumatologia-deportiva\/#website\"},\"datePublished\":\"2016-07-07T09:30:41+00:00\",\"dateModified\":\"2023-11-07T09:57:28+00:00\",\"author\":{\"@id\":\"https:\/\/www.barnaclinic.com\/blog\/traumatologia-deportiva\/#\/schema\/person\/d6a0dfea8a3679615122fa53c57462f5\"},\"description\":\"Una lesi\u00f3n frecuente en running se produce en la cadera, sobretodo en corredores de monta\u00f1a. La cadera del corredor sufre gran impacto, sobretodo en subidas\",\"breadcrumb\":{\"@id\":\"https:\/\/www.barnaclinic.com\/blog\/traumatologia-deportiva\/2016\/07\/07\/lesion-cadera-del-corredor\/#breadcrumb\"},\"inLanguage\":\"es\",\"potentialAction\":[{\"@type\":\"ReadAction\",\"target\":[\"https:\/\/www.barnaclinic.com\/blog\/traumatologia-deportiva\/2016\/07\/07\/lesion-cadera-del-corredor\/\"]}]},{\"@type\":\"BreadcrumbList\",\"@id\":\"https:\/\/www.barnaclinic.com\/blog\/traumatologia-deportiva\/2016\/07\/07\/lesion-cadera-del-corredor\/#breadcrumb\",\"itemListElement\":[{\"@type\":\"ListItem\",\"position\":1,\"name\":\"Portada\",\"item\":\"https:\/\/www.barnaclinic.com\/blog\/traumatologia-deportiva\/\"},{\"@type\":\"ListItem\",\"position\":2,\"name\":\"La lesi\u00f3n de cadera del corredor\"}]},{\"@type\":\"WebSite\",\"@id\":\"https:\/\/www.barnaclinic.com\/blog\/traumatologia-deportiva\/#website\",\"url\":\"https:\/\/www.barnaclinic.com\/blog\/traumatologia-deportiva\/\",\"name\":\"Blog de Traumatolog\u00eda Deportiva\",\"description\":\"Unidad de Traumatolog\u00eda Deportiva de barnacl\u00ednic+\",\"potentialAction\":[{\"@type\":\"SearchAction\",\"target\":{\"@type\":\"EntryPoint\",\"urlTemplate\":\"https:\/\/www.barnaclinic.com\/blog\/traumatologia-deportiva\/?s={search_term_string}\"},\"query-input\":\"required name=search_term_string\"}],\"inLanguage\":\"es\"},{\"@type\":\"Person\",\"@id\":\"https:\/\/www.barnaclinic.com\/blog\/traumatologia-deportiva\/#\/schema\/person\/d6a0dfea8a3679615122fa53c57462f5\",\"name\":\"Dr. Sergi Sastre\",\"image\":{\"@type\":\"ImageObject\",\"inLanguage\":\"es\",\"@id\":\"https:\/\/www.barnaclinic.com\/blog\/traumatologia-deportiva\/#\/schema\/person\/image\/\",\"url\":\"https:\/\/secure.gravatar.com\/avatar\/c1c7c9cfc8dbcecf0c6a7052aaa97211b998c1790a1b250d218a924b13aa7232?s=96&d=mm&r=g\",\"contentUrl\":\"https:\/\/secure.gravatar.com\/avatar\/c1c7c9cfc8dbcecf0c6a7052aaa97211b998c1790a1b250d218a924b13aa7232?s=96&d=mm&r=g\",\"caption\":\"Dr. Sergi Sastre\"},\"description\":\"El Dr. Sergi Sastre es Jefe Secci\u00f3n de Artroscopia y Miembro Superior en Hospital Cl\u00ednic de Barcelona y cirujano ortop\u00e9dico y traumat\u00f3logo de barnacl\u00ednic+. Cuenta con m\u00e1s de 20 a\u00f1os de experiencia y realiza m\u00e1s de 200 cirug\u00edas al a\u00f1o de traumatolog\u00eda deportiva. Es un experto referente en Cirug\u00eda artrosc\u00f3pica de la mayor\u00eda de articulaciones y Cirug\u00eda de rodilla (artroplastias).\",\"sameAs\":[\"https:\/\/www.barnaclinic.com\/es\/cuadro-medico\/91\/sergi\",\"https:\/\/www.instagram.com\/dr.sastre\/\",\"https:\/\/www.linkedin.com\/in\/dr-sergi-sastre\/\",\"https:\/\/twitter.com\/drsergisastre\",\"https:\/\/www.youtube.com\/@dr.sergisastre\"],\"url\":\"https:\/\/www.barnaclinic.com\/blog\/traumatologia-deportiva\/author\/drsergisastre\/\"}]}<\/script>\n<!-- \/ Yoast SEO plugin. -->","yoast_head_json":{"title":"La lesi\u00f3n de cadera del corredor, desgaste por malformaci\u00f3n","description":"Una lesi\u00f3n frecuente en running se produce en la cadera, sobretodo en corredores de monta\u00f1a. La cadera del corredor sufre gran impacto, sobretodo en subidas","robots":{"index":"index","follow":"follow","max-snippet":"max-snippet:-1","max-image-preview":"max-image-preview:large","max-video-preview":"max-video-preview:-1"},"canonical":"https:\/\/www.barnaclinic.com\/blog\/traumatologia-deportiva\/2016\/07\/07\/lesion-cadera-del-corredor\/","og_locale":"es_ES","og_type":"article","og_title":"La lesi\u00f3n de cadera del corredor, desgaste por malformaci\u00f3n","og_description":"Una lesi\u00f3n frecuente en running se produce en la cadera, sobretodo en corredores de monta\u00f1a. La cadera del corredor sufre gran impacto, sobretodo en subidas","og_url":"https:\/\/www.barnaclinic.com\/blog\/traumatologia-deportiva\/2016\/07\/07\/lesion-cadera-del-corredor\/","og_site_name":"Blog de Traumatolog\u00eda Deportiva","article_published_time":"2016-07-07T09:30:41+00:00","article_modified_time":"2023-11-07T09:57:28+00:00","og_image":[{"width":800,"height":350,"url":"https:\/\/www.barnaclinic.com\/blog\/traumatologia-deportiva\/wp-content\/uploads\/sites\/3\/cadera-del-corredor.jpg","type":"image\/jpeg"}],"author":"Dr. Sergi Sastre","twitter_card":"summary_large_image","twitter_creator":"@drsergisastre","twitter_misc":{"Escrito por":"Dr. Sergi Sastre","Tiempo de lectura":"2 minutos"},"schema":{"@context":"https:\/\/schema.org","@graph":[{"@type":"WebPage","@id":"https:\/\/www.barnaclinic.com\/blog\/traumatologia-deportiva\/2016\/07\/07\/lesion-cadera-del-corredor\/","url":"https:\/\/www.barnaclinic.com\/blog\/traumatologia-deportiva\/2016\/07\/07\/lesion-cadera-del-corredor\/","name":"La lesi\u00f3n de cadera del corredor, desgaste por malformaci\u00f3n","isPartOf":{"@id":"https:\/\/www.barnaclinic.com\/blog\/traumatologia-deportiva\/#website"},"datePublished":"2016-07-07T09:30:41+00:00","dateModified":"2023-11-07T09:57:28+00:00","author":{"@id":"https:\/\/www.barnaclinic.com\/blog\/traumatologia-deportiva\/#\/schema\/person\/d6a0dfea8a3679615122fa53c57462f5"},"description":"Una lesi\u00f3n frecuente en running se produce en la cadera, sobretodo en corredores de monta\u00f1a. La cadera del corredor sufre gran impacto, sobretodo en subidas","breadcrumb":{"@id":"https:\/\/www.barnaclinic.com\/blog\/traumatologia-deportiva\/2016\/07\/07\/lesion-cadera-del-corredor\/#breadcrumb"},"inLanguage":"es","potentialAction":[{"@type":"ReadAction","target":["https:\/\/www.barnaclinic.com\/blog\/traumatologia-deportiva\/2016\/07\/07\/lesion-cadera-del-corredor\/"]}]},{"@type":"BreadcrumbList","@id":"https:\/\/www.barnaclinic.com\/blog\/traumatologia-deportiva\/2016\/07\/07\/lesion-cadera-del-corredor\/#breadcrumb","itemListElement":[{"@type":"ListItem","position":1,"name":"Portada","item":"https:\/\/www.barnaclinic.com\/blog\/traumatologia-deportiva\/"},{"@type":"ListItem","position":2,"name":"La lesi\u00f3n de cadera del corredor"}]},{"@type":"WebSite","@id":"https:\/\/www.barnaclinic.com\/blog\/traumatologia-deportiva\/#website","url":"https:\/\/www.barnaclinic.com\/blog\/traumatologia-deportiva\/","name":"Blog de Traumatolog\u00eda Deportiva","description":"Unidad de Traumatolog\u00eda Deportiva de barnacl\u00ednic+","potentialAction":[{"@type":"SearchAction","target":{"@type":"EntryPoint","urlTemplate":"https:\/\/www.barnaclinic.com\/blog\/traumatologia-deportiva\/?s={search_term_string}"},"query-input":"required name=search_term_string"}],"inLanguage":"es"},{"@type":"Person","@id":"https:\/\/www.barnaclinic.com\/blog\/traumatologia-deportiva\/#\/schema\/person\/d6a0dfea8a3679615122fa53c57462f5","name":"Dr. Sergi Sastre","image":{"@type":"ImageObject","inLanguage":"es","@id":"https:\/\/www.barnaclinic.com\/blog\/traumatologia-deportiva\/#\/schema\/person\/image\/","url":"https:\/\/secure.gravatar.com\/avatar\/c1c7c9cfc8dbcecf0c6a7052aaa97211b998c1790a1b250d218a924b13aa7232?s=96&d=mm&r=g","contentUrl":"https:\/\/secure.gravatar.com\/avatar\/c1c7c9cfc8dbcecf0c6a7052aaa97211b998c1790a1b250d218a924b13aa7232?s=96&d=mm&r=g","caption":"Dr. Sergi Sastre"},"description":"El Dr. Sergi Sastre es Jefe Secci\u00f3n de Artroscopia y Miembro Superior en Hospital Cl\u00ednic de Barcelona y cirujano ortop\u00e9dico y traumat\u00f3logo de barnacl\u00ednic+. Cuenta con m\u00e1s de 20 a\u00f1os de experiencia y realiza m\u00e1s de 200 cirug\u00edas al a\u00f1o de traumatolog\u00eda deportiva. Es un experto referente en Cirug\u00eda artrosc\u00f3pica de la mayor\u00eda de articulaciones y Cirug\u00eda de rodilla (artroplastias).","sameAs":["https:\/\/www.barnaclinic.com\/es\/cuadro-medico\/91\/sergi","https:\/\/www.instagram.com\/dr.sastre\/","https:\/\/www.linkedin.com\/in\/dr-sergi-sastre\/","https:\/\/twitter.com\/drsergisastre","https:\/\/www.youtube.com\/@dr.sergisastre"],"url":"https:\/\/www.barnaclinic.com\/blog\/traumatologia-deportiva\/author\/drsergisastre\/"}]}},"_links":{"self":[{"href":"https:\/\/www.barnaclinic.com\/blog\/traumatologia-deportiva\/wp-json\/wp\/v2\/posts\/263","targetHints":{"allow":["GET"]}}],"collection":[{"href":"https:\/\/www.barnaclinic.com\/blog\/traumatologia-deportiva\/wp-json\/wp\/v2\/posts"}],"about":[{"href":"https:\/\/www.barnaclinic.com\/blog\/traumatologia-deportiva\/wp-json\/wp\/v2\/types\/post"}],"author":[{"embeddable":true,"href":"https:\/\/www.barnaclinic.com\/blog\/traumatologia-deportiva\/wp-json\/wp\/v2\/users\/6"}],"replies":[{"embeddable":true,"href":"https:\/\/www.barnaclinic.com\/blog\/traumatologia-deportiva\/wp-json\/wp\/v2\/comments?post=263"}],"version-history":[{"count":6,"href":"https:\/\/www.barnaclinic.com\/blog\/traumatologia-deportiva\/wp-json\/wp\/v2\/posts\/263\/revisions"}],"predecessor-version":[{"id":1369,"href":"https:\/\/www.barnaclinic.com\/blog\/traumatologia-deportiva\/wp-json\/wp\/v2\/posts\/263\/revisions\/1369"}],"wp:featuredmedia":[{"embeddable":true,"href":"https:\/\/www.barnaclinic.com\/blog\/traumatologia-deportiva\/wp-json\/wp\/v2\/media\/266"}],"wp:attachment":[{"href":"https:\/\/www.barnaclinic.com\/blog\/traumatologia-deportiva\/wp-json\/wp\/v2\/media?parent=263"}],"wp:term":[{"taxonomy":"category","embeddable":true,"href":"https:\/\/www.barnaclinic.com\/blog\/traumatologia-deportiva\/wp-json\/wp\/v2\/categories?post=263"},{"taxonomy":"post_tag","embeddable":true,"href":"https:\/\/www.barnaclinic.com\/blog\/traumatologia-deportiva\/wp-json\/wp\/v2\/tags?post=263"}],"curies":[{"name":"wp","href":"https:\/\/api.w.org\/{rel}","templated":true}]}}