{"id":134,"date":"2022-01-26T08:21:34","date_gmt":"2022-01-26T08:21:34","guid":{"rendered":"https:\/\/www.barnaclinic.com\/blog\/rehabilitacion\/?p=134"},"modified":"2022-01-26T08:21:34","modified_gmt":"2022-01-26T08:21:34","slug":"rehabilitacion-cancer-de-cabeza-y-cuello","status":"publish","type":"post","link":"https:\/\/www.barnaclinic.com\/blog\/rehabilitacion\/rehabilitacion-cancer-de-cabeza-y-cuello\/","title":{"rendered":"El papel de la rehabilitaci\u00f3n en pacientes con c\u00e1ncer de cabeza y cuello"},"content":{"rendered":"<p>Los <strong>carcinomas de cabeza y cuello<\/strong> constituyen un grupo heterog\u00e9neo de neoplasias localizadas en las v\u00edas aereodigestivas superiores, y representan el 5% de los c\u00e1nceres diagnosticados en la edad adulta. Debido a la\u00a0<a href=\"https:\/\/www.barnaclinic.com\/es\/diagnostico-del-cancer\/\" target=\"_blank\" rel=\"noopener noreferrer\">deteccio\u0301n temprana<\/a> y a la evoluci\u00f3n de los tratamientos oncol\u00f3gicos, en la actualidad existe un mayor nu\u0301mero de <strong>sobrevivientes de\u00a0<a href=\"https:\/\/www.barnaclinic.com\/blog\/orl\/cancer-de-cabeza-y-cuello\/\" target=\"_blank\" rel=\"noopener noreferrer\">ca\u0301ncer de cabeza y cuello<\/a><\/strong>. El\u00a0<strong><a href=\"https:\/\/www.barnaclinic.com\/blog\/orl\/cancer-de-cabeza-y-cuello\/\" target=\"_blank\" rel=\"noopener noreferrer\">ca\u0301ncer de cabeza y cuello<\/a><\/strong> engloba todas aquellas neoplasias cuyo origen se localiza en las regiones de\u00a0<strong>cavidad oral, senos paranasales y cavidad nasal, faringe, laringe y\u00a0<a href=\"https:\/\/www.barnaclinic.com\/blog\/orl\/tumor-de-la-glandula-salival\/\" target=\"_blank\" rel=\"noopener noreferrer\">gl\u00e1ndulas salivares<\/a><\/strong>. El tratamiento quir\u00fargico es una parte esencial de la <strong>terapia<\/strong>, junto con la quimioterapia y la radioterapia. Debido a estos tratamientos <strong>se producen multitud de comorbilidades repercutiendo en la calidad de vida de los paciente<\/strong>s. Es por ello, que en los estudios recientes se da un mayor enfoque en la calidad de vida.\u00a0Por todo ello, el\u00a0<strong>papel de la rehabilitaci\u00f3n en pacientes con c\u00e1ncer de cabeza<\/strong>\u00a0y\u00a0<strong>cuello<\/strong>\u00a0gana especial importancia. Veamos en qu\u00e9 consiste&#8230;<\/p>\n<p><!--more--><\/p>\n<div id=\"estoy-interesado\" class=\"destacat-site\">\n<h4 style=\"padding-left: 30px;\">TE PUEDE INTERESAR\u2026<\/h4>\n<h4 style=\"padding-left: 30px;\">\u00b7 <a href=\"https:\/\/www.barnaclinic.com\/blog\/orl\/cancer-de-cabeza-y-cuello\/\" target=\"_blank\" rel=\"noopener noreferrer\">C\u00e1ncer de cabeza y cuello: Qu\u00e9 es, tipos, s\u00edntomas y diagn\u00f3stico<\/a><\/h4>\n<\/div>\n<h2>Repercusiones funcionales secundarias al tratamiento oncol\u00f3gico del c\u00e1ncer de cabeza y cuello<\/h2>\n<p>Los <strong>tratamientos\u00a0oncol\u00f3gicos\u00a0para el c\u00e1ncer de cabeza y cuello<\/strong>, tanto quir\u00fargico como m\u00e9dico, pero dependiendo sobre todo de las cirug\u00edas de resecci\u00f3n realizadas, conllevan una serie de repercusiones funcionales entre las que podemos citar:<\/p>\n<ul>\n<li>Alteraciones en la mec\u00e1nica del cuello y cintura escapular<\/li>\n<li>Dolor en hombro y cuello<\/li>\n<li>Alteraciones en la cicatrizaci\u00f3n (fibrosis y adherencias)<\/li>\n<li>Alteraciones en el drenaje linf\u00e1tico (linfedema facial)<\/li>\n<li><a href=\"https:\/\/www.barnaclinic.com\/blog\/rehabilitacion\/paralisis-facial\/\" target=\"_blank\" rel=\"noopener noreferrer\"><strong>Par\u00e1lisis facial<\/strong><\/a>\u00a0de la rama marginal del nervio facial<\/li>\n<li>Sialorrea y\/o Xerostom\u00eda<\/li>\n<li>Trismus<\/li>\n<li>Alteraciones de la degluci\u00f3n (problemas funcionales en la alimentaci\u00f3n)<\/li>\n<li>Alteraciones en la comunicaci\u00f3n (problemas en la producci\u00f3n del habla)<\/li>\n<li>P\u00e9rdida de peso, miopat\u00eda, desacondicionamiento f\u00edsico<\/li>\n<li>Alteraciones\u00a0a nivel de actividades y participaci\u00f3n (impacto emocional, comunicativo, laboral, deportivo, aislamiento social, depresi\u00f3n)<\/li>\n<\/ul>\n<p>Todas\u00a0estas <strong>repercusiones del tratamiento oncol\u00f3gico del c\u00e1ncer de cabeza y cuello<\/strong> pueden tener\u00a0una\u00a0afectaci\u00f3n importante en la calidad de vida del paciente. Llegando a contribuir a una gran discapacidad, entendiendo la discapacidad como la alteraci\u00f3n de la percepci\u00f3n de la salud a nivel f\u00edsico, ps\u00edquico y social.<\/p>\n<div id=\"estoy-interesado\" class=\"destacat-site\">\n<h4 style=\"padding-left: 30px;\">TE PUEDE INTERESAR\u2026<\/h4>\n<h4 style=\"padding-left: 30px;\">\u00b7 <a href=\"http:\/\/www.barnaclinic.com\/blog\/rehabilitacion\/paralisis-facial\/\" target=\"_blank\" rel=\"noopener noreferrer\">Par\u00e1lisis facial: qu\u00e9 es, s\u00edntomas, causas, pron\u00f3stico y qu\u00e9 hacer si dura en el tiempo\u2026<\/a><\/h4>\n<\/div>\n<h2>\u00bfPara qu\u00e9 sirve la rehabilitaci\u00f3n en el c\u00e1ncer de cabeza y cuello?<\/h2>\n<p>Seg\u00fan el tipo de cirug\u00eda y los tratamientos oncol\u00f3gicos complementarios realizados a cada paciente, las posibilidades de <strong>tratamiento de reeducaci\u00f3n y rehabilitaci\u00f3n del c\u00e1ncer de cabeza y cuello<\/strong> pueden tener un objetivo diferente. Por eso, es muy importante valorar al paciente globalmente. Estos tratamientos van a ir enfocado en:<\/p>\n<ul>\n<li><strong>Ganar balance articular de hombro y movilidad cervical<\/strong>, con cinesiterapia activo asistida y ejercicios de potenciaci\u00f3n de la musculatura estabilizadora de la esc\u00e1pula.<\/li>\n<li><strong>Reducir o prevenir la fibrosis<\/strong> producida por la radioterapia y\/o cirug\u00eda, con ejercicios de terapia manual, mioestiramientos y despegue de cicatriz.<\/li>\n<li><strong>Mejorar el linfedema facial<\/strong>, utilizando t\u00e9cnicas de drenaje linf\u00e1tico manual, ejercicios y ortesis compresivas.<\/li>\n<li><a href=\"https:\/\/www.barnaclinic.com\/blog\/rehabilitacion\/tratamiento-paralisis-facial-botox\/\" target=\"_blank\" rel=\"noopener noreferrer\"><strong>Ejercicios de reeducaci\u00f3n neuromuscular facial<\/strong> <strong>e infiltraciones con toxina botul\u00ednica (Botox)<\/strong> a nivel de musculatura facial<\/a><\/li>\n<li><strong>Ejercicios y mioestiramientos de musculatura masticatoria<\/strong> para mejorar apertura bucal, terapia manual, tratamiento farmacol\u00f3gico o intervencionista si precisa<\/li>\n<li><strong>Mejorar la seguridad y eficacia en la degluci\u00f3n<\/strong>, seguimiento junto con <a href=\"https:\/\/www.barnaclinic.com\/es\/solicitar-cita\/?especialidad=185\" target=\"_blank\" rel=\"noopener noreferrer\">logopedia<\/a> y <a href=\"https:\/\/www.barnaclinic.com\/es\/solicitar-cita\/?especialidad=147\" target=\"_blank\" rel=\"noopener noreferrer\">nutrici\u00f3n<\/a><\/li>\n<li><strong>Mejorar la comunicaci\u00f3n<\/strong> (habla y voz), seguimiento por\u00a0<a href=\"https:\/\/www.barnaclinic.com\/es\/solicitar-cita\/?especialidad=185\" target=\"_blank\" rel=\"noopener noreferrer\">logopedia<\/a><\/li>\n<li><strong>Prevenir la atrofia muscular y desacondicionamiento<\/strong>, prescripci\u00f3n y recomendaciones de ejercicio f\u00edsico<\/li>\n<li><strong>Apoyo psicol\u00f3gico<\/strong>, si precisa<\/li>\n<\/ul>\n<div id=\"estoy-interesado\" class=\"destacat-site\">\n<h4 style=\"padding-left: 30px;\">TE PUEDE INTERESAR\u2026<\/h4>\n<h4 style=\"padding-left: 30px;\">\u00b7 <a href=\"https:\/\/www.barnaclinic.com\/blog\/rehabilitacion\/tratamiento-paralisis-facial-botox\/\" target=\"_blank\" rel=\"noopener noreferrer\">Tratamiento de la par\u00e1lisis facial con toxina botul\u00ednica (B\u00f3tox)<\/a><\/h4>\n<\/div>\n<blockquote>\n<h4><a href=\"https:\/\/www.barnaclinic.com\/es\/cuadro-medico\/544\/sandra\"><img loading=\"lazy\" decoding=\"async\" class=\"size-full wp-image-15 alignleft\" src=\"http:\/\/www.barnaclinic.com\/blog\/rehabilitacion\/wp-content\/uploads\/sites\/21\/2021\/03\/Captura-de-pantalla-2021-03-04-a-las-19.35.11.png\" alt=\"Dra. Sandra V\u00e1zquez\" width=\"93\" height=\"92\" \/><\/a><\/h4>\n<h4><strong>\u00abEs valioso cubrir todo el espectro de discapacidades y orientar todos los aspectos de la rehabilitaci\u00f3n del c\u00e1ncer de cabeza y cuello. Establecer un tratamiento rehabilitador adecuado, limitar\u00e1 el alcance de las complicaciones, mejorando la funcionalidad y calidad de vida de los pacientes\u00bb<\/strong><\/h4>\n<p>Dra.\u00a0<a href=\"https:\/\/www.barnaclinic.com\/es\/cuadro-medico\/544\/sandra\" target=\"_blank\" rel=\"noopener noreferrer\">Sandra V\u00e1zquez<\/a>,\u00a0<strong>M\u00e9dico Especialista<\/strong>\u00a0en\u00a0<a href=\"https:\/\/www.barnaclinic.com\/es\/rehabilitacion\/\"><strong>Medicina F\u00edsica y Rehabilitaci\u00f3n<\/strong><\/a>\u00a0en\u00a0<a class=\"external\" href=\"https:\/\/www.clinicbarcelona.org\/\" target=\"_blank\" rel=\"external noopener noreferrer\">Hospital\u00a0Cl\u00ednic de Barcelona<\/a>\u00a0y de\u00a0<strong>barnacl\u00ednic+<\/strong><\/p><\/blockquote>\n<h2>La importancia de un equipo multidisciplinar<\/h2>\n<p>Para garantizar el \u00e9xito del tratamiento, el correcto seguimiento de estos pacientes y una adecuada\u00a0<strong>rehabilitaci\u00f3n del c\u00e1ncer de cabeza y cuello<\/strong>, es fundamental la\u00a0coordinaci\u00f3n de los diferentes servicios implicados. Es decir: <a href=\"https:\/\/www.barnaclinic.com\/es\/oncologia-medica\/\" target=\"_blank\" rel=\"noopener noreferrer\">Oncolog\u00eda<\/a>,\u00a0<a href=\"https:\/\/www.barnaclinic.com\/es\/especialidades\/21\/otorrinolaringologia\" target=\"_blank\" rel=\"noopener noreferrer\">Otorrinolaringolog\u00eda<\/a>,\u00a0<a href=\"https:\/\/www.barnaclinic.com\/es\/rehabilitacion\/\">Medicina F\u00edsica y Rehabilitaci\u00f3n<\/a>,\u00a0<a href=\"https:\/\/www.barnaclinic.com\/es\/cirugia-maxilofacial\/\" target=\"_blank\" rel=\"noopener noreferrer\">Cirug\u00eda Maxilofacial<\/a>,\u00a0<a href=\"https:\/\/www.barnaclinic.com\/es\/solicitar-cita\/?especialidad=185\" target=\"_blank\" rel=\"noopener noreferrer\">Logopedia<\/a>, <a href=\"https:\/\/www.barnaclinic.com\/blog\/nutricion\/\" target=\"_blank\" rel=\"noopener noreferrer\">Nutrici\u00f3n<\/a>, Fisioterapia, <a href=\"https:\/\/www.barnaclinic.com\/es\/trastornos-psiquiatricos-y-psicologicos-del-adulto\/\" target=\"_blank\" rel=\"noopener noreferrer\">Psicolog\u00eda<\/a>,&#8230; El\u00a0<strong>trabajo multidisciplicar de los diferentes profesionales<\/strong>, una buena comunicaci\u00f3n entre ellos y con el paciente, pueden suponer una gran diferencia y son una garant\u00eda de mejores resultados.<\/p>\n<hr \/>\n<div id=\"estoy-interesado\" class=\"destacat-site\">\n<h1 style=\"padding-left: 15px; padding-right: 15px; text-align: center;\" align=\"LEFT\"><span style=\"color: white;\">\u00bfQUIERES CONTACTAR CON LA DRA. SANDRA V\u00c1ZQUEZ?<\/span><\/h1>\n<p class=\"boto\" style=\"padding-right: 20px;\" align=\"center\"><a class=\"button\" href=\"https:\/\/www.barnaclinic.com\/es\/solicitar-cita\/?profesional=544\" target=\"_blank&amp;\">PEDIR CITA PRESENCIAL<\/a>\u00a0|\u00a0<a class=\"button\" href=\"https:\/\/www.barnaclinic.com\/es\/solicitar-televisita\/?profesional=544\" target=\"_blank&amp;\">SOLICITAR TELEVISITA<\/a><\/p>\n<\/div>\n","protected":false},"excerpt":{"rendered":"<p>Los carcinomas de cabeza y cuello constituyen un grupo heterog\u00e9neo de neoplasias localizadas en las v\u00edas aereodigestivas superiores, y representan el 5% de los c\u00e1nceres diagnosticados en la edad adulta. Debido a la\u00a0deteccio\u0301n temprana y a la evoluci\u00f3n de los tratamientos oncol\u00f3gicos, en la actualidad existe un mayor nu\u0301mero de sobrevivientes de\u00a0ca\u0301ncer de cabeza y [&hellip;]<\/p>\n","protected":false},"author":2,"featured_media":139,"comment_status":"open","ping_status":"open","sticky":false,"template":"","format":"standard","meta":{"footnotes":""},"categories":[35],"tags":[62,63,32,41,61,37,38,64],"class_list":["post-134","post","type-post","status-publish","format-standard","has-post-thumbnail","hentry","category-rehabilitacion-oncologica","tag-cancer-de-cabeza-y-cuello","tag-consecuencias-cancer-de-cabeza-y-cuello","tag-rehabilitacion","tag-rehabilitacion-cancer","tag-rehabilitacion-cancer-de-cabeza-y-cuello","tag-rehabilitacion-del-cancer","tag-rehabilitacion-oncologica","tag-secuelas-cancer-de-cabeza-y-cuello"],"yoast_head":"<!-- This site is optimized with the Yoast SEO plugin v19.14 - https:\/\/yoast.com\/wordpress\/plugins\/seo\/ -->\n<title>Rehabilitaci\u00f3n en el C\u00e1ncer de Cabeza y Cuello: Qu\u00e9 es y su objetivo<\/title>\n<meta name=\"description\" content=\"El tratamiento oncol\u00f3gico del c\u00e1ncer de cabeza y cuello afectar en la calidad de vida del paciente. La rehabilitaci\u00f3n del c\u00e1ncer de cabeza y cuello tiene...\" \/>\n<meta name=\"robots\" content=\"index, follow, max-snippet:-1, max-image-preview:large, max-video-preview:-1\" \/>\n<link rel=\"canonical\" href=\"https:\/\/www.barnaclinic.com\/blog\/rehabilitacion\/rehabilitacion-cancer-de-cabeza-y-cuello\/\" \/>\n<meta property=\"og:locale\" content=\"es_ES\" \/>\n<meta property=\"og:type\" content=\"article\" \/>\n<meta property=\"og:title\" content=\"Rehabilitaci\u00f3n en el C\u00e1ncer de Cabeza y Cuello: Qu\u00e9 es y su objetivo\" \/>\n<meta property=\"og:description\" content=\"El tratamiento oncol\u00f3gico del c\u00e1ncer de cabeza y cuello afectar en la calidad de vida del paciente. La rehabilitaci\u00f3n del c\u00e1ncer de cabeza y cuello tiene...\" \/>\n<meta property=\"og:url\" content=\"https:\/\/www.barnaclinic.com\/blog\/rehabilitacion\/rehabilitacion-cancer-de-cabeza-y-cuello\/\" \/>\n<meta property=\"og:site_name\" content=\"Blog de Rehabilitaci\u00f3n\" \/>\n<meta property=\"article:published_time\" content=\"2022-01-26T08:21:34+00:00\" \/>\n<meta property=\"og:image\" content=\"https:\/\/www.barnaclinic.com\/blog\/rehabilitacion\/wp-content\/uploads\/sites\/21\/2022\/01\/image-32.jpg\" \/>\n\t<meta property=\"og:image:width\" content=\"800\" \/>\n\t<meta property=\"og:image:height\" content=\"450\" \/>\n\t<meta property=\"og:image:type\" content=\"image\/jpeg\" \/>\n<meta name=\"author\" content=\"barnacl\u00ednic+\" \/>\n<meta name=\"twitter:card\" content=\"summary_large_image\" \/>\n<meta name=\"twitter:label1\" content=\"Escrito por\" \/>\n\t<meta name=\"twitter:data1\" content=\"barnacl\u00ednic+\" \/>\n\t<meta name=\"twitter:label2\" content=\"Tiempo de lectura\" \/>\n\t<meta name=\"twitter:data2\" content=\"4 minutos\" \/>\n<script type=\"application\/ld+json\" class=\"yoast-schema-graph\">{\"@context\":\"https:\/\/schema.org\",\"@graph\":[{\"@type\":\"WebPage\",\"@id\":\"https:\/\/www.barnaclinic.com\/blog\/rehabilitacion\/rehabilitacion-cancer-de-cabeza-y-cuello\/\",\"url\":\"https:\/\/www.barnaclinic.com\/blog\/rehabilitacion\/rehabilitacion-cancer-de-cabeza-y-cuello\/\",\"name\":\"Rehabilitaci\u00f3n en el C\u00e1ncer de Cabeza y Cuello: Qu\u00e9 es y su objetivo\",\"isPartOf\":{\"@id\":\"https:\/\/www.barnaclinic.com\/blog\/rehabilitacion\/#website\"},\"datePublished\":\"2022-01-26T08:21:34+00:00\",\"dateModified\":\"2022-01-26T08:21:34+00:00\",\"author\":{\"@id\":\"https:\/\/www.barnaclinic.com\/blog\/rehabilitacion\/#\/schema\/person\/062c0219c54bbf07163f34494da33e17\"},\"description\":\"El tratamiento oncol\u00f3gico del c\u00e1ncer de cabeza y cuello afectar en la calidad de vida del paciente. La rehabilitaci\u00f3n del c\u00e1ncer de cabeza y cuello tiene...\",\"breadcrumb\":{\"@id\":\"https:\/\/www.barnaclinic.com\/blog\/rehabilitacion\/rehabilitacion-cancer-de-cabeza-y-cuello\/#breadcrumb\"},\"inLanguage\":\"es\",\"potentialAction\":[{\"@type\":\"ReadAction\",\"target\":[\"https:\/\/www.barnaclinic.com\/blog\/rehabilitacion\/rehabilitacion-cancer-de-cabeza-y-cuello\/\"]}]},{\"@type\":\"BreadcrumbList\",\"@id\":\"https:\/\/www.barnaclinic.com\/blog\/rehabilitacion\/rehabilitacion-cancer-de-cabeza-y-cuello\/#breadcrumb\",\"itemListElement\":[{\"@type\":\"ListItem\",\"position\":1,\"name\":\"Portada\",\"item\":\"https:\/\/www.barnaclinic.com\/blog\/rehabilitacion\/\"},{\"@type\":\"ListItem\",\"position\":2,\"name\":\"El papel de la rehabilitaci\u00f3n en pacientes con c\u00e1ncer de cabeza y cuello\"}]},{\"@type\":\"WebSite\",\"@id\":\"https:\/\/www.barnaclinic.com\/blog\/rehabilitacion\/#website\",\"url\":\"https:\/\/www.barnaclinic.com\/blog\/rehabilitacion\/\",\"name\":\"Blog de Rehabilitaci\u00f3n\",\"description\":\"En el blog de rehabilitaci\u00f3n encontrar\u00e1 informaci\u00f3n sobre patolog\u00edas neurol\u00f3gicas y neuromusculares, cardiovasculares, ortop\u00e9dicas, secuelas de terapias oncol\u00f3gicas, amputados, lesiones medulares, etc.\",\"potentialAction\":[{\"@type\":\"SearchAction\",\"target\":{\"@type\":\"EntryPoint\",\"urlTemplate\":\"https:\/\/www.barnaclinic.com\/blog\/rehabilitacion\/?s={search_term_string}\"},\"query-input\":\"required name=search_term_string\"}],\"inLanguage\":\"es\"},{\"@type\":\"Person\",\"@id\":\"https:\/\/www.barnaclinic.com\/blog\/rehabilitacion\/#\/schema\/person\/062c0219c54bbf07163f34494da33e17\",\"name\":\"barnacl\u00ednic+\",\"image\":{\"@type\":\"ImageObject\",\"inLanguage\":\"es\",\"@id\":\"https:\/\/www.barnaclinic.com\/blog\/rehabilitacion\/#\/schema\/person\/image\/\",\"url\":\"https:\/\/secure.gravatar.com\/avatar\/d6a36f6e326a816ac635808864feed8bc381527908e45406660f6ee6ebffee1b?s=96&d=mm&r=g\",\"contentUrl\":\"https:\/\/secure.gravatar.com\/avatar\/d6a36f6e326a816ac635808864feed8bc381527908e45406660f6ee6ebffee1b?s=96&d=mm&r=g\",\"caption\":\"barnacl\u00ednic+\"},\"url\":\"https:\/\/www.barnaclinic.com\/blog\/rehabilitacion\/author\/alex\/\"}]}<\/script>\n<!-- \/ Yoast SEO plugin. -->","yoast_head_json":{"title":"Rehabilitaci\u00f3n en el C\u00e1ncer de Cabeza y Cuello: Qu\u00e9 es y su objetivo","description":"El tratamiento oncol\u00f3gico del c\u00e1ncer de cabeza y cuello afectar en la calidad de vida del paciente. La rehabilitaci\u00f3n del c\u00e1ncer de cabeza y cuello tiene...","robots":{"index":"index","follow":"follow","max-snippet":"max-snippet:-1","max-image-preview":"max-image-preview:large","max-video-preview":"max-video-preview:-1"},"canonical":"https:\/\/www.barnaclinic.com\/blog\/rehabilitacion\/rehabilitacion-cancer-de-cabeza-y-cuello\/","og_locale":"es_ES","og_type":"article","og_title":"Rehabilitaci\u00f3n en el C\u00e1ncer de Cabeza y Cuello: Qu\u00e9 es y su objetivo","og_description":"El tratamiento oncol\u00f3gico del c\u00e1ncer de cabeza y cuello afectar en la calidad de vida del paciente. La rehabilitaci\u00f3n del c\u00e1ncer de cabeza y cuello tiene...","og_url":"https:\/\/www.barnaclinic.com\/blog\/rehabilitacion\/rehabilitacion-cancer-de-cabeza-y-cuello\/","og_site_name":"Blog de Rehabilitaci\u00f3n","article_published_time":"2022-01-26T08:21:34+00:00","og_image":[{"width":800,"height":450,"url":"https:\/\/www.barnaclinic.com\/blog\/rehabilitacion\/wp-content\/uploads\/sites\/21\/2022\/01\/image-32.jpg","type":"image\/jpeg"}],"author":"barnacl\u00ednic+","twitter_card":"summary_large_image","twitter_misc":{"Escrito por":"barnacl\u00ednic+","Tiempo de lectura":"4 minutos"},"schema":{"@context":"https:\/\/schema.org","@graph":[{"@type":"WebPage","@id":"https:\/\/www.barnaclinic.com\/blog\/rehabilitacion\/rehabilitacion-cancer-de-cabeza-y-cuello\/","url":"https:\/\/www.barnaclinic.com\/blog\/rehabilitacion\/rehabilitacion-cancer-de-cabeza-y-cuello\/","name":"Rehabilitaci\u00f3n en el C\u00e1ncer de Cabeza y Cuello: Qu\u00e9 es y su objetivo","isPartOf":{"@id":"https:\/\/www.barnaclinic.com\/blog\/rehabilitacion\/#website"},"datePublished":"2022-01-26T08:21:34+00:00","dateModified":"2022-01-26T08:21:34+00:00","author":{"@id":"https:\/\/www.barnaclinic.com\/blog\/rehabilitacion\/#\/schema\/person\/062c0219c54bbf07163f34494da33e17"},"description":"El tratamiento oncol\u00f3gico del c\u00e1ncer de cabeza y cuello afectar en la calidad de vida del paciente. La rehabilitaci\u00f3n del c\u00e1ncer de cabeza y cuello tiene...","breadcrumb":{"@id":"https:\/\/www.barnaclinic.com\/blog\/rehabilitacion\/rehabilitacion-cancer-de-cabeza-y-cuello\/#breadcrumb"},"inLanguage":"es","potentialAction":[{"@type":"ReadAction","target":["https:\/\/www.barnaclinic.com\/blog\/rehabilitacion\/rehabilitacion-cancer-de-cabeza-y-cuello\/"]}]},{"@type":"BreadcrumbList","@id":"https:\/\/www.barnaclinic.com\/blog\/rehabilitacion\/rehabilitacion-cancer-de-cabeza-y-cuello\/#breadcrumb","itemListElement":[{"@type":"ListItem","position":1,"name":"Portada","item":"https:\/\/www.barnaclinic.com\/blog\/rehabilitacion\/"},{"@type":"ListItem","position":2,"name":"El papel de la rehabilitaci\u00f3n en pacientes con c\u00e1ncer de cabeza y cuello"}]},{"@type":"WebSite","@id":"https:\/\/www.barnaclinic.com\/blog\/rehabilitacion\/#website","url":"https:\/\/www.barnaclinic.com\/blog\/rehabilitacion\/","name":"Blog de Rehabilitaci\u00f3n","description":"En el blog de rehabilitaci\u00f3n encontrar\u00e1 informaci\u00f3n sobre patolog\u00edas neurol\u00f3gicas y neuromusculares, cardiovasculares, ortop\u00e9dicas, secuelas de terapias oncol\u00f3gicas, amputados, lesiones medulares, etc.","potentialAction":[{"@type":"SearchAction","target":{"@type":"EntryPoint","urlTemplate":"https:\/\/www.barnaclinic.com\/blog\/rehabilitacion\/?s={search_term_string}"},"query-input":"required name=search_term_string"}],"inLanguage":"es"},{"@type":"Person","@id":"https:\/\/www.barnaclinic.com\/blog\/rehabilitacion\/#\/schema\/person\/062c0219c54bbf07163f34494da33e17","name":"barnacl\u00ednic+","image":{"@type":"ImageObject","inLanguage":"es","@id":"https:\/\/www.barnaclinic.com\/blog\/rehabilitacion\/#\/schema\/person\/image\/","url":"https:\/\/secure.gravatar.com\/avatar\/d6a36f6e326a816ac635808864feed8bc381527908e45406660f6ee6ebffee1b?s=96&d=mm&r=g","contentUrl":"https:\/\/secure.gravatar.com\/avatar\/d6a36f6e326a816ac635808864feed8bc381527908e45406660f6ee6ebffee1b?s=96&d=mm&r=g","caption":"barnacl\u00ednic+"},"url":"https:\/\/www.barnaclinic.com\/blog\/rehabilitacion\/author\/alex\/"}]}},"_links":{"self":[{"href":"https:\/\/www.barnaclinic.com\/blog\/rehabilitacion\/wp-json\/wp\/v2\/posts\/134","targetHints":{"allow":["GET"]}}],"collection":[{"href":"https:\/\/www.barnaclinic.com\/blog\/rehabilitacion\/wp-json\/wp\/v2\/posts"}],"about":[{"href":"https:\/\/www.barnaclinic.com\/blog\/rehabilitacion\/wp-json\/wp\/v2\/types\/post"}],"author":[{"embeddable":true,"href":"https:\/\/www.barnaclinic.com\/blog\/rehabilitacion\/wp-json\/wp\/v2\/users\/2"}],"replies":[{"embeddable":true,"href":"https:\/\/www.barnaclinic.com\/blog\/rehabilitacion\/wp-json\/wp\/v2\/comments?post=134"}],"version-history":[{"count":5,"href":"https:\/\/www.barnaclinic.com\/blog\/rehabilitacion\/wp-json\/wp\/v2\/posts\/134\/revisions"}],"predecessor-version":[{"id":141,"href":"https:\/\/www.barnaclinic.com\/blog\/rehabilitacion\/wp-json\/wp\/v2\/posts\/134\/revisions\/141"}],"wp:featuredmedia":[{"embeddable":true,"href":"https:\/\/www.barnaclinic.com\/blog\/rehabilitacion\/wp-json\/wp\/v2\/media\/139"}],"wp:attachment":[{"href":"https:\/\/www.barnaclinic.com\/blog\/rehabilitacion\/wp-json\/wp\/v2\/media?parent=134"}],"wp:term":[{"taxonomy":"category","embeddable":true,"href":"https:\/\/www.barnaclinic.com\/blog\/rehabilitacion\/wp-json\/wp\/v2\/categories?post=134"},{"taxonomy":"post_tag","embeddable":true,"href":"https:\/\/www.barnaclinic.com\/blog\/rehabilitacion\/wp-json\/wp\/v2\/tags?post=134"}],"curies":[{"name":"wp","href":"https:\/\/api.w.org\/{rel}","templated":true}]}}