{"id":210,"date":"2017-06-01T09:51:00","date_gmt":"2017-06-01T08:51:00","guid":{"rendered":"http:\/\/www.barnaclinic.com\/blog\/nutricion\/?p=210"},"modified":"2017-06-01T09:51:00","modified_gmt":"2017-06-01T08:51:00","slug":"leche-lacteos-alimento-saludable","status":"publish","type":"post","link":"https:\/\/www.barnaclinic.com\/blog\/nutricion\/leche-lacteos-alimento-saludable\/","title":{"rendered":"La leche y l\u00e1cteos: \u00bfalimento saludable o da\u00f1ino?"},"content":{"rendered":"<p>Hoy, 1 de junio, es el <a href=\"https:\/\/es.wikipedia.org\/wiki\/D%C3%ADa_Mundial_de_la_Leche\" target=\"_blank\" rel=\"noopener noreferrer\"><strong>D\u00eda Mundial de la Leche<\/strong><\/a>, por este motivo, hablaremos de <strong>l\u00e1cteos<\/strong>. Seg\u00fan con quien hablamos del tema, recibimos informaci\u00f3n muy dispar; <strong>hay quien dice que los l\u00e1cteos son muy sanos y recomendables y hay quien considera indispensable eliminarlos por completo de la alimentaci\u00f3n<\/strong>. Es normal que surjan dudas, y m\u00e1s \u00faltimamente, cuando se hacen tantas campa\u00f1as en su contra, pero <strong>\u00bfrealmente los l\u00e1cteos son tan poco aconsejables?<\/strong><\/p>\n<p><!--more--><\/p>\n<p>Como puede ocurrir con muchos otros alimentos, todo depende de nuestras costumbres o cultura y, sobre todo, del efecto que cause en nuestro organismo. Quiero decir que, un al\u00e9rgico a la <a href=\"https:\/\/es.wikipedia.org\/wiki\/Case%C3%ADna\" target=\"_blank\" rel=\"noopener noreferrer\"><em>case\u00edna<\/em><\/a> -la prote\u00edna de leche- no puede comer o tomar l\u00e1cteos ya que su cuerpo crear\u00e1 una respuesta al\u00e9rgica ante este alimento. En cambio, quien los tolera y le gustan, puede que los llegue a introducir en cada una de las comidas del d\u00eda en sus distintas versiones: leche, yogur, queso, cuajada, etc.<\/p>\n<h2><strong>Pero \u00bfes un buen alimento o no?<\/strong><\/h2>\n<p>Para empezar, me gustar\u00eda aclarar que <strong>la leche es un alimento nutricionalmente completo<\/strong>. Quiere decir que <strong>nos aporta macronutrientes<\/strong>: prote\u00ednas, grasas e hidratos de carbono simples y una buena variedad de micronutrientes: vitaminas como A, D, E, B<sub>2<\/sub> y B<sub>12<\/sub> y minerales como calcio, potasio y f\u00f3sforo. En l\u00edneas generales, <strong>s<\/strong><strong>us derivados contienen tambi\u00e9n estos mismos <\/strong><strong>nutrientes <\/strong>aunque en diferentes proporciones, generalmente m\u00e1s concentrados porque pierden parte de su contenido en agua.<\/p>\n<blockquote>\n<h4><strong><em><img loading=\"lazy\" decoding=\"async\" class=\"alignleft wp-image-125\" src=\"http:\/\/www.barnaclinic.com\/blog\/nutricion\/wp-content\/uploads\/sites\/6\/barbara-romano-cita.jpg\" alt=\"barbara-romano-cita\" width=\"90\" height=\"90\" \/><\/em><\/strong><\/h4>\n<h4><strong><em>\u201cLa leche es un alimento nutricionalmente completo que nos aporta macronutrientes. Sus derivados tambi\u00e9n contienen estos nutrientes pero en otras proporciones\u201d<\/em><\/strong><\/h4>\n<p><a href=\"http:\/\/www.barnaclinic.com\/profesionales\/286\/barbara-romano-andrioni\" target=\"_blank\" rel=\"noopener noreferrer\">B\u00e1rbara Romano<\/a><\/p><\/blockquote>\n<h2><strong>Parece que son bastante saludables. Entonces \u00bfpor qu<\/strong><strong>\u00e9 <\/strong><strong>tanta mala fama?<\/strong><\/h2>\n<p>Existen muchos comentarios negativos sobre los l\u00e1cteos, especialmente sobre la leche. A continuaci\u00f3n vamos a analizar algunos:<\/p>\n<h3><strong><em>1. Somos el \u00fanico mam\u00edfero adulto que toma leche<\/em><\/strong><\/h3>\n<p>Somos el \u00fanico mam\u00edfero que hace muchas cosas y no por ello dudamos de otros aspectos de nuestra vida, como pueden ser viajar en avi\u00f3n o escribir un libro. As\u00ed que \u00bfpor qu\u00e9 hacerlo con la leche? Es cierto que <strong>una parte de la poblaci\u00f3n, especialmente la asi\u00e1tica, no tolera los l\u00e1cteos. En Europa, sin embargo, el porcentaje de intolerantes a la lactosa no es tan <\/strong><strong>elevado<\/strong>. Lo que s\u00ed es cierto es que nuestro organismo puede dejar de producir<em> lactasa<\/em>, la enzima que digiere el az\u00facar de la leche, si eliminamos totalmente la lactosa de nuestra alimentaci\u00f3n. Tambi\u00e9n es cierto que puede perderse la capacidad de producir lactasa con los a\u00f1os, pero estar\u00edamos hablando de poblaci\u00f3n de la tercera edad y no siempre ocurre.<\/p>\n<h3><strong><em>2. Si soy intolerante a la lactosa, debo eliminar los l\u00e1cteos de mi dieta<\/em><\/strong><\/h3>\n<p><strong>Cada uno debe valorar su tolerancia<\/strong> ya que hay gente que no puede tomar un vaso de leche pero s\u00ed que les sienta bien un yogur o un poco de queso. Esto es debido a que las bacterias que han transformado la leche en estos derivados han actuado sobre la lactosa haci\u00e9ndolos m\u00e1s digeribles.<\/p>\n<h3><strong><em>3. Es mejor el l\u00e1cteo desnatado que el entero<\/em><\/strong><strong><em>\u00a0<\/em><\/strong><\/h3>\n<p>Este punto, como ha pasado con otros alimentos durante los \u00faltimos a\u00f1os \u2013por ejemplo, con el huevo y <a href=\"http:\/\/www.barnaclinic.com\/blog\/nutricion\/colesterol\/\" target=\"_blank\" rel=\"noopener noreferrer\">el colesterol<\/a>\u2013 est\u00e1 cambiando y se est\u00e1 empezando a ver que el tipo de grasas saturadas que contienen los l\u00e1cteos no influye de forma tan clara en el aumento de colesterol. Tambi\u00e9n pueden llegar a tener un papel protector ante el aumento de peso porque sacian un poco m\u00e1s, pero siempre dentro de un marco de <a href=\"http:\/\/www.barnaclinic.com\/blog\/nutricion\/dieta-saludable\/\" target=\"_blank\" rel=\"noopener noreferrer\"><strong>alimentaci\u00f3n variada y equilibrada<\/strong><\/a>, con <a href=\"http:\/\/www.barnaclinic.com\/blog\/nutricion\/dieta-vegetariana-salud\/\" target=\"_blank\" rel=\"noopener noreferrer\">aporte elevado de verduras<\/a> y frutas, productos integrales, legumbres, etc.<\/p>\n<h3><strong><em>4. La leche provoca exceso de mucosidad<\/em><\/strong><\/h3>\n<p><strong><em>\u00a0<\/em><\/strong>No me voy a extender en este punto: se han realizado estudios cient\u00edficos que demuestran que esta relaci\u00f3n directa no existe. As\u00ed que, podemos afirmar que la leche NO provoca exceso de mucosidad.<\/p>\n<p>En conclusi\u00f3n<strong>, si no existe intolerancia a la lactosa ni alergia a la case\u00edna y, por supuesto, nos gustan, podemos consumir l\u00e1cteos<\/strong>. Tambi\u00e9n es importante saber que este grupo de alimentos <strong>es una <a href=\"http:\/\/www.barnaclinic.com\/blog\/mens-health\/el-calcio-amigo-o-enemigo-de-la-litiasis-renal\/\" target=\"_blank\" rel=\"noopener noreferrer\">de las mejores fuentes de calcio<\/a> que tenemos<\/strong> y que comiendo 2 \u00f3 3 raciones diarias*, podemos cubrir la dosis de calcio que precisamos al d\u00eda.<\/p>\n<p><small>*En caso de ni\u00f1os, mujeres embarazadas o lactantes y personas de la 3\u00aa edad, es recomendable aumentar a 3-4 raciones diarias.<\/small><\/p>\n<blockquote>\n<h4><strong><em><img loading=\"lazy\" decoding=\"async\" class=\"alignleft wp-image-125\" src=\"http:\/\/www.barnaclinic.com\/blog\/nutricion\/wp-content\/uploads\/sites\/6\/barbara-romano-cita.jpg\" alt=\"barbara-romano-cita\" width=\"90\" height=\"90\" \/><\/em><\/strong><\/h4>\n<h4><strong><em>\u201cSi no existe intolerancia a la lactosa ni alergia a la case\u00edna y, por supuesto, nos gustan, podemos consumir l\u00e1cteos\u201d<\/em><\/strong><\/h4>\n<p><a href=\"http:\/\/www.barnaclinic.com\/profesionales\/286\/barbara-romano-andrioni\" target=\"_blank\" rel=\"noopener noreferrer\">B\u00e1rbara Romano<\/a><\/p><\/blockquote>\n<h1 style=\"text-align: center;\">\u00a1Feliz d\u00eda mundial de la leche!<\/h1>\n<hr \/>\n<p><em>1 raci\u00f3n de l\u00e1cteos es:<\/em><\/p>\n<ul>\n<li><em>un vaso de leche<\/em><\/li>\n<li><em>dos yogures<\/em><\/li>\n<li><em>180g de k\u00e9fir<\/em><\/li>\n<li><em>una cuajada<\/em><\/li>\n<li><em>125g de queso fresco<\/em><\/li>\n<li><em>30g de queso semicurado<\/em><\/li>\n<li><em>20g de queso curado<\/em><\/li>\n<li><em>de manera puntual se puede sustituir una raci\u00f3n por postres l\u00e1cteos como helado, flan, natillas, etc.<\/em><\/li>\n<\/ul>\n<hr \/>\n<h1 style=\"text-align: center;\"><a href=\"http:\/\/www.barnaclinic.com\/solicitar-cita\/?profesional=286\" target=\"_blank\" rel=\"noopener noreferrer\"><img loading=\"lazy\" decoding=\"async\" class=\"aligncenter wp-image-59 size-full\" src=\"http:\/\/www.barnaclinic.com\/blog\/nutricion\/wp-content\/uploads\/sites\/6\/banner-cita-barbara-romano.jpg\" alt=\"banner-cita-barbara-romano\" width=\"1468\" height=\"218\" srcset=\"https:\/\/www.barnaclinic.com\/blog\/nutricion\/wp-content\/uploads\/sites\/6\/banner-cita-barbara-romano.jpg 1468w, https:\/\/www.barnaclinic.com\/blog\/nutricion\/wp-content\/uploads\/sites\/6\/banner-cita-barbara-romano-300x45.jpg 300w, https:\/\/www.barnaclinic.com\/blog\/nutricion\/wp-content\/uploads\/sites\/6\/banner-cita-barbara-romano-768x114.jpg 768w, https:\/\/www.barnaclinic.com\/blog\/nutricion\/wp-content\/uploads\/sites\/6\/banner-cita-barbara-romano-1024x152.jpg 1024w\" sizes=\"auto, (max-width: 1468px) 100vw, 1468px\" \/><\/a><\/h1>\n","protected":false},"excerpt":{"rendered":"<p>Hoy, 1 de junio, es el D\u00eda Mundial de la Leche, por este motivo, hablaremos de l\u00e1cteos. Seg\u00fan con quien hablamos del tema, recibimos informaci\u00f3n muy dispar; hay quien dice que los l\u00e1cteos son muy sanos y recomendables y hay quien considera indispensable eliminarlos por completo de la alimentaci\u00f3n. Es normal que surjan dudas, y [&hellip;]<\/p>\n","protected":false},"author":2,"featured_media":211,"comment_status":"open","ping_status":"closed","sticky":false,"template":"","format":"standard","meta":{"footnotes":""},"categories":[2,14],"tags":[83,79,80,81,9,82],"class_list":["post-210","post","type-post","status-publish","format-standard","has-post-thumbnail","hentry","category-consejos-de-nutricion","category-dietas","tag-dia-mundial","tag-lacteos","tag-leche","tag-queso","tag-saludable","tag-yogur"],"yoast_head":"<!-- This site is optimized with the Yoast SEO plugin v19.14 - https:\/\/yoast.com\/wordpress\/plugins\/seo\/ -->\n<title>La leche, l\u00e1cteos y deribados: \u00bfalimento saludable o da\u00f1ino?<\/title>\n<meta name=\"description\" content=\"Hoy, 1 de junio, es el D\u00eda Mundial de la Leche, por este motivo, hablaremos de l\u00e1cteos. Seg\u00fan con quien hablamos del tema, recibimos informaci\u00f3n muy dispar\" \/>\n<meta name=\"robots\" content=\"index, follow, max-snippet:-1, max-image-preview:large, max-video-preview:-1\" \/>\n<link rel=\"canonical\" href=\"https:\/\/www.barnaclinic.com\/blog\/nutricion\/leche-lacteos-alimento-saludable\/\" \/>\n<meta property=\"og:locale\" content=\"es_ES\" \/>\n<meta property=\"og:type\" content=\"article\" \/>\n<meta property=\"og:title\" content=\"La leche, l\u00e1cteos y deribados: \u00bfalimento saludable o da\u00f1ino?\" \/>\n<meta property=\"og:description\" content=\"Hoy, 1 de junio, es el D\u00eda Mundial de la Leche, por este motivo, hablaremos de l\u00e1cteos. Seg\u00fan con quien hablamos del tema, recibimos informaci\u00f3n muy dispar\" \/>\n<meta property=\"og:url\" content=\"https:\/\/www.barnaclinic.com\/blog\/nutricion\/leche-lacteos-alimento-saludable\/\" \/>\n<meta property=\"og:site_name\" content=\"Blog de nutrici\u00f3n\" \/>\n<meta property=\"article:published_time\" content=\"2017-06-01T08:51:00+00:00\" \/>\n<meta property=\"og:image\" content=\"https:\/\/www.barnaclinic.com\/blog\/nutricion\/wp-content\/uploads\/sites\/6\/lacteos-dia-mundial-leche.jpg\" \/>\n\t<meta property=\"og:image:width\" content=\"800\" \/>\n\t<meta property=\"og:image:height\" content=\"350\" \/>\n\t<meta property=\"og:image:type\" content=\"image\/jpeg\" \/>\n<meta name=\"author\" content=\"barnacl\u00ednic+\" \/>\n<meta name=\"twitter:card\" content=\"summary_large_image\" \/>\n<meta name=\"twitter:label1\" content=\"Escrito por\" \/>\n\t<meta name=\"twitter:data1\" content=\"barnacl\u00ednic+\" \/>\n\t<meta name=\"twitter:label2\" content=\"Tiempo de lectura\" \/>\n\t<meta name=\"twitter:data2\" content=\"4 minutos\" \/>\n<script type=\"application\/ld+json\" class=\"yoast-schema-graph\">{\"@context\":\"https:\/\/schema.org\",\"@graph\":[{\"@type\":\"WebPage\",\"@id\":\"https:\/\/www.barnaclinic.com\/blog\/nutricion\/leche-lacteos-alimento-saludable\/\",\"url\":\"https:\/\/www.barnaclinic.com\/blog\/nutricion\/leche-lacteos-alimento-saludable\/\",\"name\":\"La leche, l\u00e1cteos y deribados: \u00bfalimento saludable o da\u00f1ino?\",\"isPartOf\":{\"@id\":\"https:\/\/www.barnaclinic.com\/blog\/nutricion\/#website\"},\"datePublished\":\"2017-06-01T08:51:00+00:00\",\"dateModified\":\"2017-06-01T08:51:00+00:00\",\"author\":{\"@id\":\"https:\/\/www.barnaclinic.com\/blog\/nutricion\/#\/schema\/person\/062c0219c54bbf07163f34494da33e17\"},\"description\":\"Hoy, 1 de junio, es el D\u00eda Mundial de la Leche, por este motivo, hablaremos de l\u00e1cteos. Seg\u00fan con quien hablamos del tema, recibimos informaci\u00f3n muy dispar\",\"breadcrumb\":{\"@id\":\"https:\/\/www.barnaclinic.com\/blog\/nutricion\/leche-lacteos-alimento-saludable\/#breadcrumb\"},\"inLanguage\":\"es\",\"potentialAction\":[{\"@type\":\"ReadAction\",\"target\":[\"https:\/\/www.barnaclinic.com\/blog\/nutricion\/leche-lacteos-alimento-saludable\/\"]}]},{\"@type\":\"BreadcrumbList\",\"@id\":\"https:\/\/www.barnaclinic.com\/blog\/nutricion\/leche-lacteos-alimento-saludable\/#breadcrumb\",\"itemListElement\":[{\"@type\":\"ListItem\",\"position\":1,\"name\":\"Portada\",\"item\":\"https:\/\/www.barnaclinic.com\/blog\/nutricion\/\"},{\"@type\":\"ListItem\",\"position\":2,\"name\":\"La leche y l\u00e1cteos: \u00bfalimento saludable o da\u00f1ino?\"}]},{\"@type\":\"WebSite\",\"@id\":\"https:\/\/www.barnaclinic.com\/blog\/nutricion\/#website\",\"url\":\"https:\/\/www.barnaclinic.com\/blog\/nutricion\/\",\"name\":\"Blog de nutrici\u00f3n\",\"description\":\"En este blog te ofrezco consejo y recomendaciones sobre nutrici\u00f3n, para mantener una alimentaci\u00f3n y dieta equilibradas\",\"potentialAction\":[{\"@type\":\"SearchAction\",\"target\":{\"@type\":\"EntryPoint\",\"urlTemplate\":\"https:\/\/www.barnaclinic.com\/blog\/nutricion\/?s={search_term_string}\"},\"query-input\":\"required name=search_term_string\"}],\"inLanguage\":\"es\"},{\"@type\":\"Person\",\"@id\":\"https:\/\/www.barnaclinic.com\/blog\/nutricion\/#\/schema\/person\/062c0219c54bbf07163f34494da33e17\",\"name\":\"barnacl\u00ednic+\",\"image\":{\"@type\":\"ImageObject\",\"inLanguage\":\"es\",\"@id\":\"https:\/\/www.barnaclinic.com\/blog\/nutricion\/#\/schema\/person\/image\/\",\"url\":\"https:\/\/secure.gravatar.com\/avatar\/d6a36f6e326a816ac635808864feed8bc381527908e45406660f6ee6ebffee1b?s=96&d=mm&r=g\",\"contentUrl\":\"https:\/\/secure.gravatar.com\/avatar\/d6a36f6e326a816ac635808864feed8bc381527908e45406660f6ee6ebffee1b?s=96&d=mm&r=g\",\"caption\":\"barnacl\u00ednic+\"},\"url\":\"https:\/\/www.barnaclinic.com\/blog\/nutricion\/author\/alex\/\"}]}<\/script>\n<!-- \/ Yoast SEO plugin. -->","yoast_head_json":{"title":"La leche, l\u00e1cteos y deribados: \u00bfalimento saludable o da\u00f1ino?","description":"Hoy, 1 de junio, es el D\u00eda Mundial de la Leche, por este motivo, hablaremos de l\u00e1cteos. Seg\u00fan con quien hablamos del tema, recibimos informaci\u00f3n muy dispar","robots":{"index":"index","follow":"follow","max-snippet":"max-snippet:-1","max-image-preview":"max-image-preview:large","max-video-preview":"max-video-preview:-1"},"canonical":"https:\/\/www.barnaclinic.com\/blog\/nutricion\/leche-lacteos-alimento-saludable\/","og_locale":"es_ES","og_type":"article","og_title":"La leche, l\u00e1cteos y deribados: \u00bfalimento saludable o da\u00f1ino?","og_description":"Hoy, 1 de junio, es el D\u00eda Mundial de la Leche, por este motivo, hablaremos de l\u00e1cteos. Seg\u00fan con quien hablamos del tema, recibimos informaci\u00f3n muy dispar","og_url":"https:\/\/www.barnaclinic.com\/blog\/nutricion\/leche-lacteos-alimento-saludable\/","og_site_name":"Blog de nutrici\u00f3n","article_published_time":"2017-06-01T08:51:00+00:00","og_image":[{"width":800,"height":350,"url":"https:\/\/www.barnaclinic.com\/blog\/nutricion\/wp-content\/uploads\/sites\/6\/lacteos-dia-mundial-leche.jpg","type":"image\/jpeg"}],"author":"barnacl\u00ednic+","twitter_card":"summary_large_image","twitter_misc":{"Escrito por":"barnacl\u00ednic+","Tiempo de lectura":"4 minutos"},"schema":{"@context":"https:\/\/schema.org","@graph":[{"@type":"WebPage","@id":"https:\/\/www.barnaclinic.com\/blog\/nutricion\/leche-lacteos-alimento-saludable\/","url":"https:\/\/www.barnaclinic.com\/blog\/nutricion\/leche-lacteos-alimento-saludable\/","name":"La leche, l\u00e1cteos y deribados: \u00bfalimento saludable o da\u00f1ino?","isPartOf":{"@id":"https:\/\/www.barnaclinic.com\/blog\/nutricion\/#website"},"datePublished":"2017-06-01T08:51:00+00:00","dateModified":"2017-06-01T08:51:00+00:00","author":{"@id":"https:\/\/www.barnaclinic.com\/blog\/nutricion\/#\/schema\/person\/062c0219c54bbf07163f34494da33e17"},"description":"Hoy, 1 de junio, es el D\u00eda Mundial de la Leche, por este motivo, hablaremos de l\u00e1cteos. Seg\u00fan con quien hablamos del tema, recibimos informaci\u00f3n muy dispar","breadcrumb":{"@id":"https:\/\/www.barnaclinic.com\/blog\/nutricion\/leche-lacteos-alimento-saludable\/#breadcrumb"},"inLanguage":"es","potentialAction":[{"@type":"ReadAction","target":["https:\/\/www.barnaclinic.com\/blog\/nutricion\/leche-lacteos-alimento-saludable\/"]}]},{"@type":"BreadcrumbList","@id":"https:\/\/www.barnaclinic.com\/blog\/nutricion\/leche-lacteos-alimento-saludable\/#breadcrumb","itemListElement":[{"@type":"ListItem","position":1,"name":"Portada","item":"https:\/\/www.barnaclinic.com\/blog\/nutricion\/"},{"@type":"ListItem","position":2,"name":"La leche y l\u00e1cteos: \u00bfalimento saludable o da\u00f1ino?"}]},{"@type":"WebSite","@id":"https:\/\/www.barnaclinic.com\/blog\/nutricion\/#website","url":"https:\/\/www.barnaclinic.com\/blog\/nutricion\/","name":"Blog de nutrici\u00f3n","description":"En este blog te ofrezco consejo y recomendaciones sobre nutrici\u00f3n, para mantener una alimentaci\u00f3n y dieta equilibradas","potentialAction":[{"@type":"SearchAction","target":{"@type":"EntryPoint","urlTemplate":"https:\/\/www.barnaclinic.com\/blog\/nutricion\/?s={search_term_string}"},"query-input":"required name=search_term_string"}],"inLanguage":"es"},{"@type":"Person","@id":"https:\/\/www.barnaclinic.com\/blog\/nutricion\/#\/schema\/person\/062c0219c54bbf07163f34494da33e17","name":"barnacl\u00ednic+","image":{"@type":"ImageObject","inLanguage":"es","@id":"https:\/\/www.barnaclinic.com\/blog\/nutricion\/#\/schema\/person\/image\/","url":"https:\/\/secure.gravatar.com\/avatar\/d6a36f6e326a816ac635808864feed8bc381527908e45406660f6ee6ebffee1b?s=96&d=mm&r=g","contentUrl":"https:\/\/secure.gravatar.com\/avatar\/d6a36f6e326a816ac635808864feed8bc381527908e45406660f6ee6ebffee1b?s=96&d=mm&r=g","caption":"barnacl\u00ednic+"},"url":"https:\/\/www.barnaclinic.com\/blog\/nutricion\/author\/alex\/"}]}},"_links":{"self":[{"href":"https:\/\/www.barnaclinic.com\/blog\/nutricion\/wp-json\/wp\/v2\/posts\/210","targetHints":{"allow":["GET"]}}],"collection":[{"href":"https:\/\/www.barnaclinic.com\/blog\/nutricion\/wp-json\/wp\/v2\/posts"}],"about":[{"href":"https:\/\/www.barnaclinic.com\/blog\/nutricion\/wp-json\/wp\/v2\/types\/post"}],"author":[{"embeddable":true,"href":"https:\/\/www.barnaclinic.com\/blog\/nutricion\/wp-json\/wp\/v2\/users\/2"}],"replies":[{"embeddable":true,"href":"https:\/\/www.barnaclinic.com\/blog\/nutricion\/wp-json\/wp\/v2\/comments?post=210"}],"version-history":[{"count":1,"href":"https:\/\/www.barnaclinic.com\/blog\/nutricion\/wp-json\/wp\/v2\/posts\/210\/revisions"}],"predecessor-version":[{"id":212,"href":"https:\/\/www.barnaclinic.com\/blog\/nutricion\/wp-json\/wp\/v2\/posts\/210\/revisions\/212"}],"wp:featuredmedia":[{"embeddable":true,"href":"https:\/\/www.barnaclinic.com\/blog\/nutricion\/wp-json\/wp\/v2\/media\/211"}],"wp:attachment":[{"href":"https:\/\/www.barnaclinic.com\/blog\/nutricion\/wp-json\/wp\/v2\/media?parent=210"}],"wp:term":[{"taxonomy":"category","embeddable":true,"href":"https:\/\/www.barnaclinic.com\/blog\/nutricion\/wp-json\/wp\/v2\/categories?post=210"},{"taxonomy":"post_tag","embeddable":true,"href":"https:\/\/www.barnaclinic.com\/blog\/nutricion\/wp-json\/wp\/v2\/tags?post=210"}],"curies":[{"name":"wp","href":"https:\/\/api.w.org\/{rel}","templated":true}]}}