{"id":23,"date":"2025-04-02T17:53:04","date_gmt":"2025-04-02T15:53:04","guid":{"rendered":"https:\/\/www.barnaclinic.com\/blog\/neumologia\/?p=23"},"modified":"2025-05-20T16:49:03","modified_gmt":"2025-05-20T14:49:03","slug":"neumonia-y-bronquitis","status":"publish","type":"post","link":"https:\/\/www.barnaclinic.com\/blog\/neumologia\/neumonia-y-bronquitis\/","title":{"rendered":"Neumon\u00eda y bronquitis: Diferencias esenciales para un diagn\u00f3stico precoz"},"content":{"rendered":"<p>Durante periodos de alta incidencia de infecciones respiratorias, <strong>es habitual que se confunda la neumon\u00eda con la bronquitis<\/strong>, especialmente en la fase inicial de los s\u00edntomas. Esta confusi\u00f3n puede retrasar un diagn\u00f3stico preciso y, en consecuencia, la implementaci\u00f3n de un tratamiento espec\u00edfico y adaptado a cada paciente.<!--more--><\/p>\n<h2><strong>Confusi\u00f3n en \u00e9pocas epid\u00e9micas<\/strong><\/h2>\n<p>En \u00e9pocas epid\u00e9micas, el uso inexacto del t\u00e9rmino \u201c<strong>neumon\u00eda<\/strong>\u201d a menudo puede ocultar otras afecciones, como la <strong>bronquitis<\/strong>, provocando una intervenci\u00f3n terap\u00e9utica que no siempre responde a la patolog\u00eda real. <strong>La neumon\u00eda requiere antibi\u00f3ticos<\/strong>, <strong>mientras que en la bronquitis muy a menudo no son necesarios.<\/strong> Por lo tanto, es fundamental que, ante los primeros s\u00edntomas, se realice una evaluaci\u00f3n exhaustiva para determinar la causa exacta de la enfermedad.<\/p>\n<h2><strong>Similitudes y diferencias clave entre neumon\u00eda y bronquitis<\/strong><\/h2>\n<p>Aunque <strong>la neumon\u00eda y la bronquitis<\/strong> pueden manifestar s\u00edntomas similares \u2014como la tos persistente y la dificultad para respirar\u2014 difieren notablemente en su naturaleza e impacto cl\u00ednico. <strong>La bronquitis suele ser una inflamaci\u00f3n de las v\u00edas respiratorias<\/strong>, mayoritariamente de origen viral, que tiende a evolucionar de forma leve y, en la mayor\u00eda de los casos, se resuelve con medidas de apoyo y recuperaci\u00f3n natural. Por otro lado, <strong>la neumon\u00eda es una infecci\u00f3n contagiosa que afecta a los alv\u00e9olos<\/strong>, provocando su consolidaci\u00f3n por la acumulaci\u00f3n de l\u00edquido o pus, lo que puede comprometer significativamente la funci\u00f3n respiratoria y generar complicaciones graves, especialmente en personas vulnerables.<br \/>\nEsta diferenciaci\u00f3n es clave para entender la <strong>diferencia entre bronquitis y neumon\u00eda<\/strong>, subrayando la importancia de un diagn\u00f3stico preciso y de un tratamiento adaptado a cada caso que optimice la recuperaci\u00f3n y minimice los riesgos.<\/p>\n<h2><strong>La importancia de un diagn\u00f3stico riguroso<\/strong><\/h2>\n<p>Los pacientes que acuden a los servicios de urgencias presentan a menudo signos inespec\u00edficos que requieren confirmaci\u00f3n mediante estudios de imagen. La radiograf\u00eda de t\u00f3rax es una herramienta esencial, mientras que en pacientes con antecedentes de <a href=\"https:\/\/www.barnaclinic.com\/es\/tabaquismo\/\" target=\"_blank\" rel=\"noopener\"><strong>tabaquismo<\/strong><\/a> o factores de riesgo, puede ser \u00fatil la realizaci\u00f3n de un TAC para detectar posibles complicaciones, incluidos procesos cancerosos. Esta estrategia diagn\u00f3stica permite establecer un plan terap\u00e9utico personalizado y eficiente.<\/p>\n<h2><strong>Prevenci\u00f3n y seguimiento<\/strong><\/h2>\n<p>El <strong>pron\u00f3stico de los pacientes con neumon\u00eda y bronquitis<\/strong> depende en gran medida de la fase en la que se detecta la enfermedad. Una estrategia robusta de vacunaci\u00f3n, combinada con un seguimiento cercano, puede mejorar significativamente los resultados cl\u00ednicos. Adem\u00e1s, aspectos como evitar la <a href=\"https:\/\/www.barnaclinic.com\/es\/tabaquismo\/\" target=\"_blank\" rel=\"noopener\">exposici\u00f3n al tabaco<\/a>, la <a href=\"https:\/\/odontologiabarnaclinic.es\/category\/higiene-dental\/\" target=\"_blank\" rel=\"noopener\">higiene dental<\/a> y la calidad del sue\u00f1o tienen un impacto positivo en la recuperaci\u00f3n, favoreciendo la respuesta terap\u00e9utica y reduciendo las complicaciones.<\/p>\n<div id=\"estoy-interesat\" class=\"destacat-site\">\n<h3 style=\"padding-left: 15px; padding-right: 15px;\" align=\"center\"><span style=\"color: white;\">TABLA COMPARATIVA ENTRE LA BRONQUITIS Y LA NEUMON\u00cdA<\/span><\/h3>\n<h4 style=\"padding-left: 30px; padding-right: 20px;\" align=\"center\"><a class=\"popup-privada\" href=\"\/es\/popup-privada\/7\/tabla-comparativa-bronquitis-y-neumonia\">DESCARGAR<\/a><\/h4>\n<\/div>\n<h2><strong>\u00bfPor qu\u00e9 elegir barnacl\u00ednic+ para tratar la neumon\u00eda y la bronquitis?<\/strong><\/h2>\n<p>Los especialistas de barnacl\u00ednic+ no solo cuentan con una amplia trayectoria asistencial, sino que tambi\u00e9n han contribuido activamente a la mejora global de la gesti\u00f3n y el <strong>tratamiento de las infecciones respiratorias<\/strong> mediante innovadoras l\u00edneas de investigaci\u00f3n. Entre estas aportaciones destaca:<\/p>\n<ul>\n<li>\n<h5><strong>Modelos experimentales de referencia <\/strong><\/h5>\n<p>El desarrollo de un modelo porcino, que simula las condiciones de una UCI para humanos, ha permitido profundizar en la comprensi\u00f3n de la <strong>fisiopatolog\u00eda de la neumon\u00eda<\/strong>. Nuestros especialistas, siempre con una estricta supervisi\u00f3n \u00e9tica de su trabajo, han abierto nuevas v\u00edas para la innovaci\u00f3n terap\u00e9utica en colaboraci\u00f3n con las principales empresas farmac\u00e9uticas.<\/li>\n<li>\n<h5><strong>Innovaci\u00f3n en la gesti\u00f3n de los pacientes graves <\/strong><\/h5>\n<p>El uso de corticosteroides en <strong>casos de neumon\u00eda grave<\/strong> ha reducido la mortalidad y la necesidad de ventilaci\u00f3n mec\u00e1nica, con evidencias publicadas en revistas internacionales de prestigio. La posici\u00f3n semi-inclinada es otra aportaci\u00f3n validada en el entorno cl\u00ednico e implementada en todo el mundo para mejorar el pron\u00f3stico de los pacientes graves.<\/li>\n<li>\n<h5><strong>Proyecto Europeo Homi-Lung <\/strong><\/h5>\n<p>Una muestra m\u00e1s del potencial innovador de nuestros profesionales es la participaci\u00f3n en esta iniciativa que estudia la <strong>relaci\u00f3n entre la neumon\u00eda y las enfermedades cardiovasculares<\/strong>. Con las \u00faltimas tecnolog\u00edas \u00f3micas y moleculares se est\u00e1n identificando relaciones causa-efecto entre estas enfermedades que mejorar\u00e1n el tratamiento de los pacientes.<\/li>\n<\/ul>\n<p>Este compromiso con la investigaci\u00f3n y la innovaci\u00f3n garantiza una atenci\u00f3n innovadora, integral y de referencia para los pacientes.<\/p>\n<blockquote>\n<h4><img loading=\"lazy\" decoding=\"async\" class=\"alignleft wp-image-15\" src=\"https:\/\/www.barnaclinic.com\/blog\/neumologia\/wp-content\/uploads\/sites\/27\/2025\/03\/Antoni-Torres.png\" alt=\"Antoni Torras\" width=\"119\" height=\"117\" \/>\u201cLa combinaci\u00f3n de un diagn\u00f3stico preciso, el seguimiento continuado y las innovadoras l\u00edneas de investigaci\u00f3n est\u00e1n redefiniendo el tratamiento de la neumon\u00eda y la bronquitis, asegurando una mejor calidad de vida para los pacientes.\u201d<\/h4>\n<h4><strong>Prof. <a href=\"https:\/\/www.barnaclinic.com\/es\/cuadro-medico\/645\/antoni\" target=\"_blank\" rel=\"noopener\">Antoni Torres<\/a><\/strong><\/h4>\n<\/blockquote>\n<hr \/>\n<div id=\"estic-interessat\" class=\"destacat-site\">\n<h3 style=\"padding-left: 15px; padding-right: 15px;\" align=\"center\"><span style=\"color: white;\">\u00bfCrees que t\u00fa o un familiar pod\u00e9is tener <strong>neumon\u00eda o bronquitis<\/strong> o quieres hablar con el Dr. Antoni Torres?<\/span><\/h3>\n<p style=\"padding-left: 30px; padding-right: 20px;\" align=\"center\"><a class=\"button\" href=\"https:\/\/www.barnaclinic.com\/es\/solicitar-cita\/?profesional=645\">PODEMOS AYUDARTE<\/a><\/p>\n<\/div>\n","protected":false},"excerpt":{"rendered":"<p>Durante periodos de alta incidencia de infecciones respiratorias, es habitual que se confunda la neumon\u00eda con la bronquitis, especialmente en la fase inicial de los s\u00edntomas. Esta confusi\u00f3n puede retrasar un diagn\u00f3stico preciso y, en consecuencia, la implementaci\u00f3n de un tratamiento espec\u00edfico y adaptado a cada paciente.<\/p>\n","protected":false},"author":2,"featured_media":14,"comment_status":"open","ping_status":"open","sticky":false,"template":"","format":"standard","meta":{"footnotes":""},"categories":[132,22,23],"tags":[38,41,42,33,32,44,35,25,24,39,26,27,37,36,40,29,28,31,30,34],"class_list":["post-23","post","type-post","status-publish","format-standard","has-post-thumbnail","hentry","category-antoni-torres","category-infecciones-respiratorias","category-neumonia","tag-antibioticos","tag-barnaclinic","tag-bronquitis-2","tag-diagnostico-bronquitis","tag-diagnostico-neumonia","tag-dr-antoni-torres-3","tag-enfermedades-pulmonares","tag-enfermedades-respiratorias","tag-infecciones-respiratorias","tag-neumologia","tag-neumonia","tag-neumonia-y-bronquitis","tag-prevencion-bronquitis","tag-prevencion-neumonia","tag-salud-respiratoria","tag-sintomas-respiratorios","tag-tabaquismo","tag-tratamiento-bronquitis","tag-tratamiento-neumonia","tag-urgencias-respiratorias"],"yoast_head":"<!-- This site is optimized with the Yoast SEO plugin v19.14 - https:\/\/yoast.com\/wordpress\/plugins\/seo\/ -->\n<title>Neumon\u00eda y bronquitis: Diferencias esenciales, diagn\u00f3stico precoz<\/title>\n<meta name=\"description\" content=\"Durante per\u00edodos de alta incidencia de infecciones respiratorias, es habitual que se confunda la neumon\u00eda con la bronquitis...\" \/>\n<meta name=\"robots\" content=\"index, follow, max-snippet:-1, max-image-preview:large, max-video-preview:-1\" \/>\n<link rel=\"canonical\" href=\"https:\/\/www.barnaclinic.com\/blog\/neumologia\/neumonia-y-bronquitis\/\" \/>\n<meta property=\"og:locale\" content=\"es_ES\" \/>\n<meta property=\"og:type\" content=\"article\" \/>\n<meta property=\"og:title\" content=\"Neumon\u00eda y bronquitis: Diferencias esenciales, diagn\u00f3stico precoz\" \/>\n<meta property=\"og:description\" content=\"Durante per\u00edodos de alta incidencia de infecciones respiratorias, es habitual que se confunda la neumon\u00eda con la bronquitis...\" \/>\n<meta property=\"og:url\" content=\"https:\/\/www.barnaclinic.com\/blog\/neumologia\/neumonia-y-bronquitis\/\" \/>\n<meta property=\"og:site_name\" content=\"Blog de neumolog\u00eda\" \/>\n<meta property=\"article:published_time\" content=\"2025-04-02T15:53:04+00:00\" \/>\n<meta property=\"article:modified_time\" content=\"2025-05-20T14:49:03+00:00\" \/>\n<meta property=\"og:image\" content=\"https:\/\/www.barnaclinic.com\/blog\/neumologia\/wp-content\/uploads\/sites\/27\/2025\/03\/pneumonia-bronquitis.png\" \/>\n\t<meta property=\"og:image:width\" content=\"1440\" \/>\n\t<meta property=\"og:image:height\" content=\"810\" \/>\n\t<meta property=\"og:image:type\" content=\"image\/png\" \/>\n<meta name=\"author\" content=\"barnacl\u00ednic+\" \/>\n<meta name=\"twitter:card\" content=\"summary_large_image\" \/>\n<meta name=\"twitter:label1\" content=\"Escrito por\" \/>\n\t<meta name=\"twitter:data1\" content=\"barnacl\u00ednic+\" \/>\n\t<meta name=\"twitter:label2\" content=\"Tiempo de lectura\" \/>\n\t<meta name=\"twitter:data2\" content=\"4 minutos\" \/>\n<script type=\"application\/ld+json\" class=\"yoast-schema-graph\">{\"@context\":\"https:\/\/schema.org\",\"@graph\":[{\"@type\":\"WebPage\",\"@id\":\"https:\/\/www.barnaclinic.com\/blog\/neumologia\/neumonia-y-bronquitis\/\",\"url\":\"https:\/\/www.barnaclinic.com\/blog\/neumologia\/neumonia-y-bronquitis\/\",\"name\":\"Neumon\u00eda y bronquitis: Diferencias esenciales, diagn\u00f3stico precoz\",\"isPartOf\":{\"@id\":\"https:\/\/www.barnaclinic.com\/blog\/neumologia\/#website\"},\"datePublished\":\"2025-04-02T15:53:04+00:00\",\"dateModified\":\"2025-05-20T14:49:03+00:00\",\"author\":{\"@id\":\"https:\/\/www.barnaclinic.com\/blog\/neumologia\/#\/schema\/person\/062c0219c54bbf07163f34494da33e17\"},\"description\":\"Durante per\u00edodos de alta incidencia de infecciones respiratorias, es habitual que se confunda la neumon\u00eda con la bronquitis...\",\"breadcrumb\":{\"@id\":\"https:\/\/www.barnaclinic.com\/blog\/neumologia\/neumonia-y-bronquitis\/#breadcrumb\"},\"inLanguage\":\"es\",\"potentialAction\":[{\"@type\":\"ReadAction\",\"target\":[\"https:\/\/www.barnaclinic.com\/blog\/neumologia\/neumonia-y-bronquitis\/\"]}]},{\"@type\":\"BreadcrumbList\",\"@id\":\"https:\/\/www.barnaclinic.com\/blog\/neumologia\/neumonia-y-bronquitis\/#breadcrumb\",\"itemListElement\":[{\"@type\":\"ListItem\",\"position\":1,\"name\":\"Portada\",\"item\":\"https:\/\/www.barnaclinic.com\/blog\/neumologia\/\"},{\"@type\":\"ListItem\",\"position\":2,\"name\":\"Neumon\u00eda y bronquitis: Diferencias esenciales para un diagn\u00f3stico precoz\"}]},{\"@type\":\"WebSite\",\"@id\":\"https:\/\/www.barnaclinic.com\/blog\/neumologia\/#website\",\"url\":\"https:\/\/www.barnaclinic.com\/blog\/neumologia\/\",\"name\":\"Blog de neumolog\u00eda\",\"description\":\"En el blog de Neumolog\u00eda de barnacl\u00ednic+ encontrar\u00e1 informaci\u00f3n sobre enfermedades respiratorias como el asma, la EPOC, las enfermedades pulmonares intersticiales y las infecciones respiratorias\u200b\",\"potentialAction\":[{\"@type\":\"SearchAction\",\"target\":{\"@type\":\"EntryPoint\",\"urlTemplate\":\"https:\/\/www.barnaclinic.com\/blog\/neumologia\/?s={search_term_string}\"},\"query-input\":\"required name=search_term_string\"}],\"inLanguage\":\"es\"},{\"@type\":\"Person\",\"@id\":\"https:\/\/www.barnaclinic.com\/blog\/neumologia\/#\/schema\/person\/062c0219c54bbf07163f34494da33e17\",\"name\":\"barnacl\u00ednic+\",\"image\":{\"@type\":\"ImageObject\",\"inLanguage\":\"es\",\"@id\":\"https:\/\/www.barnaclinic.com\/blog\/neumologia\/#\/schema\/person\/image\/\",\"url\":\"https:\/\/secure.gravatar.com\/avatar\/d6a36f6e326a816ac635808864feed8bc381527908e45406660f6ee6ebffee1b?s=96&d=mm&r=g\",\"contentUrl\":\"https:\/\/secure.gravatar.com\/avatar\/d6a36f6e326a816ac635808864feed8bc381527908e45406660f6ee6ebffee1b?s=96&d=mm&r=g\",\"caption\":\"barnacl\u00ednic+\"},\"url\":\"https:\/\/www.barnaclinic.com\/blog\/neumologia\/author\/alex\/\"}]}<\/script>\n<!-- \/ Yoast SEO plugin. -->","yoast_head_json":{"title":"Neumon\u00eda y bronquitis: Diferencias esenciales, diagn\u00f3stico precoz","description":"Durante per\u00edodos de alta incidencia de infecciones respiratorias, es habitual que se confunda la neumon\u00eda con la bronquitis...","robots":{"index":"index","follow":"follow","max-snippet":"max-snippet:-1","max-image-preview":"max-image-preview:large","max-video-preview":"max-video-preview:-1"},"canonical":"https:\/\/www.barnaclinic.com\/blog\/neumologia\/neumonia-y-bronquitis\/","og_locale":"es_ES","og_type":"article","og_title":"Neumon\u00eda y bronquitis: Diferencias esenciales, diagn\u00f3stico precoz","og_description":"Durante per\u00edodos de alta incidencia de infecciones respiratorias, es habitual que se confunda la neumon\u00eda con la bronquitis...","og_url":"https:\/\/www.barnaclinic.com\/blog\/neumologia\/neumonia-y-bronquitis\/","og_site_name":"Blog de neumolog\u00eda","article_published_time":"2025-04-02T15:53:04+00:00","article_modified_time":"2025-05-20T14:49:03+00:00","og_image":[{"width":1440,"height":810,"url":"https:\/\/www.barnaclinic.com\/blog\/neumologia\/wp-content\/uploads\/sites\/27\/2025\/03\/pneumonia-bronquitis.png","type":"image\/png"}],"author":"barnacl\u00ednic+","twitter_card":"summary_large_image","twitter_misc":{"Escrito por":"barnacl\u00ednic+","Tiempo de lectura":"4 minutos"},"schema":{"@context":"https:\/\/schema.org","@graph":[{"@type":"WebPage","@id":"https:\/\/www.barnaclinic.com\/blog\/neumologia\/neumonia-y-bronquitis\/","url":"https:\/\/www.barnaclinic.com\/blog\/neumologia\/neumonia-y-bronquitis\/","name":"Neumon\u00eda y bronquitis: Diferencias esenciales, diagn\u00f3stico precoz","isPartOf":{"@id":"https:\/\/www.barnaclinic.com\/blog\/neumologia\/#website"},"datePublished":"2025-04-02T15:53:04+00:00","dateModified":"2025-05-20T14:49:03+00:00","author":{"@id":"https:\/\/www.barnaclinic.com\/blog\/neumologia\/#\/schema\/person\/062c0219c54bbf07163f34494da33e17"},"description":"Durante per\u00edodos de alta incidencia de infecciones respiratorias, es habitual que se confunda la neumon\u00eda con la bronquitis...","breadcrumb":{"@id":"https:\/\/www.barnaclinic.com\/blog\/neumologia\/neumonia-y-bronquitis\/#breadcrumb"},"inLanguage":"es","potentialAction":[{"@type":"ReadAction","target":["https:\/\/www.barnaclinic.com\/blog\/neumologia\/neumonia-y-bronquitis\/"]}]},{"@type":"BreadcrumbList","@id":"https:\/\/www.barnaclinic.com\/blog\/neumologia\/neumonia-y-bronquitis\/#breadcrumb","itemListElement":[{"@type":"ListItem","position":1,"name":"Portada","item":"https:\/\/www.barnaclinic.com\/blog\/neumologia\/"},{"@type":"ListItem","position":2,"name":"Neumon\u00eda y bronquitis: Diferencias esenciales para un diagn\u00f3stico precoz"}]},{"@type":"WebSite","@id":"https:\/\/www.barnaclinic.com\/blog\/neumologia\/#website","url":"https:\/\/www.barnaclinic.com\/blog\/neumologia\/","name":"Blog de neumolog\u00eda","description":"En el blog de Neumolog\u00eda de barnacl\u00ednic+ encontrar\u00e1 informaci\u00f3n sobre enfermedades respiratorias como el asma, la EPOC, las enfermedades pulmonares intersticiales y las infecciones respiratorias\u200b","potentialAction":[{"@type":"SearchAction","target":{"@type":"EntryPoint","urlTemplate":"https:\/\/www.barnaclinic.com\/blog\/neumologia\/?s={search_term_string}"},"query-input":"required name=search_term_string"}],"inLanguage":"es"},{"@type":"Person","@id":"https:\/\/www.barnaclinic.com\/blog\/neumologia\/#\/schema\/person\/062c0219c54bbf07163f34494da33e17","name":"barnacl\u00ednic+","image":{"@type":"ImageObject","inLanguage":"es","@id":"https:\/\/www.barnaclinic.com\/blog\/neumologia\/#\/schema\/person\/image\/","url":"https:\/\/secure.gravatar.com\/avatar\/d6a36f6e326a816ac635808864feed8bc381527908e45406660f6ee6ebffee1b?s=96&d=mm&r=g","contentUrl":"https:\/\/secure.gravatar.com\/avatar\/d6a36f6e326a816ac635808864feed8bc381527908e45406660f6ee6ebffee1b?s=96&d=mm&r=g","caption":"barnacl\u00ednic+"},"url":"https:\/\/www.barnaclinic.com\/blog\/neumologia\/author\/alex\/"}]}},"_links":{"self":[{"href":"https:\/\/www.barnaclinic.com\/blog\/neumologia\/wp-json\/wp\/v2\/posts\/23","targetHints":{"allow":["GET"]}}],"collection":[{"href":"https:\/\/www.barnaclinic.com\/blog\/neumologia\/wp-json\/wp\/v2\/posts"}],"about":[{"href":"https:\/\/www.barnaclinic.com\/blog\/neumologia\/wp-json\/wp\/v2\/types\/post"}],"author":[{"embeddable":true,"href":"https:\/\/www.barnaclinic.com\/blog\/neumologia\/wp-json\/wp\/v2\/users\/2"}],"replies":[{"embeddable":true,"href":"https:\/\/www.barnaclinic.com\/blog\/neumologia\/wp-json\/wp\/v2\/comments?post=23"}],"version-history":[{"count":3,"href":"https:\/\/www.barnaclinic.com\/blog\/neumologia\/wp-json\/wp\/v2\/posts\/23\/revisions"}],"predecessor-version":[{"id":26,"href":"https:\/\/www.barnaclinic.com\/blog\/neumologia\/wp-json\/wp\/v2\/posts\/23\/revisions\/26"}],"wp:featuredmedia":[{"embeddable":true,"href":"https:\/\/www.barnaclinic.com\/blog\/neumologia\/wp-json\/wp\/v2\/media\/14"}],"wp:attachment":[{"href":"https:\/\/www.barnaclinic.com\/blog\/neumologia\/wp-json\/wp\/v2\/media?parent=23"}],"wp:term":[{"taxonomy":"category","embeddable":true,"href":"https:\/\/www.barnaclinic.com\/blog\/neumologia\/wp-json\/wp\/v2\/categories?post=23"},{"taxonomy":"post_tag","embeddable":true,"href":"https:\/\/www.barnaclinic.com\/blog\/neumologia\/wp-json\/wp\/v2\/tags?post=23"}],"curies":[{"name":"wp","href":"https:\/\/api.w.org\/{rel}","templated":true}]}}