{"id":39,"date":"2025-05-20T16:41:03","date_gmt":"2025-05-20T14:41:03","guid":{"rendered":"https:\/\/www.barnaclinic.com\/blog\/neumologia\/?p=39"},"modified":"2025-05-20T16:41:29","modified_gmt":"2025-05-20T14:41:29","slug":"bronquiectasi","status":"publish","type":"post","link":"https:\/\/www.barnaclinic.com\/blog\/neumologia\/ca\/bronquiectasi\/","title":{"rendered":"Bronqui\u00e8ctasi: Claus per a millorar-ne el diagn\u00f2stic i el tractament"},"content":{"rendered":"<p class=\"\" data-start=\"218\" data-end=\"751\">Les <strong data-start=\"222\" data-end=\"241\">bronqui\u00e8ctasies<\/strong> s\u00f3n una malaltia respirat\u00f2ria complexa que requereix una avaluaci\u00f3 minuciosa i un tractament personalitzat. Aquesta condici\u00f3, que sovint es confon amb la <a href=\"https:\/\/www.youtube.com\/watch?v=eTdBMjMQG8o\" target=\"_blank\" rel=\"noopener\"><strong>MPOC<\/strong><\/a> o l\u2019asma, es caracteritza per un <strong>deteriorament irreversible de les vies respirat\u00f2ries<\/strong>, fet que facilita la retenci\u00f3 de secrecions i la <strong>pres\u00e8ncia recurrent d\u2019infeccions respirat\u00f2ries<\/strong>. Moltes persones es pregunten si <strong><em data-start=\"621\" data-end=\"662\">es pot viure b\u00e9 amb bronqui\u00e8ctasies<\/em><\/strong>; la resposta \u00e9s que s\u00ed, amb un enfocament terap\u00e8utic adequat i un seguiment especialitzat.<\/p>\n<p data-start=\"218\" data-end=\"751\"><!--more--><\/p>\n<h3 class=\"\" data-start=\"753\" data-end=\"786\">Qu\u00e8 s\u00f3n les bronqui\u00e8ctasies?<\/h3>\n<p class=\"\" data-start=\"788\" data-end=\"1252\">Les <strong>bronqui\u00e8ctasies<\/strong> impliquen una <strong>dilataci\u00f3 permanent dels bronquis<\/strong>, afavorint l\u2019acumulaci\u00f3 de moc i augmentant el <strong>risc d\u2019infeccions cr\u00f2niques<\/strong>. Aquesta alteraci\u00f3 estructural pot estar provocada per infeccions pulmonars pr\u00e8vies, processos inflamatoris cr\u00f2nics o alteracions de la resposta immunit\u00e0ria. Per realitzar un diagn\u00f2stic prec\u00eds, \u00e9s fonamental <strong>diferenciar les bronqui\u00e8ctasies d\u2019altres patologies respirat\u00f2ries<\/strong> i establir la causa concreta.<\/p>\n<blockquote>\n<h4><img loading=\"lazy\" decoding=\"async\" class=\"alignleft wp-image-15\" src=\"https:\/\/www.barnaclinic.com\/blog\/neumologia\/wp-content\/uploads\/sites\/27\/2025\/03\/Antoni-Torres.png\" alt=\"Antoni Torras\" width=\"119\" height=\"117\" \/><\/h4>\n<h4 data-start=\"4717\" data-end=\"4921\">\u201cLes <strong>bronqui\u00e8ctasies<\/strong> impliquen una <strong>dilataci\u00f3 permanent dels bronquis<\/strong>, que afavoreix l\u2019acumulaci\u00f3 de moc i augmenta el <strong>risc d\u2019infeccions cr\u00f2niques, fent imprescindible una valoraci\u00f3 diferencial per establir un diagn\u00f2stic encertat<\/strong>.\u201d<\/h4>\n<p>Prof. <a href=\"https:\/\/www.barnaclinic.com\/ca\/quadre-medic\/645\/antoni\">Antoni Torres<\/a>, pneum\u00f2leg expert en bronqui\u00e8ctasis<\/p><\/blockquote>\n<h3 class=\"\" data-start=\"1254\" data-end=\"1287\">Causes de les bronqui\u00e8ctasies<\/h3>\n<p class=\"\" data-start=\"1289\" data-end=\"1448\">\u00c9s fonamental <strong>identificar la causa de la bronqui\u00e8ctasi<\/strong> per optimitzar el tractament i evitar la progressi\u00f3 de la malaltia. Les <strong>causes de la bronqui\u00e8ctasi<\/strong> poden ser diverses i inclouen:<\/p>\n<ul data-start=\"1450\" data-end=\"1845\">\n<li><strong><span style=\"text-decoration: underline;\">Infeccions respirat\u00f2ries greus<\/span><\/strong>: Episodis d\u2019infeccions pulmonars com la <a href=\"https:\/\/www.barnaclinic.com\/blog\/neumologia\/ca\/pneumonia-i-bronquitis\/\" target=\"_blank\" rel=\"noopener\"><strong>pneum\u00f2nia<\/strong><\/a>, la <strong>tuberculosi<\/strong> o <strong>infeccions bacterianes recurrents<\/strong> poden danyar l\u2019estructura bronquial i desencadenar un proc\u00e9s inflamatori.<\/li>\n<li><strong><span style=\"text-decoration: underline;\">Malalties cong\u00e8nites<\/span><\/strong>: Trastorns com la <strong>fibrosi qu\u00edstica<\/strong> poden provocar dany cr\u00f2nic a les vies respirat\u00f2ries, contribuint al <strong>desenvolupament de bronqui\u00e8ctasies<\/strong>.<\/li>\n<li><strong><span style=\"text-decoration: underline;\">Trastorns immunol\u00f2gics<\/span><\/strong>: Defici\u00e8ncies del sistema immunitari poden afavorir infeccions repetides i afectar progressivament els bronquis.<\/li>\n<li><strong><span style=\"text-decoration: underline;\">Obstruccions bronquials<\/span><\/strong>: Tumors, aspiraci\u00f3 d\u2019objectes o altres processos obstructius poden impedir el drenatge normal del moc.<\/li>\n<li><strong><span style=\"text-decoration: underline;\">Reaccions al\u00b7l\u00e8rgiques cr\u00f2niques<\/span><\/strong>: Poden causar inflamaci\u00f3 i danys bronquials que afavoreixen la <strong>formaci\u00f3 de bronqui\u00e8ctasies<\/strong>.<\/li>\n<\/ul>\n<p>En molts casos, la causa \u00e9s idiop\u00e0tica, fet que subratlla la import\u00e0ncia d\u2019un estudi diagn\u00f2stic exhaustiu.<\/p>\n<h3>Diagn\u00f2stic per imatge (TAC) i valoraci\u00f3 microbiol\u00f2gica<\/h3>\n<p>El <strong>diagn\u00f2stic de les bronqui\u00e8ctasis<\/strong> es basa en la <strong>TAC pulmonar<\/strong>, una eina essencial per identificar les alteracions estructurals de les vies respirat\u00f2ries (<strong>bronqui\u00e8ctasies TAC<\/strong>) amb gran precisi\u00f3. Paral\u00b7lelament, una <strong>valoraci\u00f3 microbiol\u00f2gica detallada<\/strong> \u00e9s fonamental per identificar els pat\u00f2gens implicats i orientar el tractament adequat. Aquesta doble estrat\u00e8gia diagn\u00f2stica permet establir un pla terap\u00e8utic que combina mesures preventives i tractaments personalitzats.<\/p>\n<h3>Tractament de les bronqui\u00e8ctasies<\/h3>\n<p>El <strong>tractament de les bronqui\u00e8ctasies<\/strong> s\u2019ha d\u2019adaptar a cada pacient, segons el <strong>tipus de bronqui\u00e8ctasi<\/strong>, els s\u00edmptomes (com el <strong>cansament<\/strong>) i els microorganismes identificats. Un dels grans reptes \u00e9s la gesti\u00f3 correcta dels antibi\u00f2tics. Un \u00fas racional i individualitzat ajuda a prevenir resist\u00e8ncies i millorar el pron\u00f2stic. A m\u00e9s, es poden incorporar <strong>t\u00e8cniques de fisioter\u00e0pia respirat\u00f2ria<\/strong> i <strong>programes de rehabilitaci\u00f3 pulmonar<\/strong>, incloent-hi <strong>exercicis per a persones amb bronqui\u00e8ctasis<\/strong>.<\/p>\n<h3>Com dormir amb bronqui\u00e8ctasi?<\/h3>\n<p>Algunes persones amb bronqui\u00e8ctasis tenen dificultats per descansar correctament. Saber <strong>com dormir amb bronqui\u00e8ctasi<\/strong> implica adoptar postures que facilitin el drenatge de moc, mantenir una bona hidrataci\u00f3 i fer higiene bronquial abans d\u2019anar a dormir. Aix\u00f2 pot ajudar a reduir la tos nocturna i millorar la qualitat del son.<\/p>\n<h3>Bronqui\u00e8ctasies: esperan\u00e7a i qualitat de vida<\/h3>\n<p>Gr\u00e0cies als aven\u00e7os diagn\u00f2stics i terap\u00e8utics, l\u2019<strong>esperan\u00e7a de vida amb bronqui\u00e8ctasies<\/strong> pot ser totalment normal, especialment quan el diagn\u00f2stic \u00e9s preco\u00e7 i el seguiment \u00e9s continuat. Amb un enfocament multidisciplinari, \u00e9s possible mantenir una qualitat de vida \u00f2ptima.<\/p>\n<hr \/>\n<h3>Per qu\u00e8 triar barnacl\u00ednic+ per al tractament de les bronqui\u00e8ctasies?<\/h3>\n<p>A barnacl\u00ednic+ comptem amb un <strong>equip expert en bronqui\u00e8ctasies<\/strong> que ha desenvolupat un model diagn\u00f2stic i terap\u00e8utic personalitzat, destacant per:<\/p>\n<ul>\n<li><strong><span style=\"text-decoration: underline;\">Valoraci\u00f3 microbiol\u00f2gica detallada<\/span><\/strong>: Juntament amb la <strong>diagnosi per TAC<\/strong>, realitzem una an\u00e0lisi exhaustiva per identificar el <strong>tipus de bronqui\u00e8ctasi<\/strong> i els pat\u00f2gens responsables.<\/li>\n<li><strong><span style=\"text-decoration: underline;\">Gesti\u00f3 racional dels antibi\u00f2tics<\/span><\/strong>: L\u2019aplicaci\u00f3 de protocols innovadors permet optimitzar l\u2019\u00fas dels antibi\u00f2tics i millorar els resultats cl\u00ednics.<\/li>\n<li><strong><span style=\"text-decoration: underline;\">Enfocament multidisciplinari<\/span><\/strong>: Combina tecnologia d\u2019imatge avan\u00e7ada (<strong>bronqui\u00e8ctasi TAC<\/strong>) amb una atenci\u00f3 especialitzada en <a href=\"https:\/\/www.barnaclinic.com\/ca\/respiratori\/pneumologia\/\"><strong>neumologia<\/strong><\/a>.<\/li>\n<\/ul>\n<p><strong>El Prof. <a href=\"https:\/\/www.barnaclinic.com\/ca\/quadre-medic\/645\/antoni\">Antoni Torres<\/a>, expert en bronqui\u00e8ctasies respon:<\/strong> Aquest comprom\u00eds amb la innovaci\u00f3 i l\u2019excel\u00b7l\u00e8ncia avala el model assistencial de barnacl\u00ednic+.<\/p>\n<blockquote>\n<h4><img loading=\"lazy\" decoding=\"async\" class=\"alignleft wp-image-15\" src=\"https:\/\/www.barnaclinic.com\/blog\/neumologia\/wp-content\/uploads\/sites\/27\/2025\/03\/Antoni-Torres.png\" alt=\"Antoni Torras\" width=\"119\" height=\"117\" \/><\/h4>\n<h4>\u201cLa innovaci\u00f3 en el tractament de les bronqui\u00e8ctasies ha estat clau per transformar-ne l\u2019abordatge, garantint tractaments m\u00e9s segurs i adaptats a cada pacient.\u201d<\/h4>\n<p>Prof. <a href=\"https:\/\/www.barnaclinic.com\/ca\/quadre-medic\/645\/antoni\">Antoni Torres<\/a>, pneum\u00f2leg expert en bronqui\u00e8ctasies<\/p><\/blockquote>\n<hr \/>\n<div id=\"estic-interessat\" class=\"destacat-site\">\n<h3 style=\"padding-left: 15px; padding-right: 15px;\" align=\"center\"><span style=\"color: white;\">Vols saber m\u00e9s sobre els <strong>tipus de bronqui\u00e8ctasi<\/strong> o sobre com millorar la teva qualitat de vida amb aquesta condici\u00f3?<\/span><\/h3>\n<p style=\"padding-left: 30px; padding-right: 20px;\" align=\"center\"><a class=\"button\" href=\"https:\/\/www.barnaclinic.com\/ca\/solicitar-cita\/?profesional=645\">Contacta amb els nostres especialistes<\/a><\/p>\n<\/div>\n","protected":false},"excerpt":{"rendered":"<p>Les bronqui\u00e8ctasies s\u00f3n una malaltia respirat\u00f2ria complexa que requereix una avaluaci\u00f3 minuciosa i un tractament personalitzat. Aquesta condici\u00f3, que sovint es confon amb la MPOC o l\u2019asma, es caracteritza per un deteriorament irreversible de les vies respirat\u00f2ries, fet que facilita la retenci\u00f3 de secrecions i la pres\u00e8ncia recurrent d\u2019infeccions respirat\u00f2ries. Moltes persones es pregunten si [&hellip;]<\/p>\n","protected":false},"author":2,"featured_media":37,"comment_status":"open","ping_status":"open","sticky":false,"template":"","format":"standard","meta":{"footnotes":""},"categories":[98,11,99],"tags":[100,101,102,103,104,105,109,106,107,108,110,111,112,113,114],"class_list":["post-39","post","type-post","status-publish","format-standard","has-post-thumbnail","hentry","category-bronquiectasies","category-dr-antoni-torres","category-infeccions-respiratories-ca","tag-bronquiectasia-esperanca-de-vida","tag-bronquiectasia-radiografia-ca","tag-bronquiectasia-rx-ca","tag-bronquiectasia-tractament","tag-bronquiectasia-tractaments","tag-bronquiectasies","tag-bronquiectasies-i-cansament","tag-bronquiectasies-tac","tag-bronquiectasies-tipus","tag-bronquiectasies-tractament","tag-com-dormir-amb-bronquiectasia","tag-exercicis-per-a-persones-amb-bronquiectasies","tag-lexpert-en-bronquiectasies-respon","tag-radiografia-bronquiectasia-ca","tag-tractament-bronquiectasies"],"yoast_head":"<!-- This site is optimized with the Yoast SEO plugin v19.14 - https:\/\/yoast.com\/wordpress\/plugins\/seo\/ -->\n<title>Bronqui\u00e8ctasi: Claus per a millorar-ne el diagn\u00f2stic i el tractament<\/title>\n<meta name=\"description\" content=\"Les bronqui\u00e8ctasies s\u00f3n una malaltia respirat\u00f2ria complexa que requereix una avaluaci\u00f3 minuciosa i un tractament personalitzat.\" \/>\n<meta name=\"robots\" content=\"index, follow, max-snippet:-1, max-image-preview:large, max-video-preview:-1\" \/>\n<link rel=\"canonical\" href=\"https:\/\/www.barnaclinic.com\/blog\/neumologia\/ca\/bronquiectasi\/\" \/>\n<meta property=\"og:locale\" content=\"ca_ES\" \/>\n<meta property=\"og:type\" content=\"article\" \/>\n<meta property=\"og:title\" content=\"Bronqui\u00e8ctasi: Claus per a millorar-ne el diagn\u00f2stic i el tractament\" \/>\n<meta property=\"og:description\" content=\"Les bronqui\u00e8ctasies s\u00f3n una malaltia respirat\u00f2ria complexa que requereix una avaluaci\u00f3 minuciosa i un tractament personalitzat.\" \/>\n<meta property=\"og:url\" content=\"https:\/\/www.barnaclinic.com\/blog\/neumologia\/ca\/bronquiectasi\/\" \/>\n<meta property=\"og:site_name\" content=\"Blog de neumolog\u00eda\" \/>\n<meta property=\"article:published_time\" content=\"2025-05-20T14:41:03+00:00\" \/>\n<meta property=\"article:modified_time\" content=\"2025-05-20T14:41:29+00:00\" \/>\n<meta property=\"og:image\" content=\"https:\/\/www.barnaclinic.com\/blog\/neumologia\/wp-content\/uploads\/sites\/27\/2025\/05\/Bronquiectasia.png\" \/>\n\t<meta property=\"og:image:width\" content=\"1440\" \/>\n\t<meta property=\"og:image:height\" content=\"810\" \/>\n\t<meta property=\"og:image:type\" content=\"image\/png\" \/>\n<meta name=\"author\" content=\"barnacl\u00ednic+\" \/>\n<meta name=\"twitter:card\" content=\"summary_large_image\" \/>\n<meta name=\"twitter:label1\" content=\"Escrit per\" \/>\n\t<meta name=\"twitter:data1\" content=\"barnacl\u00ednic+\" \/>\n\t<meta name=\"twitter:label2\" content=\"Temps estimat de lectura\" \/>\n\t<meta name=\"twitter:data2\" content=\"4 minuts\" \/>\n<script type=\"application\/ld+json\" class=\"yoast-schema-graph\">{\"@context\":\"https:\/\/schema.org\",\"@graph\":[{\"@type\":\"WebPage\",\"@id\":\"https:\/\/www.barnaclinic.com\/blog\/neumologia\/ca\/bronquiectasi\/\",\"url\":\"https:\/\/www.barnaclinic.com\/blog\/neumologia\/ca\/bronquiectasi\/\",\"name\":\"Bronqui\u00e8ctasi: Claus per a millorar-ne el diagn\u00f2stic i el tractament\",\"isPartOf\":{\"@id\":\"https:\/\/www.barnaclinic.com\/blog\/neumologia\/ca\/#website\"},\"datePublished\":\"2025-05-20T14:41:03+00:00\",\"dateModified\":\"2025-05-20T14:41:29+00:00\",\"author\":{\"@id\":\"https:\/\/www.barnaclinic.com\/blog\/neumologia\/ca\/#\/schema\/person\/062c0219c54bbf07163f34494da33e17\"},\"description\":\"Les bronqui\u00e8ctasies s\u00f3n una malaltia respirat\u00f2ria complexa que requereix una avaluaci\u00f3 minuciosa i un tractament personalitzat.\",\"breadcrumb\":{\"@id\":\"https:\/\/www.barnaclinic.com\/blog\/neumologia\/ca\/bronquiectasi\/#breadcrumb\"},\"inLanguage\":\"ca\",\"potentialAction\":[{\"@type\":\"ReadAction\",\"target\":[\"https:\/\/www.barnaclinic.com\/blog\/neumologia\/ca\/bronquiectasi\/\"]}]},{\"@type\":\"BreadcrumbList\",\"@id\":\"https:\/\/www.barnaclinic.com\/blog\/neumologia\/ca\/bronquiectasi\/#breadcrumb\",\"itemListElement\":[{\"@type\":\"ListItem\",\"position\":1,\"name\":\"Portada\",\"item\":\"https:\/\/www.barnaclinic.com\/blog\/neumologia\/ca\/\"},{\"@type\":\"ListItem\",\"position\":2,\"name\":\"Bronqui\u00e8ctasi: Claus per a millorar-ne el diagn\u00f2stic i el tractament\"}]},{\"@type\":\"WebSite\",\"@id\":\"https:\/\/www.barnaclinic.com\/blog\/neumologia\/ca\/#website\",\"url\":\"https:\/\/www.barnaclinic.com\/blog\/neumologia\/ca\/\",\"name\":\"Blog de neumolog\u00eda\",\"description\":\"En el blog de Neumolog\u00eda de barnacl\u00ednic+ encontrar\u00e1 informaci\u00f3n sobre enfermedades respiratorias como el asma, la EPOC, las enfermedades pulmonares intersticiales y las infecciones respiratorias\u200b\",\"potentialAction\":[{\"@type\":\"SearchAction\",\"target\":{\"@type\":\"EntryPoint\",\"urlTemplate\":\"https:\/\/www.barnaclinic.com\/blog\/neumologia\/ca\/?s={search_term_string}\"},\"query-input\":\"required name=search_term_string\"}],\"inLanguage\":\"ca\"},{\"@type\":\"Person\",\"@id\":\"https:\/\/www.barnaclinic.com\/blog\/neumologia\/ca\/#\/schema\/person\/062c0219c54bbf07163f34494da33e17\",\"name\":\"barnacl\u00ednic+\",\"image\":{\"@type\":\"ImageObject\",\"inLanguage\":\"ca\",\"@id\":\"https:\/\/www.barnaclinic.com\/blog\/neumologia\/ca\/#\/schema\/person\/image\/\",\"url\":\"https:\/\/secure.gravatar.com\/avatar\/d6a36f6e326a816ac635808864feed8bc381527908e45406660f6ee6ebffee1b?s=96&d=mm&r=g\",\"contentUrl\":\"https:\/\/secure.gravatar.com\/avatar\/d6a36f6e326a816ac635808864feed8bc381527908e45406660f6ee6ebffee1b?s=96&d=mm&r=g\",\"caption\":\"barnacl\u00ednic+\"},\"url\":\"https:\/\/www.barnaclinic.com\/blog\/neumologia\/ca\/author\/alex\/\"}]}<\/script>\n<!-- \/ Yoast SEO plugin. -->","yoast_head_json":{"title":"Bronqui\u00e8ctasi: Claus per a millorar-ne el diagn\u00f2stic i el tractament","description":"Les bronqui\u00e8ctasies s\u00f3n una malaltia respirat\u00f2ria complexa que requereix una avaluaci\u00f3 minuciosa i un tractament personalitzat.","robots":{"index":"index","follow":"follow","max-snippet":"max-snippet:-1","max-image-preview":"max-image-preview:large","max-video-preview":"max-video-preview:-1"},"canonical":"https:\/\/www.barnaclinic.com\/blog\/neumologia\/ca\/bronquiectasi\/","og_locale":"ca_ES","og_type":"article","og_title":"Bronqui\u00e8ctasi: Claus per a millorar-ne el diagn\u00f2stic i el tractament","og_description":"Les bronqui\u00e8ctasies s\u00f3n una malaltia respirat\u00f2ria complexa que requereix una avaluaci\u00f3 minuciosa i un tractament personalitzat.","og_url":"https:\/\/www.barnaclinic.com\/blog\/neumologia\/ca\/bronquiectasi\/","og_site_name":"Blog de neumolog\u00eda","article_published_time":"2025-05-20T14:41:03+00:00","article_modified_time":"2025-05-20T14:41:29+00:00","og_image":[{"width":1440,"height":810,"url":"https:\/\/www.barnaclinic.com\/blog\/neumologia\/wp-content\/uploads\/sites\/27\/2025\/05\/Bronquiectasia.png","type":"image\/png"}],"author":"barnacl\u00ednic+","twitter_card":"summary_large_image","twitter_misc":{"Escrit per":"barnacl\u00ednic+","Temps estimat de lectura":"4 minuts"},"schema":{"@context":"https:\/\/schema.org","@graph":[{"@type":"WebPage","@id":"https:\/\/www.barnaclinic.com\/blog\/neumologia\/ca\/bronquiectasi\/","url":"https:\/\/www.barnaclinic.com\/blog\/neumologia\/ca\/bronquiectasi\/","name":"Bronqui\u00e8ctasi: Claus per a millorar-ne el diagn\u00f2stic i el tractament","isPartOf":{"@id":"https:\/\/www.barnaclinic.com\/blog\/neumologia\/ca\/#website"},"datePublished":"2025-05-20T14:41:03+00:00","dateModified":"2025-05-20T14:41:29+00:00","author":{"@id":"https:\/\/www.barnaclinic.com\/blog\/neumologia\/ca\/#\/schema\/person\/062c0219c54bbf07163f34494da33e17"},"description":"Les bronqui\u00e8ctasies s\u00f3n una malaltia respirat\u00f2ria complexa que requereix una avaluaci\u00f3 minuciosa i un tractament personalitzat.","breadcrumb":{"@id":"https:\/\/www.barnaclinic.com\/blog\/neumologia\/ca\/bronquiectasi\/#breadcrumb"},"inLanguage":"ca","potentialAction":[{"@type":"ReadAction","target":["https:\/\/www.barnaclinic.com\/blog\/neumologia\/ca\/bronquiectasi\/"]}]},{"@type":"BreadcrumbList","@id":"https:\/\/www.barnaclinic.com\/blog\/neumologia\/ca\/bronquiectasi\/#breadcrumb","itemListElement":[{"@type":"ListItem","position":1,"name":"Portada","item":"https:\/\/www.barnaclinic.com\/blog\/neumologia\/ca\/"},{"@type":"ListItem","position":2,"name":"Bronqui\u00e8ctasi: Claus per a millorar-ne el diagn\u00f2stic i el tractament"}]},{"@type":"WebSite","@id":"https:\/\/www.barnaclinic.com\/blog\/neumologia\/ca\/#website","url":"https:\/\/www.barnaclinic.com\/blog\/neumologia\/ca\/","name":"Blog de neumolog\u00eda","description":"En el blog de Neumolog\u00eda de barnacl\u00ednic+ encontrar\u00e1 informaci\u00f3n sobre enfermedades respiratorias como el asma, la EPOC, las enfermedades pulmonares intersticiales y las infecciones respiratorias\u200b","potentialAction":[{"@type":"SearchAction","target":{"@type":"EntryPoint","urlTemplate":"https:\/\/www.barnaclinic.com\/blog\/neumologia\/ca\/?s={search_term_string}"},"query-input":"required name=search_term_string"}],"inLanguage":"ca"},{"@type":"Person","@id":"https:\/\/www.barnaclinic.com\/blog\/neumologia\/ca\/#\/schema\/person\/062c0219c54bbf07163f34494da33e17","name":"barnacl\u00ednic+","image":{"@type":"ImageObject","inLanguage":"ca","@id":"https:\/\/www.barnaclinic.com\/blog\/neumologia\/ca\/#\/schema\/person\/image\/","url":"https:\/\/secure.gravatar.com\/avatar\/d6a36f6e326a816ac635808864feed8bc381527908e45406660f6ee6ebffee1b?s=96&d=mm&r=g","contentUrl":"https:\/\/secure.gravatar.com\/avatar\/d6a36f6e326a816ac635808864feed8bc381527908e45406660f6ee6ebffee1b?s=96&d=mm&r=g","caption":"barnacl\u00ednic+"},"url":"https:\/\/www.barnaclinic.com\/blog\/neumologia\/ca\/author\/alex\/"}]}},"_links":{"self":[{"href":"https:\/\/www.barnaclinic.com\/blog\/neumologia\/ca\/wp-json\/wp\/v2\/posts\/39","targetHints":{"allow":["GET"]}}],"collection":[{"href":"https:\/\/www.barnaclinic.com\/blog\/neumologia\/ca\/wp-json\/wp\/v2\/posts"}],"about":[{"href":"https:\/\/www.barnaclinic.com\/blog\/neumologia\/ca\/wp-json\/wp\/v2\/types\/post"}],"author":[{"embeddable":true,"href":"https:\/\/www.barnaclinic.com\/blog\/neumologia\/ca\/wp-json\/wp\/v2\/users\/2"}],"replies":[{"embeddable":true,"href":"https:\/\/www.barnaclinic.com\/blog\/neumologia\/ca\/wp-json\/wp\/v2\/comments?post=39"}],"version-history":[{"count":2,"href":"https:\/\/www.barnaclinic.com\/blog\/neumologia\/ca\/wp-json\/wp\/v2\/posts\/39\/revisions"}],"predecessor-version":[{"id":43,"href":"https:\/\/www.barnaclinic.com\/blog\/neumologia\/ca\/wp-json\/wp\/v2\/posts\/39\/revisions\/43"}],"wp:featuredmedia":[{"embeddable":true,"href":"https:\/\/www.barnaclinic.com\/blog\/neumologia\/ca\/wp-json\/wp\/v2\/media\/37"}],"wp:attachment":[{"href":"https:\/\/www.barnaclinic.com\/blog\/neumologia\/ca\/wp-json\/wp\/v2\/media?parent=39"}],"wp:term":[{"taxonomy":"category","embeddable":true,"href":"https:\/\/www.barnaclinic.com\/blog\/neumologia\/ca\/wp-json\/wp\/v2\/categories?post=39"},{"taxonomy":"post_tag","embeddable":true,"href":"https:\/\/www.barnaclinic.com\/blog\/neumologia\/ca\/wp-json\/wp\/v2\/tags?post=39"}],"curies":[{"name":"wp","href":"https:\/\/api.w.org\/{rel}","templated":true}]}}