{"id":86,"date":"2024-12-12T14:42:26","date_gmt":"2024-12-12T13:42:26","guid":{"rendered":"https:\/\/www.barnaclinic.com\/blog\/memoria\/?p=86"},"modified":"2024-12-12T14:56:08","modified_gmt":"2024-12-12T13:56:08","slug":"disfagia-enfermedades-neurodegenerativas","status":"publish","type":"post","link":"https:\/\/www.barnaclinic.com\/blog\/memoria\/disfagia-enfermedades-neurodegenerativas\/","title":{"rendered":"Disfagia en enfermedades neurodegenerativas: tratamiento, s\u00edntomas e intervenci\u00f3n logop\u00e9dica"},"content":{"rendered":"<p>Hoy, <strong>12 de diciembre<\/strong>, con motivo del <strong>D\u00eda Mundial de la Disfagia<\/strong>, queremos abordar un tema esencial para muchas personas mayores y pacientes con <a href=\"https:\/\/www.barnaclinic.com\/es\/memoria-y-trastornos-cognitivos\/\"><strong>enfermedades neurodegenerativas<\/strong><\/a> como la <a href=\"https:\/\/www.barnaclinic.com\/blog\/memoria\/enfermedad-de-alzheimer\/\" target=\"_blank\" rel=\"noopener\"><strong>Enfermedad de Alzheimer<\/strong><\/a> y el Parkinson: la <strong>disfagia<\/strong>. Este trastorno, que afecta la capacidad de tragar, puede comprometer gravemente la salud, derivando en complicaciones como la desnutrici\u00f3n o la neumon\u00eda por aspiraci\u00f3n. En nuestra <a href=\"https:\/\/www.barnaclinic.com\/es\/memoria-y-trastornos-cognitivos\/\"><strong>Unidad de Memoria y Trastornos Cognitivos<\/strong><\/a> de barnacl\u00ednic+, trabajamos para ofrecer soluciones adaptadas a cada paciente. La Dra. <a href=\"https:\/\/www.barnaclinic.com\/es\/cuadro-medico\/538\/nuria\"><strong>N\u00faria Montagut<\/strong><\/a>, logopeda de pr\u00e1ctica avanzada del Hospital Cl\u00ednic de Barcelona y experta en <strong>trastornos del habla, lenguaje y degluci\u00f3n<\/strong>, explica c\u00f3mo se puede intervenir para garantizar una <strong>degluci\u00f3n segura y eficaz en estas personas<\/strong>.<\/p>\n<p><!--more--><\/p>\n<blockquote>\n<h4><img loading=\"lazy\" decoding=\"async\" class=\"alignleft wp-image-88\" src=\"https:\/\/www.barnaclinic.com\/blog\/memoria\/wp-content\/uploads\/sites\/26\/2024\/12\/nuria-difagia-montagut.png\" alt=\"Nuria disfagia Montagut\" width=\"114\" height=\"114\" srcset=\"https:\/\/www.barnaclinic.com\/blog\/memoria\/wp-content\/uploads\/sites\/26\/2024\/12\/nuria-difagia-montagut.png 356w, https:\/\/www.barnaclinic.com\/blog\/memoria\/wp-content\/uploads\/sites\/26\/2024\/12\/nuria-difagia-montagut-300x300.png 300w, https:\/\/www.barnaclinic.com\/blog\/memoria\/wp-content\/uploads\/sites\/26\/2024\/12\/nuria-difagia-montagut-150x150.png 150w\" sizes=\"auto, (max-width: 114px) 100vw, 114px\" \/>\u00abEntendemos por disfagia aquellas alteraciones en el proceso de degluci\u00f3n que pueden darse desde que el paciente se pone el bolo en la boca hasta que el alimento llega al est\u00f3mago\u00bb<\/h4>\n<p>Dra. <a href=\"https:\/\/www.barnaclinic.com\/es\/cuadro-medico\/538\/nuria\"><strong>N\u00faria Montagut<\/strong><\/a>, logopeda<\/p><\/blockquote>\n<h2>Qu\u00e9 es la disfagia y sus principales s\u00edntomas<\/h2>\n<p>La <strong>disfagia<\/strong> es un trastorno que afecta a cualquier fase del proceso de degluci\u00f3n. Seg\u00fan la Dra. <a href=\"https:\/\/www.barnaclinic.com\/es\/cuadro-medico\/538\/nuria\"><strong>N\u00faria Montagut<\/strong><\/a>, en los pacientes con <a href=\"https:\/\/www.barnaclinic.com\/es\/memoria-y-trastornos-cognitivos\/\"><strong>enfermedades neurodegenerativas<\/strong><\/a> es especialmente frecuente la <strong>disfagia orofar\u00edngea<\/strong>, que afecta las fases oral y far\u00edngea de la degluci\u00f3n. Este <strong>tipo de disfagia<\/strong> es com\u00fan en ancianos y personas mayores y los principales <strong>s\u00edntomas de la disfagia orofar\u00edngea<\/strong> son:<\/p>\n<ol>\n<li><strong>Tos<\/strong> antes, durante o despu\u00e9s de tragar.<\/li>\n<li><strong>Voz ronca<\/strong> o h\u00fameda tras la ingesta.<\/li>\n<li><strong>Sensaci\u00f3n de que el alimento queda atascado<\/strong> en la garganta.<\/li>\n<li><strong>Fatiga o lentitud al comer<\/strong>.<\/li>\n<li><strong>Dificultad para activar el reflejo de degluci\u00f3n<\/strong>.<\/li>\n<\/ol>\n<h2>La disfagia en ancianos y ante enfermedades neurodegenerativas<\/h2>\n<p>La <strong>disfagia en ancianos con demencia<\/strong> y otras <a href=\"https:\/\/www.barnaclinic.com\/es\/memoria-y-trastornos-cognitivos\/\"><strong>enfermedades neurodegenerativas<\/strong><\/a>, como el <strong>Parkinson<\/strong>, el <a href=\"https:\/\/www.barnaclinic.com\/blog\/memoria\/enfermedad-de-alzheimer\/\" target=\"_blank\" rel=\"noopener\"><strong>Alzheimer<\/strong><\/a> y la esclerosis lateral amiotr\u00f3fica, es una problem\u00e1tica com\u00fan. Seg\u00fan datos recientes, <strong>en Espa\u00f1a hasta un 8% de la poblaci\u00f3n podr\u00eda experimentar este trastorno en alg\u00fan momento<\/strong>, una cifra que aumenta significativamente en las personas mayores o con alteraciones neurol\u00f3gicas. La <strong>disfagia en ancianos<\/strong> puede conducir a complicaciones como la deshidrataci\u00f3n o infecciones respiratorias graves.<\/p>\n<div id=\"estoy-interesado\" class=\"destacat-site\">\n<h4 style=\"padding-left: 30px;\">TE PUEDE INTERESAR\u2026<\/h4>\n<h4 style=\"padding-left: 30px;\">\u00b7\u00a0<a href=\"https:\/\/www.barnaclinic.com\/blog\/memoria\/enfermedad-de-alzheimer\/\" target=\"_blank\" rel=\"noopener noreferrer\">Todo lo que debes saber sobre la enfermedad de Alzheimer<\/a><\/h4>\n<\/div>\n<h2>Tratamiento para la disfagia: \u00bfLa disfagia tiene cura?<\/h2>\n<p>Si bien <strong>no todas las formas de disfagia tienen cura definitiva<\/strong>, un tratamiento adecuado puede mejorar notablemente la seguridad y eficacia de la degluci\u00f3n. El <strong>tratamiento para la disfagia desde el punto de vista de la logopedia<\/strong>, como explica la Dra. Montagut, combina diversas estrategias:<\/p>\n<ol>\n<li><strong>Terapias indirectas:<\/strong> Ejercicios sin alimentos para fortalecer la musculatura.<\/li>\n<li><strong>Terapias directas:<\/strong> Adaptaci\u00f3n de alimentos en textura y volumen.<\/li>\n<li><strong>T\u00e9cnicas posturales:<\/strong> Ajustes en la postura al comer.<\/li>\n<li><strong>Recomendaciones para la disfagia:<\/strong> Consejos personalizados para pacientes y familiares.<\/li>\n<li><strong>Electroestimulaci\u00f3n:<\/strong> Estimulaci\u00f3n muscular para mejorar la degluci\u00f3n.<\/li>\n<\/ol>\n<blockquote>\n<h4><img loading=\"lazy\" decoding=\"async\" class=\"alignleft wp-image-88\" src=\"https:\/\/www.barnaclinic.com\/blog\/memoria\/wp-content\/uploads\/sites\/26\/2024\/12\/nuria-difagia-montagut.png\" alt=\"Nuria disfagia Montagut\" width=\"114\" height=\"114\" srcset=\"https:\/\/www.barnaclinic.com\/blog\/memoria\/wp-content\/uploads\/sites\/26\/2024\/12\/nuria-difagia-montagut.png 356w, https:\/\/www.barnaclinic.com\/blog\/memoria\/wp-content\/uploads\/sites\/26\/2024\/12\/nuria-difagia-montagut-300x300.png 300w, https:\/\/www.barnaclinic.com\/blog\/memoria\/wp-content\/uploads\/sites\/26\/2024\/12\/nuria-difagia-montagut-150x150.png 150w\" sizes=\"auto, (max-width: 114px) 100vw, 114px\" \/><\/h4>\n<h4>\u00abEl objetivo principal de la intervenci\u00f3n logop\u00e9dica para la disfagia es intentar mantener una degluci\u00f3n lo m\u00e1s segura y eficaz posible para proteger las v\u00edas a\u00e9reas y reducir los riesgos de atragantamiento\u00bb<\/h4>\n<p>Dra. <a href=\"https:\/\/www.barnaclinic.com\/es\/cuadro-medico\/538\/nuria\"><strong>N\u00faria Montagut<\/strong><\/a>, logopeda<\/p><\/blockquote>\n<p>En el contexto de esta enfermedad relacionada con la <a href=\"https:\/\/www.barnaclinic.com\/es\/memoria-y-trastornos-cognitivos\/\"><strong>demencias neurodegenerativas<\/strong><\/a>; como en casos de <strong>Parkinson y disfagia<\/strong>, o <strong>disfagia y <a href=\"https:\/\/www.barnaclinic.com\/blog\/memoria\/enfermedad-de-alzheimer\/\" target=\"_blank\" rel=\"noopener\">Alzheimer<\/a><\/strong>, el objetivo principal es evitar complicaciones graves como la neumon\u00eda por aspiraci\u00f3n. Adem\u00e1s, la <strong>intervenci\u00f3n logop\u00e9dica<\/strong> incluye formar a los cuidadores para optimizar la alimentaci\u00f3n de los pacientes.<\/p>\n<h2>Recomendaciones y dieta para la disfagia: el papel de la familia<\/h2>\n<p>Un elemento esencial en el <strong>manejo de la disfagia<\/strong> es la implicaci\u00f3n de los familiares. Las <strong>recomendaciones para la disfagia<\/strong> incluyen adaptar la dieta, prestar atenci\u00f3n a los cambios en la degluci\u00f3n y <a href=\"https:\/\/www.barnaclinic.com\/es\/solicitar-cita\/?profesional=538\">consultar a especialistas ante los primeros signos del trastorno<\/a>. Este enfoque permite prevenir riesgos y mejorar significativamente la calidad de vida de los pacientes.<\/p>\n<p>Un <strong>manejo adecuado de la disfagia<\/strong> incluye adaptar la alimentaci\u00f3n para garantizar la seguridad y <strong>facilitar la degluci\u00f3n<\/strong>. La <strong>dieta para disfagia<\/strong> puede incluir alimentos de f\u00e1cil masticaci\u00f3n, l\u00edquidos espesados y recetas especialmente dise\u00f1adas para prevenir riesgos de atragantamiento. En este sentido, es important usar <strong>espesantes para disfagia<\/strong> y elaborar un <strong>men\u00fa para ancianos con disfagia<\/strong> que contemple necesidades nutricionales espec\u00edficas. Entre las <strong>recetas para disfagia<\/strong>, destacan pur\u00e9s, sopas densas y postres adaptados. Estas estrategias, junto con el uso de t\u00e9cnicas logop\u00e9dicas, son fundamentales para mejorar la calidad de vida de los pacientes.<\/p>\n<p>Hoy, en el <strong>D\u00eda Mundial de la Disfagia<\/strong>, queremos recordar la importancia de una detecci\u00f3n temprana y un tratamiento integral para este problema, especialmente en los pacientes mayores o con <strong>enfermedades neurodegenerativas<\/strong>. Te invitamos a ver el v\u00eddeo de la Dra. <a href=\"https:\/\/www.barnaclinic.com\/es\/cuadro-medico\/538\/nuria\"><strong>N\u00faria Montagut<\/strong><\/a>, donde explica en detalle <strong>qu\u00e9 es la disfagia y c\u00f3mo tratarla desde la logopedia<\/strong>.<\/p>\n<hr \/>\n<div id=\"estoy-interesado\" class=\"destacat-site\">\n<h3 style=\"padding-left: 15px; padding-right: 15px;\" align=\"center\"><span style=\"color: white;\"><br \/>\n\u00bfT\u00fa o un familiar present\u00e1is s\u00edntomas de disfagia? Habla con la Dra. N\u00faria Montagut y recibe atenci\u00f3n especializada.<\/span><\/h3>\n<p style=\"padding-left: 30px; padding-right: 20px;\" align=\"center\"><a class=\"button\" href=\"https:\/\/www.barnaclinic.com\/es\/solicitar-cita\/?profesional=538\">TE PODEMOS AYUDAR<\/a><\/p>\n<\/div>\n","protected":false},"excerpt":{"rendered":"<p>Hoy, 12 de diciembre, con motivo del D\u00eda Mundial de la Disfagia, queremos abordar un tema esencial para muchas personas mayores y pacientes con enfermedades neurodegenerativas como la Enfermedad de Alzheimer y el Parkinson: la disfagia. Este trastorno, que afecta la capacidad de tragar, puede comprometer gravemente la salud, derivando en complicaciones como la desnutrici\u00f3n [&hellip;]<\/p>\n","protected":false},"author":2,"featured_media":101,"comment_status":"open","ping_status":"open","sticky":false,"template":"","format":"standard","meta":{"footnotes":""},"categories":[7,3,4,10,8],"tags":[80,82,73,75,69,71,68,72,81,74,83,77,67,70,78,76,79],"class_list":["post-86","post","type-post","status-publish","format-standard","has-post-thumbnail","hentry","category-demencias-neurodegenerativas","category-deterioro-cognitivo","category-enfermedad-de-alzheimer","category-logopedia","category-trastornos-cognitivos","tag-dia-mundial-de-la-disfagia","tag-disfagia","tag-disfagia-en-ancianos","tag-disfagia-en-ancianos-con-demencia","tag-disfagia-orofaringea","tag-disfagia-sintomas","tag-disfagia-tiene-cura","tag-disfagia-tratamiento","tag-disfagia-y-alzheimer","tag-nuria-disfagia","tag-nuria-montagut","tag-parkinson-y-disfagia","tag-que-es-disfagia","tag-que-es-la-disfagia","tag-recomendaciones-disfagia","tag-sintomas-de-la-disfagia","tag-tratamiento-para-la-disfagia","has-post-video"],"yoast_head":"<!-- This site is optimized with the Yoast SEO plugin v19.14 - https:\/\/yoast.com\/wordpress\/plugins\/seo\/ -->\n<title>Disfagia en enfermedades neurodegenerativas: tratamiento, s\u00edntomas...<\/title>\n<meta name=\"description\" content=\"Por el D\u00eda Mundial de la Disfagia, para muchos ancianos y pacientes con enfermedades neurodegenerativas como Alzheimer y Parkinson,...\" \/>\n<meta name=\"robots\" content=\"index, follow, max-snippet:-1, max-image-preview:large, max-video-preview:-1\" \/>\n<link rel=\"canonical\" href=\"https:\/\/www.barnaclinic.com\/blog\/memoria\/disfagia-enfermedades-neurodegenerativas\/\" \/>\n<meta property=\"og:locale\" content=\"es_ES\" \/>\n<meta property=\"og:type\" content=\"article\" \/>\n<meta property=\"og:title\" content=\"Disfagia en enfermedades neurodegenerativas: tratamiento, s\u00edntomas...\" \/>\n<meta property=\"og:description\" content=\"Por el D\u00eda Mundial de la Disfagia, para muchos ancianos y pacientes con enfermedades neurodegenerativas como Alzheimer y Parkinson,...\" \/>\n<meta property=\"og:url\" content=\"https:\/\/www.barnaclinic.com\/blog\/memoria\/disfagia-enfermedades-neurodegenerativas\/\" \/>\n<meta property=\"og:site_name\" content=\"Blog de Memoria y Trastornos Cognitivos de barnacl\u00ednic+\" \/>\n<meta property=\"article:published_time\" content=\"2024-12-12T13:42:26+00:00\" \/>\n<meta property=\"article:modified_time\" content=\"2024-12-12T13:56:08+00:00\" \/>\n<meta property=\"og:image\" content=\"https:\/\/www.barnaclinic.com\/blog\/memoria\/wp-content\/uploads\/sites\/26\/2024\/12\/\u00bfQue-es-la-DISFAGIA-Tratamiento-y-sintomas-en-enfermedades-neurodegenerativas-Dra-Nuria-Montagut-2.jpeg\" \/>\n\t<meta property=\"og:image:width\" content=\"1280\" \/>\n\t<meta property=\"og:image:height\" content=\"720\" \/>\n\t<meta property=\"og:image:type\" content=\"image\/jpeg\" \/>\n<meta name=\"author\" content=\"barnacl\u00ednic+\" \/>\n<meta name=\"twitter:card\" content=\"summary_large_image\" \/>\n<meta name=\"twitter:label1\" content=\"Escrito por\" \/>\n\t<meta name=\"twitter:data1\" content=\"barnacl\u00ednic+\" \/>\n\t<meta name=\"twitter:label2\" content=\"Tiempo de lectura\" \/>\n\t<meta name=\"twitter:data2\" content=\"4 minutos\" \/>\n<script type=\"application\/ld+json\" class=\"yoast-schema-graph\">{\"@context\":\"https:\/\/schema.org\",\"@graph\":[{\"@type\":\"WebPage\",\"@id\":\"https:\/\/www.barnaclinic.com\/blog\/memoria\/disfagia-enfermedades-neurodegenerativas\/\",\"url\":\"https:\/\/www.barnaclinic.com\/blog\/memoria\/disfagia-enfermedades-neurodegenerativas\/\",\"name\":\"Disfagia en enfermedades neurodegenerativas: tratamiento, s\u00edntomas...\",\"isPartOf\":{\"@id\":\"https:\/\/www.barnaclinic.com\/blog\/memoria\/#website\"},\"datePublished\":\"2024-12-12T13:42:26+00:00\",\"dateModified\":\"2024-12-12T13:56:08+00:00\",\"author\":{\"@id\":\"https:\/\/www.barnaclinic.com\/blog\/memoria\/#\/schema\/person\/062c0219c54bbf07163f34494da33e17\"},\"description\":\"Por el D\u00eda Mundial de la Disfagia, para muchos ancianos y pacientes con enfermedades neurodegenerativas como Alzheimer y Parkinson,...\",\"breadcrumb\":{\"@id\":\"https:\/\/www.barnaclinic.com\/blog\/memoria\/disfagia-enfermedades-neurodegenerativas\/#breadcrumb\"},\"inLanguage\":\"es\",\"potentialAction\":[{\"@type\":\"ReadAction\",\"target\":[\"https:\/\/www.barnaclinic.com\/blog\/memoria\/disfagia-enfermedades-neurodegenerativas\/\"]}]},{\"@type\":\"BreadcrumbList\",\"@id\":\"https:\/\/www.barnaclinic.com\/blog\/memoria\/disfagia-enfermedades-neurodegenerativas\/#breadcrumb\",\"itemListElement\":[{\"@type\":\"ListItem\",\"position\":1,\"name\":\"Portada\",\"item\":\"https:\/\/www.barnaclinic.com\/blog\/memoria\/\"},{\"@type\":\"ListItem\",\"position\":2,\"name\":\"Disfagia en enfermedades neurodegenerativas: tratamiento, s\u00edntomas e intervenci\u00f3n logop\u00e9dica\"}]},{\"@type\":\"WebSite\",\"@id\":\"https:\/\/www.barnaclinic.com\/blog\/memoria\/#website\",\"url\":\"https:\/\/www.barnaclinic.com\/blog\/memoria\/\",\"name\":\"Blog de Memoria y Trastornos Cognitivos de barnacl\u00ednic+\",\"description\":\"La Unidad de Memoria y Trastornos Cognitivos de barnacl\u00ednic+ se ocupa del diagn\u00f3stico, tratamiento y seguimiento de problemas de memoria y otros trastornos cognitivos\",\"potentialAction\":[{\"@type\":\"SearchAction\",\"target\":{\"@type\":\"EntryPoint\",\"urlTemplate\":\"https:\/\/www.barnaclinic.com\/blog\/memoria\/?s={search_term_string}\"},\"query-input\":\"required name=search_term_string\"}],\"inLanguage\":\"es\"},{\"@type\":\"Person\",\"@id\":\"https:\/\/www.barnaclinic.com\/blog\/memoria\/#\/schema\/person\/062c0219c54bbf07163f34494da33e17\",\"name\":\"barnacl\u00ednic+\",\"image\":{\"@type\":\"ImageObject\",\"inLanguage\":\"es\",\"@id\":\"https:\/\/www.barnaclinic.com\/blog\/memoria\/#\/schema\/person\/image\/\",\"url\":\"https:\/\/secure.gravatar.com\/avatar\/d6a36f6e326a816ac635808864feed8bc381527908e45406660f6ee6ebffee1b?s=96&d=mm&r=g\",\"contentUrl\":\"https:\/\/secure.gravatar.com\/avatar\/d6a36f6e326a816ac635808864feed8bc381527908e45406660f6ee6ebffee1b?s=96&d=mm&r=g\",\"caption\":\"barnacl\u00ednic+\"},\"url\":\"https:\/\/www.barnaclinic.com\/blog\/memoria\/author\/alex\/\"}]}<\/script>\n<!-- \/ Yoast SEO plugin. -->","yoast_head_json":{"title":"Disfagia en enfermedades neurodegenerativas: tratamiento, s\u00edntomas...","description":"Por el D\u00eda Mundial de la Disfagia, para muchos ancianos y pacientes con enfermedades neurodegenerativas como Alzheimer y Parkinson,...","robots":{"index":"index","follow":"follow","max-snippet":"max-snippet:-1","max-image-preview":"max-image-preview:large","max-video-preview":"max-video-preview:-1"},"canonical":"https:\/\/www.barnaclinic.com\/blog\/memoria\/disfagia-enfermedades-neurodegenerativas\/","og_locale":"es_ES","og_type":"article","og_title":"Disfagia en enfermedades neurodegenerativas: tratamiento, s\u00edntomas...","og_description":"Por el D\u00eda Mundial de la Disfagia, para muchos ancianos y pacientes con enfermedades neurodegenerativas como Alzheimer y Parkinson,...","og_url":"https:\/\/www.barnaclinic.com\/blog\/memoria\/disfagia-enfermedades-neurodegenerativas\/","og_site_name":"Blog de Memoria y Trastornos Cognitivos de barnacl\u00ednic+","article_published_time":"2024-12-12T13:42:26+00:00","article_modified_time":"2024-12-12T13:56:08+00:00","og_image":[{"width":1280,"height":720,"url":"https:\/\/www.barnaclinic.com\/blog\/memoria\/wp-content\/uploads\/sites\/26\/2024\/12\/\u00bfQue-es-la-DISFAGIA-Tratamiento-y-sintomas-en-enfermedades-neurodegenerativas-Dra-Nuria-Montagut-2.jpeg","type":"image\/jpeg"}],"author":"barnacl\u00ednic+","twitter_card":"summary_large_image","twitter_misc":{"Escrito por":"barnacl\u00ednic+","Tiempo de lectura":"4 minutos"},"schema":{"@context":"https:\/\/schema.org","@graph":[{"@type":"WebPage","@id":"https:\/\/www.barnaclinic.com\/blog\/memoria\/disfagia-enfermedades-neurodegenerativas\/","url":"https:\/\/www.barnaclinic.com\/blog\/memoria\/disfagia-enfermedades-neurodegenerativas\/","name":"Disfagia en enfermedades neurodegenerativas: tratamiento, s\u00edntomas...","isPartOf":{"@id":"https:\/\/www.barnaclinic.com\/blog\/memoria\/#website"},"datePublished":"2024-12-12T13:42:26+00:00","dateModified":"2024-12-12T13:56:08+00:00","author":{"@id":"https:\/\/www.barnaclinic.com\/blog\/memoria\/#\/schema\/person\/062c0219c54bbf07163f34494da33e17"},"description":"Por el D\u00eda Mundial de la Disfagia, para muchos ancianos y pacientes con enfermedades neurodegenerativas como Alzheimer y Parkinson,...","breadcrumb":{"@id":"https:\/\/www.barnaclinic.com\/blog\/memoria\/disfagia-enfermedades-neurodegenerativas\/#breadcrumb"},"inLanguage":"es","potentialAction":[{"@type":"ReadAction","target":["https:\/\/www.barnaclinic.com\/blog\/memoria\/disfagia-enfermedades-neurodegenerativas\/"]}]},{"@type":"BreadcrumbList","@id":"https:\/\/www.barnaclinic.com\/blog\/memoria\/disfagia-enfermedades-neurodegenerativas\/#breadcrumb","itemListElement":[{"@type":"ListItem","position":1,"name":"Portada","item":"https:\/\/www.barnaclinic.com\/blog\/memoria\/"},{"@type":"ListItem","position":2,"name":"Disfagia en enfermedades neurodegenerativas: tratamiento, s\u00edntomas e intervenci\u00f3n logop\u00e9dica"}]},{"@type":"WebSite","@id":"https:\/\/www.barnaclinic.com\/blog\/memoria\/#website","url":"https:\/\/www.barnaclinic.com\/blog\/memoria\/","name":"Blog de Memoria y Trastornos Cognitivos de barnacl\u00ednic+","description":"La Unidad de Memoria y Trastornos Cognitivos de barnacl\u00ednic+ se ocupa del diagn\u00f3stico, tratamiento y seguimiento de problemas de memoria y otros trastornos cognitivos","potentialAction":[{"@type":"SearchAction","target":{"@type":"EntryPoint","urlTemplate":"https:\/\/www.barnaclinic.com\/blog\/memoria\/?s={search_term_string}"},"query-input":"required name=search_term_string"}],"inLanguage":"es"},{"@type":"Person","@id":"https:\/\/www.barnaclinic.com\/blog\/memoria\/#\/schema\/person\/062c0219c54bbf07163f34494da33e17","name":"barnacl\u00ednic+","image":{"@type":"ImageObject","inLanguage":"es","@id":"https:\/\/www.barnaclinic.com\/blog\/memoria\/#\/schema\/person\/image\/","url":"https:\/\/secure.gravatar.com\/avatar\/d6a36f6e326a816ac635808864feed8bc381527908e45406660f6ee6ebffee1b?s=96&d=mm&r=g","contentUrl":"https:\/\/secure.gravatar.com\/avatar\/d6a36f6e326a816ac635808864feed8bc381527908e45406660f6ee6ebffee1b?s=96&d=mm&r=g","caption":"barnacl\u00ednic+"},"url":"https:\/\/www.barnaclinic.com\/blog\/memoria\/author\/alex\/"}]}},"_links":{"self":[{"href":"https:\/\/www.barnaclinic.com\/blog\/memoria\/wp-json\/wp\/v2\/posts\/86","targetHints":{"allow":["GET"]}}],"collection":[{"href":"https:\/\/www.barnaclinic.com\/blog\/memoria\/wp-json\/wp\/v2\/posts"}],"about":[{"href":"https:\/\/www.barnaclinic.com\/blog\/memoria\/wp-json\/wp\/v2\/types\/post"}],"author":[{"embeddable":true,"href":"https:\/\/www.barnaclinic.com\/blog\/memoria\/wp-json\/wp\/v2\/users\/2"}],"replies":[{"embeddable":true,"href":"https:\/\/www.barnaclinic.com\/blog\/memoria\/wp-json\/wp\/v2\/comments?post=86"}],"version-history":[{"count":8,"href":"https:\/\/www.barnaclinic.com\/blog\/memoria\/wp-json\/wp\/v2\/posts\/86\/revisions"}],"predecessor-version":[{"id":108,"href":"https:\/\/www.barnaclinic.com\/blog\/memoria\/wp-json\/wp\/v2\/posts\/86\/revisions\/108"}],"wp:featuredmedia":[{"embeddable":true,"href":"https:\/\/www.barnaclinic.com\/blog\/memoria\/wp-json\/wp\/v2\/media\/101"}],"wp:attachment":[{"href":"https:\/\/www.barnaclinic.com\/blog\/memoria\/wp-json\/wp\/v2\/media?parent=86"}],"wp:term":[{"taxonomy":"category","embeddable":true,"href":"https:\/\/www.barnaclinic.com\/blog\/memoria\/wp-json\/wp\/v2\/categories?post=86"},{"taxonomy":"post_tag","embeddable":true,"href":"https:\/\/www.barnaclinic.com\/blog\/memoria\/wp-json\/wp\/v2\/tags?post=86"}],"curies":[{"name":"wp","href":"https:\/\/api.w.org\/{rel}","templated":true}]}}