{"id":49,"date":"2024-11-29T14:52:20","date_gmt":"2024-11-29T13:52:20","guid":{"rendered":"https:\/\/www.barnaclinic.com\/blog\/memoria\/?p=49"},"modified":"2024-12-12T14:58:39","modified_gmt":"2024-12-12T13:58:39","slug":"enfermedad-de-alzheimer","status":"publish","type":"post","link":"https:\/\/www.barnaclinic.com\/blog\/memoria\/enfermedad-de-alzheimer\/","title":{"rendered":"Todo lo que debes saber sobre la enfermedad de Alzheimer"},"content":{"rendered":"<p>La <strong>enfermedad de Alzheimer<\/strong> es la <strong><a href=\"https:\/\/www.barnaclinic.com\/es\/memoria-y-trastornos-cognitivos\/\" target=\"_blank\" rel=\"noopener\">demencia neurodegenerativa<\/a> m\u00e1s frecuente<\/strong>, causada por el dep\u00f3sito an\u00f3malo de prote\u00ednas en el cerebro que provoca una p\u00e9rdida progresiva de neuronas y afecta su funcionalidad. Los<strong> s\u00edntomas del Alzheimer<\/strong> incluyen p\u00e9rdida de memoria, desorientaci\u00f3n, alteraciones del lenguaje y dificultades en la planificaci\u00f3n, interfiriendo en las actividades cotidianas. El <strong>diagn\u00f3stico del Alzheimer<\/strong> se realiza mediante una entrevista cl\u00ednica, una exploraci\u00f3n neurol\u00f3gica, pruebas de neuroimagen, biomarcadores y a trav\u00e9s de la <a href=\"https:\/\/www.barnaclinic.com\/blog\/memoria\/evaluacion-neuropsicologica\/\" target=\"_blank\" rel=\"noopener\"><strong>exploraci\u00f3n neuropsicol\u00f3gica<\/strong><\/a>, que permite detectar los cambios cognitivos de forma precisa. Aunque no tiene cura, el <strong>tratamiento del Alzheimer<\/strong> busca ralentizar el deterioro y mejorar la calidad de vida del paciente mediante terapias personalizadas y apoyo integral a los cuidadores.<\/p>\n<p><!--more--><\/p>\n<blockquote>\n<h4><em><img loading=\"lazy\" decoding=\"async\" class=\"alignleft wp-image-4905\" src=\"https:\/\/www.barnaclinic.com\/blog\/wp-content\/uploads\/2024\/09\/Albert-Llado.png\" alt=\"Albert Llado\u0301\" width=\"115\" height=\"114\" \/><\/em><\/h4>\n<h4>\u00abAunque no tiene cura, el <strong>tratamiento del Alzheimer<\/strong> busca ralentizar el deterioro y mejorar la calidad de vida del paciente mediante terapias personalizadas y apoyo integral a los cuidadores\u00bb<\/h4>\n<p>Dr. <a href=\"https:\/\/www.barnaclinic.com\/es\/cuadro-medico\/626\/albert\"><strong>Albert Llad\u00f3<\/strong><\/a>, neur\u00f3logo especializado en demencias<\/p><\/blockquote>\n<h2><strong>\u00bfCu\u00e1les son los s\u00edntomas iniciales de la enfermedad de Alzheimer?<\/strong><\/h2>\n<p>La <strong>enfermedad de Alzheimer<\/strong> es una enfermedad muy heterog\u00e9nea que puede presentarse con diferente sintomatolog\u00eda. Las formas m\u00e1s t\u00edpicas y mayoritarias de esta enfermedad suelen debutar con una p\u00e9rdida de memoria reciente progresiva, pero hay casos que se presentan con alteraciones de otros <strong>dominios cognitivos<\/strong>, como el lenguaje, los<strong> trastornos conductuales<\/strong> o la funci\u00f3n visual. Los posibles <strong>s\u00edntomas de la enfermedad de Alzheimer<\/strong> incluyen:<\/p>\n<ul>\n<li>\n<h5><strong>P\u00e9rdida de memoria<\/strong><\/h5>\n<\/li>\n<\/ul>\n<p>El olvido de eventos recientes es el s\u00edntoma m\u00e1s com\u00fan y caracter\u00edstico de la <strong>enfermedad de Alzheimer<\/strong>, y suele manifestarse desde las primeras etapas. Los pacientes pueden notar los <strong>problemas de memoria<\/strong>, pero muy a menudo son los familiares o amigos cercanos quienes detectan estos cambios. La <strong>p\u00e9rdida de memoria<\/strong> se manifiesta en la dificultad para recordar hechos recientes y aprender informaci\u00f3n nueva, y los recuerdos lejanos suelen mantenerse intactos hasta fases m\u00e1s avanzadas. Las personas pueden olvidar conversaciones, citas o encargos recientes, repetir preguntas o comentarios varias veces. A diferencia de los olvidos ocasionales que todos experimentamos, en la <strong>enfermedad de Alzheimer<\/strong> estos son m\u00e1s frecuentes, persistentes, importantes y empeoran con el tiempo.<\/p>\n<ul>\n<li>\n<h5><strong>Desorientaci\u00f3n en el tiempo y en el espacio<\/strong><\/h5>\n<\/li>\n<\/ul>\n<p>Este es otro <strong>s\u00edntoma com\u00fan de la enfermedad de Alzheimer<\/strong>, ya que las personas afectadas pueden tener problemas para recordar la fecha, el mes, la estaci\u00f3n o el a\u00f1o, as\u00ed como la hora del d\u00eda. Tambi\u00e9n presentan dificultades para orientarse, primero en lugares desconocidos y m\u00e1s tarde, incluso en su propio hogar.<\/p>\n<ul>\n<li>\n<h5><strong>Problemas de lenguaje<\/strong><\/h5>\n<\/li>\n<\/ul>\n<p>Los pacientes pueden presentar dificultades para expresarse o comprender lo que se les dice. Pueden experimentar p\u00e9rdida de vocabulario, usando palabras gen\u00e9ricas como \u00abcosa\u00bb o \u00abeso\u00bb y, a menudo, pierden el hilo de sus conversaciones. La comprensi\u00f3n tambi\u00e9n puede verse afectada, especialmente cuando la orden a ejecutar es larga o compleja.<\/p>\n<ul>\n<li>\n<h5><strong>Problemas de organizaci\u00f3n y planificaci\u00f3n de las tareas cotidianas<\/strong><\/h5>\n<\/li>\n<\/ul>\n<p>Las personas con <strong>enfermedad de Alzheimer<\/strong> muestran problemas para planificar y completar tareas, especialmente las m\u00e1s complejas, las cuales pueden tardar mucho en hacer, dejarlas incompletas o realizarlas incorrectamente. Con el avance de la enfermedad, las personas afectadas tendr\u00e1n gran dificultad incluso en las tareas m\u00e1s sencillas.<\/p>\n<ul>\n<li>\n<h5><strong>Dificultades en realizar algunas tareas habituales<\/strong><\/h5>\n<\/li>\n<\/ul>\n<p>Los pacientes presentan problemas para llevar a cabo acciones como vestirse, utilizar correctamente los cubiertos o mantener el cuidado personal. Estos suelen aparecer en fases moderadas de la enfermedad.<\/p>\n<ul>\n<li>\n<h5><strong>Cambios de comportamiento<\/strong><\/h5>\n<\/li>\n<\/ul>\n<p>En las primeras etapas, es com\u00fan observar alteraciones en el estado de \u00e1nimo, como apat\u00eda o falta de motivaci\u00f3n. Adem\u00e1s, como muchas veces los pacientes no son conscientes de la gravedad de su <strong>deterioro cognitivo<\/strong> (a esto se le denomina t\u00e9cnicamente \u201canosoagnosia\u201d), pueden reaccionar con irritabilidad cuando se les ofrece ayuda. En fases m\u00e1s avanzadas, podr\u00edan malinterpretar situaciones o sufrir alteraciones perceptivas (ilusiones o alucinaciones), lo que puede llevar a comportamientos agresivos, tanto verbales como f\u00edsicos, que se acent\u00faan particularmente al anochecer.<\/p>\n<ul>\n<li>\n<h5><strong>Alteraciones del sue\u00f1o<\/strong><\/h5>\n<\/li>\n<\/ul>\n<p>A medida que avanza la enfermedad, el ciclo del sue\u00f1o se ve alterado. Es habitual que duerman durante el d\u00eda y presenten dificultades para conciliar o mantener el sue\u00f1o durante la noche.<\/p>\n<ul>\n<li>\n<h5><strong>Dificultades motoras<\/strong><\/h5>\n<\/li>\n<\/ul>\n<p>Aunque no son frecuentes en las fases iniciales, en etapas avanzadas el control sobre el movimiento se deteriora, lo que puede dificultar aspectos motores como la marcha o la estabilidad.<\/p>\n<h2><strong>\u00bfC\u00f3mo se diagnostica la enfermedad de Alzheimer?<\/strong><\/h2>\n<p>El <strong>diagn\u00f3stico de la enfermedad de Alzheimer<\/strong> es de car\u00e1cter cl\u00ednico, lo que significa que el m\u00e9dico lo establece bas\u00e1ndose en los s\u00edntomas, la <a href=\"https:\/\/www.barnaclinic.com\/blog\/memoria\/evaluacion-neuropsicologica\/\" target=\"_blank\" rel=\"noopener\"><strong>evaluaci\u00f3n neuropsicol\u00f3gica<\/strong><\/a> y las pruebas complementarias disponibles, siguiendo los criterios diagn\u00f3sticos pertinentes. En la actualidad la confirmaci\u00f3n de la sospecha cl\u00ednica mediante algunos de los diferentes biomarcadores que se disponen permite un diagn\u00f3stico m\u00e1s certero y m\u00e1s precoz. \u00a0En este sentido, un <strong>diagn\u00f3stico en las fases m\u00e1s iniciales de la enfermedad de Alzheimer<\/strong>, idealmente en la fase de <strong>deterioro cognitivo leve<\/strong>, es decir, cuando todav\u00eda no hay afectaci\u00f3n de las actividades de la vida diaria, permitir\u00eda a la persona que padece la enfermedad y su familia poder obtener las ventajas del <strong>diagn\u00f3stico precoz del Alzheimer<\/strong>.<\/p>\n<blockquote>\n<h4><em><img loading=\"lazy\" decoding=\"async\" class=\"alignleft wp-image-4905\" src=\"https:\/\/www.barnaclinic.com\/blog\/wp-content\/uploads\/2024\/09\/Albert-Llado.png\" alt=\"Albert Llado\u0301\" width=\"115\" height=\"114\" \/><\/em><\/h4>\n<h4>\u00abUn <strong>diagn\u00f3stico en las fases m\u00e1s iniciales de la enfermedad de Alzheimer<\/strong>, idealmente en la fase de <strong>deterioro cognitivo leve<\/strong>, permitir\u00e1 a la persona que padece la enfermedad y su familia poder obtener las ventajas del <strong>diagn\u00f3stico precoz del Alzheimer\u00bb<\/strong><\/h4>\n<p>Dr. <a href=\"https:\/\/www.barnaclinic.com\/es\/cuadro-medico\/626\/albert\"><strong>Albert Llad\u00f3<\/strong><\/a>, neur\u00f3logo especializado en demencias<\/p><\/blockquote>\n<p>Entre estas ventajas se encuentran la posibilidad de poder iniciar un tratamiento lo antes posible, as\u00ed como poder planificar mejor el futuro. Tambi\u00e9n es en las fases iniciales de la enfermedad donde est\u00e1n indicados los tratamientos modificadores de la enfermedad, ya disponibles en algunos pa\u00edses, y pendientes de su aprobaci\u00f3n a nivel europeo. Las diferentes pruebas que permiten un buen diagn\u00f3stico (el m\u00e9dico indicar\u00e1 la m\u00e1s adecuada en cada persona) son las siguientes:<\/p>\n<ul>\n<li>\n<h5><strong>Exploraci\u00f3n neuropsicol\u00f3gica<\/strong><\/h5>\n<\/li>\n<\/ul>\n<p>La <a href=\"https:\/\/www.barnaclinic.com\/blog\/memoria\/evaluacion-neuropsicologica\/\"><strong>evaluaci\u00f3n neuropsicol\u00f3gica<\/strong><\/a> es una exploraci\u00f3n dise\u00f1ada para medir de manera objetiva las alteraciones cognitivas que presenta el paciente. Pueden extenderse entre 30 y 90 minutos y se eval\u00faa el rendimiento del paciente en pruebas de memoria, lenguaje, atenci\u00f3n y otros dominios cognitivos. Los resultados se comparan con los de la poblaci\u00f3n general de la misma edad y nivel educativo, ya que ambos factores influyen en el desempe\u00f1o en estas pruebas. El <a href=\"https:\/\/www.barnaclinic.com\/blog\/memoria\/evaluacion-neuropsicologica\/\" target=\"_blank\" rel=\"noopener\"><strong>informe neuropsicol\u00f3gico<\/strong><\/a> es una importante herramienta de apoyo al <strong>diagn\u00f3stico de la enfermedad de Alzheimer<\/strong>.<\/p>\n<div id=\"estoy-interesado\" class=\"destacat-site\">\n<h4 style=\"padding-left: 30px;\">TE PUEDE INTERESAR\u2026<\/h4>\n<h4 style=\"padding-left: 30px;\">\u00b7\u00a0<a href=\"https:\/\/www.barnaclinic.com\/blog\/memoria\/evaluacion-neuropsicologica\/\" target=\"_blank\" rel=\"noopener noreferrer\">Evaluaci\u00f3n neuropsicol\u00f3gica, fundamental en la atenci\u00f3n de enfermedades neurodegenerativas<\/a><\/h4>\n<\/div>\n<ul>\n<li>\n<h5><strong>An\u00e1lisis de sangre<\/strong><\/h5>\n<\/li>\n<\/ul>\n<p>Se realizan an\u00e1lisis de sangre para evaluar par\u00e1metros de salud general que pueden influir en la funci\u00f3n cognitiva. Adem\u00e1s, en la actualidad, se dispone de biomarcadores plasm\u00e1ticos, como el p-tau217, una prote\u00edna que se conoce que se relaciona con los dep\u00f3sitos an\u00f3malos de prote\u00edna amiloide y tau fosforilada, y que puede contribuir al <strong>diagn\u00f3stico biol\u00f3gico de la enfermedad de Alzheimer<\/strong> en un 70-80% de los casos, evitando otras pruebas como el an\u00e1lisis de l\u00edquido cefalorraqu\u00eddeo o el PET amiloide.<\/p>\n<ul>\n<li>\n<h5><strong>Pruebas de neuroimagen estructural cerebral<\/strong><\/h5>\n<\/li>\n<\/ul>\n<p>Existen varias tecnolog\u00edas de imagen cerebral que permiten observar el cerebro. La tomograf\u00eda computarizada (TC o esc\u00e1ner) y la resonancia magn\u00e9tica proporcionan im\u00e1genes detalladas del cerebro que permiten detectar la p\u00e9rdida significativa de neuronas en las <strong>\u00e1reas t\u00edpicamente afectadas por el Alzheimer<\/strong>, as\u00ed como la existencia de lesiones vasculares u otras causas que pueden provocar <strong>deterioro cognitivo<\/strong>.<\/p>\n<ul>\n<li>\n<h5><strong>Pruebas de neuroimagen cerebral de medicina nuclear<\/strong><\/h5>\n<\/li>\n<\/ul>\n<p>La tomograf\u00eda por emisi\u00f3n de positrones (PET) utiliza radiotrazadores para estudiar el metabolismo neuronal (PET de glucosa) o el dep\u00f3sito de amiloide (PET de amiloide).<\/p>\n<ul>\n<li>\n<h5><strong>An\u00e1lisis de l\u00edquido cefalorraqu\u00eddeo<\/strong><\/h5>\n<\/li>\n<\/ul>\n<p>El l\u00edquido cefalorraqu\u00eddeo es el l\u00edquido que rodea el cerebro y la m\u00e9dula espinal y es un buen reflejo de lo que ocurre en el cerebro. Mediante este an\u00e1lisis se miden prote\u00ednas que se acumulan en el cerebro de los pacientes, como la \u03b2-amiloide, tau y tau fosforilada. Para obtener este l\u00edquido es necesario realizar una punci\u00f3n lumbar.<\/p>\n<ul>\n<li>\n<h5><strong>Pruebas gen\u00e9ticas<\/strong><\/h5>\n<\/li>\n<\/ul>\n<p>Estas pruebas \u00fanicamente se llevan a cabo en casos en los que se sospecha de una forma hereditaria de la enfermedad (formas que representan menos del 1% de todos los casos). Los <strong>genes causantes de la enfermedad de Alzheimer<\/strong> gen\u00e9tica son el gen de la presenilina 1, el gen de la presenilina 2 y el gen de la prote\u00edna precursora del amiloide. Por otro lado, el <strong>factor de riesgo gen\u00e9tico m\u00e1s relevante de la enfermedad de Alzheimer<\/strong> es el alelo 4 del gen APOE.<\/p>\n<h2><strong>\u00bfCu\u00e1les son las opciones de tratamiento disponibles para el Alzheimer?<\/strong><\/h2>\n<p>Existen dos tipos de <strong>tratamientos en la enfermedad de Alzheimer<\/strong>, los farmacol\u00f3gicos y los no farmacol\u00f3gicos, siendo esencial ambos para poder realizar un tratamiento integral.<\/p>\n<h4><strong><em>Tratamiento farmacol\u00f3gico<\/em><\/strong><\/h4>\n<p>Actualmente, existen cuatro medicamentos espec\u00edficos aprobados para el <strong>tratamiento espec\u00edfico de la enfermedad de Alzheimer<\/strong> en Espa\u00f1a. Todos tienen un efecto sintom\u00e1tico, es decir, se dirigen a tratar las consecuencias del <strong>proceso neurodegenerativo<\/strong>, como los problemas cognitivos y conductuales, pero no act\u00faan sobre las causas subyacentes de la enfermedad. Adem\u00e1s, se dispone de otros f\u00e1rmacos para tratar otros s\u00edntomas de la enfermedad. Estos medicamentos se dividen en tres categor\u00edas:<\/p>\n<ul>\n<li>\n<h5><strong>Inhibidores de la enzima acetilcolinesterasa (IACE)<\/strong><\/h5>\n<\/li>\n<\/ul>\n<p>Estos f\u00e1rmacos son donepezilo, rivastigmina y galantamina, y su principal mecanismo es el aumento de los niveles de acetilcolina en el cerebro, un neurotransmisor cuya concentraci\u00f3n se ve reducida en <strong>pacientes con enfermedad de Alzheimer<\/strong>. Aunque su efecto es modesto, han demostrado ser \u00fatiles en la reducci\u00f3n de la p\u00e9rdida de la funci\u00f3n cognitiva, la mejora de las actividades diarias y la reducci\u00f3n de alteraciones conductuales. La diferencia principal entre ellos radica en la forma de administraci\u00f3n (oral o transd\u00e9rmica mediante parche). Sus efectos secundarios m\u00e1s comunes incluyen problemas digestivos como n\u00e1useas, diarrea, p\u00e9rdida de peso, malestar abdominal y reacci\u00f3n cut\u00e1nea en el caso de los parches transd\u00e9rmicos.<\/p>\n<ul>\n<li>\n<h5><strong>Antagonistas de los receptores de N-metil-D-Aspartato (NMDA)<\/strong><\/h5>\n<\/li>\n<\/ul>\n<p>La memantina es el f\u00e1rmaco perteneciente a este grupo y ha mostrado eficacia en mejorar la cognici\u00f3n, el funcionamiento general, las actividades cotidianas y el comportamiento en <strong>personas con enfermedad de Alzheimer<\/strong> en estadio moderado y grave.<\/p>\n<ul>\n<li>\n<h5><strong>F\u00e1rmacos para otros s\u00edntomas<\/strong><\/h5>\n<\/li>\n<\/ul>\n<p>En algunos casos, los <strong>pacientes con enfermedad de Alzheimer<\/strong> experimentan alteraciones del estado de \u00e1nimo, alteraciones conductuales o trastornos del sue\u00f1o que requieren tratamiento farmacol\u00f3gico. Para manejar estos s\u00edntomas, se utilizan medicamentos comunes en trastornos psiqui\u00e1tricos, aunque generalmente en dosis m\u00e1s bajas para minimizar los efectos secundarios.<\/p>\n<h4><strong><em>Tratamiento no farmacol\u00f3gico<\/em><\/strong><\/h4>\n<p>Diversos estudios indican que los programas de estimulaci\u00f3n cognitiva, <a href=\"https:\/\/www.barnaclinic.com\/blog\/memoria\/disfagia-enfermedades-neurodegenerativas\/\" target=\"_blank\" rel=\"noopener\">logopedia<\/a>, actividad f\u00edsica y aquellos enfocados en las actividades de la vida diaria generan <strong>beneficios en pacientes con Alzheimer<\/strong>. El impacto positivo de estas intervenciones est\u00e1 relacionado con su frecuencia: se sugiere alrededor de 1-2 sesiones semanales para los programas cognitivos y unas tres horas semanales de ejercicio f\u00edsico. Adem\u00e1s, es importante considerar la fase de la enfermedad, ya que no todas las intervenciones son adecuadas para todas las etapas.<\/p>\n<div id=\"estoy-interesado\" class=\"destacat-site\">\n<h4 style=\"padding-left: 30px;\">TE PUEDE INTERESAR\u2026<\/h4>\n<h4 style=\"padding-left: 30px;\">\u00b7\u00a0<a href=\"https:\/\/www.barnaclinic.com\/blog\/memoria\/disfagia-enfermedades-neurodegenerativas\/\" target=\"_blank\" rel=\"noopener noreferrer\">Disfagia en enfermedades neurodegenerativas: tratamiento, s\u00edntomas e intervenci\u00f3n logop\u00e9dica<\/a><\/h4>\n<\/div>\n<p>Por otro lado, mantener h\u00e1bitos de vida saludables y controlar los factores de riesgo vascular tambi\u00e9n es fundamental. Asimismo, los programas de apoyo y formaci\u00f3n para los cuidadores tienen un impacto positivo, no solo en su bienestar, sino tambi\u00e9n en la <strong>gesti\u00f3n del cuidado del paciente con Alzheimer<\/strong>.<\/p>\n<hr \/>\n<div id=\"estoy-interesado\" class=\"destacat-site\">\n<h3 style=\"padding-left: 15px; padding-right: 15px;\" align=\"center\"><span style=\"color: white;\">\u00bfCrees que t\u00fa o un familiar tuyo presenta alguno de los s\u00edntomas del Alzheimer descritos o quieres hablar con el Dr. Albert Llad\u00f3?<\/span><\/h3>\n<p style=\"padding-left: 30px; padding-right: 20px;\" align=\"center\"><a class=\"button\" href=\"https:\/\/www.barnaclinic.com\/es\/solicitar-cita\/?profesional=626\">TE PODEMOS AYUDAR<\/a><\/p>\n<\/div>\n","protected":false},"excerpt":{"rendered":"<p>La enfermedad de Alzheimer es la demencia neurodegenerativa m\u00e1s frecuente, causada por el dep\u00f3sito an\u00f3malo de prote\u00ednas en el cerebro que provoca una p\u00e9rdida progresiva de neuronas y afecta su funcionalidad. Los s\u00edntomas del Alzheimer incluyen p\u00e9rdida de memoria, desorientaci\u00f3n, alteraciones del lenguaje y dificultades en la planificaci\u00f3n, interfiriendo en las actividades cotidianas. El diagn\u00f3stico [&hellip;]<\/p>\n","protected":false},"author":2,"featured_media":71,"comment_status":"open","ping_status":"open","sticky":false,"template":"","format":"standard","meta":{"footnotes":""},"categories":[7,3,4,11,9],"tags":[57,50,53,52,18,15,51,56,49,54,55],"class_list":["post-49","post","type-post","status-publish","format-standard","has-post-thumbnail","hentry","category-demencias-neurodegenerativas","category-deterioro-cognitivo","category-enfermedad-de-alzheimer","category-neurologia","category-problemas-de-memoria","tag-albert-llado","tag-alzheimer","tag-demencia","tag-demencia-neurodegenerativa","tag-demencias","tag-deterioro-cognitivo","tag-diagnostico-de-alzheimer","tag-dr-albert-llado","tag-enfermedad-de-alzheimer","tag-informe-neuropsicologico","tag-tratamiento-del-alzheimer","has-post-video"],"yoast_head":"<!-- This site is optimized with the Yoast SEO plugin v19.14 - https:\/\/yoast.com\/wordpress\/plugins\/seo\/ -->\n<title>Todo lo que debes saber sobre la enfermedad de Alzheimer<\/title>\n<meta name=\"description\" content=\"Explicamos en profundidad qu\u00e9 es la Enfermedad de Alzheimer, principales s\u00edntomas de Alzheimer y su diagn\u00f3stico y las opciones de tratamiento\" \/>\n<meta name=\"robots\" content=\"index, follow, max-snippet:-1, max-image-preview:large, max-video-preview:-1\" \/>\n<link rel=\"canonical\" href=\"https:\/\/www.barnaclinic.com\/blog\/memoria\/enfermedad-de-alzheimer\/\" \/>\n<meta property=\"og:locale\" content=\"es_ES\" \/>\n<meta property=\"og:type\" content=\"article\" \/>\n<meta property=\"og:title\" content=\"Todo lo que debes saber sobre la enfermedad de Alzheimer\" \/>\n<meta property=\"og:description\" content=\"Explicamos en profundidad qu\u00e9 es la Enfermedad de Alzheimer, principales s\u00edntomas de Alzheimer y su diagn\u00f3stico y las opciones de tratamiento\" \/>\n<meta property=\"og:url\" content=\"https:\/\/www.barnaclinic.com\/blog\/memoria\/enfermedad-de-alzheimer\/\" \/>\n<meta property=\"og:site_name\" content=\"Blog de Memoria y Trastornos Cognitivos de barnacl\u00ednic+\" \/>\n<meta property=\"article:published_time\" content=\"2024-11-29T13:52:20+00:00\" \/>\n<meta property=\"article:modified_time\" content=\"2024-12-12T13:58:39+00:00\" \/>\n<meta property=\"og:image\" content=\"https:\/\/www.barnaclinic.com\/blog\/memoria\/wp-content\/uploads\/sites\/26\/2024\/11\/alzheimer.jpg\" \/>\n\t<meta property=\"og:image:width\" content=\"1280\" \/>\n\t<meta property=\"og:image:height\" content=\"720\" \/>\n\t<meta property=\"og:image:type\" content=\"image\/jpeg\" \/>\n<meta name=\"author\" content=\"barnacl\u00ednic+\" \/>\n<meta name=\"twitter:card\" content=\"summary_large_image\" \/>\n<meta name=\"twitter:label1\" content=\"Escrito por\" \/>\n\t<meta name=\"twitter:data1\" content=\"barnacl\u00ednic+\" \/>\n\t<meta name=\"twitter:label2\" content=\"Tiempo de lectura\" \/>\n\t<meta name=\"twitter:data2\" content=\"10 minutos\" \/>\n<script type=\"application\/ld+json\" class=\"yoast-schema-graph\">{\"@context\":\"https:\/\/schema.org\",\"@graph\":[{\"@type\":\"WebPage\",\"@id\":\"https:\/\/www.barnaclinic.com\/blog\/memoria\/enfermedad-de-alzheimer\/\",\"url\":\"https:\/\/www.barnaclinic.com\/blog\/memoria\/enfermedad-de-alzheimer\/\",\"name\":\"Todo lo que debes saber sobre la enfermedad de Alzheimer\",\"isPartOf\":{\"@id\":\"https:\/\/www.barnaclinic.com\/blog\/memoria\/#website\"},\"datePublished\":\"2024-11-29T13:52:20+00:00\",\"dateModified\":\"2024-12-12T13:58:39+00:00\",\"author\":{\"@id\":\"https:\/\/www.barnaclinic.com\/blog\/memoria\/#\/schema\/person\/062c0219c54bbf07163f34494da33e17\"},\"description\":\"Explicamos en profundidad qu\u00e9 es la Enfermedad de Alzheimer, principales s\u00edntomas de Alzheimer y su diagn\u00f3stico y las opciones de tratamiento\",\"breadcrumb\":{\"@id\":\"https:\/\/www.barnaclinic.com\/blog\/memoria\/enfermedad-de-alzheimer\/#breadcrumb\"},\"inLanguage\":\"es\",\"potentialAction\":[{\"@type\":\"ReadAction\",\"target\":[\"https:\/\/www.barnaclinic.com\/blog\/memoria\/enfermedad-de-alzheimer\/\"]}]},{\"@type\":\"BreadcrumbList\",\"@id\":\"https:\/\/www.barnaclinic.com\/blog\/memoria\/enfermedad-de-alzheimer\/#breadcrumb\",\"itemListElement\":[{\"@type\":\"ListItem\",\"position\":1,\"name\":\"Portada\",\"item\":\"https:\/\/www.barnaclinic.com\/blog\/memoria\/\"},{\"@type\":\"ListItem\",\"position\":2,\"name\":\"Todo lo que debes saber sobre la enfermedad de Alzheimer\"}]},{\"@type\":\"WebSite\",\"@id\":\"https:\/\/www.barnaclinic.com\/blog\/memoria\/#website\",\"url\":\"https:\/\/www.barnaclinic.com\/blog\/memoria\/\",\"name\":\"Blog de Memoria y Trastornos Cognitivos de barnacl\u00ednic+\",\"description\":\"La Unidad de Memoria y Trastornos Cognitivos de barnacl\u00ednic+ se ocupa del diagn\u00f3stico, tratamiento y seguimiento de problemas de memoria y otros trastornos cognitivos\",\"potentialAction\":[{\"@type\":\"SearchAction\",\"target\":{\"@type\":\"EntryPoint\",\"urlTemplate\":\"https:\/\/www.barnaclinic.com\/blog\/memoria\/?s={search_term_string}\"},\"query-input\":\"required name=search_term_string\"}],\"inLanguage\":\"es\"},{\"@type\":\"Person\",\"@id\":\"https:\/\/www.barnaclinic.com\/blog\/memoria\/#\/schema\/person\/062c0219c54bbf07163f34494da33e17\",\"name\":\"barnacl\u00ednic+\",\"image\":{\"@type\":\"ImageObject\",\"inLanguage\":\"es\",\"@id\":\"https:\/\/www.barnaclinic.com\/blog\/memoria\/#\/schema\/person\/image\/\",\"url\":\"https:\/\/secure.gravatar.com\/avatar\/d6a36f6e326a816ac635808864feed8bc381527908e45406660f6ee6ebffee1b?s=96&d=mm&r=g\",\"contentUrl\":\"https:\/\/secure.gravatar.com\/avatar\/d6a36f6e326a816ac635808864feed8bc381527908e45406660f6ee6ebffee1b?s=96&d=mm&r=g\",\"caption\":\"barnacl\u00ednic+\"},\"url\":\"https:\/\/www.barnaclinic.com\/blog\/memoria\/author\/alex\/\"}]}<\/script>\n<!-- \/ Yoast SEO plugin. -->","yoast_head_json":{"title":"Todo lo que debes saber sobre la enfermedad de Alzheimer","description":"Explicamos en profundidad qu\u00e9 es la Enfermedad de Alzheimer, principales s\u00edntomas de Alzheimer y su diagn\u00f3stico y las opciones de tratamiento","robots":{"index":"index","follow":"follow","max-snippet":"max-snippet:-1","max-image-preview":"max-image-preview:large","max-video-preview":"max-video-preview:-1"},"canonical":"https:\/\/www.barnaclinic.com\/blog\/memoria\/enfermedad-de-alzheimer\/","og_locale":"es_ES","og_type":"article","og_title":"Todo lo que debes saber sobre la enfermedad de Alzheimer","og_description":"Explicamos en profundidad qu\u00e9 es la Enfermedad de Alzheimer, principales s\u00edntomas de Alzheimer y su diagn\u00f3stico y las opciones de tratamiento","og_url":"https:\/\/www.barnaclinic.com\/blog\/memoria\/enfermedad-de-alzheimer\/","og_site_name":"Blog de Memoria y Trastornos Cognitivos de barnacl\u00ednic+","article_published_time":"2024-11-29T13:52:20+00:00","article_modified_time":"2024-12-12T13:58:39+00:00","og_image":[{"width":1280,"height":720,"url":"https:\/\/www.barnaclinic.com\/blog\/memoria\/wp-content\/uploads\/sites\/26\/2024\/11\/alzheimer.jpg","type":"image\/jpeg"}],"author":"barnacl\u00ednic+","twitter_card":"summary_large_image","twitter_misc":{"Escrito por":"barnacl\u00ednic+","Tiempo de lectura":"10 minutos"},"schema":{"@context":"https:\/\/schema.org","@graph":[{"@type":"WebPage","@id":"https:\/\/www.barnaclinic.com\/blog\/memoria\/enfermedad-de-alzheimer\/","url":"https:\/\/www.barnaclinic.com\/blog\/memoria\/enfermedad-de-alzheimer\/","name":"Todo lo que debes saber sobre la enfermedad de Alzheimer","isPartOf":{"@id":"https:\/\/www.barnaclinic.com\/blog\/memoria\/#website"},"datePublished":"2024-11-29T13:52:20+00:00","dateModified":"2024-12-12T13:58:39+00:00","author":{"@id":"https:\/\/www.barnaclinic.com\/blog\/memoria\/#\/schema\/person\/062c0219c54bbf07163f34494da33e17"},"description":"Explicamos en profundidad qu\u00e9 es la Enfermedad de Alzheimer, principales s\u00edntomas de Alzheimer y su diagn\u00f3stico y las opciones de tratamiento","breadcrumb":{"@id":"https:\/\/www.barnaclinic.com\/blog\/memoria\/enfermedad-de-alzheimer\/#breadcrumb"},"inLanguage":"es","potentialAction":[{"@type":"ReadAction","target":["https:\/\/www.barnaclinic.com\/blog\/memoria\/enfermedad-de-alzheimer\/"]}]},{"@type":"BreadcrumbList","@id":"https:\/\/www.barnaclinic.com\/blog\/memoria\/enfermedad-de-alzheimer\/#breadcrumb","itemListElement":[{"@type":"ListItem","position":1,"name":"Portada","item":"https:\/\/www.barnaclinic.com\/blog\/memoria\/"},{"@type":"ListItem","position":2,"name":"Todo lo que debes saber sobre la enfermedad de Alzheimer"}]},{"@type":"WebSite","@id":"https:\/\/www.barnaclinic.com\/blog\/memoria\/#website","url":"https:\/\/www.barnaclinic.com\/blog\/memoria\/","name":"Blog de Memoria y Trastornos Cognitivos de barnacl\u00ednic+","description":"La Unidad de Memoria y Trastornos Cognitivos de barnacl\u00ednic+ se ocupa del diagn\u00f3stico, tratamiento y seguimiento de problemas de memoria y otros trastornos cognitivos","potentialAction":[{"@type":"SearchAction","target":{"@type":"EntryPoint","urlTemplate":"https:\/\/www.barnaclinic.com\/blog\/memoria\/?s={search_term_string}"},"query-input":"required name=search_term_string"}],"inLanguage":"es"},{"@type":"Person","@id":"https:\/\/www.barnaclinic.com\/blog\/memoria\/#\/schema\/person\/062c0219c54bbf07163f34494da33e17","name":"barnacl\u00ednic+","image":{"@type":"ImageObject","inLanguage":"es","@id":"https:\/\/www.barnaclinic.com\/blog\/memoria\/#\/schema\/person\/image\/","url":"https:\/\/secure.gravatar.com\/avatar\/d6a36f6e326a816ac635808864feed8bc381527908e45406660f6ee6ebffee1b?s=96&d=mm&r=g","contentUrl":"https:\/\/secure.gravatar.com\/avatar\/d6a36f6e326a816ac635808864feed8bc381527908e45406660f6ee6ebffee1b?s=96&d=mm&r=g","caption":"barnacl\u00ednic+"},"url":"https:\/\/www.barnaclinic.com\/blog\/memoria\/author\/alex\/"}]}},"_links":{"self":[{"href":"https:\/\/www.barnaclinic.com\/blog\/memoria\/wp-json\/wp\/v2\/posts\/49","targetHints":{"allow":["GET"]}}],"collection":[{"href":"https:\/\/www.barnaclinic.com\/blog\/memoria\/wp-json\/wp\/v2\/posts"}],"about":[{"href":"https:\/\/www.barnaclinic.com\/blog\/memoria\/wp-json\/wp\/v2\/types\/post"}],"author":[{"embeddable":true,"href":"https:\/\/www.barnaclinic.com\/blog\/memoria\/wp-json\/wp\/v2\/users\/2"}],"replies":[{"embeddable":true,"href":"https:\/\/www.barnaclinic.com\/blog\/memoria\/wp-json\/wp\/v2\/comments?post=49"}],"version-history":[{"count":21,"href":"https:\/\/www.barnaclinic.com\/blog\/memoria\/wp-json\/wp\/v2\/posts\/49\/revisions"}],"predecessor-version":[{"id":112,"href":"https:\/\/www.barnaclinic.com\/blog\/memoria\/wp-json\/wp\/v2\/posts\/49\/revisions\/112"}],"wp:featuredmedia":[{"embeddable":true,"href":"https:\/\/www.barnaclinic.com\/blog\/memoria\/wp-json\/wp\/v2\/media\/71"}],"wp:attachment":[{"href":"https:\/\/www.barnaclinic.com\/blog\/memoria\/wp-json\/wp\/v2\/media?parent=49"}],"wp:term":[{"taxonomy":"category","embeddable":true,"href":"https:\/\/www.barnaclinic.com\/blog\/memoria\/wp-json\/wp\/v2\/categories?post=49"},{"taxonomy":"post_tag","embeddable":true,"href":"https:\/\/www.barnaclinic.com\/blog\/memoria\/wp-json\/wp\/v2\/tags?post=49"}],"curies":[{"name":"wp","href":"https:\/\/api.w.org\/{rel}","templated":true}]}}