{"id":164,"date":"2025-09-09T17:26:58","date_gmt":"2025-09-09T15:26:58","guid":{"rendered":"https:\/\/www.barnaclinic.com\/blog\/memoria\/?p=164"},"modified":"2025-09-09T17:28:30","modified_gmt":"2025-09-09T15:28:30","slug":"frontotemporal-dementia","status":"publish","type":"post","link":"https:\/\/www.barnaclinic.com\/blog\/memoria\/en\/frontotemporal-dementia\/","title":{"rendered":"Frontotemporal dementia: symptoms, diagnosis, and available treatments"},"content":{"rendered":"<p data-start=\"381\" data-end=\"760\"><strong data-start=\"384\" data-end=\"417\">Frontotemporal dementia (FTD)<\/strong> is a type of <strong>neurodegenerative dementia<\/strong> less common than <a href=\"https:\/\/www.barnaclinic.com\/en\/memory-and-cognitive-disorders\/\"><strong>Alzheimer\u2019s disease<\/strong><\/a>, but with a great impact on the patient\u2019s life and their environment. Unlike other <a href=\"https:\/\/www.barnaclinic.com\/en\/memory-and-cognitive-disorders\/\"><strong>dementias<\/strong><\/a>, it usually begins at an earlier age, between 45 and 65 years, and its main symptom is not related to <a href=\"https:\/\/www.barnaclinic.com\/blog\/memoria\/en\/cognitive-decline\/\" target=\"_blank\" rel=\"noopener\">memory<\/a>, but to behavior.<\/p>\n<p data-start=\"381\" data-end=\"760\"><!--more--><\/p>\n<h2 data-start=\"762\" data-end=\"800\">What is frontotemporal dementia?<\/h2>\n<p data-start=\"802\" data-end=\"1121\">FTD mainly affects the frontal and temporal lobes of the brain, responsible for behavior, language, and decision-making. Therefore, the most common initial symptom is a <strong data-start=\"999\" data-end=\"1027\">behavioral disorder<\/strong>: personality changes, difficulty controlling impulses, apathy, or loss of empathy.<\/p>\n<h2 data-start=\"1123\" data-end=\"1168\">Differences with Alzheimer\u2019s disease<\/h2>\n<p data-start=\"1170\" data-end=\"1497\">In its early stages, <strong>frontotemporal dementia<\/strong> can be mistaken for <a href=\"https:\/\/www.barnaclinic.com\/en\/memory-and-cognitive-disorders\/\"><strong>Alzheimer\u2019s disease<\/strong><\/a>. However, while in Alzheimer\u2019s the <strong data-start=\"1312\" data-end=\"1350\">main alteration is memory<\/strong>, in FTD the <strong data-start=\"1365\" data-end=\"1404\">most significant change is behavior<\/strong>. This distinction is essential to guide the <strong>diagnosis of frontotemporal dementia<\/strong> and define the therapeutic approach.<\/p>\n<blockquote>\n<h4><em><img loading=\"lazy\" decoding=\"async\" class=\"alignleft wp-image-4905\" src=\"https:\/\/www.barnaclinic.com\/blog\/wp-content\/uploads\/2024\/09\/Albert-Llado.png\" alt=\"Albert Llad\u00f3\" width=\"115\" height=\"114\" \/><\/em><\/h4>\n<h4 data-start=\"1170\" data-end=\"1497\">\u201cFrontotemporal dementia is mainly characterized by a behavioral disorder, unlike Alzheimer\u2019s, which affects memory more severely\u201d<\/h4>\n<p data-start=\"1170\" data-end=\"1497\">Dr. <a href=\"https:\/\/www.barnaclinic.com\/en\/professionals\/626\/albert\"><strong>Albert Llad\u00f3<\/strong><\/a>, neurologist specialized in dementias<\/p>\n<h2 data-start=\"1499\" data-end=\"1548\">How is frontotemporal dementia diagnosed?<\/h2>\n<\/blockquote>\n<p data-start=\"1550\" data-end=\"1861\">The <strong>diagnosis of FTD<\/strong> is <strong data-start=\"1578\" data-end=\"1589\">clinical<\/strong> and requires a detailed <strong><a href=\"https:\/\/www.barnaclinic.com\/blog\/memoria\/evaluacion-neuropsicologica\/\" target=\"_blank\" rel=\"noopener\">neuropsychological<\/a> and neurological evaluation<\/strong>. To complete the study, <strong data-start=\"1707\" data-end=\"1722\">neuroimaging<\/strong> tests are used, such as MRI, CT scan, or nuclear medicine tests such as glucose PET, which help confirm brain involvement.<\/p>\n<h2 data-start=\"1863\" data-end=\"1907\">Treatment of frontotemporal dementia<\/h2>\n<p data-start=\"1909\" data-end=\"2170\">Currently, there is no <strong>pharmacological treatment for frontotemporal dementia<\/strong>. However, there are <strong data-start=\"2009\" data-end=\"2043\">non-pharmacological treatments<\/strong> that can improve patients\u2019 quality of life and slow down the progression of some symptoms.<br data-start=\"2146\" data-end=\"2149\" \/>Among them, the most relevant are:<\/p>\n<ul data-start=\"2172\" data-end=\"2561\">\n<li data-start=\"2172\" data-end=\"2291\">\n<p data-start=\"2174\" data-end=\"2291\"><strong data-start=\"2174\" data-end=\"2222\">Occupational therapy and cognitive stimulation<\/strong>, which help maintain autonomy and preserved abilities.<\/p>\n<\/li>\n<li data-start=\"2292\" data-end=\"2443\">\n<p data-start=\"2294\" data-end=\"2443\"><strong data-start=\"2294\" data-end=\"2307\">Speech therapy<\/strong>, especially in cases of <em data-start=\"2339\" data-end=\"2367\">primary progressive aphasia<\/em>, a variant of FTD in which language is the most affected function.<\/p>\n<\/li>\n<li data-start=\"2444\" data-end=\"2561\">\n<p data-start=\"2446\" data-end=\"2561\"><strong data-start=\"2446\" data-end=\"2484\">Psychological support and psychoeducation<\/strong> for families and caregivers, essential for managing behavioral changes.<\/p>\n<\/li>\n<\/ul>\n<hr \/>\n<p><iframe loading=\"lazy\" title=\"Memory problems? It could be COGNITIVE IMPAIRMENT | Dr. Adri\u00e0 Tort #cognitiveimpairment\" src=\"https:\/\/www.youtube.com\/embed\/j_2qjBHVfUQ\" width=\"394\" height=\"700\" frameborder=\"0\" allowfullscreen=\"allowfullscreen\"><span data-mce-type=\"bookmark\" style=\"display: inline-block; width: 0px; overflow: hidden; line-height: 0;\" class=\"mce_SELRES_start\">\ufeff<\/span><span data-mce-type=\"bookmark\" style=\"display: inline-block; width: 0px; overflow: hidden; line-height: 0;\" class=\"mce_SELRES_start\">\ufeff<\/span><\/iframe><\/p>\n<hr \/>\n<h2 data-start=\"2563\" data-end=\"2601\">The role of family and environment<\/h2>\n<p data-start=\"2603\" data-end=\"2875\"><strong>Frontotemporal dementia<\/strong> presents major challenges, not only medical but also social and emotional. Understanding the disease by the family and the support of specialized teams are essential to provide comprehensive and personalized care.<\/p>\n<hr \/>\n<div id=\"estoy-interesado\" class=\"destacat-site\">\n<h3 style=\"padding-left: 15px; padding-right: 15px;\" align=\"center\"><span style=\"color: white;\">Do you think you or a relative present some of the symptoms of Alzheimer\u2019s described above or would you like to speak with Dr. Albert Llad\u00f3?<\/span><\/h3>\n<p style=\"padding-left: 30px; padding-right: 20px;\" align=\"center\"><a class=\"button\" href=\"https:\/\/www.barnaclinic.com\/en\/solicitar-cita\/?profesional=626\">WE CAN HELP YOU<\/a><\/p>\n<\/div>\n","protected":false},"excerpt":{"rendered":"<p>Frontotemporal dementia (FTD) is a type of neurodegenerative dementia less common than Alzheimer\u2019s disease, but with a great impact on the patient\u2019s life and their environment. Unlike other dementias, it usually begins at an earlier age, between 45 and 65 years, and its main symptom is not related to memory, but to behavior.<\/p>\n","protected":false},"author":2,"featured_media":159,"comment_status":"open","ping_status":"open","sticky":false,"template":"","format":"standard","meta":{"footnotes":""},"categories":[173,172,178,169,177,170,175,176],"tags":[226,233,235,231,227,228,230,229,225,232,234,236],"class_list":["post-164","post","type-post","status-publish","format-standard","has-post-thumbnail","hentry","category-alzheimers-disease","category-cognitive-decline","category-cognitive-disorders","category-frontotemporal-dementia","category-memory-problems","category-neurodegenerative-dementias","category-neurology","category-neuropsychology","tag-alzheimers-and-frontotemporal-dementia","tag-barnaclinic-memory","tag-behavioral-disorders","tag-cognitive-stimulation-for-dementia","tag-family-support-for-dementia","tag-frontotemporal-dementia","tag-frontotemporal-dementia-diagnosis","tag-neurodegenerative-dementia","tag-primary-progressive-aphasia","tag-speech-therapy-for-dementia","tag-symptoms-of-frontotemporal-dementia","tag-treatment-for-frontotemporal-dementia"],"yoast_head":"<!-- This site is optimized with the Yoast SEO plugin v19.14 - https:\/\/yoast.com\/wordpress\/plugins\/seo\/ -->\n<title>Frontotemporal dementia: symptoms and available treatments<\/title>\n<meta name=\"description\" content=\"Learn what frontotemporal dementia is, how it&#039;s diagnosed, and what non-drug treatments can help improve your quality of life.\" \/>\n<meta name=\"robots\" content=\"index, follow, max-snippet:-1, max-image-preview:large, max-video-preview:-1\" \/>\n<link rel=\"canonical\" href=\"https:\/\/www.barnaclinic.com\/blog\/memoria\/en\/frontotemporal-dementia\/\" \/>\n<meta property=\"og:locale\" content=\"en_US\" \/>\n<meta property=\"og:type\" content=\"article\" \/>\n<meta property=\"og:title\" content=\"Frontotemporal dementia: symptoms and available treatments\" \/>\n<meta property=\"og:description\" content=\"Learn what frontotemporal dementia is, how it&#039;s diagnosed, and what non-drug treatments can help improve your quality of life.\" \/>\n<meta property=\"og:url\" content=\"https:\/\/www.barnaclinic.com\/blog\/memoria\/en\/frontotemporal-dementia\/\" \/>\n<meta property=\"og:site_name\" content=\"Blog de Memoria y Trastornos Cognitivos de barnacl\u00ednic+\" \/>\n<meta property=\"article:published_time\" content=\"2025-09-09T15:26:58+00:00\" \/>\n<meta property=\"article:modified_time\" content=\"2025-09-09T15:28:30+00:00\" \/>\n<meta property=\"og:image\" content=\"https:\/\/www.barnaclinic.com\/blog\/memoria\/wp-content\/uploads\/sites\/26\/2025\/09\/demencia-frontotemporale.jpg\" \/>\n\t<meta property=\"og:image:width\" content=\"1440\" \/>\n\t<meta property=\"og:image:height\" content=\"810\" \/>\n\t<meta property=\"og:image:type\" content=\"image\/jpeg\" \/>\n<meta name=\"author\" content=\"barnacl\u00ednic+\" \/>\n<meta name=\"twitter:card\" content=\"summary_large_image\" \/>\n<meta name=\"twitter:label1\" content=\"Written by\" \/>\n\t<meta name=\"twitter:data1\" content=\"barnacl\u00ednic+\" \/>\n\t<meta name=\"twitter:label2\" content=\"Est. reading time\" \/>\n\t<meta name=\"twitter:data2\" content=\"2 minutes\" \/>\n<script type=\"application\/ld+json\" class=\"yoast-schema-graph\">{\"@context\":\"https:\/\/schema.org\",\"@graph\":[{\"@type\":\"WebPage\",\"@id\":\"https:\/\/www.barnaclinic.com\/blog\/memoria\/en\/frontotemporal-dementia\/\",\"url\":\"https:\/\/www.barnaclinic.com\/blog\/memoria\/en\/frontotemporal-dementia\/\",\"name\":\"Frontotemporal dementia: symptoms and available treatments\",\"isPartOf\":{\"@id\":\"https:\/\/www.barnaclinic.com\/blog\/memoria\/#website\"},\"datePublished\":\"2025-09-09T15:26:58+00:00\",\"dateModified\":\"2025-09-09T15:28:30+00:00\",\"author\":{\"@id\":\"https:\/\/www.barnaclinic.com\/blog\/memoria\/#\/schema\/person\/062c0219c54bbf07163f34494da33e17\"},\"description\":\"Learn what frontotemporal dementia is, how it's diagnosed, and what non-drug treatments can help improve your quality of life.\",\"breadcrumb\":{\"@id\":\"https:\/\/www.barnaclinic.com\/blog\/memoria\/en\/frontotemporal-dementia\/#breadcrumb\"},\"inLanguage\":\"en-US\",\"potentialAction\":[{\"@type\":\"ReadAction\",\"target\":[\"https:\/\/www.barnaclinic.com\/blog\/memoria\/en\/frontotemporal-dementia\/\"]}]},{\"@type\":\"BreadcrumbList\",\"@id\":\"https:\/\/www.barnaclinic.com\/blog\/memoria\/en\/frontotemporal-dementia\/#breadcrumb\",\"itemListElement\":[{\"@type\":\"ListItem\",\"position\":1,\"name\":\"Portada\",\"item\":\"https:\/\/www.barnaclinic.com\/blog\/memoria\/\"},{\"@type\":\"ListItem\",\"position\":2,\"name\":\"Frontotemporal dementia: symptoms, diagnosis, and available treatments\"}]},{\"@type\":\"WebSite\",\"@id\":\"https:\/\/www.barnaclinic.com\/blog\/memoria\/#website\",\"url\":\"https:\/\/www.barnaclinic.com\/blog\/memoria\/\",\"name\":\"Blog de Memoria y Trastornos Cognitivos de barnacl\u00ednic+\",\"description\":\"La Unidad de Memoria y Trastornos Cognitivos de barnacl\u00ednic+ se ocupa del diagn\u00f3stico, tratamiento y seguimiento de problemas de memoria y otros trastornos cognitivos\",\"potentialAction\":[{\"@type\":\"SearchAction\",\"target\":{\"@type\":\"EntryPoint\",\"urlTemplate\":\"https:\/\/www.barnaclinic.com\/blog\/memoria\/?s={search_term_string}\"},\"query-input\":\"required name=search_term_string\"}],\"inLanguage\":\"en-US\"},{\"@type\":\"Person\",\"@id\":\"https:\/\/www.barnaclinic.com\/blog\/memoria\/#\/schema\/person\/062c0219c54bbf07163f34494da33e17\",\"name\":\"barnacl\u00ednic+\",\"image\":{\"@type\":\"ImageObject\",\"inLanguage\":\"en-US\",\"@id\":\"https:\/\/www.barnaclinic.com\/blog\/memoria\/#\/schema\/person\/image\/\",\"url\":\"https:\/\/secure.gravatar.com\/avatar\/d6a36f6e326a816ac635808864feed8bc381527908e45406660f6ee6ebffee1b?s=96&d=mm&r=g\",\"contentUrl\":\"https:\/\/secure.gravatar.com\/avatar\/d6a36f6e326a816ac635808864feed8bc381527908e45406660f6ee6ebffee1b?s=96&d=mm&r=g\",\"caption\":\"barnacl\u00ednic+\"},\"url\":\"https:\/\/www.barnaclinic.com\/blog\/memoria\/en\/author\/alex\/\"}]}<\/script>\n<!-- \/ Yoast SEO plugin. -->","yoast_head_json":{"title":"Frontotemporal dementia: symptoms and available treatments","description":"Learn what frontotemporal dementia is, how it's diagnosed, and what non-drug treatments can help improve your quality of life.","robots":{"index":"index","follow":"follow","max-snippet":"max-snippet:-1","max-image-preview":"max-image-preview:large","max-video-preview":"max-video-preview:-1"},"canonical":"https:\/\/www.barnaclinic.com\/blog\/memoria\/en\/frontotemporal-dementia\/","og_locale":"en_US","og_type":"article","og_title":"Frontotemporal dementia: symptoms and available treatments","og_description":"Learn what frontotemporal dementia is, how it's diagnosed, and what non-drug treatments can help improve your quality of life.","og_url":"https:\/\/www.barnaclinic.com\/blog\/memoria\/en\/frontotemporal-dementia\/","og_site_name":"Blog de Memoria y Trastornos Cognitivos de barnacl\u00ednic+","article_published_time":"2025-09-09T15:26:58+00:00","article_modified_time":"2025-09-09T15:28:30+00:00","og_image":[{"width":1440,"height":810,"url":"https:\/\/www.barnaclinic.com\/blog\/memoria\/wp-content\/uploads\/sites\/26\/2025\/09\/demencia-frontotemporale.jpg","type":"image\/jpeg"}],"author":"barnacl\u00ednic+","twitter_card":"summary_large_image","twitter_misc":{"Written by":"barnacl\u00ednic+","Est. reading time":"2 minutes"},"schema":{"@context":"https:\/\/schema.org","@graph":[{"@type":"WebPage","@id":"https:\/\/www.barnaclinic.com\/blog\/memoria\/en\/frontotemporal-dementia\/","url":"https:\/\/www.barnaclinic.com\/blog\/memoria\/en\/frontotemporal-dementia\/","name":"Frontotemporal dementia: symptoms and available treatments","isPartOf":{"@id":"https:\/\/www.barnaclinic.com\/blog\/memoria\/#website"},"datePublished":"2025-09-09T15:26:58+00:00","dateModified":"2025-09-09T15:28:30+00:00","author":{"@id":"https:\/\/www.barnaclinic.com\/blog\/memoria\/#\/schema\/person\/062c0219c54bbf07163f34494da33e17"},"description":"Learn what frontotemporal dementia is, how it's diagnosed, and what non-drug treatments can help improve your quality of life.","breadcrumb":{"@id":"https:\/\/www.barnaclinic.com\/blog\/memoria\/en\/frontotemporal-dementia\/#breadcrumb"},"inLanguage":"en-US","potentialAction":[{"@type":"ReadAction","target":["https:\/\/www.barnaclinic.com\/blog\/memoria\/en\/frontotemporal-dementia\/"]}]},{"@type":"BreadcrumbList","@id":"https:\/\/www.barnaclinic.com\/blog\/memoria\/en\/frontotemporal-dementia\/#breadcrumb","itemListElement":[{"@type":"ListItem","position":1,"name":"Portada","item":"https:\/\/www.barnaclinic.com\/blog\/memoria\/"},{"@type":"ListItem","position":2,"name":"Frontotemporal dementia: symptoms, diagnosis, and available treatments"}]},{"@type":"WebSite","@id":"https:\/\/www.barnaclinic.com\/blog\/memoria\/#website","url":"https:\/\/www.barnaclinic.com\/blog\/memoria\/","name":"Blog de Memoria y Trastornos Cognitivos de barnacl\u00ednic+","description":"La Unidad de Memoria y Trastornos Cognitivos de barnacl\u00ednic+ se ocupa del diagn\u00f3stico, tratamiento y seguimiento de problemas de memoria y otros trastornos cognitivos","potentialAction":[{"@type":"SearchAction","target":{"@type":"EntryPoint","urlTemplate":"https:\/\/www.barnaclinic.com\/blog\/memoria\/?s={search_term_string}"},"query-input":"required name=search_term_string"}],"inLanguage":"en-US"},{"@type":"Person","@id":"https:\/\/www.barnaclinic.com\/blog\/memoria\/#\/schema\/person\/062c0219c54bbf07163f34494da33e17","name":"barnacl\u00ednic+","image":{"@type":"ImageObject","inLanguage":"en-US","@id":"https:\/\/www.barnaclinic.com\/blog\/memoria\/#\/schema\/person\/image\/","url":"https:\/\/secure.gravatar.com\/avatar\/d6a36f6e326a816ac635808864feed8bc381527908e45406660f6ee6ebffee1b?s=96&d=mm&r=g","contentUrl":"https:\/\/secure.gravatar.com\/avatar\/d6a36f6e326a816ac635808864feed8bc381527908e45406660f6ee6ebffee1b?s=96&d=mm&r=g","caption":"barnacl\u00ednic+"},"url":"https:\/\/www.barnaclinic.com\/blog\/memoria\/en\/author\/alex\/"}]}},"_links":{"self":[{"href":"https:\/\/www.barnaclinic.com\/blog\/memoria\/en\/wp-json\/wp\/v2\/posts\/164","targetHints":{"allow":["GET"]}}],"collection":[{"href":"https:\/\/www.barnaclinic.com\/blog\/memoria\/en\/wp-json\/wp\/v2\/posts"}],"about":[{"href":"https:\/\/www.barnaclinic.com\/blog\/memoria\/en\/wp-json\/wp\/v2\/types\/post"}],"author":[{"embeddable":true,"href":"https:\/\/www.barnaclinic.com\/blog\/memoria\/en\/wp-json\/wp\/v2\/users\/2"}],"replies":[{"embeddable":true,"href":"https:\/\/www.barnaclinic.com\/blog\/memoria\/en\/wp-json\/wp\/v2\/comments?post=164"}],"version-history":[{"count":2,"href":"https:\/\/www.barnaclinic.com\/blog\/memoria\/en\/wp-json\/wp\/v2\/posts\/164\/revisions"}],"predecessor-version":[{"id":167,"href":"https:\/\/www.barnaclinic.com\/blog\/memoria\/en\/wp-json\/wp\/v2\/posts\/164\/revisions\/167"}],"wp:featuredmedia":[{"embeddable":true,"href":"https:\/\/www.barnaclinic.com\/blog\/memoria\/en\/wp-json\/wp\/v2\/media\/159"}],"wp:attachment":[{"href":"https:\/\/www.barnaclinic.com\/blog\/memoria\/en\/wp-json\/wp\/v2\/media?parent=164"}],"wp:term":[{"taxonomy":"category","embeddable":true,"href":"https:\/\/www.barnaclinic.com\/blog\/memoria\/en\/wp-json\/wp\/v2\/categories?post=164"},{"taxonomy":"post_tag","embeddable":true,"href":"https:\/\/www.barnaclinic.com\/blog\/memoria\/en\/wp-json\/wp\/v2\/tags?post=164"}],"curies":[{"name":"wp","href":"https:\/\/api.w.org\/{rel}","templated":true}]}}