{"id":161,"date":"2025-09-09T17:26:58","date_gmt":"2025-09-09T15:26:58","guid":{"rendered":"https:\/\/www.barnaclinic.com\/blog\/memoria\/?p=161"},"modified":"2025-09-09T17:28:27","modified_gmt":"2025-09-09T15:28:27","slug":"demencia-frontotemporal","status":"publish","type":"post","link":"https:\/\/www.barnaclinic.com\/blog\/memoria\/ca\/demencia-frontotemporal\/","title":{"rendered":"Dem\u00e8ncia frontotemporal: s\u00edmptomes, diagn\u00f2stic i tractaments disponibles"},"content":{"rendered":"<p data-start=\"381\" data-end=\"760\">La <strong data-start=\"384\" data-end=\"417\">dem\u00e8ncia frontotemporal (DFT)<\/strong> \u00e9s un tipus de <strong>dem\u00e8ncia neurodegenerativa<\/strong> menys freq\u00fcent que la <a href=\"https:\/\/www.barnaclinic.com\/ca\/memoria-i-trastorns-cognitius\/alzheimer\/\"><strong>malaltia d&#8217;Alzheimer<\/strong><\/a>, per\u00f2 amb un gran impacte en la vida del pacient i del seu entorn. A difer\u00e8ncia d&#8217;altres <a href=\"https:\/\/www.barnaclinic.com\/ca\/memoria-i-trastorns-cognitius\/alzheimer\/\"><strong>dem\u00e8ncies<\/strong><\/a>, l&#8217;inici sol donar-se a edats m\u00e9s primerenques, entre els 45 i els 65 anys, i el seu s\u00edmptoma principal no est\u00e0 relacionat amb la <a href=\"https:\/\/www.barnaclinic.com\/blog\/memoria\/ca\/deteriorament-cognitiu\/\" target=\"_blank\" rel=\"noopener\">mem\u00f2ria<\/a>, sin\u00f3 amb la conducta.<\/p>\n<p data-start=\"381\" data-end=\"760\"><!--more--><\/p>\n<h2 data-start=\"762\" data-end=\"800\">Qu\u00e8 \u00e9s la dem\u00e8ncia frontotemporal?<\/h2>\n<p data-start=\"802\" data-end=\"1121\">La DFT afecta principalment els l\u00f2buls frontals i temporals del cervell, responsables del comportament, el llenguatge i la presa de decisions. Per aix\u00f2, el s\u00edmptoma inicial m\u00e9s habitual \u00e9s un <strong data-start=\"999\" data-end=\"1027\">trastorn de la conducta<\/strong>: canvis en la personalitat, dificultat per controlar impulsos, apatia o p\u00e8rdua d&#8217;empatia.<\/p>\n<h2 data-start=\"1123\" data-end=\"1168\">Difer\u00e8ncies amb la malaltia d&#8217;Alzheimer<\/h2>\n<p data-start=\"1170\" data-end=\"1497\">En fases inicials, la <strong>dem\u00e8ncia frontotemporal<\/strong> es pot confondre amb la <a href=\"https:\/\/www.barnaclinic.com\/ca\/memoria-i-trastorns-cognitius\/alzheimer\/\"><strong>malaltia d&#8217;Alzheimer<\/strong><\/a>. Tanmateix, mentre que a l&#8217;Alzheimer l&#8217;<strong data-start=\"1312\" data-end=\"1350\">alteraci\u00f3 principal \u00e9s la mem\u00f2ria<\/strong>, a la DFT el <strong data-start=\"1365\" data-end=\"1404\">canvi m\u00e9s destacat \u00e9s la conducta<\/strong>. Aquest mat\u00eds \u00e9s fonamental per orientar el <strong>diagn\u00f2stic de la dem\u00e8ncia frontotemporal<\/strong> i definir l&#8217;abordatge terap\u00e8utic.<\/p>\n<blockquote>\n<h4><em><img loading=\"lazy\" decoding=\"async\" class=\"alignleft wp-image-4905\" src=\"https:\/\/www.barnaclinic.com\/blog\/wp-content\/uploads\/2024\/09\/Albert-Llado.png\" alt=\"Albert Llado\u0301\" width=\"115\" height=\"114\" \/><\/em><\/h4>\n<h4 data-start=\"1170\" data-end=\"1497\">\u201cLa dem\u00e8ncia frontotemporal es caracteritza principalment per un trastorn de conducta, a difer\u00e8ncia de l&#8217;Alzheimer, que afecta m\u00e9s la mem\u00f2ria\u201d<\/h4>\n<p data-start=\"1170\" data-end=\"1497\">Dr. <a href=\"https:\/\/www.barnaclinic.com\/ca\/quadre-medic\/626\/albert\"><strong>Albert Llad\u00f3<\/strong><\/a>, neur\u00f2leg especialitzat en dem\u00e8ncies<\/p>\n<h2 data-start=\"1499\" data-end=\"1548\">Com es diagnostica la dem\u00e8ncia frontotemporal<\/h2>\n<\/blockquote>\n<p data-start=\"1550\" data-end=\"1861\">El <strong>diagn\u00f2stic de la DFT<\/strong> \u00e9s <strong data-start=\"1578\" data-end=\"1589\">cl\u00ednic<\/strong> i requereix una <strong><a href=\"https:\/\/www.barnaclinic.com\/blog\/memoria\/ca\/avaluacio-neuropsicologica\/\" target=\"_blank\" rel=\"noopener\">avaluaci\u00f3 neuropsicol\u00f2gica<\/a> i neurol\u00f2gica<\/strong> detallada. Per completar l&#8217;estudi, s&#8217;empren proves de <strong data-start=\"1707\" data-end=\"1722\">neuroimatge<\/strong>, com la resson\u00e0ncia magn\u00e8tica, el TAC o proves de medicina nuclear com el PET de glucosa, que ajuden a confirmar l&#8217;afectaci\u00f3 cerebral.<\/p>\n<h2 data-start=\"1863\" data-end=\"1907\">Tractament de la dem\u00e8ncia frontotemporal<\/h2>\n<p data-start=\"1909\" data-end=\"2170\">Actualment, no existeix un <strong>tractament farmacol\u00f2gic de la dem\u00e8ncia frontotemporal<\/strong>. Tot i aix\u00f2, hi ha <strong data-start=\"2009\" data-end=\"2043\">tractaments no farmacol\u00f2gics<\/strong> que poden millorar la qualitat de vida dels pacients i alentir la progressi\u00f3 d&#8217;alguns s\u00edmptomes.<br data-start=\"2146\" data-end=\"2149\" \/>Entre ells destaquen:<\/p>\n<ul data-start=\"2172\" data-end=\"2561\">\n<li data-start=\"2172\" data-end=\"2291\">\n<p data-start=\"2174\" data-end=\"2291\"><strong data-start=\"2174\" data-end=\"2222\">Ter\u00e0pia ocupacional i estimulaci\u00f3 cognitiva<\/strong>, que ajuden a mantenir l&#8217;autonomia i les capacitats preservades.<\/p>\n<\/li>\n<li data-start=\"2292\" data-end=\"2443\">\n<p data-start=\"2294\" data-end=\"2443\"><strong data-start=\"2294\" data-end=\"2307\">Logop\u00e8dia<\/strong>, especialment en els casos d&#8217;<em data-start=\"2339\" data-end=\"2367\">af\u00e0sia prim\u00e0ria progressiva<\/em>, una variant de la DFT en qu\u00e8 el llenguatge \u00e9s la funci\u00f3 m\u00e9s afectada.<\/p>\n<\/li>\n<li data-start=\"2444\" data-end=\"2561\">\n<p data-start=\"2446\" data-end=\"2561\"><strong data-start=\"2446\" data-end=\"2484\">Suport psicol\u00f2gic i psicoeducaci\u00f3<\/strong> per a familiars i cuidadors, clau en el maneig dels canvis de conducta.<\/p>\n<\/li>\n<\/ul>\n<hr \/>\n<p><iframe loading=\"lazy\" title=\"Problemes de #mem\u00f2ria? Podria ser DETERIORAMENT COGNITIU | Dr. Adri\u00e0 Tort #deterioramentcognitiu\" src=\"https:\/\/www.youtube.com\/embed\/j_2qjBHVfUQ\" width=\"394\" height=\"700\" frameborder=\"0\" allowfullscreen=\"allowfullscreen\"><span data-mce-type=\"bookmark\" style=\"display: inline-block; width: 0px; overflow: hidden; line-height: 0;\" class=\"mce_SELRES_start\">\ufeff<\/span><span data-mce-type=\"bookmark\" style=\"display: inline-block; width: 0px; overflow: hidden; line-height: 0;\" class=\"mce_SELRES_start\">\ufeff<\/span><\/iframe><\/p>\n<hr \/>\n<h2 data-start=\"2563\" data-end=\"2601\">El paper de la fam\u00edlia i l&#8217;entorn<\/h2>\n<p data-start=\"2603\" data-end=\"2875\">La <strong>dem\u00e8ncia frontotemporal<\/strong> planteja grans reptes, no nom\u00e9s m\u00e8dics, sin\u00f3 tamb\u00e9 socials i emocionals. La comprensi\u00f3 de la malaltia per part de la fam\u00edlia i l&#8217;acompanyament d&#8217;equips especialitzats s\u00f3n essencials per oferir una atenci\u00f3 integral i personalitzada.<\/p>\n<hr \/>\n<div id=\"estoy-interesado\" class=\"destacat-site\">\n<h3 style=\"padding-left: 15px; padding-right: 15px;\" align=\"center\"><span style=\"color: white;\">Creus que tu o un familiar teu presenta algun dels s\u00edmptomes de l&#8217;Alzheimer descrits o vols parlar amb el Dr. Albert Llad\u00f3?<\/span><\/h3>\n<p style=\"padding-left: 30px; padding-right: 20px;\" align=\"center\"><a class=\"button\" href=\"https:\/\/www.barnaclinic.com\/ca\/solicitar-cita\/?profesional=626\">ET PODEM AJUDAR<\/a><\/p>\n<\/div>\n","protected":false},"excerpt":{"rendered":"<p>La dem\u00e8ncia frontotemporal (DFT) \u00e9s un tipus de dem\u00e8ncia neurodegenerativa menys freq\u00fcent que la malaltia d&#8217;Alzheimer, per\u00f2 amb un gran impacte en la vida del pacient i del seu entorn. A difer\u00e8ncia d&#8217;altres dem\u00e8ncies, l&#8217;inici sol donar-se a edats m\u00e9s primerenques, entre els 45 i els 65 anys, i el seu s\u00edmptoma principal no est\u00e0 [&hellip;]<\/p>\n","protected":false},"author":2,"featured_media":158,"comment_status":"open","ping_status":"open","sticky":false,"template":"","format":"standard","meta":{"footnotes":""},"categories":[32,34,36,37,38],"tags":[215,216,222,65,218,219,223,224,220,217,221],"class_list":["post-161","post","type-post","status-publish","format-standard","has-post-thumbnail","hentry","category-demencia-frontotemporal-ca","category-deteriorament-cognitiu","category-neuropsicologia-ca","category-problemes-de-memoria","category-trastorns-cognitius","tag-afasia-primaria-progressiva","tag-alzheimer-i-demencia-frontotemporal","tag-demencia-frontotemporal-ca","tag-demencia-neurodegenerativa-ca","tag-diagnostic-demencia-frontotemporal","tag-estimulacio-cognitiva-demencia","tag-logopedia-demencia-ca","tag-memoria-barnaclinic-ca","tag-simptomes-demencia-frontotemporal","tag-suport-familiar-demencia","tag-trastorns-de-conducta"],"yoast_head":"<!-- This site is optimized with the Yoast SEO plugin v19.14 - https:\/\/yoast.com\/wordpress\/plugins\/seo\/ -->\n<title>Dem\u00e8ncia frontotemporal: s\u00edmptomes i tractaments disponibles<\/title>\n<meta name=\"description\" content=\"Descobreix qu\u00e8 \u00e9s la dem\u00e8ncia frontotemporal, com es diagnostica i quins tractaments no farmacol\u00f2gics ajuden a millorar la qualitat de vida.\" \/>\n<meta name=\"robots\" content=\"index, follow, max-snippet:-1, max-image-preview:large, max-video-preview:-1\" \/>\n<link rel=\"canonical\" href=\"https:\/\/www.barnaclinic.com\/blog\/memoria\/ca\/demencia-frontotemporal\/\" \/>\n<meta property=\"og:locale\" content=\"ca_ES\" \/>\n<meta property=\"og:type\" content=\"article\" \/>\n<meta property=\"og:title\" content=\"Dem\u00e8ncia frontotemporal: s\u00edmptomes i tractaments disponibles\" \/>\n<meta property=\"og:description\" content=\"Descobreix qu\u00e8 \u00e9s la dem\u00e8ncia frontotemporal, com es diagnostica i quins tractaments no farmacol\u00f2gics ajuden a millorar la qualitat de vida.\" \/>\n<meta property=\"og:url\" content=\"https:\/\/www.barnaclinic.com\/blog\/memoria\/ca\/demencia-frontotemporal\/\" \/>\n<meta property=\"og:site_name\" content=\"Blog de Memoria y Trastornos Cognitivos de barnacl\u00ednic+\" \/>\n<meta property=\"article:published_time\" content=\"2025-09-09T15:26:58+00:00\" \/>\n<meta property=\"article:modified_time\" content=\"2025-09-09T15:28:27+00:00\" \/>\n<meta property=\"og:image\" content=\"https:\/\/www.barnaclinic.com\/blog\/memoria\/wp-content\/uploads\/sites\/26\/2025\/09\/demencia-frontotemporale.jpg\" \/>\n\t<meta property=\"og:image:width\" content=\"1440\" \/>\n\t<meta property=\"og:image:height\" content=\"810\" \/>\n\t<meta property=\"og:image:type\" content=\"image\/jpeg\" \/>\n<meta name=\"author\" content=\"barnacl\u00ednic+\" \/>\n<meta name=\"twitter:card\" content=\"summary_large_image\" \/>\n<meta name=\"twitter:label1\" content=\"Escrit per\" \/>\n\t<meta name=\"twitter:data1\" content=\"barnacl\u00ednic+\" \/>\n\t<meta name=\"twitter:label2\" content=\"Temps estimat de lectura\" \/>\n\t<meta name=\"twitter:data2\" content=\"2 minuts\" \/>\n<script type=\"application\/ld+json\" class=\"yoast-schema-graph\">{\"@context\":\"https:\/\/schema.org\",\"@graph\":[{\"@type\":\"WebPage\",\"@id\":\"https:\/\/www.barnaclinic.com\/blog\/memoria\/ca\/demencia-frontotemporal\/\",\"url\":\"https:\/\/www.barnaclinic.com\/blog\/memoria\/ca\/demencia-frontotemporal\/\",\"name\":\"Dem\u00e8ncia frontotemporal: s\u00edmptomes i tractaments disponibles\",\"isPartOf\":{\"@id\":\"https:\/\/www.barnaclinic.com\/blog\/memoria\/#website\"},\"datePublished\":\"2025-09-09T15:26:58+00:00\",\"dateModified\":\"2025-09-09T15:28:27+00:00\",\"author\":{\"@id\":\"https:\/\/www.barnaclinic.com\/blog\/memoria\/#\/schema\/person\/062c0219c54bbf07163f34494da33e17\"},\"description\":\"Descobreix qu\u00e8 \u00e9s la dem\u00e8ncia frontotemporal, com es diagnostica i quins tractaments no farmacol\u00f2gics ajuden a millorar la qualitat de vida.\",\"breadcrumb\":{\"@id\":\"https:\/\/www.barnaclinic.com\/blog\/memoria\/ca\/demencia-frontotemporal\/#breadcrumb\"},\"inLanguage\":\"ca\",\"potentialAction\":[{\"@type\":\"ReadAction\",\"target\":[\"https:\/\/www.barnaclinic.com\/blog\/memoria\/ca\/demencia-frontotemporal\/\"]}]},{\"@type\":\"BreadcrumbList\",\"@id\":\"https:\/\/www.barnaclinic.com\/blog\/memoria\/ca\/demencia-frontotemporal\/#breadcrumb\",\"itemListElement\":[{\"@type\":\"ListItem\",\"position\":1,\"name\":\"Portada\",\"item\":\"https:\/\/www.barnaclinic.com\/blog\/memoria\/\"},{\"@type\":\"ListItem\",\"position\":2,\"name\":\"Dem\u00e8ncia frontotemporal: s\u00edmptomes, diagn\u00f2stic i tractaments disponibles\"}]},{\"@type\":\"WebSite\",\"@id\":\"https:\/\/www.barnaclinic.com\/blog\/memoria\/#website\",\"url\":\"https:\/\/www.barnaclinic.com\/blog\/memoria\/\",\"name\":\"Blog de Memoria y Trastornos Cognitivos de barnacl\u00ednic+\",\"description\":\"La Unidad de Memoria y Trastornos Cognitivos de barnacl\u00ednic+ se ocupa del diagn\u00f3stico, tratamiento y seguimiento de problemas de memoria y otros trastornos cognitivos\",\"potentialAction\":[{\"@type\":\"SearchAction\",\"target\":{\"@type\":\"EntryPoint\",\"urlTemplate\":\"https:\/\/www.barnaclinic.com\/blog\/memoria\/?s={search_term_string}\"},\"query-input\":\"required name=search_term_string\"}],\"inLanguage\":\"ca\"},{\"@type\":\"Person\",\"@id\":\"https:\/\/www.barnaclinic.com\/blog\/memoria\/#\/schema\/person\/062c0219c54bbf07163f34494da33e17\",\"name\":\"barnacl\u00ednic+\",\"image\":{\"@type\":\"ImageObject\",\"inLanguage\":\"ca\",\"@id\":\"https:\/\/www.barnaclinic.com\/blog\/memoria\/#\/schema\/person\/image\/\",\"url\":\"https:\/\/secure.gravatar.com\/avatar\/d6a36f6e326a816ac635808864feed8bc381527908e45406660f6ee6ebffee1b?s=96&d=mm&r=g\",\"contentUrl\":\"https:\/\/secure.gravatar.com\/avatar\/d6a36f6e326a816ac635808864feed8bc381527908e45406660f6ee6ebffee1b?s=96&d=mm&r=g\",\"caption\":\"barnacl\u00ednic+\"},\"url\":\"https:\/\/www.barnaclinic.com\/blog\/memoria\/ca\/author\/alex\/\"}]}<\/script>\n<!-- \/ Yoast SEO plugin. -->","yoast_head_json":{"title":"Dem\u00e8ncia frontotemporal: s\u00edmptomes i tractaments disponibles","description":"Descobreix qu\u00e8 \u00e9s la dem\u00e8ncia frontotemporal, com es diagnostica i quins tractaments no farmacol\u00f2gics ajuden a millorar la qualitat de vida.","robots":{"index":"index","follow":"follow","max-snippet":"max-snippet:-1","max-image-preview":"max-image-preview:large","max-video-preview":"max-video-preview:-1"},"canonical":"https:\/\/www.barnaclinic.com\/blog\/memoria\/ca\/demencia-frontotemporal\/","og_locale":"ca_ES","og_type":"article","og_title":"Dem\u00e8ncia frontotemporal: s\u00edmptomes i tractaments disponibles","og_description":"Descobreix qu\u00e8 \u00e9s la dem\u00e8ncia frontotemporal, com es diagnostica i quins tractaments no farmacol\u00f2gics ajuden a millorar la qualitat de vida.","og_url":"https:\/\/www.barnaclinic.com\/blog\/memoria\/ca\/demencia-frontotemporal\/","og_site_name":"Blog de Memoria y Trastornos Cognitivos de barnacl\u00ednic+","article_published_time":"2025-09-09T15:26:58+00:00","article_modified_time":"2025-09-09T15:28:27+00:00","og_image":[{"width":1440,"height":810,"url":"https:\/\/www.barnaclinic.com\/blog\/memoria\/wp-content\/uploads\/sites\/26\/2025\/09\/demencia-frontotemporale.jpg","type":"image\/jpeg"}],"author":"barnacl\u00ednic+","twitter_card":"summary_large_image","twitter_misc":{"Escrit per":"barnacl\u00ednic+","Temps estimat de lectura":"2 minuts"},"schema":{"@context":"https:\/\/schema.org","@graph":[{"@type":"WebPage","@id":"https:\/\/www.barnaclinic.com\/blog\/memoria\/ca\/demencia-frontotemporal\/","url":"https:\/\/www.barnaclinic.com\/blog\/memoria\/ca\/demencia-frontotemporal\/","name":"Dem\u00e8ncia frontotemporal: s\u00edmptomes i tractaments disponibles","isPartOf":{"@id":"https:\/\/www.barnaclinic.com\/blog\/memoria\/#website"},"datePublished":"2025-09-09T15:26:58+00:00","dateModified":"2025-09-09T15:28:27+00:00","author":{"@id":"https:\/\/www.barnaclinic.com\/blog\/memoria\/#\/schema\/person\/062c0219c54bbf07163f34494da33e17"},"description":"Descobreix qu\u00e8 \u00e9s la dem\u00e8ncia frontotemporal, com es diagnostica i quins tractaments no farmacol\u00f2gics ajuden a millorar la qualitat de vida.","breadcrumb":{"@id":"https:\/\/www.barnaclinic.com\/blog\/memoria\/ca\/demencia-frontotemporal\/#breadcrumb"},"inLanguage":"ca","potentialAction":[{"@type":"ReadAction","target":["https:\/\/www.barnaclinic.com\/blog\/memoria\/ca\/demencia-frontotemporal\/"]}]},{"@type":"BreadcrumbList","@id":"https:\/\/www.barnaclinic.com\/blog\/memoria\/ca\/demencia-frontotemporal\/#breadcrumb","itemListElement":[{"@type":"ListItem","position":1,"name":"Portada","item":"https:\/\/www.barnaclinic.com\/blog\/memoria\/"},{"@type":"ListItem","position":2,"name":"Dem\u00e8ncia frontotemporal: s\u00edmptomes, diagn\u00f2stic i tractaments disponibles"}]},{"@type":"WebSite","@id":"https:\/\/www.barnaclinic.com\/blog\/memoria\/#website","url":"https:\/\/www.barnaclinic.com\/blog\/memoria\/","name":"Blog de Memoria y Trastornos Cognitivos de barnacl\u00ednic+","description":"La Unidad de Memoria y Trastornos Cognitivos de barnacl\u00ednic+ se ocupa del diagn\u00f3stico, tratamiento y seguimiento de problemas de memoria y otros trastornos cognitivos","potentialAction":[{"@type":"SearchAction","target":{"@type":"EntryPoint","urlTemplate":"https:\/\/www.barnaclinic.com\/blog\/memoria\/?s={search_term_string}"},"query-input":"required name=search_term_string"}],"inLanguage":"ca"},{"@type":"Person","@id":"https:\/\/www.barnaclinic.com\/blog\/memoria\/#\/schema\/person\/062c0219c54bbf07163f34494da33e17","name":"barnacl\u00ednic+","image":{"@type":"ImageObject","inLanguage":"ca","@id":"https:\/\/www.barnaclinic.com\/blog\/memoria\/#\/schema\/person\/image\/","url":"https:\/\/secure.gravatar.com\/avatar\/d6a36f6e326a816ac635808864feed8bc381527908e45406660f6ee6ebffee1b?s=96&d=mm&r=g","contentUrl":"https:\/\/secure.gravatar.com\/avatar\/d6a36f6e326a816ac635808864feed8bc381527908e45406660f6ee6ebffee1b?s=96&d=mm&r=g","caption":"barnacl\u00ednic+"},"url":"https:\/\/www.barnaclinic.com\/blog\/memoria\/ca\/author\/alex\/"}]}},"_links":{"self":[{"href":"https:\/\/www.barnaclinic.com\/blog\/memoria\/ca\/wp-json\/wp\/v2\/posts\/161","targetHints":{"allow":["GET"]}}],"collection":[{"href":"https:\/\/www.barnaclinic.com\/blog\/memoria\/ca\/wp-json\/wp\/v2\/posts"}],"about":[{"href":"https:\/\/www.barnaclinic.com\/blog\/memoria\/ca\/wp-json\/wp\/v2\/types\/post"}],"author":[{"embeddable":true,"href":"https:\/\/www.barnaclinic.com\/blog\/memoria\/ca\/wp-json\/wp\/v2\/users\/2"}],"replies":[{"embeddable":true,"href":"https:\/\/www.barnaclinic.com\/blog\/memoria\/ca\/wp-json\/wp\/v2\/comments?post=161"}],"version-history":[{"count":2,"href":"https:\/\/www.barnaclinic.com\/blog\/memoria\/ca\/wp-json\/wp\/v2\/posts\/161\/revisions"}],"predecessor-version":[{"id":166,"href":"https:\/\/www.barnaclinic.com\/blog\/memoria\/ca\/wp-json\/wp\/v2\/posts\/161\/revisions\/166"}],"wp:featuredmedia":[{"embeddable":true,"href":"https:\/\/www.barnaclinic.com\/blog\/memoria\/ca\/wp-json\/wp\/v2\/media\/158"}],"wp:attachment":[{"href":"https:\/\/www.barnaclinic.com\/blog\/memoria\/ca\/wp-json\/wp\/v2\/media?parent=161"}],"wp:term":[{"taxonomy":"category","embeddable":true,"href":"https:\/\/www.barnaclinic.com\/blog\/memoria\/ca\/wp-json\/wp\/v2\/categories?post=161"},{"taxonomy":"post_tag","embeddable":true,"href":"https:\/\/www.barnaclinic.com\/blog\/memoria\/ca\/wp-json\/wp\/v2\/tags?post=161"}],"curies":[{"name":"wp","href":"https:\/\/api.w.org\/{rel}","templated":true}]}}