{"id":129,"date":"2025-01-21T11:32:59","date_gmt":"2025-01-21T10:32:59","guid":{"rendered":"https:\/\/www.barnaclinic.com\/blog\/memoria\/?p=129"},"modified":"2025-01-21T11:32:59","modified_gmt":"2025-01-21T10:32:59","slug":"estimulacio-cognitiva","status":"publish","type":"post","link":"https:\/\/www.barnaclinic.com\/blog\/memoria\/ca\/estimulacio-cognitiva\/","title":{"rendered":"Estimulaci\u00f3 cognitiva per a adults grans i persones amb Alzheimer"},"content":{"rendered":"<p data-pm-slice=\"1 1 []\">La <strong>estimulaci\u00f3 cognitiva<\/strong> \u00e9s una t\u00e8cnica clau que busca <strong>preservar i\/o mantenir les capacitats cognitives del pacient<\/strong>, aix\u00ed com compensar d\u00e8ficits existents mitjan\u00e7ant estrat\u00e8gies adaptatives. Aquesta t\u00e8cnica inclou exercicis, activitats estructurades i eines dissenyades per abordar d\u00e8ficits espec\u00edfics. Els <strong>programes d\u2019estimulaci\u00f3 cognitiva per a persones grans i persones amb <a href=\"https:\/\/www.barnaclinic.com\/ca\/memoria-i-trastorns-cognitius\/alzheimer\/\" target=\"_blank\" rel=\"noopener\">Alzheimer<\/a><\/strong> s\u00f3n essencials per <strong>ralentir el deteriorament cognitiu<\/strong>, millorar l\u2019estat d\u2019\u00e0nim i fomentar l\u2019autonomia. Partint d\u2019una <a href=\"https:\/\/www.barnaclinic.com\/ca\/blog\/memoria\/avaluacio-neuropsicologica\/\" target=\"_blank\" rel=\"noopener\"><strong>avaluaci\u00f3 neuropsicol\u00f2gica<\/strong><\/a> inicial exhaustiva, que analitza en detall els diferents <strong>dominis cognitius<\/strong>, es dissenya un programa d\u2019intervenci\u00f3 espec\u00edfic i personalitzat.<\/p>\n<p><!--more--><\/p>\n<h3>Qu\u00e8 \u00e9s l\u2019<strong>estimulaci\u00f3 cognitiva<\/strong> i quins s\u00f3n els seus objectius?<\/h3>\n<p data-pm-slice=\"1 1 []\">L\u2019<strong>estimulaci\u00f3 cognitiva<\/strong> \u00e9s un conjunt d\u2019intervencions dissenyades per <strong>activar i mantenir les capacitats cognitives<\/strong> d\u2019una persona. Aquestes activitats abasten \u00e0rees com la <a href=\"https:\/\/www.barnaclinic.com\/ca\/memoria-i-trastorns-cognitius\/\">mem\u00f2ria<\/a>, l\u2019atenci\u00f3, el llenguatge, el raonament i altres <strong>funcions cognitives essencials<\/strong>.<\/p>\n<h4>Principals objectius de l\u2019estimulaci\u00f3 cognitiva<\/h4>\n<ul data-spread=\"false\">\n<li><strong>Preservar capacitats existents:<\/strong> Ajudar a alentir el deteriorament en malalties neurodegeneratives com l\u2019Alzheimer.<\/li>\n<li><strong>Fomentar la neuroplasticitat:<\/strong> Facilitar noves connexions neuronals per compensar els d\u00e8ficits cognitius.<\/li>\n<li><strong>Millorar el benestar emocional i social:<\/strong> Reduir s\u00edmptomes d\u2019ansietat o depressi\u00f3 fomentant una sensaci\u00f3 d\u2019assoliment i satisfacci\u00f3 personal.<\/li>\n<li><strong>Afavorir l\u2019autonomia:<\/strong> Mantenir la implicaci\u00f3 en activitats significatives que estimulin la independ\u00e8ncia.<\/li>\n<li><strong>Prevenir el deteriorament cognitiu:<\/strong> En persones grans sanes, enfortir les capacitats mentals per prevenir el declivi relacionat amb l\u2019edat.<\/li>\n<\/ul>\n<h3>Activitats i exercicis d\u2019estimulaci\u00f3 cognitiva<\/h3>\n<p>Els <strong>exercicis i activitats d\u2019estimulaci\u00f3 cognitiva<\/strong> s\u00f3n variats i s\u2019adapten a les necessitats espec\u00edfiques de cada pacient:<\/p>\n<ul data-spread=\"false\">\n<li><strong>Mem\u00f2ria:<\/strong>\n<ul data-spread=\"false\">\n<li>Recordar llistes de paraules, n\u00fameros o seq\u00fc\u00e8ncies.<\/li>\n<li>Associar imatges amb conceptes.<\/li>\n<li>Relatar hist\u00f2ries escoltades pr\u00e8viament.<\/li>\n<\/ul>\n<\/li>\n<li><strong>Atenci\u00f3:<\/strong>\n<ul data-spread=\"false\">\n<li>Trobar difer\u00e8ncies entre patrons similars.<\/li>\n<li>Realitzar tasques de cerca visual.<\/li>\n<li>Completar patrons o s\u00e8ries num\u00e8riques.<\/li>\n<\/ul>\n<\/li>\n<li><strong>Llenguatge:<\/strong>\n<ul data-spread=\"false\">\n<li>Exercicis de denominaci\u00f3, com anomenar objectes en imatges.<\/li>\n<li>Jocs de paraules i associacions sem\u00e0ntiques.<\/li>\n<li>Creaci\u00f3 d\u2019hist\u00f2ries breus a partir de paraules clau.<\/li>\n<\/ul>\n<\/li>\n<li><strong>C\u00e0lcul i resoluci\u00f3 de problemes:<\/strong>\n<ul data-spread=\"false\">\n<li>Resoldre operacions matem\u00e0tiques simples.<\/li>\n<li>Dissenyar itineraris o planificar activitats quotidianes.<\/li>\n<li>Completar puzzles i trencaclosques.<\/li>\n<\/ul>\n<\/li>\n<\/ul>\n<h3>Beneficis de l\u2019estimulaci\u00f3 cognitiva<\/h3>\n<p>L\u2019<strong>objectiu principal de l\u2019estimulaci\u00f3 cognitiva<\/strong> \u00e9s optimitzar la qualitat de vida del pacient. Aix\u00f2 s\u2019aconsegueix mantenint al m\u00e0xim les habilitats existents per <strong>ralentir el deteriorament cognitiu<\/strong> i fins i tot millorar l\u2019estat d\u2019\u00e0nim mitjan\u00e7ant activitats que tamb\u00e9 reforcin el vincle social. Els <strong>programes d\u2019estimulaci\u00f3 cognitiva<\/strong> ofereixen nombrosos beneficis addicionals, com ara:<\/p>\n<ul data-spread=\"false\">\n<li><strong><span style=\"text-decoration: underline;\">Millorar la funcionalitat en activitats de la vida di\u00e0ria<\/span>:<\/strong> En treballar habilitats com la <a href=\"https:\/\/www.barnaclinic.com\/ca\/memoria-i-trastorns-cognitius\/\">mem\u00f2ria<\/a> i l\u2019atenci\u00f3, es facilita la independ\u00e8ncia en tasques quotidianes.<\/li>\n<li><strong><span style=\"text-decoration: underline;\">Reduir s\u00edmptomes psicol\u00f2gics com ansietat i depressi\u00f3<\/span>:<\/strong> Proporcionen activitats gratificants que incrementen l\u2019autoestima.<\/li>\n<li><strong><span style=\"text-decoration: underline;\">Promoure la neuroplasticitat<\/span>:<\/strong> Ajuden a desenvolupar noves connexions neuronals per compensar els d\u00e8ficits cognitius.<\/li>\n<li><strong><span style=\"text-decoration: underline;\">Crear rutines saludables<\/span>:<\/strong> La pr\u00e0ctica regular d\u2019aquests exercicis fomenta un comprom\u00eds amb el benestar f\u00edsic i mental del pacient.<\/li>\n<\/ul>\n<blockquote>\n<h4><a href=\"https:\/\/www.barnaclinic.com\/ca\/cuadre-medic\/628\/adria\"><img loading=\"lazy\" decoding=\"async\" class=\"alignleft wp-image-22\" src=\"https:\/\/www.barnaclinic.com\/blog\/memoria\/wp-content\/uploads\/sites\/26\/2024\/11\/Adria-Tort-evaluacion-neuropsicologica.png\" alt=\"Dr. Adri\u00e0 Tort - Neuropsic\u00f2leg\" width=\"111\" height=\"114\" \/><\/a><\/h4>\n<h4 data-pm-slice=\"1 1 []\">&#8220;L\u2019estimulaci\u00f3 cognitiva inclou una s\u00e8rie de procediments i exercicis que permeten entrenar o millorar aspectes de la cognici\u00f3, aportant eines per millorar la funcionalitat en el dia a dia i la qualitat de vida del pacient.&#8221;<\/h4>\n<p data-pm-slice=\"1 1 []\">Dr. <a href=\"https:\/\/www.barnaclinic.com\/ca\/cuadre-medic\/628\/adria\"><strong>Adri\u00e0 Tort<\/strong><\/a>, neuropsic\u00f2leg de barnacl\u00ednic+<\/p>\n<\/blockquote>\n<h3>Centres i tallers d\u2019estimulaci\u00f3 cognitiva a Barcelona<\/h3>\n<p>A barnacl\u00ednic+, comptem amb una <strong><a href=\"https:\/\/www.barnaclinic.com\/ca\/memoria-i-trastorns-cognitius\/\">Unitat de Mem\u00f2ria i Trastorns Cognitius<\/a><\/strong> especialitzada en <strong>programes d\u2019estimulaci\u00f3 cognitiva per a persones grans i persones amb <a href=\"https:\/\/www.barnaclinic.com\/blog\/memoria\/enfermedad-de-alzheimer\/\" target=\"_blank\" rel=\"noopener\">Alzheimer<\/a><\/strong>. Oferim:<\/p>\n<ul data-spread=\"false\">\n<li><strong><span style=\"text-decoration: underline;\">Tallers de mem\u00f2ria i estimulaci\u00f3 cognitiva<\/span>:<\/strong> Activitats grupals i personalitzades que combinen exercicis estructurats i jocs dissenyats per fomentar les capacitats cognitives. Aquestes activitats estan dissenyades per <a href=\"https:\/\/www.barnaclinic.com\/ca\/cuadre-medic\/628\/adria-tort-merino\"><strong>experts en neuropsicologia<\/strong><\/a> per garantir-ne l\u2019efectivitat.<\/li>\n<li><strong><span style=\"text-decoration: underline;\">Programes personalitzats<\/span>:<\/strong> Cada programa comen\u00e7a amb una <a href=\"https:\/\/www.barnaclinic.com\/blog\/memoria\/avaluacio-neuropsicologica\/\" target=\"_blank\" rel=\"noopener\"><strong>avaluaci\u00f3 neuropsicol\u00f2gica exhaustiva<\/strong><\/a> que ens permet dissenyar intervencions espec\u00edfiques adaptades a les necessitats de cada pacient. Es poden incloure recursos digitals innovadors que permeten realitzar ter\u00e0pies tant de manera presencial com en remot.<\/li>\n<li><strong><span style=\"text-decoration: underline;\">Suport a familiars<\/span>:<\/strong> A barnacl\u00ednic+, no nom\u00e9s ens enfoquem en el pacient, sin\u00f3 tamb\u00e9 en el seu entorn. Oferim orientaci\u00f3 i eines pr\u00e0ctiques per ajudar els cuidadors a gestionar l\u2019impacte emocional i les dificultats del dia a dia.<\/li>\n<\/ul>\n<p>La nostra <strong><a href=\"https:\/\/www.barnaclinic.com\/ca\/memoria-i-trastorns-cognitius\/\">Unitat de Mem\u00f2ria i Trastorns Cognitius<\/a><\/strong> a barnacl\u00ednic+ est\u00e0 compromesa amb millorar la qualitat de vida dels nostres pacients, combinant innovaci\u00f3, experi\u00e8ncia i un enfocament integral.<\/p>\n<h3>Impacte familiar en l\u2019estimulaci\u00f3 cognitiva<\/h3>\n<p>La fam\u00edlia juga un paper essencial en la implementaci\u00f3 de <strong>programes d\u2019estimulaci\u00f3 cognitiva<\/strong>. Entre les seves responsabilitats destaquen:<\/p>\n<ul data-spread=\"false\">\n<li>Proporcionar suport emocional i motivaci\u00f3 al pacient.<\/li>\n<li>Supervisar la realitzaci\u00f3 dels exercicis a casa.<\/li>\n<li>Crear un entorn estimulant i adaptat a les necessitats del pacient.<\/li>\n<li>Ajustar les activitats di\u00e0ries per facilitar la pr\u00e0ctica dels exercicis apresos.<\/li>\n<\/ul>\n<h3>Com es poden beneficiar els pacients amb deteriorament cognitiu?<\/h3>\n<p>Els <strong>pacients amb deteriorament cognitiu<\/strong> es beneficien significativament dels <strong>programes d\u2019estimulaci\u00f3 cognitiva<\/strong>. Encara que no detenen el curs de <strong>malalties neurodegeneratives<\/strong> com l\u2019<strong><a href=\"https:\/\/www.barnaclinic.com\/ca\/memoria-i-trastorns-cognitius\/alzheimer\/\" target=\"_blank\" rel=\"noopener\">Alzheimer<\/a><\/strong>, poden alentir-ne la progressi\u00f3 i impactar positivament en:<\/p>\n<ul data-spread=\"false\">\n<li><strong><span style=\"text-decoration: underline;\">Alentiment del deteriorament cognitiu<\/span>:<\/strong> Mantenint capacitats cognitives existents durant m\u00e9s temps.<\/li>\n<li><strong><span style=\"text-decoration: underline;\">Millora del rendiment funcional<\/span>:<\/strong> En treballar habilitats com la mem\u00f2ria i l\u2019atenci\u00f3, es persegueix mantenir la independ\u00e8ncia del pacient.<\/li>\n<li><strong><span style=\"text-decoration: underline;\">Fortalesa emocional i reducci\u00f3 de s\u00edmptomes conductuals<\/span>:<\/strong> Augmenten l\u2019autoestima i redueixen sentiments de frustraci\u00f3, ansietat o depressi\u00f3.<\/li>\n<li><strong><span style=\"text-decoration: underline;\">Impacte en la vida familiar<\/span>:<\/strong> Milloren la qualitat de vida del pacient i alleugen la c\u00e0rrega emocional dels familiars en proporcionar eines efectives de gesti\u00f3.<\/li>\n<\/ul>\n<p>En conclusi\u00f3, l\u2019estimulaci\u00f3 cognitiva \u00e9s una eina fonamental per millorar la qualitat de vida de les persones grans i aquelles afectades per l\u2019<strong><a href=\"https:\/\/www.barnaclinic.com\/blog\/memoria\/enfermedad-de-alzheimer\/\" target=\"_blank\" rel=\"noopener\">Alzheimer<\/a><\/strong>. Mitjan\u00e7ant la implementaci\u00f3 de programes personalitzats i el suport familiar, \u00e9s possible alentir el <strong>deteriorament cognitiu<\/strong>, enfortir l\u2019autonomia i fomentar el benestar emocional.<\/p>\n<hr \/>\n<div id=\"estic-interessat\" class=\"destacat-site\">\n<h3 style=\"padding-left: 15px; padding-right: 15px;\" align=\"center\"><span style=\"color: white;\">Creus que tu o un familiar teu necessita una estimulaci\u00f3 cognitiva o vols parlar amb el Dr. Adri\u00e0 Tort?<\/span><\/h3>\n<p style=\"padding-left: 30px; padding-right: 20px;\" align=\"center\"><a class=\"button\" href=\"https:\/\/www.barnaclinic.com\/es\/solicitar-cita\/?profesional=628\">ET PODEM AJUDAR<\/a><\/p>\n<\/div>\n","protected":false},"excerpt":{"rendered":"<p>La estimulaci\u00f3 cognitiva \u00e9s una t\u00e8cnica clau que busca preservar i\/o mantenir les capacitats cognitives del pacient, aix\u00ed com compensar d\u00e8ficits existents mitjan\u00e7ant estrat\u00e8gies adaptatives. Aquesta t\u00e8cnica inclou exercicis, activitats estructurades i eines dissenyades per abordar d\u00e8ficits espec\u00edfics. Els programes d\u2019estimulaci\u00f3 cognitiva per a persones grans i persones amb Alzheimer s\u00f3n essencials per ralentir el [&hellip;]<\/p>\n","protected":false},"author":2,"featured_media":127,"comment_status":"open","ping_status":"open","sticky":false,"template":"","format":"standard","meta":{"footnotes":""},"categories":[34,35,36,37],"tags":[117,118,120,121,122,123,119,124,125,126,127,128,131,129,130],"class_list":["post-129","post","type-post","status-publish","format-standard","has-post-thumbnail","hentry","category-deteriorament-cognitiu","category-malaltia-dalzheimer","category-neuropsicologia-ca","category-problemes-de-memoria","tag-centres-destimulacio-cognitiva-a-barcelona","tag-cura-de-la-memoria-en-adults-grans","tag-estimulacio-cognitiva","tag-estimulacio-cognitiva-activitats","tag-estimulacio-cognitiva-alzheimer","tag-estimulacio-cognitiva-per-a-adults-grans","tag-exercicis-destimulacio-cognitiva","tag-fitxes-destimulacio-cognitiva","tag-jocs-destimulacio-cognitiva","tag-neuropsicologia-cognitiva","tag-programes-personalitzats-destimulacio-cognitiva","tag-recursos-digitals","tag-taller-de-memoria-barcelona-ca","tag-trastorns-cognitius-i-memoria","tag-unitat-de-memoria-barnaclinic","has-post-video"],"yoast_head":"<!-- This site is optimized with the Yoast SEO plugin v19.14 - https:\/\/yoast.com\/wordpress\/plugins\/seo\/ -->\n<title>Estimulaci\u00f3 cognitiva per a adults i persones amb Alzheimer<\/title>\n<meta name=\"description\" content=\"Descobriu l&#039;estimulaci\u00f3 cognitiva per a adults grans i persones amb Alzheimer. Exercicis d&#039;estimulaci\u00f3 cognitiva per a adults que...\" \/>\n<meta name=\"robots\" content=\"index, follow, max-snippet:-1, max-image-preview:large, max-video-preview:-1\" \/>\n<link rel=\"canonical\" href=\"https:\/\/www.barnaclinic.com\/blog\/memoria\/ca\/estimulacio-cognitiva\/\" \/>\n<meta property=\"og:locale\" content=\"ca_ES\" \/>\n<meta property=\"og:type\" content=\"article\" \/>\n<meta property=\"og:title\" content=\"Estimulaci\u00f3 cognitiva per a adults i persones amb Alzheimer\" \/>\n<meta property=\"og:description\" content=\"Descobriu l&#039;estimulaci\u00f3 cognitiva per a adults grans i persones amb Alzheimer. Exercicis d&#039;estimulaci\u00f3 cognitiva per a adults que...\" \/>\n<meta property=\"og:url\" content=\"https:\/\/www.barnaclinic.com\/blog\/memoria\/ca\/estimulacio-cognitiva\/\" \/>\n<meta property=\"og:site_name\" content=\"Blog de Memoria y Trastornos Cognitivos de barnacl\u00ednic+\" \/>\n<meta property=\"article:published_time\" content=\"2025-01-21T10:32:59+00:00\" \/>\n<meta property=\"og:image\" content=\"https:\/\/www.barnaclinic.com\/blog\/memoria\/wp-content\/uploads\/sites\/26\/2025\/01\/ESTIMULACION-COGNITIVA-Que-es-y-ejercicios-para-adultos-y-personas-con-Alzheimer-Dr.-Adria-Tort.jpeg\" \/>\n\t<meta property=\"og:image:width\" content=\"1280\" \/>\n\t<meta property=\"og:image:height\" content=\"720\" \/>\n\t<meta property=\"og:image:type\" content=\"image\/jpeg\" \/>\n<meta name=\"author\" content=\"barnacl\u00ednic+\" \/>\n<meta name=\"twitter:card\" content=\"summary_large_image\" \/>\n<meta name=\"twitter:label1\" content=\"Escrit per\" \/>\n\t<meta name=\"twitter:data1\" content=\"barnacl\u00ednic+\" \/>\n\t<meta name=\"twitter:label2\" content=\"Temps estimat de lectura\" \/>\n\t<meta name=\"twitter:data2\" content=\"5 minuts\" \/>\n<script type=\"application\/ld+json\" class=\"yoast-schema-graph\">{\"@context\":\"https:\/\/schema.org\",\"@graph\":[{\"@type\":\"WebPage\",\"@id\":\"https:\/\/www.barnaclinic.com\/blog\/memoria\/ca\/estimulacio-cognitiva\/\",\"url\":\"https:\/\/www.barnaclinic.com\/blog\/memoria\/ca\/estimulacio-cognitiva\/\",\"name\":\"Estimulaci\u00f3 cognitiva per a adults i persones amb Alzheimer\",\"isPartOf\":{\"@id\":\"https:\/\/www.barnaclinic.com\/blog\/memoria\/#website\"},\"datePublished\":\"2025-01-21T10:32:59+00:00\",\"dateModified\":\"2025-01-21T10:32:59+00:00\",\"author\":{\"@id\":\"https:\/\/www.barnaclinic.com\/blog\/memoria\/#\/schema\/person\/062c0219c54bbf07163f34494da33e17\"},\"description\":\"Descobriu l'estimulaci\u00f3 cognitiva per a adults grans i persones amb Alzheimer. Exercicis d'estimulaci\u00f3 cognitiva per a adults que...\",\"breadcrumb\":{\"@id\":\"https:\/\/www.barnaclinic.com\/blog\/memoria\/ca\/estimulacio-cognitiva\/#breadcrumb\"},\"inLanguage\":\"ca\",\"potentialAction\":[{\"@type\":\"ReadAction\",\"target\":[\"https:\/\/www.barnaclinic.com\/blog\/memoria\/ca\/estimulacio-cognitiva\/\"]}]},{\"@type\":\"BreadcrumbList\",\"@id\":\"https:\/\/www.barnaclinic.com\/blog\/memoria\/ca\/estimulacio-cognitiva\/#breadcrumb\",\"itemListElement\":[{\"@type\":\"ListItem\",\"position\":1,\"name\":\"Portada\",\"item\":\"https:\/\/www.barnaclinic.com\/blog\/memoria\/\"},{\"@type\":\"ListItem\",\"position\":2,\"name\":\"Estimulaci\u00f3 cognitiva per a adults grans i persones amb Alzheimer\"}]},{\"@type\":\"WebSite\",\"@id\":\"https:\/\/www.barnaclinic.com\/blog\/memoria\/#website\",\"url\":\"https:\/\/www.barnaclinic.com\/blog\/memoria\/\",\"name\":\"Blog de Memoria y Trastornos Cognitivos de barnacl\u00ednic+\",\"description\":\"La Unidad de Memoria y Trastornos Cognitivos de barnacl\u00ednic+ se ocupa del diagn\u00f3stico, tratamiento y seguimiento de problemas de memoria y otros trastornos cognitivos\",\"potentialAction\":[{\"@type\":\"SearchAction\",\"target\":{\"@type\":\"EntryPoint\",\"urlTemplate\":\"https:\/\/www.barnaclinic.com\/blog\/memoria\/?s={search_term_string}\"},\"query-input\":\"required name=search_term_string\"}],\"inLanguage\":\"ca\"},{\"@type\":\"Person\",\"@id\":\"https:\/\/www.barnaclinic.com\/blog\/memoria\/#\/schema\/person\/062c0219c54bbf07163f34494da33e17\",\"name\":\"barnacl\u00ednic+\",\"image\":{\"@type\":\"ImageObject\",\"inLanguage\":\"ca\",\"@id\":\"https:\/\/www.barnaclinic.com\/blog\/memoria\/#\/schema\/person\/image\/\",\"url\":\"https:\/\/secure.gravatar.com\/avatar\/d6a36f6e326a816ac635808864feed8bc381527908e45406660f6ee6ebffee1b?s=96&d=mm&r=g\",\"contentUrl\":\"https:\/\/secure.gravatar.com\/avatar\/d6a36f6e326a816ac635808864feed8bc381527908e45406660f6ee6ebffee1b?s=96&d=mm&r=g\",\"caption\":\"barnacl\u00ednic+\"},\"url\":\"https:\/\/www.barnaclinic.com\/blog\/memoria\/ca\/author\/alex\/\"}]}<\/script>\n<!-- \/ Yoast SEO plugin. -->","yoast_head_json":{"title":"Estimulaci\u00f3 cognitiva per a adults i persones amb Alzheimer","description":"Descobriu l'estimulaci\u00f3 cognitiva per a adults grans i persones amb Alzheimer. Exercicis d'estimulaci\u00f3 cognitiva per a adults que...","robots":{"index":"index","follow":"follow","max-snippet":"max-snippet:-1","max-image-preview":"max-image-preview:large","max-video-preview":"max-video-preview:-1"},"canonical":"https:\/\/www.barnaclinic.com\/blog\/memoria\/ca\/estimulacio-cognitiva\/","og_locale":"ca_ES","og_type":"article","og_title":"Estimulaci\u00f3 cognitiva per a adults i persones amb Alzheimer","og_description":"Descobriu l'estimulaci\u00f3 cognitiva per a adults grans i persones amb Alzheimer. Exercicis d'estimulaci\u00f3 cognitiva per a adults que...","og_url":"https:\/\/www.barnaclinic.com\/blog\/memoria\/ca\/estimulacio-cognitiva\/","og_site_name":"Blog de Memoria y Trastornos Cognitivos de barnacl\u00ednic+","article_published_time":"2025-01-21T10:32:59+00:00","og_image":[{"width":1280,"height":720,"url":"https:\/\/www.barnaclinic.com\/blog\/memoria\/wp-content\/uploads\/sites\/26\/2025\/01\/ESTIMULACION-COGNITIVA-Que-es-y-ejercicios-para-adultos-y-personas-con-Alzheimer-Dr.-Adria-Tort.jpeg","type":"image\/jpeg"}],"author":"barnacl\u00ednic+","twitter_card":"summary_large_image","twitter_misc":{"Escrit per":"barnacl\u00ednic+","Temps estimat de lectura":"5 minuts"},"schema":{"@context":"https:\/\/schema.org","@graph":[{"@type":"WebPage","@id":"https:\/\/www.barnaclinic.com\/blog\/memoria\/ca\/estimulacio-cognitiva\/","url":"https:\/\/www.barnaclinic.com\/blog\/memoria\/ca\/estimulacio-cognitiva\/","name":"Estimulaci\u00f3 cognitiva per a adults i persones amb Alzheimer","isPartOf":{"@id":"https:\/\/www.barnaclinic.com\/blog\/memoria\/#website"},"datePublished":"2025-01-21T10:32:59+00:00","dateModified":"2025-01-21T10:32:59+00:00","author":{"@id":"https:\/\/www.barnaclinic.com\/blog\/memoria\/#\/schema\/person\/062c0219c54bbf07163f34494da33e17"},"description":"Descobriu l'estimulaci\u00f3 cognitiva per a adults grans i persones amb Alzheimer. Exercicis d'estimulaci\u00f3 cognitiva per a adults que...","breadcrumb":{"@id":"https:\/\/www.barnaclinic.com\/blog\/memoria\/ca\/estimulacio-cognitiva\/#breadcrumb"},"inLanguage":"ca","potentialAction":[{"@type":"ReadAction","target":["https:\/\/www.barnaclinic.com\/blog\/memoria\/ca\/estimulacio-cognitiva\/"]}]},{"@type":"BreadcrumbList","@id":"https:\/\/www.barnaclinic.com\/blog\/memoria\/ca\/estimulacio-cognitiva\/#breadcrumb","itemListElement":[{"@type":"ListItem","position":1,"name":"Portada","item":"https:\/\/www.barnaclinic.com\/blog\/memoria\/"},{"@type":"ListItem","position":2,"name":"Estimulaci\u00f3 cognitiva per a adults grans i persones amb Alzheimer"}]},{"@type":"WebSite","@id":"https:\/\/www.barnaclinic.com\/blog\/memoria\/#website","url":"https:\/\/www.barnaclinic.com\/blog\/memoria\/","name":"Blog de Memoria y Trastornos Cognitivos de barnacl\u00ednic+","description":"La Unidad de Memoria y Trastornos Cognitivos de barnacl\u00ednic+ se ocupa del diagn\u00f3stico, tratamiento y seguimiento de problemas de memoria y otros trastornos cognitivos","potentialAction":[{"@type":"SearchAction","target":{"@type":"EntryPoint","urlTemplate":"https:\/\/www.barnaclinic.com\/blog\/memoria\/?s={search_term_string}"},"query-input":"required name=search_term_string"}],"inLanguage":"ca"},{"@type":"Person","@id":"https:\/\/www.barnaclinic.com\/blog\/memoria\/#\/schema\/person\/062c0219c54bbf07163f34494da33e17","name":"barnacl\u00ednic+","image":{"@type":"ImageObject","inLanguage":"ca","@id":"https:\/\/www.barnaclinic.com\/blog\/memoria\/#\/schema\/person\/image\/","url":"https:\/\/secure.gravatar.com\/avatar\/d6a36f6e326a816ac635808864feed8bc381527908e45406660f6ee6ebffee1b?s=96&d=mm&r=g","contentUrl":"https:\/\/secure.gravatar.com\/avatar\/d6a36f6e326a816ac635808864feed8bc381527908e45406660f6ee6ebffee1b?s=96&d=mm&r=g","caption":"barnacl\u00ednic+"},"url":"https:\/\/www.barnaclinic.com\/blog\/memoria\/ca\/author\/alex\/"}]}},"_links":{"self":[{"href":"https:\/\/www.barnaclinic.com\/blog\/memoria\/ca\/wp-json\/wp\/v2\/posts\/129","targetHints":{"allow":["GET"]}}],"collection":[{"href":"https:\/\/www.barnaclinic.com\/blog\/memoria\/ca\/wp-json\/wp\/v2\/posts"}],"about":[{"href":"https:\/\/www.barnaclinic.com\/blog\/memoria\/ca\/wp-json\/wp\/v2\/types\/post"}],"author":[{"embeddable":true,"href":"https:\/\/www.barnaclinic.com\/blog\/memoria\/ca\/wp-json\/wp\/v2\/users\/2"}],"replies":[{"embeddable":true,"href":"https:\/\/www.barnaclinic.com\/blog\/memoria\/ca\/wp-json\/wp\/v2\/comments?post=129"}],"version-history":[{"count":1,"href":"https:\/\/www.barnaclinic.com\/blog\/memoria\/ca\/wp-json\/wp\/v2\/posts\/129\/revisions"}],"predecessor-version":[{"id":130,"href":"https:\/\/www.barnaclinic.com\/blog\/memoria\/ca\/wp-json\/wp\/v2\/posts\/129\/revisions\/130"}],"wp:featuredmedia":[{"embeddable":true,"href":"https:\/\/www.barnaclinic.com\/blog\/memoria\/ca\/wp-json\/wp\/v2\/media\/127"}],"wp:attachment":[{"href":"https:\/\/www.barnaclinic.com\/blog\/memoria\/ca\/wp-json\/wp\/v2\/media?parent=129"}],"wp:term":[{"taxonomy":"category","embeddable":true,"href":"https:\/\/www.barnaclinic.com\/blog\/memoria\/ca\/wp-json\/wp\/v2\/categories?post=129"},{"taxonomy":"post_tag","embeddable":true,"href":"https:\/\/www.barnaclinic.com\/blog\/memoria\/ca\/wp-json\/wp\/v2\/tags?post=129"}],"curies":[{"name":"wp","href":"https:\/\/api.w.org\/{rel}","templated":true}]}}