{"id":4198,"date":"2023-03-28T15:13:53","date_gmt":"2023-03-28T15:13:53","guid":{"rendered":"https:\/\/www.barnaclinic.com\/blog\/?p=4198"},"modified":"2025-04-15T15:01:44","modified_gmt":"2025-04-15T15:01:44","slug":"barnaclinic-dominican-republic","status":"publish","type":"post","link":"https:\/\/www.barnaclinic.com\/blog\/en\/blog\/barnaclinic-dominican-republic\/","title":{"rendered":"barnacl\u00ednic+ strengthens ties with the Dominican Republic"},"content":{"rendered":"<p>Between the 20th and 22nd of March, a representation of barnaclinic+, formed by <strong>Carles Loran<\/strong>, our manager, Dr <a href=\"https:\/\/iberoamedical.com\/nosotros\/\"><strong>Pere Feliu<\/strong><\/a>, from <a href=\"https:\/\/iberoamedical.com\/\">iberoamedical<\/a> and one of our collaborators, and Dr <a href=\"https:\/\/www.barnaclinic.com\/ca\/quadre-medic\/189\/jordi\"><strong>Jordi Rumi\u00e0<\/strong><\/a>, a neurosurgeon who is part of the <a href=\"https:\/\/www.barnaclinic.com\/en\/movement-disorders\/\"><strong>Parkinson&#8217;s and Movement Disorders Unit<\/strong><\/a> (UPTM) of the Cl\u00ednic de Barcelona and barnacl\u00ednic+, visited the Dominican Republic. This visit has been promoted by <a href=\"https:\/\/www.instagram.com\/corporanmaximo\/?hl=es\"><strong>Maximo\u00a0 Corporana<\/strong><\/a> Parkinson&#8217;s patient who was operated on by Dr Rumi\u00e0 himself and who, thanks to his intervention, has significantly improved all his symptoms. The aim of this mission focused on Santo Domingo was none other than to present the different services offered by barnaclinic+ for the <a href=\"https:\/\/www.barnaclinic.com\/en\/movement-disorders\/parkinson\/\"><strong>treatment of Parkinson&#8217;s disease<\/strong><\/a>, to sign a collaboration agreement with the Hospital General de la Plaza de la Salud (HGPS) and to discuss possible cooperation agreements with different entities in the country.<\/p>\n<p><!--more--><\/p>\n<p>The first days of the mission focused on a detailed presentation of <a href=\"https:\/\/www.barnaclinic.com\/en\/neurosurgery\/deep-brain-stimulation\/\"><strong>deep brain stimulation<\/strong><\/a>, which has been used in our centre for more than 25 years with better results in terms of efficacy and safety than other <strong>treatments for advanced <a href=\"https:\/\/www.barnaclinic.com\/en\/movement-disorders\/parkinson\/\">Parkinson&#8217;s disease<\/a><\/strong>. Thus, during the visit, different actions were carried out, both for patients and families as well as for professionals. On the other hand, the mission in the Dominican Republic served for our centre to sign a collaboration agreement with the <a href=\"https:\/\/hgps.org.do\/es\/\">Hospital General de la Plaza de la Salud (HGPS)<\/a>, one of the main hospitals in Santo Domingo. In addition, a visit was made to the <a href=\"http:\/\/www.medicalnet.do\/\">MedicalNet Health<\/a> Centre to study possible ways of collaboration. Finally, the barnaclinic+ delegation met with Mr <strong>Pablo G\u00f3mez de Olea Bustinza<\/strong>, Spanish Consul in Santo Domingo, to define and facilitate the transit of patients to Barcelona.<\/p>\n<h2>IN SANTO DOMINGO THANKS TO A SATISFIED PATIENT<\/h2>\n<p>This action has its origin in Mr <strong>Maximo Corporan<\/strong>, a member of the Fundaci\u00f3n Vivir con Parkinson and the Asociaci\u00f3n de Pacientes con P\u00e1rkinson de Santo Domingo. Mr Corporan is a Parkinson&#8217;s patient who was operated on by Dr <a href=\"https:\/\/www.barnaclinic.com\/en\/professionals\/189\/jordi\"><strong>Jordi Rumi\u00e0<\/strong><\/a> himself by means of <a href=\"https:\/\/www.barnaclinic.com\/en\/neurosurgery\/deep-brain-stimulation\/\"><strong>deep brain stimulation<\/strong><\/a> at barnaclinic+ and who, <a href=\"https:\/\/www.youtube.com\/watch?v=M91amfz6sxg\">after the operation, improved notably in all his symptoms<\/a>. Thanks to his mediation through the different associations, Dr Rumi\u00e0 was able to give two conferences in the Dominican capital, both at the <a href=\"https:\/\/www.unibe.edu.do\/\">Universidad Iberoamericana de Santo Domingo<\/a>. The first of these was aimed at patients and their families, in which the expert neurosurgeon explained in a simple and informative way the options that currently exist for Parkinson&#8217;s disease, detailing above all <a href=\"https:\/\/www.barnaclinic.com\/en\/neurosurgery\/deep-brain-stimulation\/\"><strong>deep brain electrostimulation <\/strong><\/a>and the use of ultrasound. Afterwards, Dr Rumi\u00e0 addressed students and medical professionals in a masterly lecture with a more scientific tone.<\/p>\n<p><img decoding=\"async\" class=\"wp-image-4089 size-full\" src=\"https:\/\/www.barnaclinic.com\/blog\/wp-content\/uploads\/2023\/03\/bc-republica-dominicana-02.jpg\" alt=\"Dr. Jordi Rumi\u00e0 en la UNIBE\" width=\"100%\" srcset=\"https:\/\/www.barnaclinic.com\/blog\/wp-content\/uploads\/2023\/03\/bc-republica-dominicana-02.jpg 800w, https:\/\/www.barnaclinic.com\/blog\/wp-content\/uploads\/2023\/03\/bc-republica-dominicana-02-300x169.jpg 300w\" sizes=\"(max-width: 800px) 100vw, 800px\" \/><\/p>\n<p>Taking advantage of this visit, the manager of barnaclinic+, <strong>Carles Loran<\/strong>, also met with the rector and scientific director of the Universidad Iberoamericana de Santo Domingo, Dr <strong>Odile Camilo Vincent<\/strong>. At this meeting, the two men explored the possibility of future training collaborations and training stays for Dominican students in Barcelona.<\/p>\n<h2>BILATERAL AGREEMENT WITH THE HOSPITAL GENERAL DE LA PLAZA DE LA SALUD<\/h2>\n<p>Subsequently, our delegation met with the management of the Hospital General de la Plaza de la Salud (HGPS) to lay the groundwork and sign a bilateral collaboration agreement. The agreement aims to establish cooperation links for medical assistance, promotion and development of projects and activities of mutual interest. Under the terms of the agreement, care, teaching, scientific or management programmes will be developed, including the provision of support or complementary care to HGPS patients through a second medical opinion or referral for treatment, and the professional collaboration of Barnaclinic+ will be promoted in terms of diagnostic equipment, laboratories, complex surgery and hospitalisation available to HGPS patients.<\/p>\n<div id=\"estoy-interesado\" class=\"destacat-site\">\n<h4 style=\"padding-left: 30px;\"><img decoding=\"async\" class=\"wp-image-4093 size-full\" src=\"https:\/\/www.barnaclinic.com\/blog\/wp-content\/uploads\/2023\/03\/bc-republica-dominicana-03.jpg\" alt=\"\" width=\"100%\" srcset=\"https:\/\/www.barnaclinic.com\/blog\/wp-content\/uploads\/2023\/03\/bc-republica-dominicana-03.jpg 800w, https:\/\/www.barnaclinic.com\/blog\/wp-content\/uploads\/2023\/03\/bc-republica-dominicana-03-300x169.jpg 300w\" sizes=\"(max-width: 800px) 100vw, 800px\" \/>IT MAY INTEREST YOU\u2026<\/h4>\n<h4 style=\"padding-left: 30px;\">\u00b7\u00a0<a href=\"https:\/\/www.diariodesalud.com.do\/texto-diario\/mostrar\/4227453\/hospital-general-plaza-salud-firma-acuerdo-colaboracion-barna-clinic\" target=\"_blank\" rel=\"noopener noreferrer\">Hospital General de la Plaza de la Salud firma acuerdo de colaboraci\u00f3n con barnacl\u00ednic+<\/a><\/h4>\n<\/div>\n","protected":false},"excerpt":{"rendered":"<p>Between the 20th and 22nd of March, a representation of barnaclinic+, formed by Carles Loran, our manager, Dr Pere Feliu, from iberoamedical and one of our collaborators, and Dr Jordi Rumi\u00e0, a neurosurgeon who is part of the Parkinson&#8217;s and Movement Disorders Unit (UPTM) of the Cl\u00ednic de Barcelona and barnacl\u00ednic+, visited the Dominican Republic. [&hellip;]<\/p>\n","protected":false},"author":2,"featured_media":4087,"comment_status":"closed","ping_status":"closed","sticky":false,"template":"","format":"standard","meta":{"footnotes":""},"categories":[892,891,127,464],"tags":[1799,1797,1800,1795,1798,1801,2069,1804,147,1802,1796,1803],"class_list":["post-4198","post","type-post","status-publish","format-standard","has-post-thumbnail","hentry","category-neurology","category-neurosurgery","category-our-group","category-our-services","tag-barnaclinic-en","tag-barnaclinic-international","tag-carles-loran-en","tag-deep-brain-electrostimulation","tag-dominican-republic","tag-dr-jordi-rumia-en","tag-internacional-barnaclinic-en","tag-medical-tourism-en","tag-neurosurgery","tag-parkinson-en","tag-parkinsons-disease","tag-santo-domingo-en"],"yoast_head":"<!-- This site is optimized with the Yoast SEO plugin v19.14 - https:\/\/yoast.com\/wordpress\/plugins\/seo\/ -->\n<title>barnacl\u00ednic+ strengthens ties with the Dominican Republic<\/title>\n<meta name=\"description\" content=\"A representation of barnaclinic+, formed by Carles Loran, Dr Pere Feliu and Dr Jordi Rumi\u00e0 visited the Dominican Republic...\" \/>\n<meta name=\"robots\" content=\"index, follow, max-snippet:-1, max-image-preview:large, max-video-preview:-1\" \/>\n<link rel=\"canonical\" href=\"https:\/\/www.barnaclinic.com\/blog\/en\/blog\/barnaclinic-dominican-republic\/\" \/>\n<meta property=\"og:locale\" content=\"en_US\" \/>\n<meta property=\"og:type\" content=\"article\" \/>\n<meta property=\"og:title\" content=\"barnacl\u00ednic+ strengthens ties with the Dominican Republic\" \/>\n<meta property=\"og:description\" content=\"A representation of barnaclinic+, formed by Carles Loran, Dr Pere Feliu and Dr Jordi Rumi\u00e0 visited the Dominican Republic...\" \/>\n<meta property=\"og:url\" content=\"https:\/\/www.barnaclinic.com\/blog\/en\/blog\/barnaclinic-dominican-republic\/\" \/>\n<meta property=\"og:site_name\" content=\"Blog barnacl\u00ednic+\" \/>\n<meta property=\"article:published_time\" content=\"2023-03-28T15:13:53+00:00\" \/>\n<meta property=\"article:modified_time\" content=\"2025-04-15T15:01:44+00:00\" \/>\n<meta property=\"og:image\" content=\"https:\/\/www.barnaclinic.com\/blog\/wp-content\/uploads\/2023\/03\/barnaclinic-republica-dominicac.jpg\" \/>\n\t<meta property=\"og:image:width\" content=\"800\" \/>\n\t<meta property=\"og:image:height\" content=\"450\" \/>\n\t<meta property=\"og:image:type\" content=\"image\/jpeg\" \/>\n<meta name=\"author\" content=\"barnacl\u00ednic+\" \/>\n<meta name=\"twitter:label1\" content=\"Written by\" \/>\n\t<meta name=\"twitter:data1\" content=\"barnacl\u00ednic+\" \/>\n\t<meta name=\"twitter:label2\" content=\"Est. reading time\" \/>\n\t<meta name=\"twitter:data2\" content=\"4 minutes\" \/>\n<script type=\"application\/ld+json\" class=\"yoast-schema-graph\">{\"@context\":\"https:\/\/schema.org\",\"@graph\":[{\"@type\":\"WebPage\",\"@id\":\"https:\/\/www.barnaclinic.com\/blog\/en\/blog\/barnaclinic-dominican-republic\/\",\"url\":\"https:\/\/www.barnaclinic.com\/blog\/en\/blog\/barnaclinic-dominican-republic\/\",\"name\":\"barnacl\u00ednic+ strengthens ties with the Dominican Republic\",\"isPartOf\":{\"@id\":\"https:\/\/www.barnaclinic.com\/blog\/#website\"},\"datePublished\":\"2023-03-28T15:13:53+00:00\",\"dateModified\":\"2025-04-15T15:01:44+00:00\",\"author\":{\"@id\":\"https:\/\/www.barnaclinic.com\/blog\/#\/schema\/person\/062c0219c54bbf07163f34494da33e17\"},\"description\":\"A representation of barnaclinic+, formed by Carles Loran, Dr Pere Feliu and Dr Jordi Rumi\u00e0 visited the Dominican Republic...\",\"inLanguage\":\"en-US\",\"potentialAction\":[{\"@type\":\"ReadAction\",\"target\":[\"https:\/\/www.barnaclinic.com\/blog\/en\/blog\/barnaclinic-dominican-republic\/\"]}]},{\"@type\":\"WebSite\",\"@id\":\"https:\/\/www.barnaclinic.com\/blog\/#website\",\"url\":\"https:\/\/www.barnaclinic.com\/blog\/\",\"name\":\"Blog barnacl\u00ednic+\",\"description\":\"Informaci\u00f3n y novedades sobre los servicios y profesionales de barnacl\u00ednic+, Hospital Cl\u00ednic de Barcelona\",\"potentialAction\":[{\"@type\":\"SearchAction\",\"target\":{\"@type\":\"EntryPoint\",\"urlTemplate\":\"https:\/\/www.barnaclinic.com\/blog\/?s={search_term_string}\"},\"query-input\":\"required name=search_term_string\"}],\"inLanguage\":\"en-US\"},{\"@type\":\"Person\",\"@id\":\"https:\/\/www.barnaclinic.com\/blog\/#\/schema\/person\/062c0219c54bbf07163f34494da33e17\",\"name\":\"barnacl\u00ednic+\",\"url\":\"https:\/\/www.barnaclinic.com\/blog\/en\/blog\/author\/alex\/\"}]}<\/script>\n<!-- \/ Yoast SEO plugin. -->","yoast_head_json":{"title":"barnacl\u00ednic+ strengthens ties with the Dominican Republic","description":"A representation of barnaclinic+, formed by Carles Loran, Dr Pere Feliu and Dr Jordi Rumi\u00e0 visited the Dominican Republic...","robots":{"index":"index","follow":"follow","max-snippet":"max-snippet:-1","max-image-preview":"max-image-preview:large","max-video-preview":"max-video-preview:-1"},"canonical":"https:\/\/www.barnaclinic.com\/blog\/en\/blog\/barnaclinic-dominican-republic\/","og_locale":"en_US","og_type":"article","og_title":"barnacl\u00ednic+ strengthens ties with the Dominican Republic","og_description":"A representation of barnaclinic+, formed by Carles Loran, Dr Pere Feliu and Dr Jordi Rumi\u00e0 visited the Dominican Republic...","og_url":"https:\/\/www.barnaclinic.com\/blog\/en\/blog\/barnaclinic-dominican-republic\/","og_site_name":"Blog barnacl\u00ednic+","article_published_time":"2023-03-28T15:13:53+00:00","article_modified_time":"2025-04-15T15:01:44+00:00","og_image":[{"width":800,"height":450,"url":"https:\/\/www.barnaclinic.com\/blog\/wp-content\/uploads\/2023\/03\/barnaclinic-republica-dominicac.jpg","type":"image\/jpeg"}],"author":"barnacl\u00ednic+","twitter_misc":{"Written by":"barnacl\u00ednic+","Est. reading time":"4 minutes"},"schema":{"@context":"https:\/\/schema.org","@graph":[{"@type":"WebPage","@id":"https:\/\/www.barnaclinic.com\/blog\/en\/blog\/barnaclinic-dominican-republic\/","url":"https:\/\/www.barnaclinic.com\/blog\/en\/blog\/barnaclinic-dominican-republic\/","name":"barnacl\u00ednic+ strengthens ties with the Dominican Republic","isPartOf":{"@id":"https:\/\/www.barnaclinic.com\/blog\/#website"},"datePublished":"2023-03-28T15:13:53+00:00","dateModified":"2025-04-15T15:01:44+00:00","author":{"@id":"https:\/\/www.barnaclinic.com\/blog\/#\/schema\/person\/062c0219c54bbf07163f34494da33e17"},"description":"A representation of barnaclinic+, formed by Carles Loran, Dr Pere Feliu and Dr Jordi Rumi\u00e0 visited the Dominican Republic...","inLanguage":"en-US","potentialAction":[{"@type":"ReadAction","target":["https:\/\/www.barnaclinic.com\/blog\/en\/blog\/barnaclinic-dominican-republic\/"]}]},{"@type":"WebSite","@id":"https:\/\/www.barnaclinic.com\/blog\/#website","url":"https:\/\/www.barnaclinic.com\/blog\/","name":"Blog barnacl\u00ednic+","description":"Informaci\u00f3n y novedades sobre los servicios y profesionales de barnacl\u00ednic+, Hospital Cl\u00ednic de Barcelona","potentialAction":[{"@type":"SearchAction","target":{"@type":"EntryPoint","urlTemplate":"https:\/\/www.barnaclinic.com\/blog\/?s={search_term_string}"},"query-input":"required name=search_term_string"}],"inLanguage":"en-US"},{"@type":"Person","@id":"https:\/\/www.barnaclinic.com\/blog\/#\/schema\/person\/062c0219c54bbf07163f34494da33e17","name":"barnacl\u00ednic+","url":"https:\/\/www.barnaclinic.com\/blog\/en\/blog\/author\/alex\/"}]}},"_links":{"self":[{"href":"https:\/\/www.barnaclinic.com\/blog\/en\/wp-json\/wp\/v2\/posts\/4198","targetHints":{"allow":["GET"]}}],"collection":[{"href":"https:\/\/www.barnaclinic.com\/blog\/en\/wp-json\/wp\/v2\/posts"}],"about":[{"href":"https:\/\/www.barnaclinic.com\/blog\/en\/wp-json\/wp\/v2\/types\/post"}],"author":[{"embeddable":true,"href":"https:\/\/www.barnaclinic.com\/blog\/en\/wp-json\/wp\/v2\/users\/2"}],"replies":[{"embeddable":true,"href":"https:\/\/www.barnaclinic.com\/blog\/en\/wp-json\/wp\/v2\/comments?post=4198"}],"version-history":[{"count":4,"href":"https:\/\/www.barnaclinic.com\/blog\/en\/wp-json\/wp\/v2\/posts\/4198\/revisions"}],"predecessor-version":[{"id":5160,"href":"https:\/\/www.barnaclinic.com\/blog\/en\/wp-json\/wp\/v2\/posts\/4198\/revisions\/5160"}],"wp:featuredmedia":[{"embeddable":true,"href":"https:\/\/www.barnaclinic.com\/blog\/en\/wp-json\/wp\/v2\/media\/4087"}],"wp:attachment":[{"href":"https:\/\/www.barnaclinic.com\/blog\/en\/wp-json\/wp\/v2\/media?parent=4198"}],"wp:term":[{"taxonomy":"category","embeddable":true,"href":"https:\/\/www.barnaclinic.com\/blog\/en\/wp-json\/wp\/v2\/categories?post=4198"},{"taxonomy":"post_tag","embeddable":true,"href":"https:\/\/www.barnaclinic.com\/blog\/en\/wp-json\/wp\/v2\/tags?post=4198"}],"curies":[{"name":"wp","href":"https:\/\/api.w.org\/{rel}","templated":true}]}}