{"id":148,"date":"2017-09-18T09:25:35","date_gmt":"2017-09-18T09:25:35","guid":{"rendered":"http:\/\/www.barnaclinic.com\/blog\/cirugia-de-tiroides\/?p=148"},"modified":"2020-03-27T13:21:11","modified_gmt":"2020-03-27T13:21:11","slug":"alteraciones-del-sueno","status":"publish","type":"post","link":"https:\/\/www.barnaclinic.com\/blog\/cirugia-de-tiroides\/alteraciones-del-sueno\/","title":{"rendered":"La gl\u00e1ndula tiroides y las alteraciones del sue\u00f1o"},"content":{"rendered":"<p>Es una realidad que la secreci\u00f3n de <strong>hormona tiroidea<\/strong> ejerce una influencia significativa sobre el <strong>ritmo del sue\u00f1o y la vigilia<\/strong>. Por este motivo, cualquier <strong>alteraci\u00f3n de los niveles hormonales<\/strong> podr\u00e1 ocasionar una disfunci\u00f3n en este importante equilibrio metab\u00f3lico. Si se identifica un <a href=\"http:\/\/www.barnaclinic.com\/blog\/cirugia-de-tiroides\/alteraciones-en-la-funcion-del-tiroides\/\" target=\"_blank\" rel=\"noopener noreferrer\"><strong>problema de tiroides<\/strong><\/a>, el tratamiento puede resolver las <strong>alteraciones del sue\u00f1o<\/strong> sin necesidad de tratamiento adicional.<\/p>\n<h2><!--more--><strong>Hipotiroidismo <\/strong><\/h2>\n<p>En el <strong>hipotiroidismo<\/strong>, todo se enlentece, por lo que es frecuente que el paciente padezca una situaci\u00f3n de <strong>fatiga extrema persistente<\/strong>. Por lo general, el ser humano necesita entre 6 y 8 horas de sue\u00f1o para poder mantener una actividad f\u00edsica adecuada a su rutina individual. En el caso del <strong>d\u00e9ficit de secreci\u00f3n de hormona tiroidea<\/strong>, podemos encontrar que nueve o incluso diez horas de sue\u00f1o no consiguen aliviar su cansancio. Esta <strong>desaceleraci\u00f3n del metabolismo<\/strong> produce una fatiga anormal y un sue\u00f1o excesivo. No es raro que, a pesar de dormir muchas horas, como el sue\u00f1o no es reparador, el paciente se despierte todav\u00eda agotado.<\/p>\n<blockquote>\n<h4><em><strong><img loading=\"lazy\" decoding=\"async\" class=\"alignleft wp-image-34\" title=\"Dr. \u00d2scar Vidal\" src=\"http:\/\/www.barnaclinic.com\/blog\/cirugia-de-tiroides\/wp-content\/uploads\/sites\/7\/Oscar-Vidal.jpg\" alt=\"Oscar-Vidal\" width=\"90\" height=\"90\" \/><\/strong><\/em><\/h4>\n<h4>\u00abEn el hipotiroidismo\u00a0el paciente sufre una desaceleraci\u00f3n del metabolismo que produce una\u00a0fatiga extrema y un sue\u00f1o excesivo\u00bb<\/h4>\n<p><a href=\"https:\/\/www.barnaclinic.com\/es\/cuadro-medico\/133\/oscar\" target=\"_blank\" rel=\"noopener noreferrer\">Dr. Oscar Vidal<\/a><\/p><\/blockquote>\n<p>Esto sucede porque el sue\u00f1o se fragmenta y las fases normales de sue\u00f1o se interrumpen. Como consecuencia, aparecen diferentes tipos de <strong>alteraciones del sue\u00f1o<\/strong>. S\u00edntomas como: ronquidos fuertes, episodios de cese de la respiraci\u00f3n durante el sue\u00f1o, despertares abruptos, dolor de cabeza por la ma\u00f1ana, insomnio, somnolencia excesiva durante el d\u00eda, irritabilidad o problemas de atenci\u00f3n.<\/p>\n<div id=\"estoy-interesado\" class=\"destacat-site\">\n<div class=\"row\">\n<div class=\"medium-8 columns title content\">\n<blockquote>\n<h4>TE INTERESA:<\/h4>\n<\/blockquote>\n<ul>\n<li class=\"medium-8 columns title content\">\n<h4><a href=\"https:\/\/www.barnaclinic.com\/blog\/cirugia-de-tiroides\/hipotiroidismo-postquirurgico\/\" target=\"_blank\" rel=\"noopener noreferrer\">Hipotiroidismo postquir\u00fargico: S\u00edntomas, causas y qu\u00e9 hacer<\/a><\/h4>\n<\/li>\n<\/ul>\n<\/div>\n<\/div>\n<\/div>\n<h2><strong>Hipertiroidismo <\/strong><\/h2>\n<p>En el <a href=\"http:\/\/www.barnaclinic.com\/blog\/cirugia-de-tiroides\/hipertiroidismo-sintomas-causas\/\" target=\"_blank\" rel=\"noopener noreferrer\"><strong>hipertiroidismo<\/strong><\/a>, todo se acelera, por lo que es frecuente que el paciente se sienta anormalmente en\u00e9rgico. \u00a0Los <a href=\"http:\/\/www.barnaclinic.com\/blog\/cirugia-de-tiroides\/hipertiroidismo-sintomas-causas\/\" target=\"_blank\" rel=\"noopener noreferrer\"><strong>s\u00edntomas del hipertiroidismo <\/strong><\/a>son producidos por <strong>niveles excesivos de hormona tiroidea<\/strong> circulante, que act\u00faa como un estimulante.<br \/>\nEn estos casos, el paciente se acuesta por la noche experimenta inquietud, ansiedad, palpitaciones card\u00edacas, s\u00edndrome de piernas inquietas y temblores y, finalmente, insomnio.<br \/>\nDebemos ser conscientes que un peque\u00f1o grupo de pacientes con <strong>hipertiroidismo<\/strong> se quejan de fatiga y agotamiento, mientras que al mismo tiempo se sienten ansiosos. Esto produce las mencionadas <strong>alteraciones del sue\u00f1o<\/strong>. Los pacientes no consiguen conciliar el sue\u00f1o y, si lo hacen, se despiertan sin descansar lo suficiente.<\/p>\n<blockquote>\n<h4><em><strong><img loading=\"lazy\" decoding=\"async\" class=\"alignleft wp-image-34\" title=\"Dr. \u00d2scar Vidal\" src=\"http:\/\/www.barnaclinic.com\/blog\/cirugia-de-tiroides\/wp-content\/uploads\/sites\/7\/Oscar-Vidal.jpg\" alt=\"Oscar-Vidal\" width=\"90\" height=\"90\" \/><\/strong><\/em><\/h4>\n<h4>\u00abLos pacientes con hipertiroidismo sienten fatiga y agotamiento por las alteraciones del sue\u00f1o, que provocan que no consigan conciliar el sue\u00f1o y, si lo hacen, se despiertan sin descansar\u00bb<\/h4>\n<p><a href=\"https:\/\/www.barnaclinic.com\/es\/cuadro-medico\/133\/oscar\" target=\"_blank\" rel=\"noopener noreferrer\">Dr. Oscar Vidal<\/a><\/p><\/blockquote>\n<div id=\"estoy-interesado\" class=\"destacat-site\">\n<div class=\"row\">\n<div class=\"medium-8 columns title content\">\n<blockquote>\n<h4>TE INTERESA:<\/h4>\n<\/blockquote>\n<ul>\n<li class=\"medium-8 columns title content\">\n<h4><a href=\"https:\/\/www.barnaclinic.com\/blog\/cirugia-de-tiroides\/hipertiroidismo-sintomas-causas\/\" target=\"_blank\" rel=\"noopener noreferrer\">Hipertiroidismo: qu\u00e9 es, qu\u00e9 sintomas presenta y cu\u00e1les son sus causas<\/a><\/h4>\n<\/li>\n<\/ul>\n<\/div>\n<\/div>\n<\/div>\n<h2><strong>Hormona tiroidea normal<\/strong><\/h2>\n<p>Si usted ha sido <a href=\"http:\/\/www.barnaclinic.com\/blog\/cirugia-de-tiroides\/recuperacion-cirugia-tiroides-reposo\/\" target=\"_blank\" rel=\"noopener noreferrer\">operado\/a del <strong>tiroides<\/strong><\/a>, est\u00e1 tomando a <strong>tratamiento sustitutivo<\/strong> y los niveles hormonales son normales y a pesar de ello las <strong>alteraciones del sue\u00f1o<\/strong> contin\u00faan, existen algunas opciones adicionales a considerar:<\/p>\n<ul>\n<li>Evite las siestas, especialmente al final de la tarde. Si se duerme por la tarde, limite la siesta a 30 minutos como m\u00e1ximo.<\/li>\n<li>Evite tomar bebidas con cafe\u00edna y alcohol, especialmente por la tarde y por la noche.<\/li>\n<li>Mantenga un horario de sue\u00f1o constante.<\/li>\n<li>No haga ejercicio antes de acostarte.<\/li>\n<\/ul>\n<hr \/>\n<div id=\"estoy-interesado\" class=\"destacat-site\">\n<h1 style=\"padding-left: 15px; padding-right: 15px; text-align: center;\" align=\"LEFT\"><span style=\"color: white;\">\u00bfQUIERES CONTACTAR CON EL DR. OSCAR VIDAL?<\/span><\/h1>\n<p class=\"boto\" style=\"padding-right: 20px;\" align=\"center\"><a class=\"button\" href=\"https:\/\/www.barnaclinic.com\/es\/solicitar-cita\/?profesional=133\" target=\"_blank&amp;\">PEDIR CITA PRESENCIAL<\/a>\u00a0|\u00a0<a class=\"button\" href=\"https:\/\/www.barnaclinic.com\/es\/solicitar-televisita\/?profesional=133\" target=\"_blank&amp;\">SOLICITAR TELEVISITA<\/a><\/p>\n<\/div>\n","protected":false},"excerpt":{"rendered":"<p>Es una realidad que la secreci\u00f3n de hormona tiroidea ejerce una influencia significativa sobre el ritmo del sue\u00f1o y la vigilia. Por este motivo, cualquier alteraci\u00f3n de los niveles hormonales podr\u00e1 ocasionar una disfunci\u00f3n en este importante equilibrio metab\u00f3lico. Si se identifica un problema de tiroides, el tratamiento puede resolver las alteraciones del sue\u00f1o sin [&hellip;]<\/p>\n","protected":false},"author":2,"featured_media":621,"comment_status":"open","ping_status":"open","sticky":false,"template":"","format":"standard","meta":{"footnotes":""},"categories":[11,8],"tags":[65,273,270,271,67,272,66,269,7],"class_list":["post-148","post","type-post","status-publish","format-standard","has-post-thumbnail","hentry","category-cirugia-endocrina","category-tiroides","tag-alteraciones","tag-alteraciones-del-sueno","tag-alteraciones-del-sueno-tiroides","tag-falta-de-sueno","tag-insomnio","tag-insomnio-tiroides","tag-sueno","tag-sueno-y-tiroides","tag-tiroides"],"yoast_head":"<!-- This site is optimized with the Yoast SEO plugin v19.14 - https:\/\/yoast.com\/wordpress\/plugins\/seo\/ -->\n<title>La gl\u00e1ndula tiroides y las alteraciones del sue\u00f1o - Blog del Dr. \u00d3scar Vidal<\/title>\n<meta name=\"description\" content=\"Si se identifica un problema de tiroides, el tratamiento puede resolver las alteraciones del sue\u00f1o sin necesidad de tratamiento adicional...\" \/>\n<meta name=\"robots\" content=\"index, follow, max-snippet:-1, max-image-preview:large, max-video-preview:-1\" \/>\n<link rel=\"canonical\" href=\"https:\/\/www.barnaclinic.com\/blog\/cirugia-de-tiroides\/alteraciones-del-sueno\/\" \/>\n<meta property=\"og:locale\" content=\"es_ES\" \/>\n<meta property=\"og:type\" content=\"article\" \/>\n<meta property=\"og:title\" content=\"La gl\u00e1ndula tiroides y las alteraciones del sue\u00f1o - Blog del Dr. \u00d3scar Vidal\" \/>\n<meta property=\"og:description\" content=\"Si se identifica un problema de tiroides, el tratamiento puede resolver las alteraciones del sue\u00f1o sin necesidad de tratamiento adicional...\" \/>\n<meta property=\"og:url\" content=\"https:\/\/www.barnaclinic.com\/blog\/cirugia-de-tiroides\/alteraciones-del-sueno\/\" \/>\n<meta property=\"og:site_name\" content=\"Blog de tiroides | Dr. \u00d3scar Vidal\" \/>\n<meta property=\"article:published_time\" content=\"2017-09-18T09:25:35+00:00\" \/>\n<meta property=\"article:modified_time\" content=\"2020-03-27T13:21:11+00:00\" \/>\n<meta property=\"og:image\" content=\"https:\/\/www.barnaclinic.com\/blog\/cirugia-de-tiroides\/wp-content\/uploads\/sites\/7\/alteraciones-del-sueno-1.jpg\" \/>\n\t<meta property=\"og:image:width\" content=\"800\" \/>\n\t<meta property=\"og:image:height\" content=\"350\" \/>\n\t<meta property=\"og:image:type\" content=\"image\/jpeg\" \/>\n<meta name=\"author\" content=\"barnacl\u00ednic+\" \/>\n<meta name=\"twitter:card\" content=\"summary_large_image\" \/>\n<meta name=\"twitter:label1\" content=\"Escrito por\" \/>\n\t<meta name=\"twitter:data1\" content=\"barnacl\u00ednic+\" \/>\n\t<meta name=\"twitter:label2\" content=\"Tiempo de lectura\" \/>\n\t<meta name=\"twitter:data2\" content=\"3 minutos\" \/>\n<script type=\"application\/ld+json\" class=\"yoast-schema-graph\">{\"@context\":\"https:\/\/schema.org\",\"@graph\":[{\"@type\":\"WebPage\",\"@id\":\"https:\/\/www.barnaclinic.com\/blog\/cirugia-de-tiroides\/alteraciones-del-sueno\/\",\"url\":\"https:\/\/www.barnaclinic.com\/blog\/cirugia-de-tiroides\/alteraciones-del-sueno\/\",\"name\":\"La gl\u00e1ndula tiroides y las alteraciones del sue\u00f1o - Blog del Dr. \u00d3scar Vidal\",\"isPartOf\":{\"@id\":\"https:\/\/www.barnaclinic.com\/blog\/cirugia-de-tiroides\/#website\"},\"datePublished\":\"2017-09-18T09:25:35+00:00\",\"dateModified\":\"2020-03-27T13:21:11+00:00\",\"author\":{\"@id\":\"https:\/\/www.barnaclinic.com\/blog\/cirugia-de-tiroides\/#\/schema\/person\/062c0219c54bbf07163f34494da33e17\"},\"description\":\"Si se identifica un problema de tiroides, el tratamiento puede resolver las alteraciones del sue\u00f1o sin necesidad de tratamiento adicional...\",\"breadcrumb\":{\"@id\":\"https:\/\/www.barnaclinic.com\/blog\/cirugia-de-tiroides\/alteraciones-del-sueno\/#breadcrumb\"},\"inLanguage\":\"es\",\"potentialAction\":[{\"@type\":\"ReadAction\",\"target\":[\"https:\/\/www.barnaclinic.com\/blog\/cirugia-de-tiroides\/alteraciones-del-sueno\/\"]}]},{\"@type\":\"BreadcrumbList\",\"@id\":\"https:\/\/www.barnaclinic.com\/blog\/cirugia-de-tiroides\/alteraciones-del-sueno\/#breadcrumb\",\"itemListElement\":[{\"@type\":\"ListItem\",\"position\":1,\"name\":\"Portada\",\"item\":\"https:\/\/www.barnaclinic.com\/blog\/cirugia-de-tiroides\/\"},{\"@type\":\"ListItem\",\"position\":2,\"name\":\"La gl\u00e1ndula tiroides y las alteraciones del sue\u00f1o\"}]},{\"@type\":\"WebSite\",\"@id\":\"https:\/\/www.barnaclinic.com\/blog\/cirugia-de-tiroides\/#website\",\"url\":\"https:\/\/www.barnaclinic.com\/blog\/cirugia-de-tiroides\/\",\"name\":\"Blog de tiroides | Dr. \u00d3scar Vidal\",\"description\":\"En este blog encontrar\u00e1 informaci\u00f3n sobre Cirug\u00eda de Tiroides y patolog\u00edas de dicha gl\u00e1ndula\",\"potentialAction\":[{\"@type\":\"SearchAction\",\"target\":{\"@type\":\"EntryPoint\",\"urlTemplate\":\"https:\/\/www.barnaclinic.com\/blog\/cirugia-de-tiroides\/?s={search_term_string}\"},\"query-input\":\"required name=search_term_string\"}],\"inLanguage\":\"es\"},{\"@type\":\"Person\",\"@id\":\"https:\/\/www.barnaclinic.com\/blog\/cirugia-de-tiroides\/#\/schema\/person\/062c0219c54bbf07163f34494da33e17\",\"name\":\"barnacl\u00ednic+\",\"image\":{\"@type\":\"ImageObject\",\"inLanguage\":\"es\",\"@id\":\"https:\/\/www.barnaclinic.com\/blog\/cirugia-de-tiroides\/#\/schema\/person\/image\/\",\"url\":\"https:\/\/secure.gravatar.com\/avatar\/d6a36f6e326a816ac635808864feed8bc381527908e45406660f6ee6ebffee1b?s=96&d=mm&r=g\",\"contentUrl\":\"https:\/\/secure.gravatar.com\/avatar\/d6a36f6e326a816ac635808864feed8bc381527908e45406660f6ee6ebffee1b?s=96&d=mm&r=g\",\"caption\":\"barnacl\u00ednic+\"},\"url\":\"https:\/\/www.barnaclinic.com\/blog\/cirugia-de-tiroides\/author\/alex\/\"}]}<\/script>\n<!-- \/ Yoast SEO plugin. -->","yoast_head_json":{"title":"La gl\u00e1ndula tiroides y las alteraciones del sue\u00f1o - Blog del Dr. \u00d3scar Vidal","description":"Si se identifica un problema de tiroides, el tratamiento puede resolver las alteraciones del sue\u00f1o sin necesidad de tratamiento adicional...","robots":{"index":"index","follow":"follow","max-snippet":"max-snippet:-1","max-image-preview":"max-image-preview:large","max-video-preview":"max-video-preview:-1"},"canonical":"https:\/\/www.barnaclinic.com\/blog\/cirugia-de-tiroides\/alteraciones-del-sueno\/","og_locale":"es_ES","og_type":"article","og_title":"La gl\u00e1ndula tiroides y las alteraciones del sue\u00f1o - Blog del Dr. \u00d3scar Vidal","og_description":"Si se identifica un problema de tiroides, el tratamiento puede resolver las alteraciones del sue\u00f1o sin necesidad de tratamiento adicional...","og_url":"https:\/\/www.barnaclinic.com\/blog\/cirugia-de-tiroides\/alteraciones-del-sueno\/","og_site_name":"Blog de tiroides | Dr. \u00d3scar Vidal","article_published_time":"2017-09-18T09:25:35+00:00","article_modified_time":"2020-03-27T13:21:11+00:00","og_image":[{"width":800,"height":350,"url":"https:\/\/www.barnaclinic.com\/blog\/cirugia-de-tiroides\/wp-content\/uploads\/sites\/7\/alteraciones-del-sueno-1.jpg","type":"image\/jpeg"}],"author":"barnacl\u00ednic+","twitter_card":"summary_large_image","twitter_misc":{"Escrito por":"barnacl\u00ednic+","Tiempo de lectura":"3 minutos"},"schema":{"@context":"https:\/\/schema.org","@graph":[{"@type":"WebPage","@id":"https:\/\/www.barnaclinic.com\/blog\/cirugia-de-tiroides\/alteraciones-del-sueno\/","url":"https:\/\/www.barnaclinic.com\/blog\/cirugia-de-tiroides\/alteraciones-del-sueno\/","name":"La gl\u00e1ndula tiroides y las alteraciones del sue\u00f1o - Blog del Dr. \u00d3scar Vidal","isPartOf":{"@id":"https:\/\/www.barnaclinic.com\/blog\/cirugia-de-tiroides\/#website"},"datePublished":"2017-09-18T09:25:35+00:00","dateModified":"2020-03-27T13:21:11+00:00","author":{"@id":"https:\/\/www.barnaclinic.com\/blog\/cirugia-de-tiroides\/#\/schema\/person\/062c0219c54bbf07163f34494da33e17"},"description":"Si se identifica un problema de tiroides, el tratamiento puede resolver las alteraciones del sue\u00f1o sin necesidad de tratamiento adicional...","breadcrumb":{"@id":"https:\/\/www.barnaclinic.com\/blog\/cirugia-de-tiroides\/alteraciones-del-sueno\/#breadcrumb"},"inLanguage":"es","potentialAction":[{"@type":"ReadAction","target":["https:\/\/www.barnaclinic.com\/blog\/cirugia-de-tiroides\/alteraciones-del-sueno\/"]}]},{"@type":"BreadcrumbList","@id":"https:\/\/www.barnaclinic.com\/blog\/cirugia-de-tiroides\/alteraciones-del-sueno\/#breadcrumb","itemListElement":[{"@type":"ListItem","position":1,"name":"Portada","item":"https:\/\/www.barnaclinic.com\/blog\/cirugia-de-tiroides\/"},{"@type":"ListItem","position":2,"name":"La gl\u00e1ndula tiroides y las alteraciones del sue\u00f1o"}]},{"@type":"WebSite","@id":"https:\/\/www.barnaclinic.com\/blog\/cirugia-de-tiroides\/#website","url":"https:\/\/www.barnaclinic.com\/blog\/cirugia-de-tiroides\/","name":"Blog de tiroides | Dr. \u00d3scar Vidal","description":"En este blog encontrar\u00e1 informaci\u00f3n sobre Cirug\u00eda de Tiroides y patolog\u00edas de dicha gl\u00e1ndula","potentialAction":[{"@type":"SearchAction","target":{"@type":"EntryPoint","urlTemplate":"https:\/\/www.barnaclinic.com\/blog\/cirugia-de-tiroides\/?s={search_term_string}"},"query-input":"required name=search_term_string"}],"inLanguage":"es"},{"@type":"Person","@id":"https:\/\/www.barnaclinic.com\/blog\/cirugia-de-tiroides\/#\/schema\/person\/062c0219c54bbf07163f34494da33e17","name":"barnacl\u00ednic+","image":{"@type":"ImageObject","inLanguage":"es","@id":"https:\/\/www.barnaclinic.com\/blog\/cirugia-de-tiroides\/#\/schema\/person\/image\/","url":"https:\/\/secure.gravatar.com\/avatar\/d6a36f6e326a816ac635808864feed8bc381527908e45406660f6ee6ebffee1b?s=96&d=mm&r=g","contentUrl":"https:\/\/secure.gravatar.com\/avatar\/d6a36f6e326a816ac635808864feed8bc381527908e45406660f6ee6ebffee1b?s=96&d=mm&r=g","caption":"barnacl\u00ednic+"},"url":"https:\/\/www.barnaclinic.com\/blog\/cirugia-de-tiroides\/author\/alex\/"}]}},"_links":{"self":[{"href":"https:\/\/www.barnaclinic.com\/blog\/cirugia-de-tiroides\/wp-json\/wp\/v2\/posts\/148","targetHints":{"allow":["GET"]}}],"collection":[{"href":"https:\/\/www.barnaclinic.com\/blog\/cirugia-de-tiroides\/wp-json\/wp\/v2\/posts"}],"about":[{"href":"https:\/\/www.barnaclinic.com\/blog\/cirugia-de-tiroides\/wp-json\/wp\/v2\/types\/post"}],"author":[{"embeddable":true,"href":"https:\/\/www.barnaclinic.com\/blog\/cirugia-de-tiroides\/wp-json\/wp\/v2\/users\/2"}],"replies":[{"embeddable":true,"href":"https:\/\/www.barnaclinic.com\/blog\/cirugia-de-tiroides\/wp-json\/wp\/v2\/comments?post=148"}],"version-history":[{"count":6,"href":"https:\/\/www.barnaclinic.com\/blog\/cirugia-de-tiroides\/wp-json\/wp\/v2\/posts\/148\/revisions"}],"predecessor-version":[{"id":622,"href":"https:\/\/www.barnaclinic.com\/blog\/cirugia-de-tiroides\/wp-json\/wp\/v2\/posts\/148\/revisions\/622"}],"wp:featuredmedia":[{"embeddable":true,"href":"https:\/\/www.barnaclinic.com\/blog\/cirugia-de-tiroides\/wp-json\/wp\/v2\/media\/621"}],"wp:attachment":[{"href":"https:\/\/www.barnaclinic.com\/blog\/cirugia-de-tiroides\/wp-json\/wp\/v2\/media?parent=148"}],"wp:term":[{"taxonomy":"category","embeddable":true,"href":"https:\/\/www.barnaclinic.com\/blog\/cirugia-de-tiroides\/wp-json\/wp\/v2\/categories?post=148"},{"taxonomy":"post_tag","embeddable":true,"href":"https:\/\/www.barnaclinic.com\/blog\/cirugia-de-tiroides\/wp-json\/wp\/v2\/tags?post=148"}],"curies":[{"name":"wp","href":"https:\/\/api.w.org\/{rel}","templated":true}]}}