{"id":5541,"date":"2026-03-04T15:38:31","date_gmt":"2026-03-04T15:38:31","guid":{"rendered":"https:\/\/www.barnaclinic.com\/blog\/?p=5541"},"modified":"2026-03-04T15:38:31","modified_gmt":"2026-03-04T15:38:31","slug":"obesitat-i-insuficiencia-cardiaca-tirzepatida","status":"publish","type":"post","link":"https:\/\/www.barnaclinic.com\/blog\/ca\/blog\/obesitat-i-insuficiencia-cardiaca-tirzepatida\/","title":{"rendered":"Obesitat i insufici\u00e8ncia card\u00edaca: qu\u00e8 canvia amb la nova indicaci\u00f3 europea de tirzepatida"},"content":{"rendered":"<p><span style=\"font-weight: 400;\">El 4 de mar\u00e7, <\/span><b>Dia Mundial contra l\u2019Obesitat<\/b><span style=\"font-weight: 400;\">, \u00e9s una oportunitat per recordar que l\u2019obesitat no \u00e9s un problema est\u00e8tic, sin\u00f3 una malaltia cr\u00f2nica complexa amb impacte directe en la salut metab\u00f2lica i cardiovascular. En aquest context, la recent <\/span><b>ampliaci\u00f3 de la indicaci\u00f3 europea de la tirzepatida<\/b><span style=\"font-weight: 400;\"> \u2014principi actiu de Mounjaro\u2014<\/span><b> en pacients amb obesitat i insufici\u00e8ncia card\u00edaca<\/b><span style=\"font-weight: 400;\"> obre un nou escenari terap\u00e8utic.<\/span><\/p>\n<p><span style=\"font-weight: 400;\">Per entendre qu\u00e8 significa realment aquest canvi, hem parlat amb el <\/span><b>Dr.<\/b><a href=\"https:\/\/www.barnaclinic.com\/ca\/quadre-medic\/622\/jesus\"> <b>Jes\u00fas Blanco<\/b><\/a><b>, endocrin\u00f2leg de barnacl\u00ednic+ i de l\u2019<\/b><a href=\"https:\/\/www.clinicbarcelona.org\/\"> <b>Hospital Cl\u00ednic de Barcelona<\/b><\/a><span style=\"font-weight: 400;\">, i amb el <\/span><b>Dr. <a href=\"https:\/\/www.barnaclinic.com\/ca\/quadre-medic\/688\/pedro\">Pedro Caravaca<\/a>, cardi\u00f2leg especialista en insufici\u00e8ncia card\u00edaca de l\u2019<\/b><a href=\"https:\/\/www.clinicbarcelona.org\/\"> <b>Hospital Cl\u00ednic de Barcelona<\/b><\/a><span style=\"font-weight: 400;\">. Tots dos coincideixen en un punt clau:<\/span><a href=\"https:\/\/www.barnaclinic.com\/ca\/obesitat\/\"> <b>l\u2019obesitat<\/b><\/a><span style=\"font-weight: 400;\"> s\u2019ha d\u2019abordar avui com una malaltia inflamat\u00f2ria cr\u00f2nica amb conseq\u00fc\u00e8ncies sist\u00e8miques, especialment sobre el cor.<\/span><\/p>\n<p><!--more--><\/p>\n<p data-start=\"460\" data-end=\"885\"><b>A barnacl\u00ednic+, oferim un<\/b><a href=\"https:\/\/www.barnaclinic.com\/ca\/obesitat\/\"> <b>abordatge integral de l\u2019obesitat<\/b><\/a><span style=\"font-weight: 400;\"> que inclou les diferents opcions terap\u00e8utiques actualment disponibles \u2014des del<\/span><a href=\"https:\/\/www.barnaclinic.com\/ca\/obesitat\/tractament-farmacologic-de-l-obesitat\/\"> <span style=\"font-weight: 400;\">tractament farmacol\u00f2gic individualitzat<\/span><\/a><span style=\"font-weight: 400;\"> fins a l\u2019endosc\u00f2pia o la cirurgia bari\u00e0trica\u2014 aix\u00ed com la <\/span><b>valoraci\u00f3 i el seguiment especialitzat de la insufici\u00e8ncia card\u00edaca<\/b><span style=\"font-weight: 400;\">. La coordinaci\u00f3 entre<\/span><a href=\"https:\/\/www.barnaclinic.com\/ca\/endocrinologia-nutricio\/\"> <span style=\"font-weight: 400;\">endocrinologia<\/span><\/a><span style=\"font-weight: 400;\"> i<\/span><a href=\"https:\/\/www.barnaclinic.com\/ca\/cardiologia\/\"> <span style=\"font-weight: 400;\">cardiologia<\/span><\/a><span style=\"font-weight: 400;\"> ens permet tractar no nom\u00e9s el pes, sin\u00f3 tamb\u00e9 el risc cardiometab\u00f2lic global de cada pacient.<\/span><\/p>\n<h2><b>L\u2019obesitat: una malaltia cr\u00f2nica, complexa i sist\u00e8mica<\/b><\/h2>\n<p><span style=\"font-weight: 400;\">L\u2019obesitat, lluny de ser una q\u00fcesti\u00f3 est\u00e8tica, \u00e9s una malaltia cr\u00f2nica, progressiva i multifactorial que impacta directament en \u00f2rgans clau com el cor. \u201cL\u2019obesitat entesa en termes actuals s\u2019ha de considerar una malaltia cr\u00f2nica, complexa i progressiva en el temps.\u201d<\/span>, explica el Dr. <strong data-start=\"959\" data-end=\"1045\"><a href=\"https:\/\/www.barnaclinic.com\/ca\/quadre-medic\/622\/jesus\">Jes\u00fas Blanco<\/a><\/strong>. <span style=\"font-weight: 400;\">Durant anys, el seu abordatge es va reduir a recomanacions generals sobre dieta i exercici. Tanmateix, avui sabem que el teixit adip\u00f3s disfuncional genera inflamaci\u00f3 sist\u00e8mica, resist\u00e8ncia a la insulina i alteracions hemodin\u00e0miques que afavoreixen l\u2019aparici\u00f3 d\u2019insufici\u00e8ncia card\u00edaca.<\/span><\/p>\n<blockquote>\n<h4><img loading=\"lazy\" decoding=\"async\" class=\"alignleft wp-image-5522\" src=\"https:\/\/www.barnaclinic.com\/blog\/wp-content\/uploads\/2026\/02\/Pedro-Caravaca.jpg\" alt=\"Dr. Pedro Caravaca\" width=\"117\" height=\"117\" srcset=\"https:\/\/www.barnaclinic.com\/blog\/wp-content\/uploads\/2026\/02\/Pedro-Caravaca.jpg 540w, https:\/\/www.barnaclinic.com\/blog\/wp-content\/uploads\/2026\/02\/Pedro-Caravaca-300x300.jpg 300w, https:\/\/www.barnaclinic.com\/blog\/wp-content\/uploads\/2026\/02\/Pedro-Caravaca-150x150.jpg 150w\" sizes=\"auto, (max-width: 117px) 100vw, 117px\" \/>\u201cNo \u00e9s simplement una q\u00fcesti\u00f3 d\u2019h\u00e0bits. Hi ha una part m\u00e8dica darrere d\u2019una persona que fa temps que lluita amb el seu pes.\u201d<\/h4>\n<p>Dr. <a href=\"https:\/\/www.barnaclinic.com\/ca\/quadre-medic\/688\/pedro\"><strong>Pedro Caravaca<\/strong><\/a>, cardi\u00f2leg especialista en insufici\u00e8ncia card\u00edaca<\/p><\/blockquote>\n<p><span style=\"font-weight: 400;\">Per aix\u00f2, el tractament actual exigeix una avaluaci\u00f3 cl\u00ednica completa, l\u2019estudi de comorbiditats i, quan est\u00e0 indicat, la incorporaci\u00f3 de <\/span><a href=\"https:\/\/www.barnaclinic.com\/ca\/obesitat\/tractament-farmacologic-de-l-obesitat\/\"><b>medicaments per a l\u2019obesitat<\/b><\/a><span style=\"font-weight: 400;\">, seleccionats de manera individualitzada segons el perfil cl\u00ednic, la pres\u00e8ncia de<\/span><a href=\"https:\/\/www.barnaclinic.com\/ca\/endocrinologia-nutricio\/diabetis\/\"> <b>diabetis tipus 2<\/b><\/a><span style=\"font-weight: 400;\">, el risc cardiovascular i els objectius terap\u00e8utics de cada pacient.<\/span><\/p>\n<h2>Qu\u00e8 \u00e9s la tirzepatida i qu\u00e8 aporta en el tractament de l\u2019obesitat<\/h2>\n<p><span style=\"font-weight: 400;\">La tirzepatida, el nom comercial de la qual \u00e9s Mounjaro, <\/span><b>\u00e9s un agonista dual dels receptors GIP i GLP-1<\/b><span style=\"font-weight: 400;\"> que actua modulant la gana, augmentant la sensaci\u00f3 de sacietat i millorant el metabolisme de la glucosa.<\/span><\/p>\n<p><span style=\"font-weight: 400;\">Es <strong>diferencia de Wegovy (semaglutida)<\/strong> perqu\u00e8 la tirzepatida actua tant sobre el receptor GLP-1 com sobre el receptor GIP, mentre que la semaglutida nom\u00e9s ho fa sobre GLP-1. Tots dos s\u00f3n els <a href=\"https:\/\/www.barnaclinic.com\/ca\/obesitat\/tractament-farmacologic-de-l-obesitat\/\"><strong>\u00faltims medicaments per a l\u2019obesitat<\/strong><\/a> amb alta efic\u00e0cia cl\u00ednica.<\/span><\/p>\n<blockquote>\n<h4><img loading=\"lazy\" decoding=\"async\" class=\"alignleft wp-image-5288\" src=\"https:\/\/www.barnaclinic.com\/blog\/wp-content\/uploads\/2025\/07\/Captura-de-pantalla-2025-07-30-a-las-16.46.21.png\" alt=\"Jes\u00fas Blanco\" width=\"124\" height=\"124\" srcset=\"https:\/\/www.barnaclinic.com\/blog\/wp-content\/uploads\/2025\/07\/Captura-de-pantalla-2025-07-30-a-las-16.46.21.png 245w, https:\/\/www.barnaclinic.com\/blog\/wp-content\/uploads\/2025\/07\/Captura-de-pantalla-2025-07-30-a-las-16.46.21-150x150.png 150w\" sizes=\"auto, (max-width: 124px) 100vw, 124px\" \/><\/h4>\n<h4>\u201cEl 99,9% de les prescripcions que avui dia fem a la consulta es divideixen entre tirzepatida i semaglutida.\u201d<\/h4>\n<p>Dr. <strong data-start=\"959\" data-end=\"1045\"><a href=\"https:\/\/www.barnaclinic.com\/ca\/quadre-medic\/622\/jesus\">Jes\u00fas Blanco<\/a><\/strong>, endocrin\u00f2leg<\/p><\/blockquote>\n<p><span style=\"font-weight: 400;\">Aquests f\u00e0rmacs es poden prescriure en persones amb un IMC superior a 30 o superior a 27 si existeixen patologies associades com <\/span><a href=\"https:\/\/www.barnaclinic.com\/ca\/endocrinologia-nutricio\/diabetis\/\"><strong>diabetis tipus 2<\/strong><\/a><span style=\"font-weight: 400;\"> o <\/span><strong>malaltia cardiovascular<\/strong><span style=\"font-weight: 400;\">. Per\u00f2 la clau no \u00e9s nom\u00e9s l\u2019IMC. <\/span>\u201cQualsevol pacient amb un exc\u00e9s d\u2019adipositat \u00e9s potencialment candidat a beneficiar-se d\u2019aquests tractaments.\u201d <span style=\"font-weight: 400;\">Estem, en paraules del Dr. Caravaca, davant \u201cun moment molt dol\u00e7\u201d en el <strong>tractament de l\u2019obesitat i la insufici\u00e8ncia card\u00edaca<\/strong>.<\/span><\/p>\n<h2><b>Obesitat i insufici\u00e8ncia card\u00edaca: inflamaci\u00f3 i nou enfocament terap\u00e8utic<\/b><\/h2>\n<p><span style=\"font-weight: 400;\">El <strong>vincle entre obesitat, insufici\u00e8ncia card\u00edaca i inflamaci\u00f3<\/strong> \u00e9s avui indiscutible. <\/span><span style=\"font-weight: 400;\">Durant anys fins i tot es va parlar de la \u201ccorba en J\u201d del pes en la insufici\u00e8ncia card\u00edaca. Tanmateix, quan analitzem l\u2019exc\u00e9s real d\u2019adipositat \u2014m\u00e9s enll\u00e0 del n\u00famero a la b\u00e0scula\u2014 la relaci\u00f3 \u00e9s lineal: com m\u00e9s greix corporal, m\u00e9s risc cardiovascular.<\/span><\/p>\n<blockquote>\n<h4><img loading=\"lazy\" decoding=\"async\" class=\"alignleft wp-image-5288\" src=\"https:\/\/www.barnaclinic.com\/blog\/wp-content\/uploads\/2025\/07\/Captura-de-pantalla-2025-07-30-a-las-16.46.21.png\" alt=\"Jes\u00fas Blanco\" width=\"124\" height=\"124\" srcset=\"https:\/\/www.barnaclinic.com\/blog\/wp-content\/uploads\/2025\/07\/Captura-de-pantalla-2025-07-30-a-las-16.46.21.png 245w, https:\/\/www.barnaclinic.com\/blog\/wp-content\/uploads\/2025\/07\/Captura-de-pantalla-2025-07-30-a-las-16.46.21-150x150.png 150w\" sizes=\"auto, (max-width: 124px) 100vw, 124px\" \/><\/h4>\n<h4><b>\u201cL\u2019obesitat \u00e9s un dels motors que modula el desenvolupament i l\u2019evoluci\u00f3 de la insufici\u00e8ncia card\u00edaca.\u201d<\/b><\/h4>\n<p>Dr. <strong data-start=\"959\" data-end=\"1045\"><a href=\"https:\/\/www.barnaclinic.com\/ca\/quadre-medic\/622\/jesus\">Jes\u00fas Blanco<\/a><\/strong>, endocrin\u00f2leg<\/p><\/blockquote>\n<p><span style=\"font-weight: 400;\">Durant anys fins i tot es va parlar de la \u201ccorba en J\u201d del pes en la insufici\u00e8ncia card\u00edaca. Tanmateix, quan analitzem l\u2019exc\u00e9s real d\u2019adipositat \u2014m\u00e9s enll\u00e0 del n\u00famero a la b\u00e0scula\u2014 la relaci\u00f3 \u00e9s lineal: com m\u00e9s greix corporal, m\u00e9s risc cardiovascular.<\/span><\/p>\n<p><span style=\"font-weight: 400;\">Especialment en la insufici\u00e8ncia card\u00edaca amb fracci\u00f3 d\u2019ejecci\u00f3 preservada, el problema no \u00e9s tant la for\u00e7a del cor, sin\u00f3 la rigidesa i l\u2019augment de pressions.<\/span><\/p>\n<p><span style=\"font-weight: 400;\">Aix\u00f2 explica per qu\u00e8 tractar l\u2019adipositat pot convertir-se en una pe\u00e7a clau en el tractament de la <\/span><b>insufici\u00e8ncia card\u00edaca.<\/b><span style=\"font-weight: 400;\"> Com assenyala el Dr. Blanco <\/span><b>\u201cAmb els nous tractaments de l\u2019obesitat hem incorporat un nou arsenal terap\u00e8utic que millora l\u2019evoluci\u00f3 cl\u00ednica dels pacients i disminueix l\u2019aparici\u00f3 d\u2019esdeveniments cl\u00ednics.\u201d<\/b><\/p>\n<p><span style=\"font-weight: 400;\">En la insufici\u00e8ncia card\u00edaca no solem parlar de curaci\u00f3 definitiva. Tanmateix, avui sabem que <\/span><b>es pot viure amb insufici\u00e8ncia card\u00edaca i es pot viure molts anys amb insufici\u00e8ncia card\u00edaca<\/b><span style=\"font-weight: 400;\"> quan s\u2019aborda de manera integral, actuant sobre tots els eixos fisiopatol\u00f2gics implicats \u2014inclosa la inflamaci\u00f3 metab\u00f2lica associada a l\u2019obesitat\u2014 i optimitzant de manera personalitzada cada component del tractament.<\/span><\/p>\n<p><span style=\"font-weight: 400;\">En determinats perfils, la tirzepatida pot actuar com un veritable <\/span><b>f\u00e0rmac per a la insufici\u00e8ncia card\u00edaca<\/b><span style=\"font-weight: 400;\"> quan l\u2019obesitat \u00e9s un factor modulador central.<\/span><\/p>\n<h2><b>Seguretat i seguiment: claus per a l\u2019\u00e8xit<\/b><\/h2>\n<p><span style=\"font-weight: 400;\">Els <strong>efectes secundaris m\u00e9s freq\u00fcents de la tirzepatida<\/strong> s\u00f3n de car\u00e0cter digestiu: n\u00e0usees, sensaci\u00f3 de plenitud, digestions m\u00e9s lentes o restrenyiment, especialment quan l\u2019escalat de dosis es fa de manera r\u00e0pida. En la majoria dels casos es tracta de mol\u00e8sties transit\u00f2ries i manejables dins d\u2019un seguiment m\u00e8dic adequat. <\/span><span style=\"font-weight: 400;\">Com explica el Dr. Blanco: \u201cPart de l\u2019abordatge m\u00e8dic \u00e9s minimitzar i individualitzar les dosis per a cada persona per tal d\u2019aconseguir la m\u00ednima incid\u00e8ncia possible d\u2019efectes secundaris.\u201d<\/span><\/p>\n<p><span style=\"font-weight: 400;\">La clau \u00e9s la personalitzaci\u00f3 i un ajust progressiu del tractament. En <strong>pacients amb insufici\u00e8ncia card\u00edaca<\/strong>, a m\u00e9s, pot ser necessari revisar la pauta de di\u00fcr\u00e8tics, ja que aquests f\u00e0rmacs poden afegir un lleu efecte di\u00fcr\u00e8tic addicional.<\/span><\/p>\n<blockquote>\n<h4><img loading=\"lazy\" decoding=\"async\" class=\"alignleft wp-image-5522\" src=\"https:\/\/www.barnaclinic.com\/blog\/wp-content\/uploads\/2026\/02\/Pedro-Caravaca.jpg\" alt=\"Dr. Pedro Caravaca\" width=\"117\" height=\"117\" srcset=\"https:\/\/www.barnaclinic.com\/blog\/wp-content\/uploads\/2026\/02\/Pedro-Caravaca.jpg 540w, https:\/\/www.barnaclinic.com\/blog\/wp-content\/uploads\/2026\/02\/Pedro-Caravaca-300x300.jpg 300w, https:\/\/www.barnaclinic.com\/blog\/wp-content\/uploads\/2026\/02\/Pedro-Caravaca-150x150.jpg 150w\" sizes=\"auto, (max-width: 117px) 100vw, 117px\" \/><\/h4>\n<p><b>\u201cS\u00f3n f\u00e0rmacs molt segurs i amb petits ajustos rarament \u00e9s necessari suspendre la medicaci\u00f3.\u201d<\/b><\/p>\n<blockquote><p>Dr. <a href=\"https:\/\/www.barnaclinic.com\/ca\/quadre-medic\/688\/pedro\"><strong>Pedro Caravaca<\/strong><\/a>, cardi\u00f2leg especialista en insufici\u00e8ncia card\u00edaca<\/p><\/blockquote>\n<\/blockquote>\n<p><span style=\"font-weight: 400;\">No parlem de solucions a\u00efllades ni d\u2019intervencions puntuals, sin\u00f3 d\u2019eines terap\u00e8utiques eficaces que, integrades en un pla estructurat i multidisciplinari, permeten optimitzar els resultats i la seguretat a llarg termini.<\/span><\/p>\n<h2>Tractament integral a barnacl\u00ednic+<\/h2>\n<p><a href=\"https:\/\/www.barnaclinic.com\/ca\/obesitat\/\"><strong>L\u2019obesitat<\/strong><\/a> \u00e9s una malaltia cr\u00f2nica que requereix un enfocament multidisciplinari. A barnacl\u00ednic+ comptem amb:<\/p>\n<ul>\n<li>\n<h4><a href=\"https:\/\/www.barnaclinic.com\/ca\/obesitat\/tractament-farmacologic-de-l-obesitat\/\">Tractament farmacol\u00f2gic individualitzat.<\/a><\/h4>\n<\/li>\n<li>\n<h4>Programes estructurats de p\u00e8rdua de pes.<\/h4>\n<\/li>\n<li><strong>T\u00e8cniques endosc\u00f2piques per a pacients concrets.<\/strong><\/li>\n<li>\n<h4>Cirurgia bari\u00e0trica en els casos indicats.<\/h4>\n<\/li>\n<li>\n<h4>Avaluaci\u00f3 i tractament especialitzat de la insufici\u00e8ncia card\u00edaca.<\/h4>\n<\/li>\n<li>\n<h4>Coordinaci\u00f3 directa entre <a href=\"https:\/\/www.barnaclinic.com\/es\/endocrinologia-nutricion\/\">endocrinologia<\/a> i <a href=\"https:\/\/www.barnaclinic.com\/es\/cardiologia\/\">cardiologia<\/a>.<\/h4>\n<\/li>\n<\/ul>\n<p><span style=\"font-weight: 400;\">L\u2019objectiu no \u00e9s \u00fanicament reduir pes, sin\u00f3 disminuir el risc cardiovascular, millorar la qualitat de vida i optimitzar el pron\u00f2stic.<\/span><\/p>\n<p><span style=\"font-weight: 400;\">La nova indicaci\u00f3 europea de la tirzepatida refor\u00e7a un missatge clar: el <\/span><a href=\"https:\/\/www.barnaclinic.com\/ca\/obesitat\/\"><b>tractament de l\u2019obesitat<\/b><\/a><span style=\"font-weight: 400;\"> ha evolucionat. Avui parlem de medicina personalitzada, de control del risc cardiometab\u00f2lic i d\u2019intervenci\u00f3 preco\u00e7 basada en evid\u00e8ncia cient\u00edfica.<\/span><\/p>\n<hr \/>\n<p><b>Mira l\u2019entrevista completa<\/b><\/p>\n<p><span style=\"font-weight: 400;\">Et convidem a veure l\u2019entrevista amb el Dr. <strong data-start=\"959\" data-end=\"1045\"><a href=\"https:\/\/www.barnaclinic.com\/ca\/quadre-medic\/622\/jesus\">Jes\u00fas Blanco<\/a><\/strong> i el Dr. <a href=\"https:\/\/www.barnaclinic.com\/ca\/quadre-medic\/688\/pedro\"><strong>Pedro Caravaca<\/strong><\/a> per aprofundir en <strong>qu\u00e8 \u00e9s Mounjaro, com actua la tirzepatida i quin \u00e9s el seu paper en l\u2019obesitat i la insufici\u00e8ncia card\u00edaca<\/strong>.<\/span><\/p>\n<div align=\"center\"><iframe loading=\"lazy\" title=\"YouTube video player\" src=\"https:\/\/www.youtube.com\/embed\/rvKPPi9eLU0?si=C5Y_RJ91BOjygLUd\" width=\"700\" height=\"394\" frameborder=\"0\" allowfullscreen=\"allowfullscreen\"><span data-mce-type=\"bookmark\" style=\"display: inline-block; width: 0px; overflow: hidden; line-height: 0;\" class=\"mce_SELRES_start\">\ufeff<\/span><\/iframe><\/div>\n<p><span style=\"font-weight: 400;\">Si desitges una valoraci\u00f3 personalitzada, pots sol\u00b7licitar cita amb el nostre equip multidisciplinari i estudiar quina opci\u00f3 terap\u00e8utica \u00e9s la m\u00e9s adequada en el teu cas.<\/span><\/p>\n<hr \/>\n<div id=\"estoy-interesado\" class=\"destacat-site\">\n<h3 style=\"padding: 0 15px;\" align=\"center\"><span style=\"color: white;\"> Vols m\u00e9s informaci\u00f3 sobre el tractament farmacol\u00f2gic de l\u2019obesitat o la valoraci\u00f3 especialitzada en insufici\u00e8ncia card\u00edaca?<\/span><\/h3>\n<p style=\"padding: 0 20px;\" align=\"center\"><a class=\"button\" href=\"https:\/\/forms.office.com\/Pages\/ResponsePage.aspx?id=Qfd_ZuT7i0aVP_w82AGuNBi3QF7Gox1FpeJZIBbyrBNUQ0FMME5OQVUxMk5NN0YwNlZPSzdUTEg1Ti4u\">M\u2019INTERESSA<\/a><\/p>\n<\/div>\n","protected":false},"excerpt":{"rendered":"<p>El 4 de mar\u00e7, Dia Mundial contra l\u2019Obesitat, \u00e9s una oportunitat per recordar que l\u2019obesitat no \u00e9s un problema est\u00e8tic, sin\u00f3 una malaltia cr\u00f2nica complexa amb impacte directe en la salut metab\u00f2lica i cardiovascular. En aquest context, la recent ampliaci\u00f3 de la indicaci\u00f3 europea de la tirzepatida \u2014principi actiu de Mounjaro\u2014 en pacients amb obesitat [&hellip;]<\/p>\n","protected":false},"author":2,"featured_media":5532,"comment_status":"open","ping_status":"closed","sticky":false,"template":"","format":"standard","meta":{"footnotes":""},"categories":[329,320,413,612,571],"tags":[1728,1506,2863,2670,1317,2871,2864,2865,2866,2867,2868,2872,2869,2870],"class_list":["post-5541","post","type-post","status-publish","format-standard","has-post-thumbnail","hentry","category-cirurgia-cardiovascular-2","category-cirurgia-digestiva","category-els-nostres-serveis","category-grup-hospital-clinic","category-grup-hospital-clinic-de-barcelona","tag-barnaclinic-2","tag-cardiologia-2","tag-diabetis-tipus-2","tag-endocrinologia-ca","tag-hospital-clinic-de-barcelona-ca","tag-insuficiencia-cardiaca-ca","tag-insuficiencia-cardiaca-tractament","tag-medicaments-per-a-lobesitat","tag-obesitat","tag-obesitat-i-cor","tag-risc-cardiovascular","tag-tirzepatida-ca","tag-tractament-de-lobesitat","tag-tractament-farmacologic-obesitat"],"yoast_head":"<!-- This site is optimized with the Yoast SEO plugin v19.14 - https:\/\/yoast.com\/wordpress\/plugins\/seo\/ -->\n<title>Obesitat i insufici\u00e8ncia card\u00edaca: qu\u00e8 canvia amb la tirzepatida<\/title>\n<meta name=\"description\" content=\"La recent ampliaci\u00f3 de la indicaci\u00f3 europea de la tirzepatida davant d&#039;obesitat i insufici\u00e8ncia card\u00edaca obre un nou escenari terap\u00e8utic\" \/>\n<meta name=\"robots\" content=\"index, follow, max-snippet:-1, max-image-preview:large, max-video-preview:-1\" \/>\n<link rel=\"canonical\" href=\"https:\/\/www.barnaclinic.com\/blog\/ca\/blog\/obesitat-i-insuficiencia-cardiaca-tirzepatida\/\" \/>\n<meta property=\"og:locale\" content=\"ca_ES\" \/>\n<meta property=\"og:type\" content=\"article\" \/>\n<meta property=\"og:title\" content=\"Obesitat i insufici\u00e8ncia card\u00edaca: qu\u00e8 canvia amb la tirzepatida\" \/>\n<meta property=\"og:description\" content=\"La recent ampliaci\u00f3 de la indicaci\u00f3 europea de la tirzepatida davant d&#039;obesitat i insufici\u00e8ncia card\u00edaca obre un nou escenari terap\u00e8utic\" \/>\n<meta property=\"og:url\" content=\"https:\/\/www.barnaclinic.com\/blog\/ca\/blog\/obesitat-i-insuficiencia-cardiaca-tirzepatida\/\" \/>\n<meta property=\"og:site_name\" content=\"Blog barnacl\u00ednic+\" \/>\n<meta property=\"article:published_time\" content=\"2026-03-04T15:38:31+00:00\" \/>\n<meta property=\"og:image\" content=\"https:\/\/www.barnaclinic.com\/blog\/wp-content\/uploads\/2026\/02\/tirzepatida.jpg\" \/>\n\t<meta property=\"og:image:width\" content=\"960\" \/>\n\t<meta property=\"og:image:height\" content=\"540\" \/>\n\t<meta property=\"og:image:type\" content=\"image\/jpeg\" \/>\n<meta name=\"author\" content=\"barnacl\u00ednic+\" \/>\n<meta name=\"twitter:label1\" content=\"Escrit per\" \/>\n\t<meta name=\"twitter:data1\" content=\"barnacl\u00ednic+\" \/>\n\t<meta name=\"twitter:label2\" content=\"Temps estimat de lectura\" \/>\n\t<meta name=\"twitter:data2\" content=\"7 minuts\" \/>\n<script type=\"application\/ld+json\" class=\"yoast-schema-graph\">{\"@context\":\"https:\/\/schema.org\",\"@graph\":[{\"@type\":\"WebPage\",\"@id\":\"https:\/\/www.barnaclinic.com\/blog\/ca\/blog\/obesitat-i-insuficiencia-cardiaca-tirzepatida\/\",\"url\":\"https:\/\/www.barnaclinic.com\/blog\/ca\/blog\/obesitat-i-insuficiencia-cardiaca-tirzepatida\/\",\"name\":\"Obesitat i insufici\u00e8ncia card\u00edaca: qu\u00e8 canvia amb la tirzepatida\",\"isPartOf\":{\"@id\":\"https:\/\/www.barnaclinic.com\/blog\/#website\"},\"datePublished\":\"2026-03-04T15:38:31+00:00\",\"dateModified\":\"2026-03-04T15:38:31+00:00\",\"author\":{\"@id\":\"https:\/\/www.barnaclinic.com\/blog\/#\/schema\/person\/062c0219c54bbf07163f34494da33e17\"},\"description\":\"La recent ampliaci\u00f3 de la indicaci\u00f3 europea de la tirzepatida davant d'obesitat i insufici\u00e8ncia card\u00edaca obre un nou escenari terap\u00e8utic\",\"inLanguage\":\"ca\",\"potentialAction\":[{\"@type\":\"ReadAction\",\"target\":[\"https:\/\/www.barnaclinic.com\/blog\/ca\/blog\/obesitat-i-insuficiencia-cardiaca-tirzepatida\/\"]}]},{\"@type\":\"WebSite\",\"@id\":\"https:\/\/www.barnaclinic.com\/blog\/#website\",\"url\":\"https:\/\/www.barnaclinic.com\/blog\/\",\"name\":\"Blog barnacl\u00ednic+\",\"description\":\"Informaci\u00f3n y novedades sobre los servicios y profesionales de barnacl\u00ednic+, Hospital Cl\u00ednic de Barcelona\",\"potentialAction\":[{\"@type\":\"SearchAction\",\"target\":{\"@type\":\"EntryPoint\",\"urlTemplate\":\"https:\/\/www.barnaclinic.com\/blog\/?s={search_term_string}\"},\"query-input\":\"required name=search_term_string\"}],\"inLanguage\":\"ca\"},{\"@type\":\"Person\",\"@id\":\"https:\/\/www.barnaclinic.com\/blog\/#\/schema\/person\/062c0219c54bbf07163f34494da33e17\",\"name\":\"barnacl\u00ednic+\",\"url\":\"https:\/\/www.barnaclinic.com\/blog\/ca\/blog\/author\/alex\/\"}]}<\/script>\n<!-- \/ Yoast SEO plugin. -->","yoast_head_json":{"title":"Obesitat i insufici\u00e8ncia card\u00edaca: qu\u00e8 canvia amb la tirzepatida","description":"La recent ampliaci\u00f3 de la indicaci\u00f3 europea de la tirzepatida davant d'obesitat i insufici\u00e8ncia card\u00edaca obre un nou escenari terap\u00e8utic","robots":{"index":"index","follow":"follow","max-snippet":"max-snippet:-1","max-image-preview":"max-image-preview:large","max-video-preview":"max-video-preview:-1"},"canonical":"https:\/\/www.barnaclinic.com\/blog\/ca\/blog\/obesitat-i-insuficiencia-cardiaca-tirzepatida\/","og_locale":"ca_ES","og_type":"article","og_title":"Obesitat i insufici\u00e8ncia card\u00edaca: qu\u00e8 canvia amb la tirzepatida","og_description":"La recent ampliaci\u00f3 de la indicaci\u00f3 europea de la tirzepatida davant d'obesitat i insufici\u00e8ncia card\u00edaca obre un nou escenari terap\u00e8utic","og_url":"https:\/\/www.barnaclinic.com\/blog\/ca\/blog\/obesitat-i-insuficiencia-cardiaca-tirzepatida\/","og_site_name":"Blog barnacl\u00ednic+","article_published_time":"2026-03-04T15:38:31+00:00","og_image":[{"width":960,"height":540,"url":"https:\/\/www.barnaclinic.com\/blog\/wp-content\/uploads\/2026\/02\/tirzepatida.jpg","type":"image\/jpeg"}],"author":"barnacl\u00ednic+","twitter_misc":{"Escrit per":"barnacl\u00ednic+","Temps estimat de lectura":"7 minuts"},"schema":{"@context":"https:\/\/schema.org","@graph":[{"@type":"WebPage","@id":"https:\/\/www.barnaclinic.com\/blog\/ca\/blog\/obesitat-i-insuficiencia-cardiaca-tirzepatida\/","url":"https:\/\/www.barnaclinic.com\/blog\/ca\/blog\/obesitat-i-insuficiencia-cardiaca-tirzepatida\/","name":"Obesitat i insufici\u00e8ncia card\u00edaca: qu\u00e8 canvia amb la tirzepatida","isPartOf":{"@id":"https:\/\/www.barnaclinic.com\/blog\/#website"},"datePublished":"2026-03-04T15:38:31+00:00","dateModified":"2026-03-04T15:38:31+00:00","author":{"@id":"https:\/\/www.barnaclinic.com\/blog\/#\/schema\/person\/062c0219c54bbf07163f34494da33e17"},"description":"La recent ampliaci\u00f3 de la indicaci\u00f3 europea de la tirzepatida davant d'obesitat i insufici\u00e8ncia card\u00edaca obre un nou escenari terap\u00e8utic","inLanguage":"ca","potentialAction":[{"@type":"ReadAction","target":["https:\/\/www.barnaclinic.com\/blog\/ca\/blog\/obesitat-i-insuficiencia-cardiaca-tirzepatida\/"]}]},{"@type":"WebSite","@id":"https:\/\/www.barnaclinic.com\/blog\/#website","url":"https:\/\/www.barnaclinic.com\/blog\/","name":"Blog barnacl\u00ednic+","description":"Informaci\u00f3n y novedades sobre los servicios y profesionales de barnacl\u00ednic+, Hospital Cl\u00ednic de Barcelona","potentialAction":[{"@type":"SearchAction","target":{"@type":"EntryPoint","urlTemplate":"https:\/\/www.barnaclinic.com\/blog\/?s={search_term_string}"},"query-input":"required name=search_term_string"}],"inLanguage":"ca"},{"@type":"Person","@id":"https:\/\/www.barnaclinic.com\/blog\/#\/schema\/person\/062c0219c54bbf07163f34494da33e17","name":"barnacl\u00ednic+","url":"https:\/\/www.barnaclinic.com\/blog\/ca\/blog\/author\/alex\/"}]}},"_links":{"self":[{"href":"https:\/\/www.barnaclinic.com\/blog\/ca\/wp-json\/wp\/v2\/posts\/5541","targetHints":{"allow":["GET"]}}],"collection":[{"href":"https:\/\/www.barnaclinic.com\/blog\/ca\/wp-json\/wp\/v2\/posts"}],"about":[{"href":"https:\/\/www.barnaclinic.com\/blog\/ca\/wp-json\/wp\/v2\/types\/post"}],"author":[{"embeddable":true,"href":"https:\/\/www.barnaclinic.com\/blog\/ca\/wp-json\/wp\/v2\/users\/2"}],"replies":[{"embeddable":true,"href":"https:\/\/www.barnaclinic.com\/blog\/ca\/wp-json\/wp\/v2\/comments?post=5541"}],"version-history":[{"count":1,"href":"https:\/\/www.barnaclinic.com\/blog\/ca\/wp-json\/wp\/v2\/posts\/5541\/revisions"}],"predecessor-version":[{"id":5542,"href":"https:\/\/www.barnaclinic.com\/blog\/ca\/wp-json\/wp\/v2\/posts\/5541\/revisions\/5542"}],"wp:featuredmedia":[{"embeddable":true,"href":"https:\/\/www.barnaclinic.com\/blog\/ca\/wp-json\/wp\/v2\/media\/5532"}],"wp:attachment":[{"href":"https:\/\/www.barnaclinic.com\/blog\/ca\/wp-json\/wp\/v2\/media?parent=5541"}],"wp:term":[{"taxonomy":"category","embeddable":true,"href":"https:\/\/www.barnaclinic.com\/blog\/ca\/wp-json\/wp\/v2\/categories?post=5541"},{"taxonomy":"post_tag","embeddable":true,"href":"https:\/\/www.barnaclinic.com\/blog\/ca\/wp-json\/wp\/v2\/tags?post=5541"}],"curies":[{"name":"wp","href":"https:\/\/api.w.org\/{rel}","templated":true}]}}