{"id":5467,"date":"2026-01-22T09:41:29","date_gmt":"2026-01-22T09:41:29","guid":{"rendered":"https:\/\/www.barnaclinic.com\/blog\/?p=5467"},"modified":"2026-02-06T11:15:36","modified_gmt":"2026-02-06T11:15:36","slug":"electroporacio-salut-plus","status":"publish","type":"post","link":"https:\/\/www.barnaclinic.com\/blog\/ca\/blog\/electroporacio-salut-plus\/","title":{"rendered":"barnacl\u00ednic+ aborda l\u2019electroporaci\u00f3 com a nou tractament per a la fibril\u00b7laci\u00f3 auricular al podcast \u201cSalud (t) Plus&#8221;"},"content":{"rendered":"<p><span style=\"font-weight: 400;\">Despr\u00e9s del <a href=\"https:\/\/www.barnaclinic.com\/blog\/ca\/blog\/barnaclinic-salut-plus-podcast\/\">primer episodi de <\/a><\/span><a href=\"https:\/\/www.barnaclinic.com\/blog\/ca\/blog\/barnaclinic-salut-plus-podcast\/\"><i><span style=\"font-weight: 400;\">\u201cSalud (t) Plus\u201d<\/span><\/i><\/a><span style=\"font-weight: 400;\">, el podcast de barnacl\u00ednic+ que va estrenar el format amb <a href=\"https:\/\/www.youtube.com\/watch?v=XDvIJhN43Bg\" target=\"_blank\" rel=\"noopener\">l\u2019experi\u00e8ncia real de l&#8217;Ares Teixid\u00f3<\/a> on ens compartia com ella ha apr\u00e8s a <strong>conviure amb la diabetis tipus 1<\/strong>, aquest nou cap\u00edtol se centra en l\u2019<\/span><a href=\"https:\/\/www.barnaclinic.com\/blog\/ca\/blog\/electroporacio\/\" target=\"_blank\" rel=\"noopener\"><b>electroporaci\u00f3<\/b><\/a><span style=\"font-weight: 400;\">, un tractament innovador per a la <\/span><b>fibril\u00b7laci\u00f3 auricular<\/b><span style=\"font-weight: 400;\">, una de les <a href=\"https:\/\/www.barnaclinic.com\/ca\/especialitats\/7\/arritmias\">arr\u00edtmies card\u00edaques<\/a> m\u00e9s freq\u00fcents. A trav\u00e9s del testimoni d\u2019una pacient i l\u2019experi\u00e8ncia de l\u2019equip m\u00e8dic, el podcast apropa aquesta nova t\u00e8cnica d\u2019ablaci\u00f3 i el seu impacte real en la qualitat de vida. <\/span><span style=\"font-weight: 400;\">La protagonista del cap\u00edtol \u00e9s la <strong>Montserrat Bel<\/strong>, pacient de barnacl\u00ednic+, que explica en primera persona com ha conviscut durant anys amb episodis de fibril\u00b7laci\u00f3 auricular parox\u00edstica, la por constant a la imprevisibilitat dels s\u00edmptomes i l\u2019impacte emocional i f\u00edsic que tot plegat ha tingut en el seu dia a dia. L\u2019acompanyen en aquesta conversa el Dr. <a href=\"https:\/\/www.barnaclinic.com\/ca\/quadre-medic\/525\/ivo\"><strong>Ivo Roca<\/strong><\/a> i el Dr. <strong><a href=\"https:\/\/www.barnaclinic.com\/ca\/quadre-medic\/579\/andreu\">Andreu Porta<\/a><\/strong>, especialistes en <a href=\"https:\/\/www.barnaclinic.com\/ca\/cardiologia\/\">Cardiologia<\/a> de barnacl\u00ednic+, que expliquen amb claredat<strong> qu\u00e8 \u00e9s l\u2019electroporaci\u00f3<\/strong> i quin paper t\u00e9 com a alternativa a les t\u00e8cniques d\u2019ablaci\u00f3 convencionals.<\/span><\/p>\n<p><!--more--><\/p>\n<blockquote>\n<h4><b>\u00a0\u201cL&#8217;electroporaci\u00f3 m\u2019ha canviat la vida\u201d<\/b><\/h4>\n<p><span style=\"font-weight: 400;\"><strong>Montserrat Bel<\/strong>, pacient de barnacl\u00ednic+<\/span><\/p><\/blockquote>\n<h2><b>Qu\u00e8 \u00e9s l\u2019electroporaci\u00f3 i com pot millorar el tractament de la fibril\u00b7laci\u00f3 auricular<\/b><\/h2>\n<p><span style=\"font-weight: 400;\">Durant aquest cap\u00edtol, els professionals detallen <strong>en qu\u00e8 consisteix l\u2019electroporaci\u00f3<\/strong>, en qu\u00e8 es diferencia d\u2019altres t\u00e8cniques d\u2019<strong>ablaci\u00f3 de les <a href=\"https:\/\/www.barnaclinic.com\/ca\/especialitats\/7\/arritmias\">arritmies<\/a><\/strong> i per qu\u00e8 ha suposat un pas endavant en el <strong>tractament de la fibril\u00b7laci\u00f3 auricular<\/strong>. <\/span><i><span style=\"font-weight: 400;\">\u201c\u00c9s una energia diferent de la que utilitz\u00e0vem fins ara per fer l\u2019ablaci\u00f3\u201d<\/span><\/i><span style=\"font-weight: 400;\">, explica el Dr. <a href=\"https:\/\/www.barnaclinic.com\/ca\/quadre-medic\/579\/andreu\"><strong>Andreu Porta<\/strong><\/a>. <\/span><i><span style=\"font-weight: 400;\">\u201cTradicionalment destru\u00edem el teixit amb fred o amb calor, radiofreq\u00fc\u00e8ncia o crioablaci\u00f3. Tot i que s\u00f3n t\u00e8cniques segures i amb bons resultats, poden afectar teixits del voltant del cor\u201d<\/span><\/i><span style=\"font-weight: 400;\">. <\/span><span style=\"font-weight: 400;\">Amb l\u2019<strong>electroporaci\u00f3<\/strong>, en canvi, s\u2019ha aconseguit una energia molt m\u00e9s selectiva del m\u00fascul card\u00edac, que permet actuar directament sobre el cor sense afectar les estructures del voltant i amb un alt perfil de seguretat.<\/span><\/p>\n<blockquote>\n<h4><b>\u201cEs dirigeix directament al cor, no escalfa les estructures del voltant i ofereix resultats igual de bons, o fins i tot lleugerament millors, amb un perfil de seguretat m\u00e9s alt\u201d<\/b><\/h4>\n<p>Dr. <span style=\"font-weight: 400;\"><a href=\"https:\/\/www.barnaclinic.com\/ca\/quadre-medic\/579\/andreu\"><strong>Andreu Porta<\/strong><\/a><\/span><\/p><\/blockquote>\n<p><span style=\"font-weight: 400;\">A m\u00e9s, es tracta d\u2019un procediment relativament senzill, amb una recuperaci\u00f3 r\u00e0pida, fet que contribueix a millorar l\u2019experi\u00e8ncia global del pacient despr\u00e9s de la intervenci\u00f3.<\/span><\/p>\n<div id=\"estoy-interesado\" class=\"destacat-site\">\n<h4 style=\"padding-left: 40px;\">Et pot interessar&#8230;<\/h4>\n<h4 style=\"padding-left: 80px;\"><a href=\"https:\/\/www.barnaclinic.com\/blog\/ca\/blog\/electroporacio\/\" target=\"_blank\" rel=\"noopener noreferrer\"><strong>barnacl\u00ednic+ ofereix una nova alternativa per a la fibril\u00b7laci\u00f3 auricular: l\u2019electroporaci\u00f3<br \/>\n<\/strong><\/a><\/h4>\n<\/div>\n<p><span style=\"font-weight: 400;\">Tot i que l\u2019<a href=\"https:\/\/www.barnaclinic.com\/blog\/ca\/blog\/electroporacio\/\" target=\"_blank\" rel=\"noopener\"><b>electroporaci\u00f3<\/b><\/a> \u00e9s una t\u00e8cnica relativament nova \u2014amb un recorregut de diversos anys\u2014, a barnacl\u00ednic+ s\u2019ha fet una aposta clara per ser pioners en la seva aplicaci\u00f3. <\/span><i><span style=\"font-weight: 400;\">\u201cEls resultats s\u00f3n molt prometedors, per\u00f2 el m\u00e9s rellevant \u00e9s disposar de totes les eines disponibles per poder personalitzar el tractament segons les necessitats de cada pacient i abordar la fibril\u00b7laci\u00f3 auricular de la millor manera possible\u201d<\/span><\/i><span style=\"font-weight: 400;\">, conclouen els especialistes.<\/span><\/p>\n<blockquote>\n<h4><b>\u201cSempre ho explico als pacients: els f\u00e0rmacs poden semblar m\u00e9s segurs perqu\u00e8 no punxem res, per\u00f2 tamb\u00e9 poden donar problemes i, sobretot, no curen l\u2019ar\u00edtmia, nom\u00e9s l\u2019adormen. Quan es retira la medicaci\u00f3, sovint torna a apar\u00e8ixer. L\u2019electroporaci\u00f3 fa que molts pacients se sentin m\u00e9s tranquils a l\u2019hora de fer-se una ablaci\u00f3, perqu\u00e8 \u00e9s una t\u00e8cnica amb un punt m\u00e9s de seguretat\u201d<\/b><\/h4>\n<p>Dr. <span style=\"font-weight: 400;\"><a href=\"https:\/\/www.barnaclinic.com\/ca\/quadre-medic\/525\/ivo\"><strong>Ivo Roca<\/strong><\/a><\/span>, cardi\u00f2leg de barnacl\u00ednic+<\/p><\/blockquote>\n<hr \/>\n<div align=\"center\"><iframe loading=\"lazy\" title=\"YouTube video player\" src=\"https:\/\/www.youtube.com\/embed\/aIYSIRhhn8w?si=g2a8cvXH-xfj2A-p\" width=\"700\" height=\"394\" frameborder=\"0\" allowfullscreen=\"allowfullscreen\" data-mce-fragment=\"1\"><span data-mce-type=\"bookmark\" style=\"display: inline-block; width: 0px; overflow: hidden; line-height: 0;\" class=\"mce_SELRES_start\">\ufeff<\/span><\/iframe><\/div>\n<hr \/>\n<h2><b>Salud (t) Plus\u201d: una mirada humana i real sobre salut<\/b><\/h2>\n<p><span style=\"font-weight: 400;\">Amb aquest episodi, <\/span><i><span style=\"font-weight: 400;\">\u201c<a href=\"https:\/\/open.spotify.com\/show\/4uLaYHba39XfM9WUyVztKm?si=yDQ0iLyLTw-e7WZdBq1B_w\">Salud (t) Plus<\/a>\u201d<\/span><\/i><span style=\"font-weight: 400;\"> continua refor\u00e7ant el comprom\u00eds de barnacl\u00ednic+ amb una medicina centrada en la persona, que combina innovaci\u00f3 m\u00e8dica, rigor cient\u00edfic i viv\u00e8ncies reals. Cada cap\u00edtol apropa la salut, la recerca i l\u2019experi\u00e8ncia dels pacients a la societat, posant veu a hist\u00f2ries que ajuden a entendre millor cada diagn\u00f2stic i cada tractament.<\/span><\/p>\n<hr \/>\n<p>Escolta el segon episodi de <strong>\u201cSalud (t) Plus\u201d<\/strong> a Spotify:<\/p>\n<p><iframe loading=\"lazy\" style=\"border-radius: 12px;\" src=\"https:\/\/open.spotify.com\/embed\/episode\/7KsgCIFmKA8zpG09birZe5?si=Ywm2bwafQ8yz2uiZBpBBFg?utm_source=generator&amp;theme=0\" width=\"100%\" height=\"152\" frameborder=\"0\" allowfullscreen=\"allowfullscreen\" data-testid=\"embed-iframe\" data-mce-fragment=\"1\"><span data-mce-type=\"bookmark\" style=\"display: inline-block; width: 0px; overflow: hidden; line-height: 0;\" class=\"mce_SELRES_start\">\ufeff<\/span><\/iframe><\/p>\n<hr \/>\n<div id=\"estoy-interesado\" class=\"destacat-site\">\n<h3 style=\"padding: 0 15px;\" align=\"center\"><span style=\"color: white;\"> Vols m\u00e9s informaci\u00f3 sobre l&#8217;electroporaci\u00f3 o con\u00e8ixer altres tractaments de la fibril\u00b7laci\u00f3 auricular?<\/span><\/h3>\n<p style=\"padding: 0 20px;\" align=\"center\"><a class=\"button\" href=\"https:\/\/forms.office.com\/Pages\/ResponsePage.aspx?id=Qfd_ZuT7i0aVP_w82AGuNBi3QF7Gox1FpeJZIBbyrBNUQ0FMME5OQVUxMk5NN0YwNlZPSzdUTEg1Ti4u\">M&#8217;INTERESSA<\/a><\/p>\n<\/div>\n","protected":false},"excerpt":{"rendered":"<p>Despr\u00e9s del primer episodi de \u201cSalud (t) Plus\u201d, el podcast de barnacl\u00ednic+ que va estrenar el format amb l\u2019experi\u00e8ncia real de l&#8217;Ares Teixid\u00f3 on ens compartia com ella ha apr\u00e8s a conviure amb la diabetis tipus 1, aquest nou cap\u00edtol se centra en l\u2019electroporaci\u00f3, un tractament innovador per a la fibril\u00b7laci\u00f3 auricular, una de les [&hellip;]<\/p>\n","protected":false},"author":2,"featured_media":5474,"comment_status":"open","ping_status":"closed","sticky":false,"template":"","format":"standard","meta":{"footnotes":""},"categories":[328,329,413],"tags":[2800,2799,1728,1506,2120,2802,2121,2801,2803,2707,2804,2123],"class_list":["post-5467","post","type-post","status-publish","format-standard","has-post-thumbnail","hentry","category-cirurgia-cardiovascular","category-cirurgia-cardiovascular-2","category-els-nostres-serveis","tag-ablacio-cardiaca","tag-arritmies-cardiaques","tag-barnaclinic-2","tag-cardiologia-2","tag-electroporacio","tag-experiencia-del-pacient","tag-fibrillacio-auricular","tag-innovacio-medica","tag-podcast-salut","tag-qualitat-de-vida","tag-salud-t-plus-ca","tag-tractament-de-la-fibrillacio-auricular"],"yoast_head":"<!-- This site is optimized with the Yoast SEO plugin v19.14 - https:\/\/yoast.com\/wordpress\/plugins\/seo\/ -->\n<title>L&#039;electroporaci\u00f3, un nou tractament per la fibril\u00b7laci\u00f3 auricular<\/title>\n<meta name=\"description\" content=\"Descobreix qu\u00e8 \u00e9s l\u2019electroporaci\u00f3 i com millora el tractament de la fibril\u00b7laci\u00f3 auricular a un nou Salud(t) Plus, el podcast barnacl\u00ednic+\" \/>\n<meta name=\"robots\" content=\"index, follow, max-snippet:-1, max-image-preview:large, max-video-preview:-1\" \/>\n<link rel=\"canonical\" href=\"https:\/\/www.barnaclinic.com\/blog\/ca\/blog\/electroporacio-salut-plus\/\" \/>\n<meta property=\"og:locale\" content=\"ca_ES\" \/>\n<meta property=\"og:type\" content=\"article\" \/>\n<meta property=\"og:title\" content=\"L&#039;electroporaci\u00f3, un nou tractament per la fibril\u00b7laci\u00f3 auricular\" \/>\n<meta property=\"og:description\" content=\"Descobreix qu\u00e8 \u00e9s l\u2019electroporaci\u00f3 i com millora el tractament de la fibril\u00b7laci\u00f3 auricular a un nou Salud(t) Plus, el podcast barnacl\u00ednic+\" \/>\n<meta property=\"og:url\" content=\"https:\/\/www.barnaclinic.com\/blog\/ca\/blog\/electroporacio-salut-plus\/\" \/>\n<meta property=\"og:site_name\" content=\"Blog barnacl\u00ednic+\" \/>\n<meta property=\"article:published_time\" content=\"2026-01-22T09:41:29+00:00\" \/>\n<meta property=\"article:modified_time\" content=\"2026-02-06T11:15:36+00:00\" \/>\n<meta property=\"og:image\" content=\"https:\/\/www.barnaclinic.com\/blog\/wp-content\/uploads\/2026\/01\/Electroporacio-portada-02.png\" \/>\n\t<meta property=\"og:image:width\" content=\"1280\" \/>\n\t<meta property=\"og:image:height\" content=\"720\" \/>\n\t<meta property=\"og:image:type\" content=\"image\/png\" \/>\n<meta name=\"author\" content=\"barnacl\u00ednic+\" \/>\n<meta name=\"twitter:label1\" content=\"Escrit per\" \/>\n\t<meta name=\"twitter:data1\" content=\"barnacl\u00ednic+\" \/>\n\t<meta name=\"twitter:label2\" content=\"Temps estimat de lectura\" \/>\n\t<meta name=\"twitter:data2\" content=\"4 minuts\" \/>\n<script type=\"application\/ld+json\" class=\"yoast-schema-graph\">{\"@context\":\"https:\/\/schema.org\",\"@graph\":[{\"@type\":\"WebPage\",\"@id\":\"https:\/\/www.barnaclinic.com\/blog\/ca\/blog\/electroporacio-salut-plus\/\",\"url\":\"https:\/\/www.barnaclinic.com\/blog\/ca\/blog\/electroporacio-salut-plus\/\",\"name\":\"L'electroporaci\u00f3, un nou tractament per la fibril\u00b7laci\u00f3 auricular\",\"isPartOf\":{\"@id\":\"https:\/\/www.barnaclinic.com\/blog\/#website\"},\"datePublished\":\"2026-01-22T09:41:29+00:00\",\"dateModified\":\"2026-02-06T11:15:36+00:00\",\"author\":{\"@id\":\"https:\/\/www.barnaclinic.com\/blog\/#\/schema\/person\/062c0219c54bbf07163f34494da33e17\"},\"description\":\"Descobreix qu\u00e8 \u00e9s l\u2019electroporaci\u00f3 i com millora el tractament de la fibril\u00b7laci\u00f3 auricular a un nou Salud(t) Plus, el podcast barnacl\u00ednic+\",\"inLanguage\":\"ca\",\"potentialAction\":[{\"@type\":\"ReadAction\",\"target\":[\"https:\/\/www.barnaclinic.com\/blog\/ca\/blog\/electroporacio-salut-plus\/\"]}]},{\"@type\":\"WebSite\",\"@id\":\"https:\/\/www.barnaclinic.com\/blog\/#website\",\"url\":\"https:\/\/www.barnaclinic.com\/blog\/\",\"name\":\"Blog barnacl\u00ednic+\",\"description\":\"Informaci\u00f3n y novedades sobre los servicios y profesionales de barnacl\u00ednic+, Hospital Cl\u00ednic de Barcelona\",\"potentialAction\":[{\"@type\":\"SearchAction\",\"target\":{\"@type\":\"EntryPoint\",\"urlTemplate\":\"https:\/\/www.barnaclinic.com\/blog\/?s={search_term_string}\"},\"query-input\":\"required name=search_term_string\"}],\"inLanguage\":\"ca\"},{\"@type\":\"Person\",\"@id\":\"https:\/\/www.barnaclinic.com\/blog\/#\/schema\/person\/062c0219c54bbf07163f34494da33e17\",\"name\":\"barnacl\u00ednic+\",\"url\":\"https:\/\/www.barnaclinic.com\/blog\/ca\/blog\/author\/alex\/\"}]}<\/script>\n<!-- \/ Yoast SEO plugin. -->","yoast_head_json":{"title":"L'electroporaci\u00f3, un nou tractament per la fibril\u00b7laci\u00f3 auricular","description":"Descobreix qu\u00e8 \u00e9s l\u2019electroporaci\u00f3 i com millora el tractament de la fibril\u00b7laci\u00f3 auricular a un nou Salud(t) Plus, el podcast barnacl\u00ednic+","robots":{"index":"index","follow":"follow","max-snippet":"max-snippet:-1","max-image-preview":"max-image-preview:large","max-video-preview":"max-video-preview:-1"},"canonical":"https:\/\/www.barnaclinic.com\/blog\/ca\/blog\/electroporacio-salut-plus\/","og_locale":"ca_ES","og_type":"article","og_title":"L'electroporaci\u00f3, un nou tractament per la fibril\u00b7laci\u00f3 auricular","og_description":"Descobreix qu\u00e8 \u00e9s l\u2019electroporaci\u00f3 i com millora el tractament de la fibril\u00b7laci\u00f3 auricular a un nou Salud(t) Plus, el podcast barnacl\u00ednic+","og_url":"https:\/\/www.barnaclinic.com\/blog\/ca\/blog\/electroporacio-salut-plus\/","og_site_name":"Blog barnacl\u00ednic+","article_published_time":"2026-01-22T09:41:29+00:00","article_modified_time":"2026-02-06T11:15:36+00:00","og_image":[{"width":1280,"height":720,"url":"https:\/\/www.barnaclinic.com\/blog\/wp-content\/uploads\/2026\/01\/Electroporacio-portada-02.png","type":"image\/png"}],"author":"barnacl\u00ednic+","twitter_misc":{"Escrit per":"barnacl\u00ednic+","Temps estimat de lectura":"4 minuts"},"schema":{"@context":"https:\/\/schema.org","@graph":[{"@type":"WebPage","@id":"https:\/\/www.barnaclinic.com\/blog\/ca\/blog\/electroporacio-salut-plus\/","url":"https:\/\/www.barnaclinic.com\/blog\/ca\/blog\/electroporacio-salut-plus\/","name":"L'electroporaci\u00f3, un nou tractament per la fibril\u00b7laci\u00f3 auricular","isPartOf":{"@id":"https:\/\/www.barnaclinic.com\/blog\/#website"},"datePublished":"2026-01-22T09:41:29+00:00","dateModified":"2026-02-06T11:15:36+00:00","author":{"@id":"https:\/\/www.barnaclinic.com\/blog\/#\/schema\/person\/062c0219c54bbf07163f34494da33e17"},"description":"Descobreix qu\u00e8 \u00e9s l\u2019electroporaci\u00f3 i com millora el tractament de la fibril\u00b7laci\u00f3 auricular a un nou Salud(t) Plus, el podcast barnacl\u00ednic+","inLanguage":"ca","potentialAction":[{"@type":"ReadAction","target":["https:\/\/www.barnaclinic.com\/blog\/ca\/blog\/electroporacio-salut-plus\/"]}]},{"@type":"WebSite","@id":"https:\/\/www.barnaclinic.com\/blog\/#website","url":"https:\/\/www.barnaclinic.com\/blog\/","name":"Blog barnacl\u00ednic+","description":"Informaci\u00f3n y novedades sobre los servicios y profesionales de barnacl\u00ednic+, Hospital Cl\u00ednic de Barcelona","potentialAction":[{"@type":"SearchAction","target":{"@type":"EntryPoint","urlTemplate":"https:\/\/www.barnaclinic.com\/blog\/?s={search_term_string}"},"query-input":"required name=search_term_string"}],"inLanguage":"ca"},{"@type":"Person","@id":"https:\/\/www.barnaclinic.com\/blog\/#\/schema\/person\/062c0219c54bbf07163f34494da33e17","name":"barnacl\u00ednic+","url":"https:\/\/www.barnaclinic.com\/blog\/ca\/blog\/author\/alex\/"}]}},"_links":{"self":[{"href":"https:\/\/www.barnaclinic.com\/blog\/ca\/wp-json\/wp\/v2\/posts\/5467","targetHints":{"allow":["GET"]}}],"collection":[{"href":"https:\/\/www.barnaclinic.com\/blog\/ca\/wp-json\/wp\/v2\/posts"}],"about":[{"href":"https:\/\/www.barnaclinic.com\/blog\/ca\/wp-json\/wp\/v2\/types\/post"}],"author":[{"embeddable":true,"href":"https:\/\/www.barnaclinic.com\/blog\/ca\/wp-json\/wp\/v2\/users\/2"}],"replies":[{"embeddable":true,"href":"https:\/\/www.barnaclinic.com\/blog\/ca\/wp-json\/wp\/v2\/comments?post=5467"}],"version-history":[{"count":5,"href":"https:\/\/www.barnaclinic.com\/blog\/ca\/wp-json\/wp\/v2\/posts\/5467\/revisions"}],"predecessor-version":[{"id":5495,"href":"https:\/\/www.barnaclinic.com\/blog\/ca\/wp-json\/wp\/v2\/posts\/5467\/revisions\/5495"}],"wp:featuredmedia":[{"embeddable":true,"href":"https:\/\/www.barnaclinic.com\/blog\/ca\/wp-json\/wp\/v2\/media\/5474"}],"wp:attachment":[{"href":"https:\/\/www.barnaclinic.com\/blog\/ca\/wp-json\/wp\/v2\/media?parent=5467"}],"wp:term":[{"taxonomy":"category","embeddable":true,"href":"https:\/\/www.barnaclinic.com\/blog\/ca\/wp-json\/wp\/v2\/categories?post=5467"},{"taxonomy":"post_tag","embeddable":true,"href":"https:\/\/www.barnaclinic.com\/blog\/ca\/wp-json\/wp\/v2\/tags?post=5467"}],"curies":[{"name":"wp","href":"https:\/\/api.w.org\/{rel}","templated":true}]}}