{"id":5423,"date":"2025-12-02T09:43:53","date_gmt":"2025-12-02T09:43:53","guid":{"rendered":"https:\/\/www.barnaclinic.com\/blog\/?p=5423"},"modified":"2025-12-03T08:35:24","modified_gmt":"2025-12-03T08:35:24","slug":"barnaclinic-25-anys","status":"publish","type":"post","link":"https:\/\/www.barnaclinic.com\/blog\/ca\/blog\/barnaclinic-25-anys\/","title":{"rendered":"barnacl\u00ednic+ celebra 25 anys amb un acte que reivindica la confian\u00e7a, la vocaci\u00f3 i el futur del model"},"content":{"rendered":"<p>El <strong>27 de novembre de 2025<\/strong>, barnacl\u00ednic+ va celebrar el seu <strong>25\u00e8 aniversari<\/strong> amb un acte institucional que va reunir pacients, professionals i treballadors en un format proper i carregat de sentit. L&#8217;Aula Magna de la Facultat de Medicina de l&#8217;Universitat de Barcelona es va convertir en un escenari de mem\u00f2ria i reconeixement, en qu\u00e8 cadasc\u00fa va aportar la seva mirada sobre el que ha significat aquest cam\u00ed d&#8217;un quart de segle.<\/p>\n<p><!--more--><\/p>\n<hr \/>\n<p>Recupera l&#8217;acte del 25\u00e8 aniversari de barnacl\u00ednic+:<\/p>\n<div align=\"center\"><iframe loading=\"lazy\" title=\"YouTube video player\" src=\"https:\/\/www.youtube.com\/embed\/xb_oKzSRVh8?si=BE1XVNi9NA2AFxqE\" width=\"700\" height=\"394\" frameborder=\"0\" align=\"center\" allowfullscreen=\"allowfullscreen\" data-mce-fragment=\"1\"><span data-mce-type=\"bookmark\" style=\"display: inline-block; width: 0px; overflow: hidden; line-height: 0;\" class=\"mce_SELRES_start\">\ufeff<\/span><\/iframe><\/div>\n<hr \/>\n<p style=\"text-align: left;\">La jornada va comen\u00e7ar amb les paraules del <strong data-start=\"198\" data-end=\"221\">Dr. Antoni Castells<\/strong>, Director M\u00e8dic de l&#8217;Hospital Cl\u00ednic de Barcelona, que va reivindicar la import\u00e0ncia de \u201cparar, mirar enrere i recon\u00e8ixer tot all\u00f2 que s\u2019ha constru\u00eft\u201d. Va subratllar que celebracions com aquesta \u201cs\u00f3n m\u00e9s necess\u00e0ries del que sembla\u201d, perqu\u00e8 permeten valorar l\u2019esfor\u00e7 col\u00b7lectiu i l\u2019impacte real del model. Tot seguit, el gerent de barnacl\u00ednic+ <strong data-start=\"499\" data-end=\"515\">Carles Loran<\/strong> va recordar que el projecte va n\u00e9ixer amb un objectiu tan simple com essencial: refor\u00e7ar la sostenibilitat del Cl\u00ednic, oferir oportunitats als seus professionals i garantir una assist\u00e8ncia d\u2019excel\u00b7l\u00e8ncia. En un discurs proper i transparent, Loran va destacar que, vint-i-cinc anys despr\u00e9s, el projecte mant\u00e9 intacta la seva ess\u00e8ncia i la seva ambici\u00f3, resumida en el lema d\u2019aquest aniversari: <em data-start=\"910\" data-end=\"942\">\u201cSumem futur, constru\u00efm salut\u201d<\/em>.<\/p>\n<blockquote>\n<h4><strong><img loading=\"lazy\" decoding=\"async\" class=\"alignleft wp-image-5429\" src=\"https:\/\/www.barnaclinic.com\/blog\/wp-content\/uploads\/2025\/12\/Antoni-Castells.png\" alt=\"Antoni Castells\" width=\"101\" height=\"124\" srcset=\"https:\/\/www.barnaclinic.com\/blog\/wp-content\/uploads\/2025\/12\/Antoni-Castells.png 579w, https:\/\/www.barnaclinic.com\/blog\/wp-content\/uploads\/2025\/12\/Antoni-Castells-244x300.png 244w\" sizes=\"auto, (max-width: 101px) 100vw, 101px\" \/>\u201cbarnacl\u00ednic+ ha fet un exercici de transpar\u00e8ncia i de rigor excepcional al llarg d\u2019aquests anys, i aix\u00f2 explica en gran part la seva solidesa com a model.\u201d<\/strong><\/h4>\n<p><strong data-start=\"198\" data-end=\"221\">Dr. Antoni Castells<\/strong>, Director M\u00e8dic de l&#8217;Hospital Cl\u00ednic de Barcelona<\/p><\/blockquote>\n<blockquote>\n<h4><strong><img loading=\"lazy\" decoding=\"async\" class=\"alignleft wp-image-5381\" title=\"Carles Loran\" src=\"https:\/\/www.barnaclinic.com\/blog\/wp-content\/uploads\/2025\/12\/1.png\" alt=\"Carles Loran\" width=\"101\" height=\"124\" srcset=\"https:\/\/www.barnaclinic.com\/blog\/wp-content\/uploads\/2025\/12\/1.png 579w, https:\/\/www.barnaclinic.com\/blog\/wp-content\/uploads\/2025\/12\/1-244x300.png 244w\" sizes=\"auto, (max-width: 101px) 100vw, 101px\" \/>\u201cSi hem arribat fins aqu\u00ed \u00e9s perqu\u00e8 hem sabut adaptar-nos, cr\u00e9ixer i continuar millorant. Aquest projecte ha estat possible gr\u00e0cies a moltes persones que han cregut en ell des del primer dia.\u201d<\/strong><\/h4>\n<p><strong>Carles Loran<\/strong>, Gerent de barnacl\u00ednic+<\/p><\/blockquote>\n<h2><strong>\u201cSumant salut\u201d: una conversa franca entre pacients i professionals<\/strong><\/h2>\n<p>La primera taula rodona, presentada per l&#8217;<strong>\u00c0lex Rubies<\/strong>, responsable de comunicaci\u00f3 i m\u00e0rqueting, va ser el cor de la celebraci\u00f3. Pacients i professionals col\u00b7laboradors de barnacl\u00ednic+ van dialogar en directe a partir de v\u00eddeos i preguntes reals. El resultat va ser una conversa espont\u00e0nia que va evidenciar el que mou el projecte: la confian\u00e7a, la tranquil\u00b7litat i la cura personalitzada.<\/p>\n<p>El <strong>Sr. Luis Conde<\/strong> va explicar dues intervencions complexes amb un mateix sentiment: el d\u2019una atenci\u00f3 impecable. El <strong>Dr. <\/strong><a href=\"https:\/\/www.barnaclinic.com\/ca\/quadre-medic\/133\/oscar\"><strong>\u00d3scar Vidal<\/strong><\/a>, Cap de Secci\u00f3 de Cirurgia General i Endocrina del Cl\u00ednic de Barcelona, va respondre destacant la tranquil\u00b7litat que ofereix treballar amb el suport del Cl\u00ednic i d\u2019un equip multidisciplinari fort i cohesionat.<\/p>\n<blockquote>\n<h4><strong><img loading=\"lazy\" decoding=\"async\" class=\"alignleft wp-image-5385\" title=\"Oscar Vidal\" src=\"https:\/\/www.barnaclinic.com\/blog\/wp-content\/uploads\/2025\/12\/2.png\" alt=\"Oscar Vidal\" width=\"101\" height=\"124\" srcset=\"https:\/\/www.barnaclinic.com\/blog\/wp-content\/uploads\/2025\/12\/2.png 579w, https:\/\/www.barnaclinic.com\/blog\/wp-content\/uploads\/2025\/12\/2-244x300.png 244w\" sizes=\"auto, (max-width: 101px) 100vw, 101px\" \/>&#8220;La tranquil\u00b7litat del pacient dep\u00e8n de poder treballar amb un equip que et dona suport.\u201d <\/strong><\/h4>\n<p><strong>Dr. <\/strong><a href=\"https:\/\/www.barnaclinic.com\/ca\/quadre-medic\/133\/oscar\"><strong>\u00d3scar Vidal<\/strong><\/a> &#8211; Cap de Secci\u00f3 de Cirurgia General i Endocrina del Cl\u00ednic de Barcelona<\/p><\/blockquote>\n<p>El <strong>Sr. Jaime Lis<\/strong> va intervenir amb humor i emoci\u00f3, recordant que la seva fam\u00edlia ha confiat diverses vegades en barnacl\u00ednic+ i que el seu pare continua anomenant la <strong>Dra. <\/strong><a href=\"https:\/\/www.barnaclinic.com\/ca\/quadre-medic\/95\/marta\"><strong>Marta Sitges<\/strong><\/a> \u201cla seva fada madrina\u201d. La Dra. Sitges, Directora de l&#8217;Insitut Cardiovascular del Cl\u00ednic, va reivindicar el valor del treball d\u2019equip i la coordinaci\u00f3, pe\u00e7a clau per garantir resultats \u00f2ptims.<\/p>\n<blockquote>\n<h4><strong><img loading=\"lazy\" decoding=\"async\" class=\"alignleft wp-image-5389\" src=\"https:\/\/www.barnaclinic.com\/blog\/wp-content\/uploads\/2025\/12\/3.png\" alt=\"Marta Sitges\" width=\"101\" height=\"124\" srcset=\"https:\/\/www.barnaclinic.com\/blog\/wp-content\/uploads\/2025\/12\/3.png 579w, https:\/\/www.barnaclinic.com\/blog\/wp-content\/uploads\/2025\/12\/3-244x300.png 244w\" sizes=\"auto, (max-width: 101px) 100vw, 101px\" \/>\u201cPocs centres poden oferir amb les mateixes garanties totes les opcions de tractament. Intentem retenir talent, fitxar els millors i ajudar-los a cr\u00e9ixer.\u201d<\/strong><\/h4>\n<p><strong>Dra. <\/strong><a href=\"https:\/\/www.barnaclinic.com\/ca\/quadre-medic\/95\/marta\"><strong>Marta Sitges<\/strong><\/a><strong>, <\/strong>Directora de l&#8217;Insitut Cardiovascular del Cl\u00ednic de Barcelona<\/p><\/blockquote>\n<p>El testimoni de la <strong>Sra. Maria Esteve<\/strong> i la seva filla va aportar el moment m\u00e9s emotiu de la jornada. El <strong>Dr. <\/strong><a href=\"https:\/\/www.barnaclinic.com\/ca\/quadre-medic\/209\/alfonso\"><strong>Alfons L\u00f3pez Soto<\/strong><\/a>, Metge internista i responsable de la sala d&#8217;hospitalitzaci\u00f3 i adjunt a la direcci\u00f3 assistencial de barnacl\u00ednic+, va respondre amb una reflexi\u00f3 profunda sobre l\u2019ess\u00e8ncia de la medicina: escoltar, generar confian\u00e7a i acompanyar el pacient al llarg de tot el proc\u00e9s.<\/p>\n<blockquote>\n<h4><strong><em><img loading=\"lazy\" decoding=\"async\" class=\"alignleft wp-image-5393\" src=\"https:\/\/www.barnaclinic.com\/blog\/wp-content\/uploads\/2025\/12\/4.png\" alt=\"Alfons L\u00f3pez Soto\" width=\"101\" height=\"124\" srcset=\"https:\/\/www.barnaclinic.com\/blog\/wp-content\/uploads\/2025\/12\/4.png 579w, https:\/\/www.barnaclinic.com\/blog\/wp-content\/uploads\/2025\/12\/4-244x300.png 244w\" sizes=\"auto, (max-width: 101px) 100vw, 101px\" \/>\u201cEls pacients gaireb\u00e9 sempre tenen ra\u00f3; nom\u00e9s cal saber-los escoltar&#8221;<br \/>\n&#8220;Veure un pacient recuperar la qualitat de vida \u00e9s el millor que t\u00e9 aquesta professi\u00f3. Hi ha casos que donen sentit a tota una carrera.\u201d<\/em><\/strong><\/h4>\n<p>Dr. <a href=\"https:\/\/www.barnaclinic.com\/ca\/quadre-medic\/209\/alfonso\"><strong>Alfons L\u00f3pez Soto<\/strong><\/a>, Anterior Cap de Servei de Medicina Interna de l&#8217;Hospital Cl\u00ednic de Barcelona i responsable de la sala d&#8217;hospitalitzaci\u00f3 i adjunt a la Direcci\u00f3 Assistencial de barnacl\u00ednic+<\/p><\/blockquote>\n<p>Finalment, el <strong>Sr. Adri\u00e0 Bas<\/strong> va obrir una pregunta sobre la mirada del cirurgi\u00e0 en la primera visita. El <strong>Dr. <\/strong><a href=\"https:\/\/www.barnaclinic.com\/ca\/quadre-medic\/190\/joan\"><strong>Joan Fontdevila<\/strong><\/a><strong>, <\/strong>Cap de Servei de Cirurgia Pl\u00e0stica, Reparadora i Est\u00e8tica del Cl\u00ednic de Barcelona, va respondre amb naturalitat: \u201cPrimer veig la persona; despr\u00e9s la lesi\u00f3\u201d.<\/p>\n<blockquote>\n<h4><strong><img loading=\"lazy\" decoding=\"async\" class=\"alignleft wp-image-5397\" src=\"https:\/\/www.barnaclinic.com\/blog\/wp-content\/uploads\/2025\/12\/5.png\" alt=\"Joan FonTdevila\" width=\"101\" height=\"124\" srcset=\"https:\/\/www.barnaclinic.com\/blog\/wp-content\/uploads\/2025\/12\/5.png 579w, https:\/\/www.barnaclinic.com\/blog\/wp-content\/uploads\/2025\/12\/5-244x300.png 244w\" sizes=\"auto, (max-width: 101px) 100vw, 101px\" \/>\u201cEl bagatge acumulat com a metges del Cl\u00ednic i professors universitaris \u00e9s el que marca la difer\u00e8ncia. La confian\u00e7a neix quan el pacient sent que est\u00e0s al seu costat.\u201d<\/strong><\/h4>\n<p><strong>Dr. <\/strong><a href=\"https:\/\/www.barnaclinic.com\/ca\/quadre-medic\/190\/joan\"><strong>Joan Fontdevila<\/strong><\/a><strong>, <\/strong>Cap de Servei de Cirurgia Pl\u00e0stica, Reparadora i Est\u00e8tica del Cl\u00ednic de Barcelona<\/p><\/blockquote>\n<h2><strong>Una mirada des de dins: el v\u00eddeo del 25\u00e8 aniversari<\/strong><\/h2>\n<p>Despr\u00e9s de la primera taula, es va projectar el v\u00eddeo central de la campanya del <strong>25\u00e8 aniversari de barnacl\u00ednic+<\/strong>, una pe\u00e7a que sintetitza el que han significat aquests anys per a les persones que hi treballen. El v\u00eddeo \u2014protagonitzat per professionals de totes les \u00e0rees\u2014 mostra, amb un to \u00edntim i honest, com han viscut el creixement del projecte: des dels inicis fins a l\u2019actualitat.<\/p>\n<p>El v\u00eddeo, que forma part de la campanya institucional del 25\u00e8 aniversari, culmina amb el lema <strong>\u201cSumem futur, constru\u00efm salut\u201d<\/strong>, convertint-se en un homenatge col\u00b7lectiu al present i al futur del projecte.<\/p>\n<hr \/>\n<p>Aqu\u00ed pots veure el v\u00eddeo del 25\u00e8 aniversari de barnacl\u00ednic+:<\/p>\n<div align=\"center\"><iframe loading=\"lazy\" title=\"YouTube video player\" src=\"https:\/\/www.youtube.com\/embed\/egaiMCJbi8Y?si=hURURrYIOJcFReGo\" width=\"700\" height=\"394\" frameborder=\"0\" align=\"center\" allowfullscreen=\"allowfullscreen\" data-mce-fragment=\"1\"><span data-mce-type=\"bookmark\" style=\"display: inline-block; width: 0px; overflow: hidden; line-height: 0;\" class=\"mce_SELRES_start\">\ufeff<\/span><\/iframe><\/div>\n<hr \/>\n<h2><strong>\u201cConstruint barnacl\u00ednic+\u201d: dels inicis al futur<\/strong><\/h2>\n<p>La segona taula, protagonitzada per la <strong>Dra. Catiana Cabrer<\/strong>, antiga Directora de barnacl\u00ednic+, el <strong>Dr. Jaume Balust<\/strong>, Director Assitencial de barnacl\u00ednic+, i <strong>Carolina Chamero<\/strong>, infermera i Gestora de casos de barnacl\u00ednic+, va repassar l\u2019evoluci\u00f3 del projecte des de perspectives complement\u00e0ries. Cabr\u00e9 va descriure els primers anys de barnacl\u00ednic+ amb la seva energia habitual, recordant com el professor Joan Rod\u00e9s la va conv\u00e8ncer perqu\u00e8 lider\u00e9s una iniciativa que, en aquell moment, era tan valenta com necess\u00e0ria.<\/p>\n<blockquote>\n<h4><strong><img loading=\"lazy\" decoding=\"async\" class=\"alignleft wp-image-5410\" src=\"https:\/\/www.barnaclinic.com\/blog\/wp-content\/uploads\/2025\/12\/Catiana-Cabrer.png\" alt=\"Catiana Cabrer\" width=\"101\" height=\"124\" srcset=\"https:\/\/www.barnaclinic.com\/blog\/wp-content\/uploads\/2025\/12\/Catiana-Cabrer.png 579w, https:\/\/www.barnaclinic.com\/blog\/wp-content\/uploads\/2025\/12\/Catiana-Cabrer-244x300.png 244w\" sizes=\"auto, (max-width: 101px) 100vw, 101px\" \/>\u201cbarnacl\u00ednic+ va n\u00e9ixer perqu\u00e8 el Cl\u00ednic necessitava recursos econ\u00f2mics\u2026 per\u00f2 tenia talent i comprom\u00eds de sobres.\u201d<\/strong><\/h4>\n<p>Dra. <strong>Catiana Cabrer<\/strong>, anterior Directora de barnacl\u00ednic+<\/p><\/blockquote>\n<p>Chamero va aportar la mirada del present des de la infermeria i l\u2019atenci\u00f3 al pacient, i el Dr. Balust va parlar del futur immediat: noves consultes, creixement de l\u2019activitat ambulat\u00f2ria, consolidaci\u00f3 del projecte internacional i la necessitat de retenir talent en un context sanitari cada cop m\u00e9s exigent.<\/p>\n<blockquote>\n<h4><strong><img loading=\"lazy\" decoding=\"async\" class=\"alignleft wp-image-5414\" src=\"https:\/\/www.barnaclinic.com\/blog\/wp-content\/uploads\/2025\/12\/Carolina-Chamero.png\" alt=\"Carolina Chamero\" width=\"100\" height=\"123\" srcset=\"https:\/\/www.barnaclinic.com\/blog\/wp-content\/uploads\/2025\/12\/Carolina-Chamero.png 579w, https:\/\/www.barnaclinic.com\/blog\/wp-content\/uploads\/2025\/12\/Carolina-Chamero-244x300.png 244w\" sizes=\"auto, (max-width: 100px) 100vw, 100px\" \/><\/strong><\/h4>\n<h4><strong>\u201cL\u2019evoluci\u00f3 de la Sala i de les consultes ha estat enorme, per\u00f2 el que no ha canviat \u00e9s la manera d\u2019acompanyar el pacient.\u201d<\/strong><\/h4>\n<p><strong>Carolina Chamero<\/strong>, Infermera i gestora de casos de barnacl\u00ednic+<\/p><\/blockquote>\n<p>Abans d\u2019acabar, el Dr. Balust va fer una crida que sintetitza molt b\u00e9 el que necessita barnacl\u00ednic+ per continuar avan\u00e7ant: <strong>esfor\u00e7 i generositat dels treballadors<\/strong>, <strong>comprom\u00eds ferm dels professionals<\/strong> i, sobretot, <strong>la confian\u00e7a dels pacients<\/strong>, que \u00e9s el que dona sentit a tot el model.<\/p>\n<blockquote>\n<h4><strong><em><img loading=\"lazy\" decoding=\"async\" class=\"alignleft wp-image-5405\" src=\"https:\/\/www.barnaclinic.com\/blog\/wp-content\/uploads\/2025\/12\/jaume-balust.png\" alt=\"\" width=\"101\" height=\"124\" srcset=\"https:\/\/www.barnaclinic.com\/blog\/wp-content\/uploads\/2025\/12\/jaume-balust.png 579w, https:\/\/www.barnaclinic.com\/blog\/wp-content\/uploads\/2025\/12\/jaume-balust-244x300.png 244w\" sizes=\"auto, (max-width: 101px) 100vw, 101px\" \/><\/em><\/strong><\/h4>\n<h4><strong>\u201cPer continuar avan\u00e7ant necessitem l\u2019esfor\u00e7 de tots, el comprom\u00eds dels professionals i, sobretot, la confian\u00e7a dels pacients. El repte \u00e9s seguir creixent sense perdre la proximitat ni la qualitat que ens defineixen.\u201d<\/strong><\/h4>\n<p>Dr. <strong>Jaume Balust<\/strong>, Director Assistencial de barnacl\u00ednic+<\/p><\/blockquote>\n<h2><strong>Un reconeixement que simbolitza molts altres<\/strong><\/h2>\n<p>Un dels moments m\u00e9s especials va ser l\u2019homenatge a <strong>Mireia Mart\u00edn<\/strong>, secretaria de ger\u00e8ncia i primera professional de barnacl\u00ednic+ que compleix 25 anys a l\u2019empresa. El reconeixement inaugura una nova tradici\u00f3 que s\u2019estendr\u00e0 a tots els professionals que arribin a aquesta fita.<\/p>\n<h2><strong>Cloenda: mirar endavant<\/strong><\/h2>\n<p>El <strong>Dr. Josep M. Campistol<\/strong>, Director General de l\u2019Hospital Cl\u00ednic de Barcelona, va cloure la jornada destacant que barnacl\u00ednic+ \u201c\u00e9s un projecte que ha sabut cr\u00e9ixer, resistir i aportar valor al pacient i al sistema\u201d.<\/p>\n<blockquote>\n<h4><strong><img loading=\"lazy\" decoding=\"async\" class=\"alignleft wp-image-5401\" src=\"https:\/\/www.barnaclinic.com\/blog\/wp-content\/uploads\/2025\/12\/6.png\" alt=\"Josep M. Campistol\" width=\"101\" height=\"124\" srcset=\"https:\/\/www.barnaclinic.com\/blog\/wp-content\/uploads\/2025\/12\/6.png 579w, https:\/\/www.barnaclinic.com\/blog\/wp-content\/uploads\/2025\/12\/6-244x300.png 244w\" sizes=\"auto, (max-width: 101px) 100vw, 101px\" \/>\u201cbarnacl\u00ednic+ \u00e9s un projecte d\u2019\u00e8xit i resilient: ha sabut cr\u00e9ixer, resistir i aportar valor al pacient i al sistema.\u201d<\/strong><\/h4>\n<p>Dr. <strong>Josep M. Campistol<\/strong>, Director General de l\u2019Hospital Cl\u00ednic de Barcelona<\/p><\/blockquote>\n<p>L\u2019acte va deixar un missatge clar: 25 anys despr\u00e9s, barnacl\u00ednic+ continua sent una hist\u00f2ria de persones que cuiden, que resolen situacions complexes i que construeixen salut amb rigor i humanitat. Un projecte que mira endavant amb la mateixa for\u00e7a amb qu\u00e8 va n\u00e9ixer, perqu\u00e8 \u2014tal com resumeix el lema del 25\u00e8 aniversari\u2014 <strong>sumar futur i construir salut \u00e9s, i continuar\u00e0 sent, una feina col\u00b7lectiva<\/strong>.<\/p>\n<hr \/>\n<p>&nbsp;<\/p>\n","protected":false},"excerpt":{"rendered":"<p>El 27 de novembre de 2025, barnacl\u00ednic+ va celebrar el seu 25\u00e8 aniversari amb un acte institucional que va reunir pacients, professionals i treballadors en un format proper i carregat de sentit. L&#8217;Aula Magna de la Facultat de Medicina de l&#8217;Universitat de Barcelona es va convertir en un escenari de mem\u00f2ria i reconeixement, en qu\u00e8 [&hellip;]<\/p>\n","protected":false},"author":2,"featured_media":5420,"comment_status":"open","ping_status":"closed","sticky":false,"template":"","format":"standard","meta":{"footnotes":""},"categories":[612,571],"tags":[2690,2689,2691,1728,2692,2259,582,1317,2688],"class_list":["post-5423","post","type-post","status-publish","format-standard","has-post-thumbnail","hentry","category-grup-hospital-clinic","category-grup-hospital-clinic-de-barcelona","tag-25-aniversari-barnaclinic","tag-25-anys-barnaclinic","tag-aniversari-barnaclinic","tag-barnaclinic-2","tag-barnaclinic-25-anys","tag-clinic-de-barcelona","tag-grup-hospital-clinic","tag-hospital-clinic-de-barcelona-ca","tag-que-es-barnaclinic"],"yoast_head":"<!-- This site is optimized with the Yoast SEO plugin v19.14 - https:\/\/yoast.com\/wordpress\/plugins\/seo\/ -->\n<title>barnacl\u00ednic+ celebra 25 anys amb confian\u00e7a, vocaci\u00f3 i visi\u00f3 de futur<\/title>\n<meta name=\"description\" content=\"El 27 de novembre de 2025, barnacl\u00ednic+ va celebrar el seu 25\u00e8 aniversari amb un acte que va reunir pacients, professionals i treballadors\" \/>\n<meta name=\"robots\" content=\"index, follow, max-snippet:-1, max-image-preview:large, max-video-preview:-1\" \/>\n<link rel=\"canonical\" href=\"https:\/\/www.barnaclinic.com\/blog\/ca\/blog\/barnaclinic-25-anys\/\" \/>\n<meta property=\"og:locale\" content=\"ca_ES\" \/>\n<meta property=\"og:type\" content=\"article\" \/>\n<meta property=\"og:title\" content=\"barnacl\u00ednic+ celebra 25 anys amb confian\u00e7a, vocaci\u00f3 i visi\u00f3 de futur\" \/>\n<meta property=\"og:description\" content=\"El 27 de novembre de 2025, barnacl\u00ednic+ va celebrar el seu 25\u00e8 aniversari amb un acte que va reunir pacients, professionals i treballadors\" \/>\n<meta property=\"og:url\" content=\"https:\/\/www.barnaclinic.com\/blog\/ca\/blog\/barnaclinic-25-anys\/\" \/>\n<meta property=\"og:site_name\" content=\"Blog barnacl\u00ednic+\" \/>\n<meta property=\"article:published_time\" content=\"2025-12-02T09:43:53+00:00\" \/>\n<meta property=\"article:modified_time\" content=\"2025-12-03T08:35:24+00:00\" \/>\n<meta property=\"og:image\" content=\"https:\/\/www.barnaclinic.com\/blog\/wp-content\/uploads\/2025\/12\/25anys-barnaclinic.jpg\" \/>\n\t<meta property=\"og:image:width\" content=\"1440\" \/>\n\t<meta property=\"og:image:height\" content=\"810\" \/>\n\t<meta property=\"og:image:type\" content=\"image\/jpeg\" \/>\n<meta name=\"author\" content=\"barnacl\u00ednic+\" \/>\n<meta name=\"twitter:label1\" content=\"Escrit per\" \/>\n\t<meta name=\"twitter:data1\" content=\"barnacl\u00ednic+\" \/>\n\t<meta name=\"twitter:label2\" content=\"Temps estimat de lectura\" \/>\n\t<meta name=\"twitter:data2\" content=\"7 minuts\" \/>\n<script type=\"application\/ld+json\" class=\"yoast-schema-graph\">{\"@context\":\"https:\/\/schema.org\",\"@graph\":[{\"@type\":\"WebPage\",\"@id\":\"https:\/\/www.barnaclinic.com\/blog\/ca\/blog\/barnaclinic-25-anys\/\",\"url\":\"https:\/\/www.barnaclinic.com\/blog\/ca\/blog\/barnaclinic-25-anys\/\",\"name\":\"barnacl\u00ednic+ celebra 25 anys amb confian\u00e7a, vocaci\u00f3 i visi\u00f3 de futur\",\"isPartOf\":{\"@id\":\"https:\/\/www.barnaclinic.com\/blog\/#website\"},\"datePublished\":\"2025-12-02T09:43:53+00:00\",\"dateModified\":\"2025-12-03T08:35:24+00:00\",\"author\":{\"@id\":\"https:\/\/www.barnaclinic.com\/blog\/#\/schema\/person\/062c0219c54bbf07163f34494da33e17\"},\"description\":\"El 27 de novembre de 2025, barnacl\u00ednic+ va celebrar el seu 25\u00e8 aniversari amb un acte que va reunir pacients, professionals i treballadors\",\"inLanguage\":\"ca\",\"potentialAction\":[{\"@type\":\"ReadAction\",\"target\":[\"https:\/\/www.barnaclinic.com\/blog\/ca\/blog\/barnaclinic-25-anys\/\"]}]},{\"@type\":\"WebSite\",\"@id\":\"https:\/\/www.barnaclinic.com\/blog\/#website\",\"url\":\"https:\/\/www.barnaclinic.com\/blog\/\",\"name\":\"Blog barnacl\u00ednic+\",\"description\":\"Informaci\u00f3n y novedades sobre los servicios y profesionales de barnacl\u00ednic+, Hospital Cl\u00ednic de Barcelona\",\"potentialAction\":[{\"@type\":\"SearchAction\",\"target\":{\"@type\":\"EntryPoint\",\"urlTemplate\":\"https:\/\/www.barnaclinic.com\/blog\/?s={search_term_string}\"},\"query-input\":\"required name=search_term_string\"}],\"inLanguage\":\"ca\"},{\"@type\":\"Person\",\"@id\":\"https:\/\/www.barnaclinic.com\/blog\/#\/schema\/person\/062c0219c54bbf07163f34494da33e17\",\"name\":\"barnacl\u00ednic+\",\"url\":\"https:\/\/www.barnaclinic.com\/blog\/ca\/blog\/author\/alex\/\"}]}<\/script>\n<!-- \/ Yoast SEO plugin. -->","yoast_head_json":{"title":"barnacl\u00ednic+ celebra 25 anys amb confian\u00e7a, vocaci\u00f3 i visi\u00f3 de futur","description":"El 27 de novembre de 2025, barnacl\u00ednic+ va celebrar el seu 25\u00e8 aniversari amb un acte que va reunir pacients, professionals i treballadors","robots":{"index":"index","follow":"follow","max-snippet":"max-snippet:-1","max-image-preview":"max-image-preview:large","max-video-preview":"max-video-preview:-1"},"canonical":"https:\/\/www.barnaclinic.com\/blog\/ca\/blog\/barnaclinic-25-anys\/","og_locale":"ca_ES","og_type":"article","og_title":"barnacl\u00ednic+ celebra 25 anys amb confian\u00e7a, vocaci\u00f3 i visi\u00f3 de futur","og_description":"El 27 de novembre de 2025, barnacl\u00ednic+ va celebrar el seu 25\u00e8 aniversari amb un acte que va reunir pacients, professionals i treballadors","og_url":"https:\/\/www.barnaclinic.com\/blog\/ca\/blog\/barnaclinic-25-anys\/","og_site_name":"Blog barnacl\u00ednic+","article_published_time":"2025-12-02T09:43:53+00:00","article_modified_time":"2025-12-03T08:35:24+00:00","og_image":[{"width":1440,"height":810,"url":"https:\/\/www.barnaclinic.com\/blog\/wp-content\/uploads\/2025\/12\/25anys-barnaclinic.jpg","type":"image\/jpeg"}],"author":"barnacl\u00ednic+","twitter_misc":{"Escrit per":"barnacl\u00ednic+","Temps estimat de lectura":"7 minuts"},"schema":{"@context":"https:\/\/schema.org","@graph":[{"@type":"WebPage","@id":"https:\/\/www.barnaclinic.com\/blog\/ca\/blog\/barnaclinic-25-anys\/","url":"https:\/\/www.barnaclinic.com\/blog\/ca\/blog\/barnaclinic-25-anys\/","name":"barnacl\u00ednic+ celebra 25 anys amb confian\u00e7a, vocaci\u00f3 i visi\u00f3 de futur","isPartOf":{"@id":"https:\/\/www.barnaclinic.com\/blog\/#website"},"datePublished":"2025-12-02T09:43:53+00:00","dateModified":"2025-12-03T08:35:24+00:00","author":{"@id":"https:\/\/www.barnaclinic.com\/blog\/#\/schema\/person\/062c0219c54bbf07163f34494da33e17"},"description":"El 27 de novembre de 2025, barnacl\u00ednic+ va celebrar el seu 25\u00e8 aniversari amb un acte que va reunir pacients, professionals i treballadors","inLanguage":"ca","potentialAction":[{"@type":"ReadAction","target":["https:\/\/www.barnaclinic.com\/blog\/ca\/blog\/barnaclinic-25-anys\/"]}]},{"@type":"WebSite","@id":"https:\/\/www.barnaclinic.com\/blog\/#website","url":"https:\/\/www.barnaclinic.com\/blog\/","name":"Blog barnacl\u00ednic+","description":"Informaci\u00f3n y novedades sobre los servicios y profesionales de barnacl\u00ednic+, Hospital Cl\u00ednic de Barcelona","potentialAction":[{"@type":"SearchAction","target":{"@type":"EntryPoint","urlTemplate":"https:\/\/www.barnaclinic.com\/blog\/?s={search_term_string}"},"query-input":"required name=search_term_string"}],"inLanguage":"ca"},{"@type":"Person","@id":"https:\/\/www.barnaclinic.com\/blog\/#\/schema\/person\/062c0219c54bbf07163f34494da33e17","name":"barnacl\u00ednic+","url":"https:\/\/www.barnaclinic.com\/blog\/ca\/blog\/author\/alex\/"}]}},"_links":{"self":[{"href":"https:\/\/www.barnaclinic.com\/blog\/ca\/wp-json\/wp\/v2\/posts\/5423","targetHints":{"allow":["GET"]}}],"collection":[{"href":"https:\/\/www.barnaclinic.com\/blog\/ca\/wp-json\/wp\/v2\/posts"}],"about":[{"href":"https:\/\/www.barnaclinic.com\/blog\/ca\/wp-json\/wp\/v2\/types\/post"}],"author":[{"embeddable":true,"href":"https:\/\/www.barnaclinic.com\/blog\/ca\/wp-json\/wp\/v2\/users\/2"}],"replies":[{"embeddable":true,"href":"https:\/\/www.barnaclinic.com\/blog\/ca\/wp-json\/wp\/v2\/comments?post=5423"}],"version-history":[{"count":3,"href":"https:\/\/www.barnaclinic.com\/blog\/ca\/wp-json\/wp\/v2\/posts\/5423\/revisions"}],"predecessor-version":[{"id":5433,"href":"https:\/\/www.barnaclinic.com\/blog\/ca\/wp-json\/wp\/v2\/posts\/5423\/revisions\/5433"}],"wp:featuredmedia":[{"embeddable":true,"href":"https:\/\/www.barnaclinic.com\/blog\/ca\/wp-json\/wp\/v2\/media\/5420"}],"wp:attachment":[{"href":"https:\/\/www.barnaclinic.com\/blog\/ca\/wp-json\/wp\/v2\/media?parent=5423"}],"wp:term":[{"taxonomy":"category","embeddable":true,"href":"https:\/\/www.barnaclinic.com\/blog\/ca\/wp-json\/wp\/v2\/categories?post=5423"},{"taxonomy":"post_tag","embeddable":true,"href":"https:\/\/www.barnaclinic.com\/blog\/ca\/wp-json\/wp\/v2\/tags?post=5423"}],"curies":[{"name":"wp","href":"https:\/\/api.w.org\/{rel}","templated":true}]}}