{"id":5329,"date":"2025-10-08T09:26:34","date_gmt":"2025-10-08T09:26:34","guid":{"rendered":"https:\/\/www.barnaclinic.com\/blog\/?p=5329"},"modified":"2025-10-08T09:52:48","modified_gmt":"2025-10-08T09:52:48","slug":"glotoplastia-referent-feminitzacio-veu","status":"publish","type":"post","link":"https:\/\/www.barnaclinic.com\/blog\/ca\/blog\/glotoplastia-referent-feminitzacio-veu\/","title":{"rendered":"El nostre equip ha realitzat m\u00e9s de 100 glotopl\u00e0sties i es confirma com a referent en la feminitzaci\u00f3 de la veu"},"content":{"rendered":"<p data-start=\"670\" data-end=\"1117\">El <strong data-start=\"519\" data-end=\"588\">Servei d\u2019<a href=\"https:\/\/www.clinicbarcelona.org\/servicio\/otorrinolaringologia\">Otorinolaringologia de l\u2019Hospital Cl\u00ednic de Barcelona<\/a><\/strong>, els professionals del qual formen part de l\u2019<strong data-start=\"627\" data-end=\"693\">equip de barnacl\u00ednic+ especialitzat en <a href=\"https:\/\/www.barnaclinic.com\/blog\/orl\/ca\/feminitzacio-de-la-veu\/\">feminitzaci\u00f3 de la veu<\/a><\/strong>, ha superat el repte de les <strong data-start=\"722\" data-end=\"754\">100 glotopl\u00e0sties realitzades<\/strong>. Aquest assoliment consolida el grup com un dels <strong data-start=\"804\" data-end=\"863\">principals referents en <a href=\"https:\/\/www.barnaclinic.com\/ca\/identitat-de-genere\/feminitzacio-de-la-veu\/\">cirurgia de feminitzaci\u00f3 vocal<\/a><\/strong><a href=\"https:\/\/www.barnaclinic.com\/es\/identidad-de-genero\/feminizacion-de-la-voz\/\"> a Espanya<\/a>, gr\u00e0cies a la seva experi\u00e8ncia en l\u2019aplicaci\u00f3 de la <strong data-start=\"923\" data-end=\"961\" data-is-only-node=\"\">t\u00e8cnica de glotopl\u00e0stia de Wendler<\/strong>, un procediment m\u00ednimament invasiu que permet <strong data-start=\"1013\" data-end=\"1099\">elevar el to de la veu i dotar-la de caracter\u00edstiques associades al g\u00e8nere femen\u00ed<\/strong>, amb resultats naturals i estables.<\/p>\n<p data-start=\"670\" data-end=\"1117\"><!--more--><\/p>\n<blockquote data-start=\"1119\" data-end=\"1551\">\n<h4 data-start=\"1121\" data-end=\"1551\"><img loading=\"lazy\" decoding=\"async\" class=\"alignleft wp-image-5316\" src=\"https:\/\/www.barnaclinic.com\/blog\/wp-content\/uploads\/2025\/10\/Isabel-vilaseca.png\" alt=\"Isabel Vilaseca\" width=\"117\" height=\"117\" srcset=\"https:\/\/www.barnaclinic.com\/blog\/wp-content\/uploads\/2025\/10\/Isabel-vilaseca.png 184w, https:\/\/www.barnaclinic.com\/blog\/wp-content\/uploads\/2025\/10\/Isabel-vilaseca-150x150.png 150w\" sizes=\"auto, (max-width: 117px) 100vw, 117px\" \/>\u201cLa glotopl\u00e0stia \u00e9s una t\u00e8cnica quir\u00fargica que s\u2019utilitza per feminitzar la veu en les pacients trans. Consisteix a reduir la mida de la laringe, fusionant la part anterior de les cordes vocals i reduint-ne la massa muscular, de manera que quedi m\u00e9s d\u2019acord amb una laringe femenina.\u201d<\/h4>\n<p data-start=\"1121\" data-end=\"1551\"><strong data-start=\"1420\" data-end=\"1444\">Dra. <a href=\"https:\/\/www.barnaclinic.com\/ca\/quadre-medic\/560\/isabel\">Isabel Vilaseca<\/a><\/strong>, otorinolaring\u00f2loga de barnacl\u00ednic+ i directora de l\u2019\u00c0rea Quir\u00fargica de l\u2019Hospital Cl\u00ednic de Barcelona<\/p>\n<\/blockquote>\n<h3 data-start=\"1558\" data-end=\"1631\">Qu\u00e8 \u00e9s la glotopl\u00e0stia de Wendler i com ajuda a feminitzar la veu?<\/h3>\n<p data-start=\"1633\" data-end=\"1897\">La <strong data-start=\"1636\" data-end=\"1663\">glotopl\u00e0stia de Wendler<\/strong> consisteix a escur\u00e7ar les cordes vocals mitjan\u00e7ant una petita cicatriu anterior i augmentar-ne la tensi\u00f3 amb l\u00e0ser. Aquesta modificaci\u00f3 permet que la veu vibri a freq\u00fc\u00e8ncies m\u00e9s altes, generant un to agut associat a la veu femenina.<\/p>\n<blockquote data-start=\"1899\" data-end=\"2174\">\n<h4 data-start=\"1901\" data-end=\"2174\"><img loading=\"lazy\" decoding=\"async\" class=\"alignleft wp-image-5320\" src=\"https:\/\/www.barnaclinic.com\/blog\/wp-content\/uploads\/2025\/10\/Eduardo-Lehrer.png\" alt=\"Eduardo Lehrer\" width=\"117\" height=\"116\" srcset=\"https:\/\/www.barnaclinic.com\/blog\/wp-content\/uploads\/2025\/10\/Eduardo-Lehrer.png 185w, https:\/\/www.barnaclinic.com\/blog\/wp-content\/uploads\/2025\/10\/Eduardo-Lehrer-150x150.png 150w\" sizes=\"auto, (max-width: 117px) 100vw, 117px\" \/>\u201cEn aquesta cirurgia escurcem la longitud de la corda vocal, creem una cicatriu anterior i, amb el l\u00e0ser, tensem les cordes. En un 95 % dels casos aconseguim l\u2019\u00e8xit.\u201d<\/h4>\n<p data-start=\"1901\" data-end=\"2174\"><strong data-start=\"2081\" data-end=\"2103\">Dr. <a href=\"https:\/\/www.barnaclinic.com\/ca\/quadre-medic\/537\/eduardo\">Eduardo Lehrer<\/a><\/strong>, otorinolaring\u00f2leg de barnacl\u00ednic+<\/p>\n<\/blockquote>\n<p data-start=\"2176\" data-end=\"2407\">La intervenci\u00f3 es realitza <strong data-start=\"2203\" data-end=\"2249\">per via transoral, sense incisions externes<\/strong>, sota anest\u00e8sia general i amb una <strong data-start=\"2284\" data-end=\"2329\">estada hospital\u00e0ria inferior a 24 hores<\/strong>. El <strong>postoperatori de la glotopl\u00e0stia<\/strong> requereix <strong data-start=\"2358\" data-end=\"2404\">rep\u00f2s vocal absolut durant uns 10 dies<\/strong>. \u201cEl dolor \u00e9s molt lleu i les mol\u00e8sties m\u00e9s enll\u00e0 del rep\u00f2s de veu s\u00f3n m\u00ednimes\u201d, afegeix la <strong data-start=\"2499\" data-end=\"2516\">Dra. Vilaseca<\/strong>, subratllant que \u201c<strong data-start=\"2534\" data-end=\"2667\">\u00e9s una cirurgia m\u00ednimament invasiva que ofereix resultats molt satisfactoris quan es combina amb un bon seguiment logop\u00e8dic<\/strong>\u201d.<\/p>\n<hr data-start=\"2671\" data-end=\"2674\" \/>\n<p><iframe loading=\"lazy\" title=\"YouTube video player\" src=\"https:\/\/www.youtube.com\/embed\/vcrv8OPgsPM\" width=\"315\" height=\"560\" frameborder=\"0\" align=\"center\" allowfullscreen=\"allowfullscreen\"><span data-mce-type=\"bookmark\" style=\"display: inline-block; width: 0px; overflow: hidden; line-height: 0;\" class=\"mce_SELRES_start\">\ufeff<\/span><\/iframe><\/p>\n<hr data-start=\"2671\" data-end=\"2674\" \/>\n<h3 data-start=\"2676\" data-end=\"2754\">El paper essencial de la logop\u00e8dia i els exercicis per feminitzar la veu<\/h3>\n<p data-start=\"2756\" data-end=\"2933\">La <strong data-start=\"627\" data-end=\"693\"><a href=\"https:\/\/www.barnaclinic.com\/blog\/orl\/ca\/feminitzacio-de-la-veu\/\">feminitzaci\u00f3 de la veu<\/a><\/strong> \u00e9s un proc\u00e9s que va m\u00e9s enll\u00e0 de la cirurgia. La logop\u00e8dia pre i postoperat\u00f2ria \u00e9s essencial per <strong data-start=\"2878\" data-end=\"2930\">aconseguir un resultat natural, expressiu i estable<\/strong>.<\/p>\n<p data-start=\"2935\" data-end=\"3247\">La <strong data-start=\"2938\" data-end=\"2955\">Dra. Vilaseca<\/strong> recorda que \u201c<strong data-start=\"2970\" data-end=\"3243\">la logop\u00e8dia preoperat\u00f2ria ensenya a adoptar h\u00e0bits de veu m\u00e9s femenins \u2014com suavitzar la parla, millorar el ritme, fer inflexions o fins i tot ajustar el vocabulari\u2014, mentre que la logop\u00e8dia postoperat\u00f2ria ajuda a recuperar el timbre normal despr\u00e9s de la cicatritzaci\u00f3<\/strong>\u201d.<\/p>\n<p data-start=\"2935\" data-end=\"3247\">Per la seva banda, la logopeda <a href=\"https:\/\/www.barnaclinic.com\/ca\/quadre-medic\/602\/ada\"><strong data-start=\"3275\" data-end=\"3289\">Ada Cabero<\/strong><\/a> detalla que el treball vocal se centra en \u201c<strong data-start=\"3333\" data-end=\"3422\">la flexibilitat de les cordes vocals, la entonaci\u00f3, la resson\u00e0ncia i la gestualitat i expressivitat facial<\/strong>\u201d, mitjan\u00e7ant <strong data-start=\"3434\" data-end=\"3480\">exercicis de lectura, cant o respiraci\u00f3<\/strong> que ajuden a consolidar el nou patr\u00f3 vocal.<\/p>\n<blockquote>\n<h4 data-start=\"3249\" data-end=\"3529\"><img loading=\"lazy\" decoding=\"async\" class=\"alignleft wp-image-5324\" src=\"https:\/\/www.barnaclinic.com\/blog\/wp-content\/uploads\/2025\/10\/Ada-Cabero.png\" alt=\"Ada Cabero\" width=\"116\" height=\"117\" srcset=\"https:\/\/www.barnaclinic.com\/blog\/wp-content\/uploads\/2025\/10\/Ada-Cabero.png 171w, https:\/\/www.barnaclinic.com\/blog\/wp-content\/uploads\/2025\/10\/Ada-Cabero-150x150.png 150w\" sizes=\"auto, (max-width: 116px) 100vw, 116px\" \/>\u201cEl treball vocal se centra en <strong data-start=\"3333\" data-end=\"3422\">la flexibilitat de les cordes vocals, la entonaci\u00f3, la resson\u00e0ncia i la gestualitat i expressivitat facial<\/strong>, mitjan\u00e7ant <strong data-start=\"3434\" data-end=\"3480\">exercicis de lectura, cant o respiraci\u00f3<\/strong>.\u201d<\/h4>\n<p data-start=\"3249\" data-end=\"3529\"><a href=\"https:\/\/www.barnaclinic.com\/ca\/quadre-medic\/602\/ada\"><strong data-start=\"3275\" data-end=\"3289\">Ada Cabero<\/strong><\/a>, logopeda de barnacl\u00ednic+<\/p>\n<\/blockquote>\n<h3 data-start=\"599\" data-end=\"641\">Un abordatge integral i personalitzat<\/h3>\n<p data-start=\"643\" data-end=\"1036\">El <a href=\"https:\/\/www.barnaclinic.com\/ca\/identitat-de-genere\/feminitzacio-de-la-veu\/\"><strong data-start=\"646\" data-end=\"696\">programa de feminitzaci\u00f3 vocal de barnacl\u00ednic+<\/strong><\/a> combina una <strong data-start=\"709\" data-end=\"761\">avaluaci\u00f3 foni\u00e0trica i logop\u00e8dica especialitzada<\/strong>, cirurgia l\u00e0ser d\u2019alta precisi\u00f3 i un <strong data-start=\"800\" data-end=\"846\">seguiment postoperatori individualitzat<\/strong>. Cada cas s\u2019avalua de manera personalitzada per <strong data-start=\"899\" data-end=\"957\">adequar el to, el timbre i l\u2019expressivitat de la veu<\/strong> a la <a href=\"https:\/\/www.barnaclinic.com\/ca\/identitat-de-genere\/\"><strong>identitat de g\u00e8nere<\/strong><\/a> i a les necessitats comunicatives de cada pacient.<\/p>\n<p data-start=\"1038\" data-end=\"1464\">A m\u00e9s de la <strong data-start=\"1051\" data-end=\"1078\">glotopl\u00e0stia de Wendler<\/strong>, barnacl\u00ednic+ ofereix <strong data-start=\"1100\" data-end=\"1147\">tractaments complementaris no quir\u00fargics<\/strong> per a aquelles persones que desitgen <strong>feminitzar la veu<\/strong> mitjan\u00e7ant reeducaci\u00f3 vocal, control respiratori o treball de resson\u00e0ncia i articulaci\u00f3. L\u2019objectiu final \u00e9s aconseguir <strong data-start=\"1307\" data-end=\"1380\">una veu natural, estable i coherent amb la identitat de cada persona<\/strong>, que contribueixi a millorar el seu benestar i la seva confian\u00e7a en la comunicaci\u00f3 quotidiana.<\/p>\n<hr \/>\n<div align=\"center\"><iframe loading=\"lazy\" title=\"YouTube video player\" src=\"https:\/\/www.youtube.com\/embed\/E44nMeJiFQ4\" width=\"700\" height=\"394\" frameborder=\"0\" allowfullscreen=\"allowfullscreen\"><span data-mce-type=\"bookmark\" style=\"display: inline-block; width: 0px; overflow: hidden; line-height: 0;\" class=\"mce_SELRES_start\">\ufeff<\/span><span data-mce-type=\"bookmark\" style=\"display: inline-block; width: 0px; overflow: hidden; line-height: 0;\" class=\"mce_SELRES_start\">\ufeff<\/span><\/iframe><\/div>\n<hr data-start=\"1466\" data-end=\"1469\" \/>\n<h3 data-start=\"1471\" data-end=\"1569\">barnacl\u00ednic+, referent en feminitzaci\u00f3 de la veu i atenci\u00f3 integral a persones transg\u00e8nere<\/h3>\n<p data-start=\"1571\" data-end=\"2039\">Dins de la seva <a href=\"https:\/\/www.barnaclinic.com\/ca\/identitat-de-genere\/\"><strong data-start=\"1584\" data-end=\"1617\">Unitat d&#8217;Identitat de G\u00e8nere<\/strong><\/a>, barnacl\u00ednic+ ofereix una atenci\u00f3 global i coordinada que inclou <strong data-start=\"1684\" data-end=\"1776\">tractaments hormonals, cirurgia d\u2019afirmaci\u00f3 de g\u00e8nere, feminitzaci\u00f3 facial i corporal<\/strong>, i el <a href=\"https:\/\/www.barnaclinic.com\/ca\/identitat-de-genere\/feminitzacio-de-la-veu\/\"><strong data-start=\"1783\" data-end=\"1824\">tractament de feminitzaci\u00f3 de la veu<\/strong><\/a> com a part fonamental del proc\u00e9s. Aquest enfocament integral permet acompanyar cada persona en totes les fases de la seva transici\u00f3, combinant <strong data-start=\"1966\" data-end=\"2036\">rigorositat m\u00e8dica, innovaci\u00f3 tecnol\u00f2gica i acompanyament hum\u00e0<\/strong>.<\/p>\n<p data-start=\"2041\" data-end=\"2307\">El comprom\u00eds de barnacl\u00ednic+ \u00e9s oferir un servei <strong data-start=\"2094\" data-end=\"2180\">basat en l\u2019excel\u00b7l\u00e8ncia, la seguretat i el respecte a la identitat de cada pacient<\/strong>, convertint-se en un <strong data-start=\"2203\" data-end=\"2264\">referent en atenci\u00f3 sanit\u00e0ria per a persones transg\u00e8nere<\/strong> a Barcelona i a escala internacional.<\/p>\n<hr \/>\n<div id=\"estoy-interesado\" class=\"destacat-site\">\n<h3 style=\"padding-left: 15px; padding-right: 15px;\" align=\"center\"><span style=\"color: white;\">Fes el seg\u00fcent pas cap a una veu amb la qual et sentis tu mateix\/a.<\/span><\/h3>\n<h4 style=\"text-align: center;\">Demana cita amb el nostre equip especialitzat en feminitzaci\u00f3 de la veu.<\/h4>\n<p style=\"padding-left: 30px; padding-right: 20px;\" align=\"center\"><a class=\"button\" href=\"https:\/\/www.barnaclinic.com\/ca\/identitat-de-genere\/cirurgia-transgenere-a-barcelona\/#contacte\">CONTACTA\u2019NS<\/a><\/p>\n<\/div>\n","protected":false},"excerpt":{"rendered":"<p>El Servei d\u2019Otorinolaringologia de l\u2019Hospital Cl\u00ednic de Barcelona, els professionals del qual formen part de l\u2019equip de barnacl\u00ednic+ especialitzat en feminitzaci\u00f3 de la veu, ha superat el repte de les 100 glotopl\u00e0sties realitzades. Aquest assoliment consolida el grup com un dels principals referents en cirurgia de feminitzaci\u00f3 vocal a Espanya, gr\u00e0cies a la seva experi\u00e8ncia [&hellip;]<\/p>\n","protected":false},"author":2,"featured_media":5313,"comment_status":"open","ping_status":"closed","sticky":false,"template":"","format":"standard","meta":{"footnotes":""},"categories":[2585,335],"tags":[2587,2588,2589,2591,2592,2594,2593,2383,2595,2596,2597,2598,2602,2599,2600,2590,2601],"class_list":["post-5329","post","type-post","status-publish","format-standard","has-post-thumbnail","hentry","category-cirurgia-transgenere","category-otorrinolaringologia","tag-canvi-de-veu-dona-trans","tag-cirurgia-dafirmacio-de-genere","tag-cirurgia-de-feminitzacio-de-la-veu-a-barcelona","tag-cirurgia-per-feminitzar-la-veu","tag-com-feminitzar-la-veu","tag-especialistes-en-feminitzacio-de-la-veu","tag-exercicis-per-feminitzar-la-veu","tag-feminitzacio-de-la-veu","tag-feminitzacio-vocal","tag-glotoplastia-laringologia-barnaclinic","tag-logopedia-de-feminitzacio-de-la-veu","tag-otorinolaringologia-hospital-clinic","tag-que-es-la-glotoplastia-ca","tag-tractament-de-la-veu-transgenere","tag-tractament-per-a-persones-trans-barcelona","tag-cirurgia-minimament-invasiva-de-la-laringe","tag-unitat-didentitat-de-genere"],"yoast_head":"<!-- This site is optimized with the Yoast SEO plugin v19.14 - https:\/\/yoast.com\/wordpress\/plugins\/seo\/ -->\n<title>El nostre equip supera les 100 glotopl\u00e0sties de feminitzaci\u00f3 vocal<\/title>\n<meta name=\"description\" content=\"L&#039;equip de barnacl\u00ednic+ supera les 100 glotopl\u00e0sties i es consolida com a referent en cirurgia de feminitzaci\u00f3 de la veu a Barcelona.\" \/>\n<meta name=\"robots\" content=\"index, follow, max-snippet:-1, max-image-preview:large, max-video-preview:-1\" \/>\n<link rel=\"canonical\" href=\"https:\/\/www.barnaclinic.com\/blog\/ca\/blog\/glotoplastia-referent-feminitzacio-veu\/\" \/>\n<meta property=\"og:locale\" content=\"ca_ES\" \/>\n<meta property=\"og:type\" content=\"article\" \/>\n<meta property=\"og:title\" content=\"El nostre equip supera les 100 glotopl\u00e0sties de feminitzaci\u00f3 vocal\" \/>\n<meta property=\"og:description\" content=\"L&#039;equip de barnacl\u00ednic+ supera les 100 glotopl\u00e0sties i es consolida com a referent en cirurgia de feminitzaci\u00f3 de la veu a Barcelona.\" \/>\n<meta property=\"og:url\" content=\"https:\/\/www.barnaclinic.com\/blog\/ca\/blog\/glotoplastia-referent-feminitzacio-veu\/\" \/>\n<meta property=\"og:site_name\" content=\"Blog barnacl\u00ednic+\" \/>\n<meta property=\"article:published_time\" content=\"2025-10-08T09:26:34+00:00\" \/>\n<meta property=\"article:modified_time\" content=\"2025-10-08T09:52:48+00:00\" \/>\n<meta property=\"og:image\" content=\"https:\/\/www.barnaclinic.com\/blog\/wp-content\/uploads\/2025\/10\/feminizacion-de-la-voz.jpg\" \/>\n\t<meta property=\"og:image:width\" content=\"1440\" \/>\n\t<meta property=\"og:image:height\" content=\"810\" \/>\n\t<meta property=\"og:image:type\" content=\"image\/jpeg\" \/>\n<meta name=\"author\" content=\"barnacl\u00ednic+\" \/>\n<meta name=\"twitter:label1\" content=\"Escrit per\" \/>\n\t<meta name=\"twitter:data1\" content=\"barnacl\u00ednic+\" \/>\n\t<meta name=\"twitter:label2\" content=\"Temps estimat de lectura\" \/>\n\t<meta name=\"twitter:data2\" content=\"4 minuts\" \/>\n<script type=\"application\/ld+json\" class=\"yoast-schema-graph\">{\"@context\":\"https:\/\/schema.org\",\"@graph\":[{\"@type\":\"WebPage\",\"@id\":\"https:\/\/www.barnaclinic.com\/blog\/ca\/blog\/glotoplastia-referent-feminitzacio-veu\/\",\"url\":\"https:\/\/www.barnaclinic.com\/blog\/ca\/blog\/glotoplastia-referent-feminitzacio-veu\/\",\"name\":\"El nostre equip supera les 100 glotopl\u00e0sties de feminitzaci\u00f3 vocal\",\"isPartOf\":{\"@id\":\"https:\/\/www.barnaclinic.com\/blog\/#website\"},\"datePublished\":\"2025-10-08T09:26:34+00:00\",\"dateModified\":\"2025-10-08T09:52:48+00:00\",\"author\":{\"@id\":\"https:\/\/www.barnaclinic.com\/blog\/#\/schema\/person\/062c0219c54bbf07163f34494da33e17\"},\"description\":\"L'equip de barnacl\u00ednic+ supera les 100 glotopl\u00e0sties i es consolida com a referent en cirurgia de feminitzaci\u00f3 de la veu a Barcelona.\",\"inLanguage\":\"ca\",\"potentialAction\":[{\"@type\":\"ReadAction\",\"target\":[\"https:\/\/www.barnaclinic.com\/blog\/ca\/blog\/glotoplastia-referent-feminitzacio-veu\/\"]}]},{\"@type\":\"WebSite\",\"@id\":\"https:\/\/www.barnaclinic.com\/blog\/#website\",\"url\":\"https:\/\/www.barnaclinic.com\/blog\/\",\"name\":\"Blog barnacl\u00ednic+\",\"description\":\"Informaci\u00f3n y novedades sobre los servicios y profesionales de barnacl\u00ednic+, Hospital Cl\u00ednic de Barcelona\",\"potentialAction\":[{\"@type\":\"SearchAction\",\"target\":{\"@type\":\"EntryPoint\",\"urlTemplate\":\"https:\/\/www.barnaclinic.com\/blog\/?s={search_term_string}\"},\"query-input\":\"required name=search_term_string\"}],\"inLanguage\":\"ca\"},{\"@type\":\"Person\",\"@id\":\"https:\/\/www.barnaclinic.com\/blog\/#\/schema\/person\/062c0219c54bbf07163f34494da33e17\",\"name\":\"barnacl\u00ednic+\",\"url\":\"https:\/\/www.barnaclinic.com\/blog\/ca\/blog\/author\/alex\/\"}]}<\/script>\n<!-- \/ Yoast SEO plugin. -->","yoast_head_json":{"title":"El nostre equip supera les 100 glotopl\u00e0sties de feminitzaci\u00f3 vocal","description":"L'equip de barnacl\u00ednic+ supera les 100 glotopl\u00e0sties i es consolida com a referent en cirurgia de feminitzaci\u00f3 de la veu a Barcelona.","robots":{"index":"index","follow":"follow","max-snippet":"max-snippet:-1","max-image-preview":"max-image-preview:large","max-video-preview":"max-video-preview:-1"},"canonical":"https:\/\/www.barnaclinic.com\/blog\/ca\/blog\/glotoplastia-referent-feminitzacio-veu\/","og_locale":"ca_ES","og_type":"article","og_title":"El nostre equip supera les 100 glotopl\u00e0sties de feminitzaci\u00f3 vocal","og_description":"L'equip de barnacl\u00ednic+ supera les 100 glotopl\u00e0sties i es consolida com a referent en cirurgia de feminitzaci\u00f3 de la veu a Barcelona.","og_url":"https:\/\/www.barnaclinic.com\/blog\/ca\/blog\/glotoplastia-referent-feminitzacio-veu\/","og_site_name":"Blog barnacl\u00ednic+","article_published_time":"2025-10-08T09:26:34+00:00","article_modified_time":"2025-10-08T09:52:48+00:00","og_image":[{"width":1440,"height":810,"url":"https:\/\/www.barnaclinic.com\/blog\/wp-content\/uploads\/2025\/10\/feminizacion-de-la-voz.jpg","type":"image\/jpeg"}],"author":"barnacl\u00ednic+","twitter_misc":{"Escrit per":"barnacl\u00ednic+","Temps estimat de lectura":"4 minuts"},"schema":{"@context":"https:\/\/schema.org","@graph":[{"@type":"WebPage","@id":"https:\/\/www.barnaclinic.com\/blog\/ca\/blog\/glotoplastia-referent-feminitzacio-veu\/","url":"https:\/\/www.barnaclinic.com\/blog\/ca\/blog\/glotoplastia-referent-feminitzacio-veu\/","name":"El nostre equip supera les 100 glotopl\u00e0sties de feminitzaci\u00f3 vocal","isPartOf":{"@id":"https:\/\/www.barnaclinic.com\/blog\/#website"},"datePublished":"2025-10-08T09:26:34+00:00","dateModified":"2025-10-08T09:52:48+00:00","author":{"@id":"https:\/\/www.barnaclinic.com\/blog\/#\/schema\/person\/062c0219c54bbf07163f34494da33e17"},"description":"L'equip de barnacl\u00ednic+ supera les 100 glotopl\u00e0sties i es consolida com a referent en cirurgia de feminitzaci\u00f3 de la veu a Barcelona.","inLanguage":"ca","potentialAction":[{"@type":"ReadAction","target":["https:\/\/www.barnaclinic.com\/blog\/ca\/blog\/glotoplastia-referent-feminitzacio-veu\/"]}]},{"@type":"WebSite","@id":"https:\/\/www.barnaclinic.com\/blog\/#website","url":"https:\/\/www.barnaclinic.com\/blog\/","name":"Blog barnacl\u00ednic+","description":"Informaci\u00f3n y novedades sobre los servicios y profesionales de barnacl\u00ednic+, Hospital Cl\u00ednic de Barcelona","potentialAction":[{"@type":"SearchAction","target":{"@type":"EntryPoint","urlTemplate":"https:\/\/www.barnaclinic.com\/blog\/?s={search_term_string}"},"query-input":"required name=search_term_string"}],"inLanguage":"ca"},{"@type":"Person","@id":"https:\/\/www.barnaclinic.com\/blog\/#\/schema\/person\/062c0219c54bbf07163f34494da33e17","name":"barnacl\u00ednic+","url":"https:\/\/www.barnaclinic.com\/blog\/ca\/blog\/author\/alex\/"}]}},"_links":{"self":[{"href":"https:\/\/www.barnaclinic.com\/blog\/ca\/wp-json\/wp\/v2\/posts\/5329","targetHints":{"allow":["GET"]}}],"collection":[{"href":"https:\/\/www.barnaclinic.com\/blog\/ca\/wp-json\/wp\/v2\/posts"}],"about":[{"href":"https:\/\/www.barnaclinic.com\/blog\/ca\/wp-json\/wp\/v2\/types\/post"}],"author":[{"embeddable":true,"href":"https:\/\/www.barnaclinic.com\/blog\/ca\/wp-json\/wp\/v2\/users\/2"}],"replies":[{"embeddable":true,"href":"https:\/\/www.barnaclinic.com\/blog\/ca\/wp-json\/wp\/v2\/comments?post=5329"}],"version-history":[{"count":4,"href":"https:\/\/www.barnaclinic.com\/blog\/ca\/wp-json\/wp\/v2\/posts\/5329\/revisions"}],"predecessor-version":[{"id":5339,"href":"https:\/\/www.barnaclinic.com\/blog\/ca\/wp-json\/wp\/v2\/posts\/5329\/revisions\/5339"}],"wp:featuredmedia":[{"embeddable":true,"href":"https:\/\/www.barnaclinic.com\/blog\/ca\/wp-json\/wp\/v2\/media\/5313"}],"wp:attachment":[{"href":"https:\/\/www.barnaclinic.com\/blog\/ca\/wp-json\/wp\/v2\/media?parent=5329"}],"wp:term":[{"taxonomy":"category","embeddable":true,"href":"https:\/\/www.barnaclinic.com\/blog\/ca\/wp-json\/wp\/v2\/categories?post=5329"},{"taxonomy":"post_tag","embeddable":true,"href":"https:\/\/www.barnaclinic.com\/blog\/ca\/wp-json\/wp\/v2\/tags?post=5329"}],"curies":[{"name":"wp","href":"https:\/\/api.w.org\/{rel}","templated":true}]}}