{"id":5067,"date":"2024-12-05T08:31:30","date_gmt":"2024-12-05T08:31:30","guid":{"rendered":"https:\/\/www.barnaclinic.com\/blog\/?p=5067"},"modified":"2024-12-05T08:31:30","modified_gmt":"2024-12-05T08:31:30","slug":"millors-investigadors-del-mon","status":"publish","type":"post","link":"https:\/\/www.barnaclinic.com\/blog\/ca\/blog\/millors-investigadors-del-mon\/","title":{"rendered":"Els cinc professionals de barnacl\u00ednic+ entre els millors investigadors del m\u00f3n el 2024"},"content":{"rendered":"<p><strong>Cinc professionals de barnacl\u00ednic+ han estat reconeguts a la prestigiosa llista de <a href=\"https:\/\/clarivate.com\/highly-cited-researchers\/\">&#8220;Highly Cited Researchers&#8221; de Clarivate Analytics<\/a><\/strong>. Aquest r\u00e0nquing identifica els millors investigadors del m\u00f3n, els experts m\u00e9s influents, situats entre l&#8217;1 % m\u00e9s citat de la seva especialitat a nivell mundial des de l&#8217;any 2021. Els doctors <a href=\"https:\/\/www.barnaclinic.com\/ca\/quadre-medic\/53\/francesc\"><strong>Francesc Graus<\/strong><\/a>, <a href=\"https:\/\/www.barnaclinic.com\/ca\/quadre-medic\/331\/eduard\" target=\"_blank\" rel=\"noopener\"><strong>Eduard Vieta<\/strong><\/a>, <a href=\"https:\/\/www.barnaclinic.com\/ca\/quadre-medic\/271\/josep\"><strong>Josep Dalmau<\/strong><\/a>, <a href=\"https:\/\/www.barnaclinic.com\/ca\/quadre-medic\/137\/alvar\"><strong>\u00c0lvar Agust\u00ed<\/strong><\/a> i <a href=\"https:\/\/www.barnaclinic.com\/ca\/quadre-medic\/196\/joaquim\"><strong>Joaquim Mullol<\/strong><\/a> han estat inclosos en aquesta classificaci\u00f3, destacant la seva contribuci\u00f3 significativa en els seus respectius camps d\u2019investigaci\u00f3.<\/p>\n<p><!--more--><br \/>\nA la llista d\u2019aquest any, a m\u00e9s dels cinc professionals de barnacl\u00ednic+, tamb\u00e9 hi ha altres quatre <a href=\"https:\/\/www.barnaclinic.com\/ca\/quadre-medic\/\">professionals de l\u2019Hospital Cl\u00ednic de Barcelona<\/a>: el Dr. <strong>Jordi Bruix<\/strong>, el Dr. <strong>Josep M. Llovet<\/strong>, el Dr. <strong>Joaquim Rad\u00f9a<\/strong> i el Dr. <strong>Albert Saiz<\/strong>. Aix\u00f2 converteix el <a href=\"https:\/\/www.clinicbarcelona.org\/idibaps\">Cl\u00ednic de Barcelona &#8211; IDIBAPS<\/a> en la instituci\u00f3 m\u00e8dica d\u2019Espanya amb m\u00e9s investigadors entre els m\u00e9s citats. A la llista d\u2019aquest any hi ha 6.636 persones de 59 pa\u00efsos diferents. Al <strong>r\u00e0nquing dels millors investigadors del m\u00f3n 2024<\/strong> figuren, a m\u00e9s, 99 investigadors que treballen en institucions espanyoles.<\/p>\n<h2>Els cinc professionals de barnacl\u00ednic+ entre els millors investigadors del m\u00f3n el 2024<\/h2>\n<h5>Dr. Francesc Graus<\/h5>\n<p><img loading=\"lazy\" decoding=\"async\" class=\"alignleft wp-image-5038\" src=\"https:\/\/www.barnaclinic.com\/blog\/wp-content\/uploads\/2024\/12\/Francesc-GRaus.png\" alt=\"Francesc Graus\" width=\"107\" height=\"107\" srcset=\"https:\/\/www.barnaclinic.com\/blog\/wp-content\/uploads\/2024\/12\/Francesc-GRaus.png 300w, https:\/\/www.barnaclinic.com\/blog\/wp-content\/uploads\/2024\/12\/Francesc-GRaus-150x150.png 150w\" sizes=\"auto, (max-width: 107px) 100vw, 107px\" \/><br \/>\nEl Dr. <a href=\"https:\/\/www.barnaclinic.com\/ca\/quadre-medic\/53\/francesc\"><strong>Francesc Graus<\/strong><\/a>, especialista en <a href=\"https:\/\/www.barnaclinic.com\/ca\/especialitats\/26\/neurologia\">Neurologia<\/a> a barnacl\u00ednic+, \u00e9s reconegut internacionalment per la seva tasca en el diagn\u00f2stic i tractament de <a href=\"https:\/\/www.barnaclinic.com\/ca\/neurocirugia\/tumor-cerebral-ca\/\">tumors cerebrals<\/a> i complicacions neurol\u00f2giques associades al c\u00e0ncer. A m\u00e9s, \u00e9s investigador em\u00e8rit del grup de <a href=\"https:\/\/www.clinicbarcelona.org\/ca\/idibaps\/arees-i-programes\/neurociencies-cliniques-i-experimentals\/patogenesi-de-les-malalties-neuronals-autoimmunes\">Patog\u00e8nesi de les Malalties Neuronals Autoimmunes de l\u2019IDIBAPS<\/a>.<\/p>\n<div id=\"estoy-interesado\" class=\"destacat-site\">\n<h4 style=\"padding-left: 15px; padding-right: 15px;\" align=\"CENTER\"><span style=\"color: white;\">VOL CONTACTAR AMB EL DR. FRANCESC GRAUS?<\/span><\/h4>\n<p class=\"boto\" style=\"padding-left: 30px; padding-right: 20px;\" align=\"center\"><a class=\"button button--cita\" href=\"https:\/\/www.barnaclinic.com\/ca\/solicitar-cita\/?profesional=53\" target=\"_blank\" rel=\"noopener noreferrer\">SOL\u00b7LICITAR CITA AMB EL DR. GRAUS<\/a><\/p>\n<\/div>\n<h5>Dr. Eduard Vieta<\/h5>\n<p><img loading=\"lazy\" decoding=\"async\" class=\"wp-image-5042 alignleft\" src=\"https:\/\/www.barnaclinic.com\/blog\/wp-content\/uploads\/2024\/12\/Eduard-Vieta.png\" alt=\"Eduard Vieta\" width=\"107\" height=\"107\" srcset=\"https:\/\/www.barnaclinic.com\/blog\/wp-content\/uploads\/2024\/12\/Eduard-Vieta.png 300w, https:\/\/www.barnaclinic.com\/blog\/wp-content\/uploads\/2024\/12\/Eduard-Vieta-150x150.png 150w\" sizes=\"auto, (max-width: 107px) 100vw, 107px\" \/>El Dr. <a href=\"https:\/\/www.barnaclinic.com\/ca\/quadre-medic\/331\/eduard\" target=\"_blank\" rel=\"noopener\"><strong>Eduard Vieta<\/strong><\/a>, cap del Servei de Psiquiatria i Psicologia de l\u2019<a href=\"https:\/\/www.clinicbarcelona.org\/\">Hospital Cl\u00ednic de Barcelona<\/a> i membre de l\u2019equip de <a href=\"https:\/\/www.barnaclinic.com\/ca\/solicitar-cita\/?especialidad=53\">Psiquiatria<\/a> de barnacl\u00ednic+, lidera el grup de <a href=\"https:\/\/www.clinicbarcelona.org\/ca\/idibaps\/arees-i-programes\/neurociencies-cliniques-i-experimentals\/trastorns-bipolars-i-depressius\">Trastorns Bipolars i Depressius de l\u2019IDIBAPS<\/a>. La seva recerca se centra en la comprensi\u00f3 i millora del tractament d\u2019aquests trastorns, contribuint al desenvolupament de nous enfocaments terap\u00e8utics per al <a href=\"https:\/\/www.barnaclinic.com\/ca\/trastornos-psiquiatricos-y-psicologicos-del-adulto\/trastorno-bipolar\/\">Trastorn Bipolar<\/a> i la <a href=\"https:\/\/www.barnaclinic.com\/ca\/trastornos-psiquiatricos-y-psicologicos-del-adulto\/depresion\/\">Depressi\u00f3<\/a>.<\/p>\n<div id=\"estoy-interesado\" class=\"destacat-site\">\n<h4 style=\"padding-left: 15px; padding-right: 15px;\" align=\"CENTER\"><span style=\"color: white;\">VOL CONTACTAR AMB EL DR. EDUARD VIETA?<\/span><\/h4>\n<p class=\"boto\" style=\"padding-left: 30px; padding-right: 20px;\" align=\"center\"><a class=\"button button--cita\" href=\"https:\/\/www.barnaclinic.com\/ca\/solicitar-cita\/?profesional=331\" target=\"_blank\" rel=\"noopener noreferrer\">SOL\u00b7LICITAR CITA AMB EL DR. VIETA<\/a><\/p>\n<\/div>\n<h5>Dr. Josep Dalmau<\/h5>\n<p><img loading=\"lazy\" decoding=\"async\" class=\"alignleft wp-image-5034\" src=\"https:\/\/www.barnaclinic.com\/blog\/wp-content\/uploads\/2024\/12\/Josep-Dalmau.png\" alt=\"Dr. Josep Dalmau\" width=\"107\" height=\"107\" srcset=\"https:\/\/www.barnaclinic.com\/blog\/wp-content\/uploads\/2024\/12\/Josep-Dalmau.png 300w, https:\/\/www.barnaclinic.com\/blog\/wp-content\/uploads\/2024\/12\/Josep-Dalmau-150x150.png 150w\" sizes=\"auto, (max-width: 107px) 100vw, 107px\" \/><br \/>\nEl Dr. <a href=\"https:\/\/www.barnaclinic.com\/ca\/quadre-medic\/271\/josep\"><strong>Josep Dalmau<\/strong><\/a>, consultor en <a href=\"https:\/\/www.barnaclinic.com\/ca\/especialitats\/26\/neurologia\">Neurologia<\/a> a barnacl\u00ednic+, \u00e9s professor ICREA a l\u2019IDIBAPS, on lidera el grup de <a href=\"https:\/\/www.clinicbarcelona.org\/ca\/idibaps\/arees-i-programes\/neurociencies-cliniques-i-experimentals\/patogenesi-de-les-malalties-neuronals-autoimmunes\">Patog\u00e8nesi de les Malalties Neuronals Autoimmunes<\/a>. La seva feina ha estat fonamental en l\u2019estudi de <a href=\"https:\/\/www.barnaclinic.com\/ca\/especialitats\/28\/malalties-autoimmunes\">malalties autoimmunes<\/a> del cervell, com l\u2019<a href=\"https:\/\/www.youtube.com\/watch?v=6oAAkcsOD1M\">encefalitis autoimmune<\/a>.<\/p>\n<div id=\"estoy-interesado\" class=\"destacat-site\">\n<h4 style=\"padding-left: 15px; padding-right: 15px;\" align=\"CENTER\"><span style=\"color: white;\">VOL CONTACTAR AMB EL DR. JOSEP DALMAU?<\/span><\/h4>\n<p class=\"boto\" style=\"padding-left: 30px; padding-right: 20px;\" align=\"center\"><a class=\"button button--cita\" href=\"https:\/\/www.barnaclinic.com\/ca\/solicitar-cita\/?profesional=271\" target=\"_blank\" rel=\"noopener noreferrer\">SOL\u00b7LICITAR CITA AMB EL DR. DALMAU<\/a><\/p>\n<\/div>\n<h5>Dr. \u00c0lvar Agust\u00ed<\/h5>\n<p><img loading=\"lazy\" decoding=\"async\" class=\"alignleft wp-image-5051\" src=\"https:\/\/www.barnaclinic.com\/blog\/wp-content\/uploads\/2024\/12\/Alvar-Agusti.png\" alt=\"Alvar Agust\u00ed\" width=\"107\" height=\"107\" srcset=\"https:\/\/www.barnaclinic.com\/blog\/wp-content\/uploads\/2024\/12\/Alvar-Agusti.png 300w, https:\/\/www.barnaclinic.com\/blog\/wp-content\/uploads\/2024\/12\/Alvar-Agusti-150x150.png 150w\" sizes=\"auto, (max-width: 107px) 100vw, 107px\" \/><br \/>\n<span style=\"font-size: 16px;\">El Dr. <\/span><a style=\"font-size: 16px;\" href=\"https:\/\/www.barnaclinic.com\/ca\/quadre-medic\/137\/alvar\"><strong>\u00c0lvar Agust\u00ed<\/strong><\/a><span style=\"font-size: 16px;\">, consultor s\u00e8nior del Servei de <\/span><a style=\"font-size: 16px;\" href=\"https:\/\/www.barnaclinic.com\/ca\/respiratori\/pneumologia\/\">Pneumologia<\/a><span style=\"font-size: 16px;\"> del <\/span><a style=\"font-size: 16px;\" href=\"https:\/\/www.clinicbarcelona.org\/\">Hospital Cl\u00ednic de Barcelona<\/a><span style=\"font-size: 16px;\"> i especialista a barnacl\u00ednic+, encap\u00e7ala el grup d\u2019<\/span><a style=\"font-size: 16px;\" href=\"https:\/\/www.clinicbarcelona.org\/ca\/idibaps\/arees-i-programes\/biopatologia-i-bioenginyeria-respiratoria-cardiovascular-i-renal\/inflamacio-i-reparacio-en-les-malalties-respiratories\">Inflamaci\u00f3 i Reparaci\u00f3 en Malalties Respirat\u00f2ries de l\u2019IDIBAPS<\/a><span style=\"font-size: 16px;\">. La seva investigaci\u00f3 se centra en patologies respirat\u00f2ries, contribuint a l\u2019aven\u00e7 en el tractament d\u2019aquestes malalties.<\/span><\/p>\n<div id=\"estoy-interesado\" class=\"destacat-site\">\n<h4 style=\"padding-left: 15px; padding-right: 15px;\" align=\"CENTER\"><span style=\"color: white;\">VOL CONTACTAR AMB EL DR. \u00c0LVAR AGUST\u00cd?<\/span><\/h4>\n<p class=\"boto\" style=\"padding-left: 30px; padding-right: 20px;\" align=\"center\"><a class=\"button button--cita\" href=\"https:\/\/www.barnaclinic.com\/ca\/solicitar-cita\/?profesional=137\" target=\"_blank\" rel=\"noopener noreferrer\">SOL\u00b7LICITAR CITA AMB EL DR. AGUST\u00cd<\/a><\/p>\n<\/div>\n<h5>Dr. Joaquim Mullol<\/h5>\n<p><img loading=\"lazy\" decoding=\"async\" class=\"alignleft wp-image-5055\" src=\"https:\/\/www.barnaclinic.com\/blog\/wp-content\/uploads\/2024\/12\/Joaquim-Mullol.png\" alt=\"Joaquim Mullol\" width=\"106\" height=\"106\" srcset=\"https:\/\/www.barnaclinic.com\/blog\/wp-content\/uploads\/2024\/12\/Joaquim-Mullol.png 300w, https:\/\/www.barnaclinic.com\/blog\/wp-content\/uploads\/2024\/12\/Joaquim-Mullol-150x150.png 150w\" sizes=\"auto, (max-width: 106px) 100vw, 106px\" \/>El Dr. <a href=\"https:\/\/www.barnaclinic.com\/ca\/quadre-medic\/196\/joaquim\"><strong>Joaquim Mullol<\/strong><\/a>, responsable de l\u2019\u00c0rea de Rinologia i de la Cl\u00ednica de l\u2019Olfacte del Servei d\u2019<a href=\"https:\/\/www.barnaclinic.com\/ca\/especialitats\/21\/otorrinolaringologia\">Otorrinolaringologia<\/a> del <a href=\"https:\/\/www.clinicbarcelona.org\/\">Hospital Cl\u00ednic de Barcelona<\/a> i especialista a barnacl\u00ednic+, lidera el grup d\u2019<a href=\"https:\/\/www.clinicbarcelona.org\/ca\/idibaps\/grups-de-recerca\/immunoal-lergia-respiratoria-clinica-i-experimental-irce?areaSlug=biopatologia-i-bioenginyeria-respiratoria-cardiovascular-i-renal\">Immunoal\u00b7l\u00e8rgia Respirat\u00f2ria Cl\u00ednica i Experimental de l\u2019IDIBAPS<\/a>. El seu treball se centra en malalties respirat\u00f2ries i al\u00b7l\u00e8rgies, contribuint a millorar-ne el diagn\u00f2stic i tractament.<\/p>\n<div id=\"estoy-interesado\" class=\"destacat-site\">\n<h4 style=\"padding-left: 15px; padding-right: 15px;\" align=\"CENTER\"><span style=\"color: white;\">VOL CONTACTAR AMB EL DR. JOAQUIM MULLOL?<\/span><\/h4>\n<p class=\"boto\" style=\"padding-left: 30px; padding-right: 20px;\" align=\"center\"><a class=\"button button--cita\" href=\"https:\/\/www.barnaclinic.com\/ca\/solicitar-cita\/?profesional=196\" target=\"_blank\" rel=\"noopener noreferrer\">SOL\u00b7LICITAR CITA AMB EL DR. MULLOL<\/a><\/p>\n<\/div>\n<p>La inclusi\u00f3 d\u2019aquests cinc professionals en el <a href=\"https:\/\/clarivate.com\/highly-cited-researchers\/\">r\u00e0nquing de Clarivate Analytics<\/a> subratlla el <strong>comprom\u00eds de barnacl\u00ednic+ amb l\u2019excel\u00b7l\u00e8ncia en la investigaci\u00f3 i l\u2019assist\u00e8ncia m\u00e8dica<\/strong>, consolidant la seva posici\u00f3 com a referent en l\u2019\u00e0mbit sanitari i cient\u00edfic.<\/p>\n<hr \/>\n<p>&nbsp;<\/p>\n","protected":false},"excerpt":{"rendered":"<p>Cinc professionals de barnacl\u00ednic+ han estat reconeguts a la prestigiosa llista de &#8220;Highly Cited Researchers&#8221; de Clarivate Analytics. Aquest r\u00e0nquing identifica els millors investigadors del m\u00f3n, els experts m\u00e9s influents, situats entre l&#8217;1 % m\u00e9s citat de la seva especialitat a nivell mundial des de l&#8217;any 2021. Els doctors Francesc Graus, Eduard Vieta, Josep Dalmau, [&hellip;]<\/p>\n","protected":false},"author":2,"featured_media":5064,"comment_status":"open","ping_status":"closed","sticky":false,"template":"","format":"standard","meta":{"footnotes":""},"categories":[470,612,571,427,335,393,1096,1901],"tags":[2368,1141,2369,1904,2370,2371,1317,1906,351,2372,2373,1142,583,1512,2374,337,396],"class_list":["post-5067","post","type-post","status-publish","format-standard","has-post-thumbnail","hentry","category-els-nostres-professionals","category-grup-hospital-clinic","category-grup-hospital-clinic-de-barcelona","category-neurologia-especialitats","category-otorrinolaringologia","category-pneumologia","category-psicologia-especialitats","category-psiquiatria-2","tag-alvar-agusti-ca","tag-articles-cientifics","tag-clarivate-analytics-ca","tag-eduard-vieta-ca","tag-francesc-graus-ca","tag-highly-cited-researchers-ca","tag-hospital-clinic-de-barcelona-ca","tag-idibaps-ca","tag-investigacio","tag-joaquim-mullol-ca","tag-josep-dalmau-ca","tag-millor-investigadors-del-mon","tag-millors-cientifics-del-mon","tag-neurologia-2","tag-orl-ca","tag-otorinolaringologia","tag-pneumologia"],"yoast_head":"<!-- This site is optimized with the Yoast SEO plugin v19.14 - https:\/\/yoast.com\/wordpress\/plugins\/seo\/ -->\n<title>Cinc professionals barnacl\u00ednic+ entre els millors investigadors del m\u00f3n<\/title>\n<meta name=\"description\" content=\"Cinc professionals barnacl\u00ednic+ han estat reconeguts a la llista de Clarivate Analytics que identifica els millors investigadors del m\u00f3n\" \/>\n<meta name=\"robots\" content=\"index, follow, max-snippet:-1, max-image-preview:large, max-video-preview:-1\" \/>\n<link rel=\"canonical\" href=\"https:\/\/www.barnaclinic.com\/blog\/ca\/blog\/millors-investigadors-del-mon\/\" \/>\n<meta property=\"og:locale\" content=\"ca_ES\" \/>\n<meta property=\"og:type\" content=\"article\" \/>\n<meta property=\"og:title\" content=\"Cinc professionals barnacl\u00ednic+ entre els millors investigadors del m\u00f3n\" \/>\n<meta property=\"og:description\" content=\"Cinc professionals barnacl\u00ednic+ han estat reconeguts a la llista de Clarivate Analytics que identifica els millors investigadors del m\u00f3n\" \/>\n<meta property=\"og:url\" content=\"https:\/\/www.barnaclinic.com\/blog\/ca\/blog\/millors-investigadors-del-mon\/\" \/>\n<meta property=\"og:site_name\" content=\"Blog barnacl\u00ednic+\" \/>\n<meta property=\"article:published_time\" content=\"2024-12-05T08:31:30+00:00\" \/>\n<meta property=\"og:image\" content=\"https:\/\/www.barnaclinic.com\/blog\/wp-content\/uploads\/2024\/12\/mejores-investigadores-del-mundo-2024.jpg\" \/>\n\t<meta property=\"og:image:width\" content=\"1500\" \/>\n\t<meta property=\"og:image:height\" content=\"998\" \/>\n\t<meta property=\"og:image:type\" content=\"image\/jpeg\" \/>\n<meta name=\"author\" content=\"barnacl\u00ednic+\" \/>\n<meta name=\"twitter:label1\" content=\"Escrit per\" \/>\n\t<meta name=\"twitter:data1\" content=\"barnacl\u00ednic+\" \/>\n\t<meta name=\"twitter:label2\" content=\"Temps estimat de lectura\" \/>\n\t<meta name=\"twitter:data2\" content=\"3 minuts\" \/>\n<script type=\"application\/ld+json\" class=\"yoast-schema-graph\">{\"@context\":\"https:\/\/schema.org\",\"@graph\":[{\"@type\":\"WebPage\",\"@id\":\"https:\/\/www.barnaclinic.com\/blog\/ca\/blog\/millors-investigadors-del-mon\/\",\"url\":\"https:\/\/www.barnaclinic.com\/blog\/ca\/blog\/millors-investigadors-del-mon\/\",\"name\":\"Cinc professionals barnacl\u00ednic+ entre els millors investigadors del m\u00f3n\",\"isPartOf\":{\"@id\":\"https:\/\/www.barnaclinic.com\/blog\/#website\"},\"datePublished\":\"2024-12-05T08:31:30+00:00\",\"dateModified\":\"2024-12-05T08:31:30+00:00\",\"author\":{\"@id\":\"https:\/\/www.barnaclinic.com\/blog\/#\/schema\/person\/062c0219c54bbf07163f34494da33e17\"},\"description\":\"Cinc professionals barnacl\u00ednic+ han estat reconeguts a la llista de Clarivate Analytics que identifica els millors investigadors del m\u00f3n\",\"inLanguage\":\"ca\",\"potentialAction\":[{\"@type\":\"ReadAction\",\"target\":[\"https:\/\/www.barnaclinic.com\/blog\/ca\/blog\/millors-investigadors-del-mon\/\"]}]},{\"@type\":\"WebSite\",\"@id\":\"https:\/\/www.barnaclinic.com\/blog\/#website\",\"url\":\"https:\/\/www.barnaclinic.com\/blog\/\",\"name\":\"Blog barnacl\u00ednic+\",\"description\":\"Informaci\u00f3n y novedades sobre los servicios y profesionales de barnacl\u00ednic+, Hospital Cl\u00ednic de Barcelona\",\"potentialAction\":[{\"@type\":\"SearchAction\",\"target\":{\"@type\":\"EntryPoint\",\"urlTemplate\":\"https:\/\/www.barnaclinic.com\/blog\/?s={search_term_string}\"},\"query-input\":\"required name=search_term_string\"}],\"inLanguage\":\"ca\"},{\"@type\":\"Person\",\"@id\":\"https:\/\/www.barnaclinic.com\/blog\/#\/schema\/person\/062c0219c54bbf07163f34494da33e17\",\"name\":\"barnacl\u00ednic+\",\"url\":\"https:\/\/www.barnaclinic.com\/blog\/ca\/blog\/author\/alex\/\"}]}<\/script>\n<!-- \/ Yoast SEO plugin. -->","yoast_head_json":{"title":"Cinc professionals barnacl\u00ednic+ entre els millors investigadors del m\u00f3n","description":"Cinc professionals barnacl\u00ednic+ han estat reconeguts a la llista de Clarivate Analytics que identifica els millors investigadors del m\u00f3n","robots":{"index":"index","follow":"follow","max-snippet":"max-snippet:-1","max-image-preview":"max-image-preview:large","max-video-preview":"max-video-preview:-1"},"canonical":"https:\/\/www.barnaclinic.com\/blog\/ca\/blog\/millors-investigadors-del-mon\/","og_locale":"ca_ES","og_type":"article","og_title":"Cinc professionals barnacl\u00ednic+ entre els millors investigadors del m\u00f3n","og_description":"Cinc professionals barnacl\u00ednic+ han estat reconeguts a la llista de Clarivate Analytics que identifica els millors investigadors del m\u00f3n","og_url":"https:\/\/www.barnaclinic.com\/blog\/ca\/blog\/millors-investigadors-del-mon\/","og_site_name":"Blog barnacl\u00ednic+","article_published_time":"2024-12-05T08:31:30+00:00","og_image":[{"width":1500,"height":998,"url":"https:\/\/www.barnaclinic.com\/blog\/wp-content\/uploads\/2024\/12\/mejores-investigadores-del-mundo-2024.jpg","type":"image\/jpeg"}],"author":"barnacl\u00ednic+","twitter_misc":{"Escrit per":"barnacl\u00ednic+","Temps estimat de lectura":"3 minuts"},"schema":{"@context":"https:\/\/schema.org","@graph":[{"@type":"WebPage","@id":"https:\/\/www.barnaclinic.com\/blog\/ca\/blog\/millors-investigadors-del-mon\/","url":"https:\/\/www.barnaclinic.com\/blog\/ca\/blog\/millors-investigadors-del-mon\/","name":"Cinc professionals barnacl\u00ednic+ entre els millors investigadors del m\u00f3n","isPartOf":{"@id":"https:\/\/www.barnaclinic.com\/blog\/#website"},"datePublished":"2024-12-05T08:31:30+00:00","dateModified":"2024-12-05T08:31:30+00:00","author":{"@id":"https:\/\/www.barnaclinic.com\/blog\/#\/schema\/person\/062c0219c54bbf07163f34494da33e17"},"description":"Cinc professionals barnacl\u00ednic+ han estat reconeguts a la llista de Clarivate Analytics que identifica els millors investigadors del m\u00f3n","inLanguage":"ca","potentialAction":[{"@type":"ReadAction","target":["https:\/\/www.barnaclinic.com\/blog\/ca\/blog\/millors-investigadors-del-mon\/"]}]},{"@type":"WebSite","@id":"https:\/\/www.barnaclinic.com\/blog\/#website","url":"https:\/\/www.barnaclinic.com\/blog\/","name":"Blog barnacl\u00ednic+","description":"Informaci\u00f3n y novedades sobre los servicios y profesionales de barnacl\u00ednic+, Hospital Cl\u00ednic de Barcelona","potentialAction":[{"@type":"SearchAction","target":{"@type":"EntryPoint","urlTemplate":"https:\/\/www.barnaclinic.com\/blog\/?s={search_term_string}"},"query-input":"required name=search_term_string"}],"inLanguage":"ca"},{"@type":"Person","@id":"https:\/\/www.barnaclinic.com\/blog\/#\/schema\/person\/062c0219c54bbf07163f34494da33e17","name":"barnacl\u00ednic+","url":"https:\/\/www.barnaclinic.com\/blog\/ca\/blog\/author\/alex\/"}]}},"_links":{"self":[{"href":"https:\/\/www.barnaclinic.com\/blog\/ca\/wp-json\/wp\/v2\/posts\/5067","targetHints":{"allow":["GET"]}}],"collection":[{"href":"https:\/\/www.barnaclinic.com\/blog\/ca\/wp-json\/wp\/v2\/posts"}],"about":[{"href":"https:\/\/www.barnaclinic.com\/blog\/ca\/wp-json\/wp\/v2\/types\/post"}],"author":[{"embeddable":true,"href":"https:\/\/www.barnaclinic.com\/blog\/ca\/wp-json\/wp\/v2\/users\/2"}],"replies":[{"embeddable":true,"href":"https:\/\/www.barnaclinic.com\/blog\/ca\/wp-json\/wp\/v2\/comments?post=5067"}],"version-history":[{"count":2,"href":"https:\/\/www.barnaclinic.com\/blog\/ca\/wp-json\/wp\/v2\/posts\/5067\/revisions"}],"predecessor-version":[{"id":5072,"href":"https:\/\/www.barnaclinic.com\/blog\/ca\/wp-json\/wp\/v2\/posts\/5067\/revisions\/5072"}],"wp:featuredmedia":[{"embeddable":true,"href":"https:\/\/www.barnaclinic.com\/blog\/ca\/wp-json\/wp\/v2\/media\/5064"}],"wp:attachment":[{"href":"https:\/\/www.barnaclinic.com\/blog\/ca\/wp-json\/wp\/v2\/media?parent=5067"}],"wp:term":[{"taxonomy":"category","embeddable":true,"href":"https:\/\/www.barnaclinic.com\/blog\/ca\/wp-json\/wp\/v2\/categories?post=5067"},{"taxonomy":"post_tag","embeddable":true,"href":"https:\/\/www.barnaclinic.com\/blog\/ca\/wp-json\/wp\/v2\/tags?post=5067"}],"curies":[{"name":"wp","href":"https:\/\/api.w.org\/{rel}","templated":true}]}}