{"id":4974,"date":"2024-11-08T08:30:32","date_gmt":"2024-11-08T08:30:32","guid":{"rendered":"https:\/\/www.barnaclinic.com\/blog\/?p=4974"},"modified":"2024-11-08T08:30:47","modified_gmt":"2024-11-08T08:30:47","slug":"fivclinic-es-renova","status":"publish","type":"post","link":"https:\/\/www.barnaclinic.com\/blog\/ca\/blog\/fivclinic-es-renova\/","title":{"rendered":"fivcl\u00ednic+ es renova per a refor\u00e7ar el comprom\u00eds amb la innovaci\u00f3 i millorar l&#8217;experi\u00e8ncia del pacient"},"content":{"rendered":"<ul>\n<li><strong>fivcl\u00ednic+ estrena imatge corporativa, <a href=\"https:\/\/fivclinic.es\/ca\/\" target=\"_blank\" rel=\"noopener\">llan\u00e7a una nova web<\/a> i treballa en unes noves instal\u00b7lacions, dotades amb tecnologia de \u00faltima generaci\u00f3, que es preveu inaugurar la primera meitat de 2025<\/strong><\/li>\n<\/ul>\n<ul>\n<li><strong>L&#8217;objectiu d&#8217;aquesta renovaci\u00f3 integral, que coincideix amb la inauguraci\u00f3 del laboratori de <a href=\"https:\/\/www.clinicbarcelona.org\/ca\/asistencia\/proves-i-procediments\/preservacio-de-la-fertilitat\">Reproducci\u00f3 Humana de l&#8217;Hospital Cl\u00ednic de Barcelona<\/a>, \u00e9s millorar els processos de reproducci\u00f3 assistida i optimitzar l&#8217;oferta de serveis per oferir la m\u00e0xima qualitat assistencial <\/strong><strong>\u00a0\u00a0\u00a0<\/strong><\/li>\n<\/ul>\n<p><!--more--><\/p>\n<ul>\n<li><strong>El benestar del pacient \u00e9s la prioritat de <a href=\"https:\/\/fivclinic.es\/ca\/\">fivcl\u00ednic+<\/a>, el comprom\u00eds del qual \u00e9s oferir un suport integral, tant m\u00e8dic com emocional, des de l&#8217;empatia, l&#8217;\u00faltima evid\u00e8ncia cient\u00edfica i l&#8217;orientaci\u00f3 de cada cas<\/strong><\/li>\n<li><strong>Amb m\u00e9s de 35 anys d&#8217;experi\u00e8ncia i unes taxes d&#8217;\u00e8xit que avalen la seva reputaci\u00f3 en el sector, <a href=\"https:\/\/fivclinic.es\/ca\/\">fivcl\u00ednic+<\/a> \u00e9s cl\u00ednica de refer\u00e8ncia en <a href=\"https:\/\/fivclinic.es\/ca\/fiv-en-cicle-natural\/\">FIV en cicle natural<\/a>, tractaments de <a href=\"https:\/\/fivclinic.es\/ca\/fecundacio-in-vitro\/\">fecundaci\u00f3 in vitro<\/a> m\u00e9s suaus per a la pacient i que impliquen una l\u00ednia d&#8217;investigaci\u00f3 pr\u00f2pia. A m\u00e9s, ens centrem en pacients que necessiten una atenci\u00f3 multidisciplin\u00e0ria o presenten riscos associats per patologia de base.<\/strong><\/li>\n<\/ul>\n<p><strong>barnacl\u00ednic+ fa un pas m\u00e9s en l&#8217;excel\u00b7l\u00e8ncia de l&#8217;atenci\u00f3 reproductiva amb la renovaci\u00f3 integral de fivclinic+<\/strong>, la cl\u00ednica especialitzada en <strong>fertilitat i reproducci\u00f3 assistida<\/strong>. Un projecte \u00fanic, liderat per professionals de <strong>refer\u00e8ncia internacional en medicina reproductiva<\/strong> del Cl\u00ednic de Barcelona, la missi\u00f3 del qual \u00e9s oferir <strong>solucions de fertilitat d&#8217;avantguarda i serveis integrals de reproducci\u00f3 assistida<\/strong> a parelles i persones que desitgen formar una fam\u00edlia.<\/p>\n<h2><strong>fivcl\u00ednic+: Compromesos amb la innovaci\u00f3, l&#8217;excel\u00b7l\u00e8ncia i la transpar\u00e8ncia<\/strong><\/h2>\n<p>La renovaci\u00f3 de <strong><a href=\"https:\/\/fivclinic.es\/ca\/\">fivcl\u00ednic+<\/a><\/strong> implica un canvi de 360\u00ba. A primer cop d&#8217;ull, es descobreix un nou entorn virtual, amb <strong>una web m\u00e9s \u00e0gil i intu\u00eftiva<\/strong>, amb acc\u00e9s m\u00e9s clar a t\u00e8cniques diagn\u00f2stiques i tractaments de reproducci\u00f3, que inclou un <strong>restyling de la seva imatge de marca, ara m\u00e9s emp\u00e0tica i directa<\/strong>.<\/p>\n<p>Per\u00f2, a m\u00e9s, implica una <strong>remodelaci\u00f3 a peu de carrer, amb la inauguraci\u00f3 d&#8217;unes noves instal\u00b7lacions al centre de Barcelona<\/strong>. Es tracta d&#8217;una \u00e0rea a estrenar, amb consultes ginecol\u00f2giques, d&#8217;infermeria i sales d&#8217;atenci\u00f3 individuals, <strong>dissenyades tenint en compte l&#8217;opini\u00f3 i experi\u00e8ncia del pacient<\/strong>, i protegint-ne la privacitat en tot moment. <strong>Un centre amb alta tecnologia<\/strong>, tant en equipaments com estructuralment, que permet oferir <strong>m\u00e0xima qualitat assistencial i mantenir total seguretat en els processos<\/strong> i un control de la qualitat ambiental m\u00e9s eficient.<\/p>\n<p>El Dr. <strong>Jaume Balust<\/strong>, director assistencial de barnacl\u00ednic+, destaca la import\u00e0ncia d&#8217;aquesta aposta: <em>\u201cfivcl\u00ednic+ vol oferir una atenci\u00f3 cl\u00ednica personalitzada i d&#8217;excel\u00b7l\u00e8ncia, de m\u00e9s qualitat i calidesa, a aquelles persones que busquen complir el somni de ser pares\u201d.<\/em><\/p>\n<blockquote>\n<h4><img loading=\"lazy\" decoding=\"async\" class=\"alignleft wp-image-3880\" src=\"https:\/\/www.barnaclinic.com\/blog\/wp-content\/uploads\/2022\/12\/Jaume-Balust.png\" alt=\"\" width=\"97\" height=\"119\" srcset=\"https:\/\/www.barnaclinic.com\/blog\/wp-content\/uploads\/2022\/12\/Jaume-Balust.png 579w, https:\/\/www.barnaclinic.com\/blog\/wp-content\/uploads\/2022\/12\/Jaume-Balust-244x300.png 244w\" sizes=\"auto, (max-width: 97px) 100vw, 97px\" \/><\/h4>\n<h4>\u201cfivcl\u00ednic+ vol oferir una atenci\u00f3 cl\u00ednica personalitzada i d&#8217;excel\u00b7l\u00e8ncia, de m\u00e9s qualitat i calidesa, a aquelles persones que busquen complir el somni de ser pares\u201d<\/h4>\n<p>Dr. <strong>Jaume Balust<\/strong>, director assistencial de barnacl\u00ednic+<\/p><\/blockquote>\n<p>L&#8217;actualitzaci\u00f3 de les consultes, actualment en fase de desenvolupament i que es preveu inaugurar la primera meitat de 2025. A m\u00e9s, abans d&#8217;acabar l&#8217;any, es preveu la <strong>inauguraci\u00f3 del laboratori de Reproducci\u00f3 Humana de l&#8217;Hospital Cl\u00ednic de Barcelona<\/strong>. Un <strong>laboratori de \u00faltima generaci\u00f3<\/strong>, completament renovat, que disposa d&#8217;\u00e0rea quir\u00fargica, a m\u00e9s de l&#8217;\u00e0rea de laboratori, diferenciada en tres zones: laboratori d&#8217;Embriologia, on es troben els cultius embrionaris en incubadors d&#8217;alta capacitat i tecnologia time-lapse, aix\u00ed com cabines integrades per facilitar i agilitzar les diferents fases del proc\u00e9s; laboratori d&#8217;<a href=\"https:\/\/www.barnaclinic.com\/ca\/mens-health\/\"><strong>Andrologia<\/strong><\/a>, amb sistemes automatitzats d&#8217;estudi seminal; i el laboratori de Criobiologia d&#8217;alt rendiment.<\/p>\n<p><em>\u201cDisposar d&#8217;aquestes instal\u00b7lacions, ens permet oferir tractaments d&#8217;alta qualitat, maximitzant les possibilitats d&#8217;\u00e8xit, gr\u00e0cies a equips d&#8217;\u00faltima generaci\u00f3, un sofisticat control ambiental a les diferents estacions de treball, a m\u00e9s d&#8217;un nou sistema de biovigil\u00e0ncia. Tot aix\u00f2, per millorar no nom\u00e9s els tractaments, sin\u00f3 tamb\u00e9 l&#8217;experi\u00e8ncia del pacient\u201d<\/em>, explica la Dra. <a href=\"https:\/\/www.barnaclinic.com\/ca\/quadre-medic\/564\/dolors\"><strong>Dolors Manau<\/strong><\/a>, coordinadora m\u00e8dica del projecte.<em> I afegeix: \u201c<\/em><em>Sempre intentant oferir un tracte personalitzat i el m\u00e9s proper possible, amb discreci\u00f3 i seguretat\u201d.<\/em><\/p>\n<blockquote>\n<h4><a href=\"https:\/\/www.barnaclinic.com\/es\/cuadro-medico\/564\/dolors\"><img loading=\"lazy\" decoding=\"async\" class=\"alignleft wp-image-4964\" src=\"https:\/\/www.barnaclinic.com\/blog\/wp-content\/uploads\/2024\/11\/manau-dolors-fiv.png\" alt=\"Dra. Dolors Manau\" width=\"100\" height=\"123\" srcset=\"https:\/\/www.barnaclinic.com\/blog\/wp-content\/uploads\/2024\/11\/manau-dolors-fiv.png 270w, https:\/\/www.barnaclinic.com\/blog\/wp-content\/uploads\/2024\/11\/manau-dolors-fiv-244x300.png 244w\" sizes=\"auto, (max-width: 100px) 100vw, 100px\" \/><\/a><\/h4>\n<h4>\u201cDisposar d&#8217;aquestes instal\u00b7lacions, ens permet oferir tractaments d&#8217;alta qualitat, maximitzant les possibilitats d&#8217;\u00e8xit, gr\u00e0cies a equips d&#8217;\u00faltima generaci\u00f3, un sofisticat control ambiental a les diferents estacions de treball, a m\u00e9s d&#8217;un nou sistema de biovigil\u00e0ncia\u201d<\/h4>\n<p>Dra. <a href=\"https:\/\/www.barnaclinic.com\/ca\/quadre-medic\/564\/dolors\"><strong>Dolors Manau<\/strong><\/a>, coordinadora m\u00e8dica de fivcl\u00ednic+<\/p><\/blockquote>\n<p><strong>fivcl\u00ednic+ refor\u00e7a aix\u00ed el seu comprom\u00eds amb la innovaci\u00f3 i l&#8217;excel\u00b7l\u00e8ncia cl\u00ednica<\/strong>, situant-se a l&#8217;altura dels millors centres de fertilitat a nivell internacional.<\/p>\n<h2><strong>Un equip multidisciplinari en reproducci\u00f3 assistida, per un enfocament integral i personalitzat<\/strong><\/h2>\n<p>Oferir el <strong>millor servei des de la m\u00e0xima personalitzaci\u00f3 i proximitat<\/strong>. Aquesta ha estat i continua sent una prioritat per fivcl\u00ednic+. <em>\u201cLa nostra filosofia \u00e9s treballar per i per al pacient, posant a l&#8217;abast els m\u00e9s de 30 anys d&#8217;experi\u00e8ncia en investigaci\u00f3, doc\u00e8ncia i assist\u00e8ncia cl\u00ednica dels seus professionals per a que aconsegueixi formar la fam\u00edlia que sempre ha somiat\u201d, <\/em>remarca Manau.<\/p>\n<blockquote>\n<h4><a href=\"https:\/\/www.barnaclinic.com\/es\/cuadro-medico\/564\/dolors\"><img loading=\"lazy\" decoding=\"async\" class=\"alignleft wp-image-4964\" src=\"https:\/\/www.barnaclinic.com\/blog\/wp-content\/uploads\/2024\/11\/manau-dolors-fiv.png\" alt=\"Dra. Dolors Manau\" width=\"100\" height=\"123\" srcset=\"https:\/\/www.barnaclinic.com\/blog\/wp-content\/uploads\/2024\/11\/manau-dolors-fiv.png 270w, https:\/\/www.barnaclinic.com\/blog\/wp-content\/uploads\/2024\/11\/manau-dolors-fiv-244x300.png 244w\" sizes=\"auto, (max-width: 100px) 100vw, 100px\" \/><\/a><\/h4>\n<h4>\u201cLa nostra filosofia \u00e9s treballar per i per al pacient, posant a l&#8217;abast els m\u00e9s de 30 anys d&#8217;experi\u00e8ncia en investigaci\u00f3, doc\u00e8ncia i assist\u00e8ncia cl\u00ednica dels seus professionals per a que aconsegueixi formar la fam\u00edlia que sempre ha somiat\u201d<\/h4>\n<p>Dra. <a href=\"https:\/\/www.barnaclinic.com\/ca\/quadre-medic\/564\/dolors\"><strong>Dolors Manau<\/strong><\/a><\/p><\/blockquote>\n<p>La Dra. Manau, responsable de la Unitat de Reproducci\u00f3 Humana de l&#8217;<a href=\"https:\/\/www.clinicbarcelona.org\/\">Hospital Cl\u00ednic de Barcelona<\/a>, professora associada de la <a href=\"https:\/\/web.ub.edu\/inici\">Universitat de Barcelona<\/a> i investigadora de l&#8217;<a href=\"https:\/\/www.clinicbarcelona.org\/idibaps\">IDIBAPS<\/a>, lidera aquest projecte en el qual l&#8217;acompanya un equip d&#8217;especialistes en diferents \u00e0rees, tots procedents tamb\u00e9 de l&#8217;Hospital Cl\u00ednic: la Dra. <a href=\"https:\/\/www.barnaclinic.com\/ca\/quadre-medic\/642\/ribera-torres-laura\"><strong>Laura Ribera<\/strong><\/a>, Dra. <a href=\"https:\/\/www.barnaclinic.com\/ca\/quadre-medic\/567\/ines\"><strong>In\u00e9s Agust\u00ed<\/strong><\/a>, Dra. <a href=\"https:\/\/www.barnaclinic.com\/ca\/quadre-medic\/643\/barral-el-gaoui-yasmina\"><strong>Yasmina Barral<\/strong><\/a>, la Dra. <a href=\"https:\/\/www.barnaclinic.com\/ca\/quadre-medic\/565\/anna\"><strong>Anna Goday<\/strong><\/a>, la Dra. <a href=\"https:\/\/www.barnaclinic.com\/ca\/quadre-medic\/497\/cristina\"><strong>Cristina Ros<\/strong><\/a> i la Dra. <a href=\"https:\/\/www.barnaclinic.com\/ca\/quadre-medic\/553\/meritxell\"><strong>Meritxell Munmany<\/strong><\/a>. A m\u00e9s, compta amb un equip de metges consultors d\u2019alt\u00edssim nivell: el Dr. <a href=\"https:\/\/www.barnaclinic.com\/ca\/quadre-medic\/278\/juan-manuel\"><strong>Juan Manuel Corral<\/strong><\/a>, especialista en <a href=\"https:\/\/www.barnaclinic.com\/ca\/mens-health\/\">andrologia<\/a>, el Dr. <a href=\"https:\/\/www.barnaclinic.com\/ca\/quadre-medic\/541\/narcis\"><strong>Narc\u00eds Masoller<\/strong><\/a>, especialista en <a href=\"https:\/\/www.barnaclinic.com\/ca\/medicina-fetal\/\">medicina maternofetal<\/a>, el Dr. <a href=\"https:\/\/www.barnaclinic.com\/ca\/quadre-medic\/24\/francisco\"><strong>Francisco Carmona<\/strong><\/a>, especialista en <a href=\"https:\/\/www.barnaclinic.com\/ca\/solicitar-cita\/?especialidad=145\">endometriosi<\/a>, el Dr. <a href=\"https:\/\/www.barnaclinic.com\/ca\/quadre-medic\/494\/juan-carlos\"><strong>Juan Carlos Reverter<\/strong><\/a>, especialista en <a href=\"https:\/\/www.barnaclinic.com\/ca\/hematologia\/\">hematologia i hemoter\u00e0pia<\/a> i la Dra. <a href=\"https:\/\/www.barnaclinic.com\/ca\/quadre-medic\/4\/alba\"><strong>Alba Andreu<\/strong><\/a>, especialista en <a href=\"https:\/\/www.barnaclinic.com\/blog\/nutricion\/ca\/\">nutrici\u00f3<\/a>.<\/p>\n<p>Com subratlla el Dr. Balust, \u201c<em>volem oferir un servei integral de fertilitat on les dones trobin totes les seves necessitats cobertes per arribar a ser mares en un entorn de medicina privada de primer nivell<\/em>\u201d. Aquesta visi\u00f3 refor\u00e7a el comprom\u00eds de barnacl\u00ednic+ de proporcionar un enfocament global i individualitzat, que no nom\u00e9s aborda l\u2019aspecte m\u00e8dic, sin\u00f3 tamb\u00e9 el benestar emocional de les pacients, proporcionant-los un<strong> suport continu durant tot el proc\u00e9s en un entorn c\u00f2mode i modern<\/strong>.<\/p>\n<blockquote>\n<h4><img loading=\"lazy\" decoding=\"async\" class=\"alignleft wp-image-3880\" src=\"https:\/\/www.barnaclinic.com\/blog\/wp-content\/uploads\/2022\/12\/Jaume-Balust.png\" alt=\"\" width=\"100\" height=\"123\" srcset=\"https:\/\/www.barnaclinic.com\/blog\/wp-content\/uploads\/2022\/12\/Jaume-Balust.png 579w, https:\/\/www.barnaclinic.com\/blog\/wp-content\/uploads\/2022\/12\/Jaume-Balust-244x300.png 244w\" sizes=\"auto, (max-width: 100px) 100vw, 100px\" \/><\/h4>\n<h4>\u201cVolem oferir un servei integral de fertilitat on les dones trobin totes les seves necessitats cobertes per arribar a ser mares en un entorn de medicina privada de primer nivell\u201d<\/h4>\n<p>Dr. <strong>Jaume Balust<\/strong><\/p><\/blockquote>\n<h2><strong>Una oferta en reproducci\u00f3 assistida adaptada a les necessitats de la pacient<\/strong><\/h2>\n<p>Des de l\u2019inici de la traject\u00f2ria de <strong>fivcl\u00ednic+<\/strong>, les necessitats de les pacients han anat canviant a mesura que tamb\u00e9 ho fa la societat. La renovaci\u00f3 actual de la cl\u00ednica respon precisament a la voluntat d\u2019adaptar-se a aquestes noves circumst\u00e0ncies en les quals, davant dels m\u00ednims hist\u00f2rics de natalitat \u2014que ha disminu\u00eft m\u00e9s d\u2019un 37% des del 2008, segons l\u2019Institut Nacional d\u2019Estad\u00edstica\u2014, <strong>els naixements per reproducci\u00f3 assistida han augmentat un 33%<\/strong> entre 2019 i 2021 d&#8217;acord amb la <a href=\"https:\/\/www.sefertilidad.net\/\">Societat Espanyola de Fertilitat<\/a>.<br \/>\nEn aquest context, <strong>els <a href=\"https:\/\/fivclinic.es\/ca\/estudi-i-diagnostic-desterilitat\/\">estudis d&#8217;esterilitat<\/a>, <a href=\"https:\/\/fivclinic.es\/ca\/estudi-dinfertilitat-per-avortament-de-repeticio\/\">infertilitat i avortaments de repetici\u00f3<\/a>, aix\u00ed com els <a href=\"https:\/\/fivclinic.es\/ca\/estudis-genetics-i-assessorament-per-a-la-fertilitat\/\">estudis gen\u00e8tics<\/a><\/strong>, guanyen pes en el centre, juntament amb un dels tractaments m\u00e9s sol\u00b7licitats: <strong>la <a href=\"https:\/\/fivclinic.es\/ca\/recepcio-dovuls\/\">ovodonaci\u00f3<\/a><\/strong>, \u00e9s a dir, la <strong><a href=\"https:\/\/fivclinic.es\/ca\/fecundacio-in-vitro\/\">Fecundaci\u00f3 in Vitro<\/a> amb \u00f2vuls donats<\/strong>. Aquest tractament permet augmentar les taxes d\u2019\u00e8xit en <a href=\"https:\/\/fivclinic.es\/que-es-la-baja-reserva-ovarica-y-que-opciones-terapeuticas-tienes\/\">dones amb baixa reserva ov\u00e0rica o edat avan\u00e7ada<\/a>.<\/p>\n<h2><strong>Referents en FIV en cicle natural i preservaci\u00f3 de la fertilitat<\/strong><\/h2>\n<p>Les prefer\u00e8ncies de les pacients tamb\u00e9 han evolucionat i cada vegada opten per t\u00e8cniques de reproducci\u00f3 m\u00e9s suaus. Actualment, un dels tractaments m\u00e9s sol\u00b7licitats \u00e9s la <a href=\"https:\/\/fivclinic.es\/ca\/fiv-en-cicle-natural\/\"><strong>Fecundaci\u00f3 In Vitro en cicle natural<\/strong><\/a>. Amb m\u00e9s de 10 anys implementant-lo amb bones taxes d\u2019\u00e8xit, <strong>fivcl\u00ednic+<\/strong> es posiciona com a <strong>centre de refer\u00e8ncia en aquest procediment<\/strong>. \u201c<em>La <a href=\"https:\/\/fivclinic.es\/ca\/fiv-en-cicle-natural\/\">FIV en cicle natural<\/a> \u00e9s una t\u00e8cnica molt suau a la qual opten cada vegada m\u00e9s dones que consideren un tractament alternatiu a la <strong>FIV amb estimulaci\u00f3 hormonal ov\u00e0rica<\/strong>. Aquesta opci\u00f3 \u00e9s v\u00e0lida per a aquelles dones que no desitgen hormonaci\u00f3, o b\u00e9 en casos de fracassos d&#8217;inseminaci\u00f3 amb semen de banc, abans de realitzar una fecundaci\u00f3 in vitro convencional. Tamb\u00e9 s\u2019utilitza en determinades ocasions per testar la qualitat ovocit\u00e0ria\u201d, <\/em>explica la Dra Manau. Ja sigui en cicles sense estimulaci\u00f3 hormonal o en cicles de criotransfer\u00e8ncia embrion\u00e0ria evitant la preparaci\u00f3 endometrial artificial, \u00e9s una molt bona alternativa que ofereix bones probabilitats de gestaci\u00f3 i t\u00e9 un avantatge respecte a les altres t\u00e8cniques: no requereix medicaci\u00f3.<\/p>\n<blockquote>\n<h4><a href=\"https:\/\/www.barnaclinic.com\/es\/cuadro-medico\/564\/dolors\"><img loading=\"lazy\" decoding=\"async\" class=\"alignleft wp-image-4964\" src=\"https:\/\/www.barnaclinic.com\/blog\/wp-content\/uploads\/2024\/11\/manau-dolors-fiv.png\" alt=\"Dra. Dolors Manau\" width=\"100\" height=\"123\" srcset=\"https:\/\/www.barnaclinic.com\/blog\/wp-content\/uploads\/2024\/11\/manau-dolors-fiv.png 270w, https:\/\/www.barnaclinic.com\/blog\/wp-content\/uploads\/2024\/11\/manau-dolors-fiv-244x300.png 244w\" sizes=\"auto, (max-width: 100px) 100vw, 100px\" \/><\/a>\u201cLa <a href=\"https:\/\/fivclinic.es\/ca\/fiv-en-cicle-natural\/\">FIV en cicle natural<\/a> \u00e9s una t\u00e8cnica molt suau a la qual opten cada vegada m\u00e9s dones que consideren un tractament alternatiu a la\u00a0<strong>FIV\u00a0amb estimulaci\u00f3 hormonal ov\u00e0rica<\/strong>. Aquesta opci\u00f3 \u00e9s v\u00e0lida per a dones que no desitgen hormonaci\u00f3, o b\u00e9 en casos de fracassos d&#8217;inseminaci\u00f3 amb semen de banc, abans de realitzar una fecundaci\u00f3 in vitro convencional\u201d<\/h4>\n<p>Dra. <a href=\"https:\/\/www.barnaclinic.com\/ca\/quadre-medic\/564\/dolors\"><strong>Dolors Manau<\/strong><\/a><\/p><\/blockquote>\n<p>Un altre dels tractaments que est\u00e0 creixent de manera exponencial \u00e9s la <a href=\"https:\/\/fivclinic.es\/ca\/preservacio-de-la-fertilitat\/\"><strong>preservaci\u00f3 de la fertilitat<\/strong><\/a> o <strong>vitrificaci\u00f3 d&#8217;ov\u00f2cits<\/strong>. Cada vegada m\u00e9s dones opten per aquest procediment per avan\u00e7ar-se a problemes en el futur i aix\u00ed evitar haver de rec\u00f3rrer a la donaci\u00f3, la qual cosa \u00e9s sempre un proc\u00e9s emocionalment complex. \u201c<em>Al nostre centre, els cicles de <a href=\"https:\/\/fivclinic.es\/ca\/preservacio-de-la-fertilitat\/\">preservaci\u00f3 de la fertilitat<\/a> els realitzem mitjan\u00e7ant protocols suaus i f\u00e0cilment adaptables al dia a dia\u201d,<\/em> explica Manau.<\/p>\n<h2><strong>Focalitzats en el pacient i mirant cap al futur<\/strong><\/h2>\n<p>Un dels objectius del sector de la <strong>reproducci\u00f3 assistida<\/strong> actualment, en l\u00ednia amb els usos potencials de la tecnologia i la Intel\u00b7lig\u00e8ncia Artificial, \u00e9s reduir la taxa d&#8217;abandonament dels tractaments. Aquesta xifra es deu, en alguns casos, a la c\u00e0rrega emocional que comporten els procediments per a les dones i parelles amb dificultat per concebre de manera espont\u00e0nia. <em>\u201cSentiments com la frustraci\u00f3 o la incertesa poden ser freq\u00fcents. Aix\u00f2 fa necessari optimitzar les t\u00e8cniques per oferir la major claredat a les pacients i informaci\u00f3 precisa sobre les seves possibilitats reproductives\u201d<\/em>.<br \/>\nA m\u00e9s, per acompanyar-les en aquest proc\u00e9s, el paper dels equips de suport psicol\u00f2gic especialitzats en fertilitat \u00e9s fonamental. Tamb\u00e9 ho \u00e9s l\u2019enfocament integral de la seva salut, oferint-los la possibilitat d\u2019accedir a totes les especialitats per cobrir tots els aspectes: des de la nutrici\u00f3, la gen\u00e8tica i el diagn\u00f2stic per imatge, fins a l&#8217;<a href=\"https:\/\/www.barnaclinic.com\/ca\/mens-health\/\">andrologia<\/a> o l&#8217;<a href=\"https:\/\/www.barnaclinic.com\/ca\/hematologia\/\">hematologia<\/a>.<\/p>\n<p>En aquest sentit, una altra part important de l&#8217;activitat de <strong>fivcl\u00ednic+<\/strong> es basa en la investigaci\u00f3, que l&#8217;equip desenvolupa paral\u00b7lelament a l&#8217;atenci\u00f3 assistencial. \u201c<em>Actualment<\/em> \u2013continua la Dra Manau\u2013, <em>ens centrem en la insufici\u00e8ncia ov\u00e0rica, en marcadors pron\u00f2stics del frac\u00e0s ov\u00e0ric, en la seguretat de l&#8217;estimulaci\u00f3 ov\u00e0rica en pacients amb <a href=\"https:\/\/www.barnaclinic.com\/ca\/diagnostic-del-cancer\/diagnostic-cancer-de-mama\/\">c\u00e0ncer de mama<\/a> i en el desenvolupament fetal-embrionari en gestacions per FIV<\/em>\u201d.<\/p>\n<p>En definitiva, el <strong>rellan\u00e7ament de fivcl\u00ednic+<\/strong> no nom\u00e9s implica un canvi f\u00edsic, sin\u00f3 tamb\u00e9 un enfocament renovat en la cura i el <strong>tractament de la fertilitat<\/strong>. Amb un equip multidisciplinari d&#8217;experts i un entorn d&#8217;avantguarda, <strong>barnacl\u00ednic+ est\u00e0 preparat per seguir sent un referent en la reproducci\u00f3 assistida<\/strong> i complir amb les expectatives de les seves pacients: <em>\u201cTreballem focalitzats en el pacient, oferint-los un tracte assistencial personalitzat, innovador i \u00e8tic, i sempre mirant cap al futur, a trav\u00e9s d&#8217;unes l\u00ednies de recerca que ens fan avan\u00e7ar dia a dia\u201d,<\/em> conclou la Dra. <a href=\"https:\/\/www.barnaclinic.com\/ca\/quadre-medic\/564\/dolors\"><strong>Dolors Manau<\/strong><\/a>.<\/p>\n<hr \/>\n<div id=\"estoy-interesado\" class=\"destacat-site\">\n<h3 style=\"padding-left: 15px; padding-right: 15px;\" align=\"CENTER\"><span style=\"color: white;\">VOLS CONTACTAR AMB FIVCL\u00cdNIC+?<\/span><\/h3>\n<p class=\"boto\" style=\"padding-left: 30px; padding-right: 20px;\" align=\"center\"><a class=\"button button--cita\" href=\"https:\/\/fivclinic.es\/#contacto\" target=\"_blank\" rel=\"noopener noreferrer\">DEMANA CITA<\/a><\/p>\n<\/div>\n","protected":false},"excerpt":{"rendered":"<p>fivcl\u00ednic+ estrena imatge corporativa, llan\u00e7a una nova web i treballa en unes noves instal\u00b7lacions, dotades amb tecnologia de \u00faltima generaci\u00f3, que es preveu inaugurar la primera meitat de 2025 L&#8217;objectiu d&#8217;aquesta renovaci\u00f3 integral, que coincideix amb la inauguraci\u00f3 del laboratori de Reproducci\u00f3 Humana de l&#8217;Hospital Cl\u00ednic de Barcelona, \u00e9s millorar els processos de reproducci\u00f3 assistida [&hellip;]<\/p>\n","protected":false},"author":2,"featured_media":4970,"comment_status":"open","ping_status":"closed","sticky":false,"template":"","format":"standard","meta":{"footnotes":""},"categories":[1297,413,1296,612,571],"tags":[2357,2353,2354,2358,2359,1317,2360,2355,2356],"class_list":["post-4974","post","type-post","status-publish","format-standard","has-post-thumbnail","hentry","category-andrologia-2","category-els-nostres-serveis","category-fivclinic","category-grup-hospital-clinic","category-grup-hospital-clinic-de-barcelona","tag-dolors-manau-ca","tag-fecundacio-in-vitro","tag-fecundacio-in-vitro-del-clinic","tag-fiv-ca","tag-fivclinic-ca","tag-hospital-clinic-de-barcelona-ca","tag-jaume-balust-ca","tag-reproduccio-assistida","tag-reproduccio-assistida-de-lhospital-clinic"],"yoast_head":"<!-- This site is optimized with the Yoast SEO plugin v19.14 - https:\/\/yoast.com\/wordpress\/plugins\/seo\/ -->\n<title>fivcl\u00ednic+ es renova: innovaci\u00f3 i millor experi\u00e8ncia del pacient<\/title>\n<meta name=\"description\" content=\"fivcl\u00ednic renova la seva imatge, canals de comunicaci\u00f3 i instal\u00b7lacions. Una millor experi\u00e8ncia del pacient en Reproducci\u00f3 Assistida...\" \/>\n<meta name=\"robots\" content=\"index, follow, max-snippet:-1, max-image-preview:large, max-video-preview:-1\" \/>\n<link rel=\"canonical\" href=\"https:\/\/www.barnaclinic.com\/blog\/ca\/blog\/fivclinic-es-renova\/\" \/>\n<meta property=\"og:locale\" content=\"ca_ES\" \/>\n<meta property=\"og:type\" content=\"article\" \/>\n<meta property=\"og:title\" content=\"fivcl\u00ednic+ es renova: innovaci\u00f3 i millor experi\u00e8ncia del pacient\" \/>\n<meta property=\"og:description\" content=\"fivcl\u00ednic renova la seva imatge, canals de comunicaci\u00f3 i instal\u00b7lacions. Una millor experi\u00e8ncia del pacient en Reproducci\u00f3 Assistida...\" \/>\n<meta property=\"og:url\" content=\"https:\/\/www.barnaclinic.com\/blog\/ca\/blog\/fivclinic-es-renova\/\" \/>\n<meta property=\"og:site_name\" content=\"Blog barnacl\u00ednic+\" \/>\n<meta property=\"article:published_time\" content=\"2024-11-08T08:30:32+00:00\" \/>\n<meta property=\"article:modified_time\" content=\"2024-11-08T08:30:47+00:00\" \/>\n<meta property=\"og:image\" content=\"https:\/\/www.barnaclinic.com\/blog\/wp-content\/uploads\/2024\/11\/nou-fivclinic.jpg\" \/>\n\t<meta property=\"og:image:width\" content=\"1667\" \/>\n\t<meta property=\"og:image:height\" content=\"938\" \/>\n\t<meta property=\"og:image:type\" content=\"image\/jpeg\" \/>\n<meta name=\"author\" content=\"barnacl\u00ednic+\" \/>\n<meta name=\"twitter:label1\" content=\"Escrit per\" \/>\n\t<meta name=\"twitter:data1\" content=\"barnacl\u00ednic+\" \/>\n\t<meta name=\"twitter:label2\" content=\"Temps estimat de lectura\" \/>\n\t<meta name=\"twitter:data2\" content=\"10 minuts\" \/>\n<script type=\"application\/ld+json\" class=\"yoast-schema-graph\">{\"@context\":\"https:\/\/schema.org\",\"@graph\":[{\"@type\":\"WebPage\",\"@id\":\"https:\/\/www.barnaclinic.com\/blog\/ca\/blog\/fivclinic-es-renova\/\",\"url\":\"https:\/\/www.barnaclinic.com\/blog\/ca\/blog\/fivclinic-es-renova\/\",\"name\":\"fivcl\u00ednic+ es renova: innovaci\u00f3 i millor experi\u00e8ncia del pacient\",\"isPartOf\":{\"@id\":\"https:\/\/www.barnaclinic.com\/blog\/#website\"},\"datePublished\":\"2024-11-08T08:30:32+00:00\",\"dateModified\":\"2024-11-08T08:30:47+00:00\",\"author\":{\"@id\":\"https:\/\/www.barnaclinic.com\/blog\/#\/schema\/person\/062c0219c54bbf07163f34494da33e17\"},\"description\":\"fivcl\u00ednic renova la seva imatge, canals de comunicaci\u00f3 i instal\u00b7lacions. Una millor experi\u00e8ncia del pacient en Reproducci\u00f3 Assistida...\",\"inLanguage\":\"ca\",\"potentialAction\":[{\"@type\":\"ReadAction\",\"target\":[\"https:\/\/www.barnaclinic.com\/blog\/ca\/blog\/fivclinic-es-renova\/\"]}]},{\"@type\":\"WebSite\",\"@id\":\"https:\/\/www.barnaclinic.com\/blog\/#website\",\"url\":\"https:\/\/www.barnaclinic.com\/blog\/\",\"name\":\"Blog barnacl\u00ednic+\",\"description\":\"Informaci\u00f3n y novedades sobre los servicios y profesionales de barnacl\u00ednic+, Hospital Cl\u00ednic de Barcelona\",\"potentialAction\":[{\"@type\":\"SearchAction\",\"target\":{\"@type\":\"EntryPoint\",\"urlTemplate\":\"https:\/\/www.barnaclinic.com\/blog\/?s={search_term_string}\"},\"query-input\":\"required name=search_term_string\"}],\"inLanguage\":\"ca\"},{\"@type\":\"Person\",\"@id\":\"https:\/\/www.barnaclinic.com\/blog\/#\/schema\/person\/062c0219c54bbf07163f34494da33e17\",\"name\":\"barnacl\u00ednic+\",\"url\":\"https:\/\/www.barnaclinic.com\/blog\/ca\/blog\/author\/alex\/\"}]}<\/script>\n<!-- \/ Yoast SEO plugin. -->","yoast_head_json":{"title":"fivcl\u00ednic+ es renova: innovaci\u00f3 i millor experi\u00e8ncia del pacient","description":"fivcl\u00ednic renova la seva imatge, canals de comunicaci\u00f3 i instal\u00b7lacions. Una millor experi\u00e8ncia del pacient en Reproducci\u00f3 Assistida...","robots":{"index":"index","follow":"follow","max-snippet":"max-snippet:-1","max-image-preview":"max-image-preview:large","max-video-preview":"max-video-preview:-1"},"canonical":"https:\/\/www.barnaclinic.com\/blog\/ca\/blog\/fivclinic-es-renova\/","og_locale":"ca_ES","og_type":"article","og_title":"fivcl\u00ednic+ es renova: innovaci\u00f3 i millor experi\u00e8ncia del pacient","og_description":"fivcl\u00ednic renova la seva imatge, canals de comunicaci\u00f3 i instal\u00b7lacions. Una millor experi\u00e8ncia del pacient en Reproducci\u00f3 Assistida...","og_url":"https:\/\/www.barnaclinic.com\/blog\/ca\/blog\/fivclinic-es-renova\/","og_site_name":"Blog barnacl\u00ednic+","article_published_time":"2024-11-08T08:30:32+00:00","article_modified_time":"2024-11-08T08:30:47+00:00","og_image":[{"width":1667,"height":938,"url":"https:\/\/www.barnaclinic.com\/blog\/wp-content\/uploads\/2024\/11\/nou-fivclinic.jpg","type":"image\/jpeg"}],"author":"barnacl\u00ednic+","twitter_misc":{"Escrit per":"barnacl\u00ednic+","Temps estimat de lectura":"10 minuts"},"schema":{"@context":"https:\/\/schema.org","@graph":[{"@type":"WebPage","@id":"https:\/\/www.barnaclinic.com\/blog\/ca\/blog\/fivclinic-es-renova\/","url":"https:\/\/www.barnaclinic.com\/blog\/ca\/blog\/fivclinic-es-renova\/","name":"fivcl\u00ednic+ es renova: innovaci\u00f3 i millor experi\u00e8ncia del pacient","isPartOf":{"@id":"https:\/\/www.barnaclinic.com\/blog\/#website"},"datePublished":"2024-11-08T08:30:32+00:00","dateModified":"2024-11-08T08:30:47+00:00","author":{"@id":"https:\/\/www.barnaclinic.com\/blog\/#\/schema\/person\/062c0219c54bbf07163f34494da33e17"},"description":"fivcl\u00ednic renova la seva imatge, canals de comunicaci\u00f3 i instal\u00b7lacions. Una millor experi\u00e8ncia del pacient en Reproducci\u00f3 Assistida...","inLanguage":"ca","potentialAction":[{"@type":"ReadAction","target":["https:\/\/www.barnaclinic.com\/blog\/ca\/blog\/fivclinic-es-renova\/"]}]},{"@type":"WebSite","@id":"https:\/\/www.barnaclinic.com\/blog\/#website","url":"https:\/\/www.barnaclinic.com\/blog\/","name":"Blog barnacl\u00ednic+","description":"Informaci\u00f3n y novedades sobre los servicios y profesionales de barnacl\u00ednic+, Hospital Cl\u00ednic de Barcelona","potentialAction":[{"@type":"SearchAction","target":{"@type":"EntryPoint","urlTemplate":"https:\/\/www.barnaclinic.com\/blog\/?s={search_term_string}"},"query-input":"required name=search_term_string"}],"inLanguage":"ca"},{"@type":"Person","@id":"https:\/\/www.barnaclinic.com\/blog\/#\/schema\/person\/062c0219c54bbf07163f34494da33e17","name":"barnacl\u00ednic+","url":"https:\/\/www.barnaclinic.com\/blog\/ca\/blog\/author\/alex\/"}]}},"_links":{"self":[{"href":"https:\/\/www.barnaclinic.com\/blog\/ca\/wp-json\/wp\/v2\/posts\/4974","targetHints":{"allow":["GET"]}}],"collection":[{"href":"https:\/\/www.barnaclinic.com\/blog\/ca\/wp-json\/wp\/v2\/posts"}],"about":[{"href":"https:\/\/www.barnaclinic.com\/blog\/ca\/wp-json\/wp\/v2\/types\/post"}],"author":[{"embeddable":true,"href":"https:\/\/www.barnaclinic.com\/blog\/ca\/wp-json\/wp\/v2\/users\/2"}],"replies":[{"embeddable":true,"href":"https:\/\/www.barnaclinic.com\/blog\/ca\/wp-json\/wp\/v2\/comments?post=4974"}],"version-history":[{"count":2,"href":"https:\/\/www.barnaclinic.com\/blog\/ca\/wp-json\/wp\/v2\/posts\/4974\/revisions"}],"predecessor-version":[{"id":4976,"href":"https:\/\/www.barnaclinic.com\/blog\/ca\/wp-json\/wp\/v2\/posts\/4974\/revisions\/4976"}],"wp:featuredmedia":[{"embeddable":true,"href":"https:\/\/www.barnaclinic.com\/blog\/ca\/wp-json\/wp\/v2\/media\/4970"}],"wp:attachment":[{"href":"https:\/\/www.barnaclinic.com\/blog\/ca\/wp-json\/wp\/v2\/media?parent=4974"}],"wp:term":[{"taxonomy":"category","embeddable":true,"href":"https:\/\/www.barnaclinic.com\/blog\/ca\/wp-json\/wp\/v2\/categories?post=4974"},{"taxonomy":"post_tag","embeddable":true,"href":"https:\/\/www.barnaclinic.com\/blog\/ca\/wp-json\/wp\/v2\/tags?post=4974"}],"curies":[{"name":"wp","href":"https:\/\/api.w.org\/{rel}","templated":true}]}}