{"id":4923,"date":"2024-09-30T08:48:56","date_gmt":"2024-09-30T08:48:56","guid":{"rendered":"https:\/\/www.barnaclinic.com\/blog\/?p=4923"},"modified":"2024-12-12T14:01:59","modified_gmt":"2024-12-12T14:01:59","slug":"memoria-i-trastorns-cognitius","status":"publish","type":"post","link":"https:\/\/www.barnaclinic.com\/blog\/ca\/blog\/memoria-i-trastorns-cognitius\/","title":{"rendered":"barnacl\u00ednic+ posa en marxa una nova Unitat de Mem\u00f2ria i Trastorns Cognitius"},"content":{"rendered":"<p>barnacl\u00ednic+ ja compta amb la seva <strong>nova <a href=\"https:\/\/www.barnaclinic.com\/ca\/memoria-i-trastorns-cognitius\/\">Unitat de Mem\u00f2ria i Trastorns Cognitius<\/a><\/strong>, un <strong>projecte innovador orientat a la detecci\u00f3, diagn\u00f2stic, tractament i seguiment de problemes de mem\u00f2ria i altres alteracions cognitives<\/strong>. Aquest servei, que compta amb un equip d&#8217;especialistes altament qualificats i amb una \u00e0mplia experi\u00e8ncia, est\u00e0 dissenyat per atendre una \u00e0mplia varietat de patologies, amb un enfocament integral i personalitzat que permet millorar el pron\u00f2stic i la qualitat de vida dels pacients.<\/p>\n<p><!--more--><\/p>\n<h2><strong>Quines patologies tractem a la nova Unitat de Mem\u00f2ria i Trastorns Cognitius?<\/strong><\/h2>\n<p>&#8220;La unitat se centra en valorar qualsevol persona que presenti una alteraci\u00f3 cognitiva, des dels s\u00edmptomes m\u00e9s inicials per poder realitzar un diagn\u00f2stic preco\u00e7 a segones opinions de persones amb diagn\u00f2stic d&#8217;una dem\u00e8ncia neurodegenerativa&#8221;, comenta el Dr. <a href=\"https:\/\/www.barnaclinic.com\/ca\/quadre-medic\/626\/albert\"><strong>Albert Llad\u00f3<\/strong><\/a>, <strong>neur\u00f2leg especialitzat en dem\u00e8ncies<\/strong> i professional de barnacl\u00ednic+. Entre les patologies m\u00e9s freq\u00fcents que tracta l&#8217;equip es troben la <strong>malaltia d&#8217;Alzheimer<\/strong>, la <strong>dem\u00e8ncia amb Cossos de Lewy<\/strong>, i la <strong>dem\u00e8ncia frontotemporal<\/strong>, totes elles malalties que requereixen una gesti\u00f3 especialitzada degut a la seva complexitat i progressi\u00f3.<\/p>\n<blockquote>\n<h4><em><img loading=\"lazy\" decoding=\"async\" class=\"alignleft wp-image-4905\" src=\"https:\/\/www.barnaclinic.com\/blog\/wp-content\/uploads\/2024\/09\/Albert-Llado.png\" alt=\"Albert Llado\u0301\" width=\"115\" height=\"114\" srcset=\"https:\/\/www.barnaclinic.com\/blog\/wp-content\/uploads\/2024\/09\/Albert-Llado.png 372w, https:\/\/www.barnaclinic.com\/blog\/wp-content\/uploads\/2024\/09\/Albert-Llado-300x297.png 300w, https:\/\/www.barnaclinic.com\/blog\/wp-content\/uploads\/2024\/09\/Albert-Llado-150x150.png 150w\" sizes=\"auto, (max-width: 115px) 100vw, 115px\" \/>\u201c<\/em>La unitat se centra en valorar qualsevol persona que presenti una alteraci\u00f3 cognitiva, des dels s\u00edmptomes m\u00e9s inicials per poder realitzar un diagn\u00f2stic preco\u00e7 a segones opinions de persones amb diagn\u00f2stic d&#8217;una dem\u00e8ncia neurodegenerativa<em>\u201d<\/em><\/h4>\n<p>Dr. <a href=\"https:\/\/www.barnaclinic.com\/ca\/quadre-medic\/626\/albert\"><strong>Albert Llad\u00f3<\/strong><\/a>, neur\u00f2leg especialitzat en dem\u00e8ncies<\/p><\/blockquote>\n<p>Els s\u00edmptomes cognitius poden ser diversos, incloent com el m\u00e9s freq\u00fcent l&#8217;alteraci\u00f3 de la mem\u00f2ria, per\u00f2 tamb\u00e9 poden ser rellevants les <strong>alteracions del llenguatge (af\u00e0sies)<\/strong> o els trastorns de conducta<strong>. <\/strong>&#8220;Les dem\u00e8ncies neurodegeneratives s\u00f3n malalties que afecten la mem\u00f2ria o altres aspectes cognitius i que progressen amb el temps. Un diagn\u00f2stic preco\u00e7 \u00e9s necessari per poder realitzar la millor intervenci\u00f3 terap\u00e8utica&#8221;, apunta el Dr. Llad\u00f3.<strong>\u00a0<\/strong><\/p>\n<div id=\"estoy-interesado\" class=\"destacat-site\">\n<h4 style=\"padding-left: 30px;\">ET POT INTERESSAR\u2026<\/h4>\n<h4 style=\"padding-left: 30px;\">\u00b7\u00a0<a href=\"https:\/\/www.barnaclinic.com\/blog\/memoria\/ca\/malaltia-d-alzheimer\/\" target=\"_blank\" rel=\"noopener noreferrer\">Tot el que has de saber sobre la malaltia d\u2019Alzheimer<\/a><\/h4>\n<\/div>\n<h2><strong>Atenci\u00f3 integral i multidisciplin\u00e0ria de pacients amb dem\u00e8ncies neurodegeneratives<\/strong><\/h2>\n<p>La <strong><a href=\"https:\/\/www.barnaclinic.com\/ca\/memoria-i-trastorns-cognitius\/\">Unitat de Mem\u00f2ria i Trastorns Cognitius<\/a><\/strong> t\u00e9 un enfocament multidisciplinari, format per <strong>neur\u00f2legs, neuropsic\u00f2legs i logopedes altament qualificats<\/strong>, que col\u00b7laboren per oferir una atenci\u00f3 integral. &#8220;El nostre objectiu \u00e9s oferir un diagn\u00f2stic prec\u00eds i tractaments adaptats a cada pacient&#8221;, afirma el Dr. Llad\u00f3. En aquest sentit, el Dr. <a href=\"https:\/\/www.barnaclinic.com\/ca\/quadre-medic\/628\/adria\"><strong>Adri\u00e0 Tort<\/strong><\/a>, <strong>neuropsic\u00f2leg<\/strong> i tamb\u00e9 professional de barnacl\u00ednic+, destaca la import\u00e0ncia de l&#8217;<a href=\"https:\/\/www.barnaclinic.com\/blog\/memoria\/ca\/avaluacio-neuropsicologica\/\"><strong>avaluaci\u00f3 neuropsicol\u00f2gica<\/strong><\/a> en aquests casos: &#8220;Aquest proc\u00e9s cl\u00ednic exhaustiu no nom\u00e9s avalua les funcions cognitives del pacient, com la mem\u00f2ria o el llenguatge, sin\u00f3 tamb\u00e9 les conductuals (o del comportament) i les afectives, el que permet identificar l&#8217;impacte que tenen aquestes alteracions en la vida di\u00e0ria del pacient&#8221;.<\/p>\n<blockquote>\n<h4><img loading=\"lazy\" decoding=\"async\" class=\"alignleft wp-image-4909\" src=\"https:\/\/www.barnaclinic.com\/blog\/wp-content\/uploads\/2024\/09\/Adria-Tort.png\" alt=\"Adria\u0300 Tort\" width=\"116\" height=\"114\" srcset=\"https:\/\/www.barnaclinic.com\/blog\/wp-content\/uploads\/2024\/09\/Adria-Tort.png 370w, https:\/\/www.barnaclinic.com\/blog\/wp-content\/uploads\/2024\/09\/Adria-Tort-300x295.png 300w\" sizes=\"auto, (max-width: 116px) 100vw, 116px\" \/>&#8220;L&#8217;avaluaci\u00f3 neuropsicol\u00f2gica \u00e9s un proc\u00e9s cl\u00ednic exhaustiu que implica l&#8217;avaluaci\u00f3 de la funci\u00f3 cognitiva, conductual i emocional d&#8217;una persona, aix\u00ed com la repercussi\u00f3 de les alteracions que es puguin trobar en les activitats de la vida di\u00e0ria del pacient&#8221;<\/h4>\n<p>Dr. <a href=\"https:\/\/www.barnaclinic.com\/ca\/quadre-medic\/628\/adria\"><strong>Adri\u00e0 Tort<\/strong><\/a>, neuropsic\u00f2leg<\/p><\/blockquote>\n<div id=\"estoy-interesado\" class=\"destacat-site\">\n<h4 style=\"padding-left: 30px;\">ET POT INTERESSAR\u2026<\/h4>\n<h4 style=\"padding-left: 30px;\">\u00b7\u00a0<a href=\"https:\/\/www.barnaclinic.com\/blog\/memoria\/ca\/avaluacio-neuropsicologica\/\" target=\"_blank\" rel=\"noopener noreferrer\">Avaluaci\u00f3 neuropsicol\u00f2gica, fonamental en l\u2019atenci\u00f3 de malalties neurodegeneratives<\/a><\/h4>\n<\/div>\n<h2><strong>La millor tecnologia en diagn\u00f2stic per a un tractament a mida<\/strong><\/h2>\n<p>La unitat compta amb les eines diagn\u00f2stiques necess\u00e0ries per a una valoraci\u00f3 integral, que inclouen <a href=\"https:\/\/www.barnaclinic.com\/blog\/memoria\/ca\/avaluacio-neuropsicologica\/\"><strong>exploracions neuropsicol\u00f2giques<\/strong> detallades<\/a>, proves d&#8217;imatge avan\u00e7ada i an\u00e0lisis bioqu\u00edmics. Aquestes proves, juntament amb una valoraci\u00f3 cl\u00ednica experta, permeten obtenir un diagn\u00f2stic prec\u00eds, necessari per iniciar un <strong>tractament integral personalitzat<\/strong>. &#8220;En cada pacient fem una entrevista cl\u00ednica inicial per avaluar els s\u00edmptomes i una <strong>exploraci\u00f3 neurol\u00f2gica<\/strong>, que definiran les millors proves a realitzar&#8221;, afegeix el Dr. Tort. Aix\u00f2 inclou proves de neuroimatge com les resson\u00e0ncies magn\u00e8tiques per observar canvis estructurals al cervell i proves de neuroimatge en medicina nuclear per veure el metabolisme cerebral o el dip\u00f2sit de prote\u00efnes. A m\u00e9s, es disposa de diferents biomarcadors bioqu\u00edmics, com la determinaci\u00f3 en sang de prote\u00efnes espec\u00edfiques de la <strong>malaltia d&#8217;Alzheimer<\/strong>. Aix\u00f2 en conjunt permet donar un <strong>diagn\u00f2stic m\u00e9s exacte i guiar el desenvolupament de plans de tractament personalitzats<\/strong> que permetin millorar la qualitat de vida dels nostres pacients.<\/p>\n<h2><strong>Estimulaci\u00f3 cognitiva personalitzada<\/strong><\/h2>\n<p>A m\u00e9s del tractament m\u00e8dic, la <strong>nova <a href=\"https:\/\/www.barnaclinic.com\/ca\/memoria-i-trastorns-cognitius\/\">Unitat de Mem\u00f2ria i Trastorns Cognitius<\/a> de barnacl\u00ednic+<\/strong> presta especial atenci\u00f3 a l&#8217;<strong>estimulaci\u00f3 cognitiva<\/strong>. A partir de l&#8217;exploraci\u00f3 inicial que permeti caracteritzar i descriure el perfil cognitiu del pacient, des de la unitat s&#8217;ofereix orientaci\u00f3 de cara a <strong>programes d&#8217;intervenci\u00f3 i estimulaci\u00f3 de la funci\u00f3 cognitiva<\/strong>. Es tracta d&#8217;un recurs personalitzat destinat a abordar les necessitats particulars de cada cas, amb l&#8217;objectiu de <strong>mantenir o millorar la funci\u00f3 cognitiva del pacient i per optimitzar la seva funcionalitat i qualitat de vida<\/strong>.<\/p>\n<h2><strong>Intervenci\u00f3 logop\u00e8dica davant problemes del llenguatge, de la parla o de la degluci\u00f3<\/strong><\/h2>\n<p>Un altre pilar fonamental de la unitat \u00e9s la participaci\u00f3 dels logopedes en el <strong>tractament de pacients amb dem\u00e8ncies que presenten dificultats del llenguatge<\/strong>, de la parla o de la **degluci\u00f3**. La Dra. <a href=\"https:\/\/www.barnaclinic.com\/ca\/quadre-medic\/538\/nuria\"><strong>N\u00faria Montagut<\/strong><\/a>, <strong>logopeda<\/strong> i professional de barnacl\u00ednic+, subratlla que &#8220;la intervenci\u00f3 logop\u00e8dica \u00e9s crucial en aquells pacients que experimenten alteracions en la comunicaci\u00f3 (parla i\/o llenguatge)&#8221;. Aquesta intervenci\u00f3 no nom\u00e9s \u00e9s personalitzada, sin\u00f3 que s&#8217;adapta a cada fase de progressi\u00f3 de la malaltia, assegurant una atenci\u00f3 individualitzada i adaptada a les necessitats espec\u00edfiques i funcionals del pacient i el seu entorn.<\/p>\n<blockquote>\n<h4><img loading=\"lazy\" decoding=\"async\" class=\"alignleft wp-image-88\" src=\"https:\/\/www.barnaclinic.com\/blog\/memoria\/wp-content\/uploads\/sites\/26\/2024\/12\/nuria-difagia-montagut.png\" alt=\"Nuria disfagia Montagut\" width=\"114\" height=\"114\" \/><\/h4>\n<h4>&#8220;La intervenci\u00f3 logop\u00e8dica \u00e9s crucial en aquells pacients que experimenten alteracions en la comunicaci\u00f3 (parla i\/o llenguatge)&#8221;<\/h4>\n<p>Dra. <a href=\"https:\/\/www.barnaclinic.com\/ca\/quadre-medic\/538\/nuria\"><strong>N\u00faria Montagut<\/strong><\/a>, logopeda<\/p><\/blockquote>\n<p>Aix\u00ed mateix, a la mateixa unitat es pot oferir una <a href=\"https:\/\/www.barnaclinic.com\/blog\/memoria\/ca\/disfagia-malalties-neurodegeneratives\/\"><strong>avaluaci\u00f3 i intervenci\u00f3 de la disf\u00e0gia<\/strong><\/a>, per a aquells pacients que presenten alteracions en la degluci\u00f3, proporcionant eines i estrat\u00e8gies perqu\u00e8 la degluci\u00f3 sigui el m\u00e9s segura i efica\u00e7 possible, reduint els riscos de complicacions respirat\u00f2ries.<\/p>\n<div id=\"estoy-interesado\" class=\"destacat-site\">\n<h4 style=\"padding-left: 30px;\">ET POT INTERESSAR\u2026<\/h4>\n<h4 style=\"padding-left: 30px;\">\u00b7\u00a0<a href=\"https:\/\/www.barnaclinic.com\/blog\/memoria\/ca\/disfagia-malalties-neurodegeneratives\/\" target=\"_blank\" rel=\"noopener noreferrer\">Disf\u00e0gia en malalties neurodegeneratives: tractament, s\u00edmptomes i intervenci\u00f3 logop\u00e8dica<\/a><\/h4>\n<\/div>\n<h2><strong>El millor servei a disposici\u00f3 de qualsevol pacient amb problemes de mem\u00f2ria o trastorns cognitius<\/strong><\/h2>\n<p>&#8220;A barnacl\u00ednic+ creiem fermament en la import\u00e0ncia d&#8217;una atenci\u00f3 propera i personalitzada&#8221;, comenta el Dr. Llad\u00f3. &#8220;El nostre equip est\u00e0 comprom\u00e8s a oferir no nom\u00e9s els millors tractaments, sin\u00f3 tamb\u00e9 un acompanyament durant tot el proc\u00e9s, el que inclou el suport a les fam\u00edlies, que tamb\u00e9 pateixen les conseq\u00fc\u00e8ncies d&#8217;aquestes malalties&#8221;.<\/p>\n<p>Amb aquesta <strong>nova <a href=\"https:\/\/www.barnaclinic.com\/ca\/memoria-i-trastorns-cognitius\/\">Unitat de Mem\u00f2ria i Trastorns Cognitius<\/a><\/strong>, barnacl\u00ednic+ es posiciona com un referent en el diagn\u00f2stic i <strong>tractament de trastorns cognitius, especialment aquells d&#8217;origen neurodegeneratiu<\/strong>, brindant als pacients un acc\u00e9s r\u00e0pid a diagn\u00f2stics precisos i tractaments integrals que poden marcar una difer\u00e8ncia significativa en la seva qualitat de vida.<\/p>\n<hr \/>\n<div id=\"estoy-interesado\" class=\"destacat-site\">\n<h3 style=\"padding-left: 15px; padding-right: 15px;\" align=\"center\"><span style=\"color: white;\">VOL CONTACTAR AMB ELS NOSTRES PROFESSIONALS DE LA UNITAT DE MEM\u00d2RIA I TRASTORNS COGNITIUS?<\/span><\/h3>\n<p style=\"padding-left: 30px; padding-right: 20px;\" align=\"center\"><a class=\"button\" href=\"https:\/\/www.barnaclinic.com\/ca\/solicitar-cita\/?especialidad=204\" target=\"_blank\" rel=\"noopener noreferrer\">DEMANAR CITA<\/a>\u00a0 | <a class=\"button\" style=\"padding-left: 30px; padding-right: 20px;\" href=\"https:\/\/www.barnaclinic.com\/ca\/solicitar-televisita\/?especialidad=204\" target=\"_blank;\" rel=\"noopener\">SOL\u00b7LICITAR TELEVISITA<\/a><\/p>\n<\/div>\n","protected":false},"excerpt":{"rendered":"<p>barnacl\u00ednic+ ja compta amb la seva nova Unitat de Mem\u00f2ria i Trastorns Cognitius, un projecte innovador orientat a la detecci\u00f3, diagn\u00f2stic, tractament i seguiment de problemes de mem\u00f2ria i altres alteracions cognitives. Aquest servei, que compta amb un equip d&#8217;especialistes altament qualificats i amb una \u00e0mplia experi\u00e8ncia, est\u00e0 dissenyat per atendre una \u00e0mplia varietat de [&hellip;]<\/p>\n","protected":false},"author":2,"featured_media":4924,"comment_status":"closed","ping_status":"closed","sticky":false,"template":"","format":"standard","meta":{"footnotes":""},"categories":[413,427,1096],"tags":[2297,2305,2300,2306,2298,2307,2299,2308,2309,2310,2301,2311,2312,2302,2303,1907,2304],"class_list":["post-4923","post","type-post","status-publish","format-standard","has-post-thumbnail","hentry","category-els-nostres-serveis","category-neurologia-especialitats","category-psicologia-especialitats","tag-alteracions-del-llenguatge","tag-alzheimer-ca","tag-avaluacio-neuropsicologica","tag-demencia-ca","tag-demencia-amb-cossos-de-lewy","tag-demencia-frontotemporal-ca","tag-demencies","tag-dr-adria-tort-ca","tag-dr-albert-llado-ca","tag-dr-nuria-montagut-ca","tag-intervencio-logopedica","tag-logopedia-ca","tag-memoria-ca","tag-memoria-i-trastorns-cognitius","tag-neur","tag-psicologia-ca","tag-trastorns-cognitius","has-post-video"],"yoast_head":"<!-- This site is optimized with the Yoast SEO plugin v19.14 - https:\/\/yoast.com\/wordpress\/plugins\/seo\/ -->\n<title>barnacl\u00ednic+ posa en marxa una nova Unitat de Mem\u00f2ria i Trastorns Cognitius - Blog barnacl\u00ednic+<\/title>\n<meta name=\"robots\" content=\"index, follow, max-snippet:-1, max-image-preview:large, max-video-preview:-1\" \/>\n<link rel=\"canonical\" href=\"https:\/\/www.barnaclinic.com\/blog\/ca\/blog\/memoria-i-trastorns-cognitius\/\" \/>\n<meta property=\"og:locale\" content=\"ca_ES\" \/>\n<meta property=\"og:type\" content=\"article\" \/>\n<meta property=\"og:title\" content=\"barnacl\u00ednic+ posa en marxa una nova Unitat de Mem\u00f2ria i Trastorns Cognitius - Blog barnacl\u00ednic+\" \/>\n<meta property=\"og:description\" content=\"barnacl\u00ednic+ ja compta amb la seva nova Unitat de Mem\u00f2ria i Trastorns Cognitius, un projecte innovador orientat a la detecci\u00f3, diagn\u00f2stic, tractament i seguiment de problemes de mem\u00f2ria i altres alteracions cognitives. Aquest servei, que compta amb un equip d&#8217;especialistes altament qualificats i amb una \u00e0mplia experi\u00e8ncia, est\u00e0 dissenyat per atendre una \u00e0mplia varietat de [&hellip;]\" \/>\n<meta property=\"og:url\" content=\"https:\/\/www.barnaclinic.com\/blog\/ca\/blog\/memoria-i-trastorns-cognitius\/\" \/>\n<meta property=\"og:site_name\" content=\"Blog barnacl\u00ednic+\" \/>\n<meta property=\"article:published_time\" content=\"2024-09-30T08:48:56+00:00\" \/>\n<meta property=\"article:modified_time\" content=\"2024-12-12T14:01:59+00:00\" \/>\n<meta property=\"og:image\" content=\"https:\/\/www.barnaclinic.com\/blog\/wp-content\/uploads\/2024\/09\/Unitat-de-MEMORIA-I-TRASTORNS-COGNITIUS-Diagnostic-avancat-estimulacio-cognitiva-i-logopedia.jpeg\" \/>\n\t<meta property=\"og:image:width\" content=\"1280\" \/>\n\t<meta property=\"og:image:height\" content=\"720\" \/>\n\t<meta property=\"og:image:type\" content=\"image\/jpeg\" \/>\n<meta name=\"author\" content=\"barnacl\u00ednic+\" \/>\n<meta name=\"twitter:label1\" content=\"Escrit per\" \/>\n\t<meta name=\"twitter:data1\" content=\"barnacl\u00ednic+\" \/>\n\t<meta name=\"twitter:label2\" content=\"Temps estimat de lectura\" \/>\n\t<meta name=\"twitter:data2\" content=\"6 minuts\" \/>\n<script type=\"application\/ld+json\" class=\"yoast-schema-graph\">{\"@context\":\"https:\/\/schema.org\",\"@graph\":[{\"@type\":\"WebPage\",\"@id\":\"https:\/\/www.barnaclinic.com\/blog\/ca\/blog\/memoria-i-trastorns-cognitius\/\",\"url\":\"https:\/\/www.barnaclinic.com\/blog\/ca\/blog\/memoria-i-trastorns-cognitius\/\",\"name\":\"barnacl\u00ednic+ posa en marxa una nova Unitat de Mem\u00f2ria i Trastorns Cognitius - Blog barnacl\u00ednic+\",\"isPartOf\":{\"@id\":\"https:\/\/www.barnaclinic.com\/blog\/#website\"},\"datePublished\":\"2024-09-30T08:48:56+00:00\",\"dateModified\":\"2024-12-12T14:01:59+00:00\",\"author\":{\"@id\":\"https:\/\/www.barnaclinic.com\/blog\/#\/schema\/person\/062c0219c54bbf07163f34494da33e17\"},\"inLanguage\":\"ca\",\"potentialAction\":[{\"@type\":\"ReadAction\",\"target\":[\"https:\/\/www.barnaclinic.com\/blog\/ca\/blog\/memoria-i-trastorns-cognitius\/\"]}]},{\"@type\":\"WebSite\",\"@id\":\"https:\/\/www.barnaclinic.com\/blog\/#website\",\"url\":\"https:\/\/www.barnaclinic.com\/blog\/\",\"name\":\"Blog barnacl\u00ednic+\",\"description\":\"Informaci\u00f3n y novedades sobre los servicios y profesionales de barnacl\u00ednic+, Hospital Cl\u00ednic de Barcelona\",\"potentialAction\":[{\"@type\":\"SearchAction\",\"target\":{\"@type\":\"EntryPoint\",\"urlTemplate\":\"https:\/\/www.barnaclinic.com\/blog\/?s={search_term_string}\"},\"query-input\":\"required name=search_term_string\"}],\"inLanguage\":\"ca\"},{\"@type\":\"Person\",\"@id\":\"https:\/\/www.barnaclinic.com\/blog\/#\/schema\/person\/062c0219c54bbf07163f34494da33e17\",\"name\":\"barnacl\u00ednic+\",\"url\":\"https:\/\/www.barnaclinic.com\/blog\/ca\/blog\/author\/alex\/\"}]}<\/script>\n<!-- \/ Yoast SEO plugin. -->","yoast_head_json":{"title":"barnacl\u00ednic+ posa en marxa una nova Unitat de Mem\u00f2ria i Trastorns Cognitius - Blog barnacl\u00ednic+","robots":{"index":"index","follow":"follow","max-snippet":"max-snippet:-1","max-image-preview":"max-image-preview:large","max-video-preview":"max-video-preview:-1"},"canonical":"https:\/\/www.barnaclinic.com\/blog\/ca\/blog\/memoria-i-trastorns-cognitius\/","og_locale":"ca_ES","og_type":"article","og_title":"barnacl\u00ednic+ posa en marxa una nova Unitat de Mem\u00f2ria i Trastorns Cognitius - Blog barnacl\u00ednic+","og_description":"barnacl\u00ednic+ ja compta amb la seva nova Unitat de Mem\u00f2ria i Trastorns Cognitius, un projecte innovador orientat a la detecci\u00f3, diagn\u00f2stic, tractament i seguiment de problemes de mem\u00f2ria i altres alteracions cognitives. Aquest servei, que compta amb un equip d&#8217;especialistes altament qualificats i amb una \u00e0mplia experi\u00e8ncia, est\u00e0 dissenyat per atendre una \u00e0mplia varietat de [&hellip;]","og_url":"https:\/\/www.barnaclinic.com\/blog\/ca\/blog\/memoria-i-trastorns-cognitius\/","og_site_name":"Blog barnacl\u00ednic+","article_published_time":"2024-09-30T08:48:56+00:00","article_modified_time":"2024-12-12T14:01:59+00:00","og_image":[{"width":1280,"height":720,"url":"https:\/\/www.barnaclinic.com\/blog\/wp-content\/uploads\/2024\/09\/Unitat-de-MEMORIA-I-TRASTORNS-COGNITIUS-Diagnostic-avancat-estimulacio-cognitiva-i-logopedia.jpeg","type":"image\/jpeg"}],"author":"barnacl\u00ednic+","twitter_misc":{"Escrit per":"barnacl\u00ednic+","Temps estimat de lectura":"6 minuts"},"schema":{"@context":"https:\/\/schema.org","@graph":[{"@type":"WebPage","@id":"https:\/\/www.barnaclinic.com\/blog\/ca\/blog\/memoria-i-trastorns-cognitius\/","url":"https:\/\/www.barnaclinic.com\/blog\/ca\/blog\/memoria-i-trastorns-cognitius\/","name":"barnacl\u00ednic+ posa en marxa una nova Unitat de Mem\u00f2ria i Trastorns Cognitius - Blog barnacl\u00ednic+","isPartOf":{"@id":"https:\/\/www.barnaclinic.com\/blog\/#website"},"datePublished":"2024-09-30T08:48:56+00:00","dateModified":"2024-12-12T14:01:59+00:00","author":{"@id":"https:\/\/www.barnaclinic.com\/blog\/#\/schema\/person\/062c0219c54bbf07163f34494da33e17"},"inLanguage":"ca","potentialAction":[{"@type":"ReadAction","target":["https:\/\/www.barnaclinic.com\/blog\/ca\/blog\/memoria-i-trastorns-cognitius\/"]}]},{"@type":"WebSite","@id":"https:\/\/www.barnaclinic.com\/blog\/#website","url":"https:\/\/www.barnaclinic.com\/blog\/","name":"Blog barnacl\u00ednic+","description":"Informaci\u00f3n y novedades sobre los servicios y profesionales de barnacl\u00ednic+, Hospital Cl\u00ednic de Barcelona","potentialAction":[{"@type":"SearchAction","target":{"@type":"EntryPoint","urlTemplate":"https:\/\/www.barnaclinic.com\/blog\/?s={search_term_string}"},"query-input":"required name=search_term_string"}],"inLanguage":"ca"},{"@type":"Person","@id":"https:\/\/www.barnaclinic.com\/blog\/#\/schema\/person\/062c0219c54bbf07163f34494da33e17","name":"barnacl\u00ednic+","url":"https:\/\/www.barnaclinic.com\/blog\/ca\/blog\/author\/alex\/"}]}},"_links":{"self":[{"href":"https:\/\/www.barnaclinic.com\/blog\/ca\/wp-json\/wp\/v2\/posts\/4923","targetHints":{"allow":["GET"]}}],"collection":[{"href":"https:\/\/www.barnaclinic.com\/blog\/ca\/wp-json\/wp\/v2\/posts"}],"about":[{"href":"https:\/\/www.barnaclinic.com\/blog\/ca\/wp-json\/wp\/v2\/types\/post"}],"author":[{"embeddable":true,"href":"https:\/\/www.barnaclinic.com\/blog\/ca\/wp-json\/wp\/v2\/users\/2"}],"replies":[{"embeddable":true,"href":"https:\/\/www.barnaclinic.com\/blog\/ca\/wp-json\/wp\/v2\/comments?post=4923"}],"version-history":[{"count":6,"href":"https:\/\/www.barnaclinic.com\/blog\/ca\/wp-json\/wp\/v2\/posts\/4923\/revisions"}],"predecessor-version":[{"id":5096,"href":"https:\/\/www.barnaclinic.com\/blog\/ca\/wp-json\/wp\/v2\/posts\/4923\/revisions\/5096"}],"wp:featuredmedia":[{"embeddable":true,"href":"https:\/\/www.barnaclinic.com\/blog\/ca\/wp-json\/wp\/v2\/media\/4924"}],"wp:attachment":[{"href":"https:\/\/www.barnaclinic.com\/blog\/ca\/wp-json\/wp\/v2\/media?parent=4923"}],"wp:term":[{"taxonomy":"category","embeddable":true,"href":"https:\/\/www.barnaclinic.com\/blog\/ca\/wp-json\/wp\/v2\/categories?post=4923"},{"taxonomy":"post_tag","embeddable":true,"href":"https:\/\/www.barnaclinic.com\/blog\/ca\/wp-json\/wp\/v2\/tags?post=4923"}],"curies":[{"name":"wp","href":"https:\/\/api.w.org\/{rel}","templated":true}]}}