{"id":4753,"date":"2024-05-24T09:21:23","date_gmt":"2024-05-24T09:21:23","guid":{"rendered":"https:\/\/www.barnaclinic.com\/blog\/?p=4753"},"modified":"2024-05-24T12:48:23","modified_gmt":"2024-05-24T12:48:23","slug":"barnaclinic-infermeria-clinic","status":"publish","type":"post","link":"https:\/\/www.barnaclinic.com\/blog\/ca\/blog\/barnaclinic-infermeria-clinic\/","title":{"rendered":"barnacl\u00ednic+ posa tot el seu afany a celebrar l&#8217;excel\u00b7l\u00e8ncia de l&#8217;infermeria del Cl\u00ednic"},"content":{"rendered":"<p>Com cada any, l\u2019<a href=\"https:\/\/www.clinicbarcelona.org\/\">hospital Cl\u00ednic Barcelona<\/a> ha celebrat una jornada molt especial, el 14 de maig, <a href=\"https:\/\/www.barnaclinic.com\/blog\/ca\/blog\/tag\/dia-internacional-de-la-infermera\/\" target=\"_blank\" rel=\"noopener\"><strong>Dia Internacional de la Infermera<\/strong><\/a>. I igual que en ocasions anteriors, barnacl\u00ednic+ s\u2019ha volgut sumar a la mateixa, reconeixent el paper important que desenvolupen aquests professionals en l\u2019assist\u00e8ncia sanit\u00e0ria. Com \u00e9s habitual, <strong>barnacl\u00ednic+ ha finan\u00e7at l\u2019acte institucional i ha becat diferents projectes de recerca i intensificaci\u00f3 en infermeria del Cl\u00ednic<\/strong>, presentats durant la celebraci\u00f3. La jornada va tenir lloc al Paranimf de la Facultat de Medicina i Ci\u00e8ncies de la Salut i va poder ser seguida tamb\u00e9 <a href=\"https:\/\/www.youtube.com\/watch?v=XqzRPiX3Rp4\">en l\u00ednia a trav\u00e9s del canal de YouTube del Cl\u00ednic el dimarts 14 de maig<\/a>.<\/p>\n<p><!--more--><br \/>\nEl Dr. <strong>Josep Maria Campistol<\/strong>, director general del Cl\u00ednic, acompanyat d\u2019<strong>Inma P\u00e9rez<\/strong>, directora infermera en funcions, van ser els encarregats d\u2019obrir l\u2019acte i de donar la benvinguda a tots els assistents. A continuaci\u00f3, <strong>Marta Gra\u00f1\u00f3<\/strong>, consultora en diversitat, innovaci\u00f3 i persones, va impartir la pon\u00e8ncia <em>\u2018Les nostres infermeres: treball i comprom\u00eds per canviar el m\u00f3n\u2019<\/em>. En la seva xerrada, Gra\u00f1\u00f3 va remarcar el lideratge dels professionals d\u2019infermeria i va traslladar la import\u00e0ncia que aquests fossin conscients de com poden canviar el m\u00f3n dels pacients i les fam\u00edlies.<\/p>\n<div id=\"estoy-interesado\" class=\"destacat-site\">\n<blockquote>\n<h4>T\u2019INTERESSA&#8230;<\/h4>\n<p><strong>\u00b7 <a href=\"https:\/\/www.barnaclinic.com\/blog\/ca\/blog\/barnaclinic-infermeria-del-clinic\/\" target=\"_blank\" rel=\"noopener noreferrer\">barnacl\u00ednic+ reafirma el seu comprom\u00eds amb els professionals d\u2019infermeria del Cl\u00ednic<\/a><\/strong><\/p>\n<p><strong>\u00b7 <a href=\"https:\/\/www.barnaclinic.com\/blog\/ca\/blog\/barnaclinic-recerca-en-infermeria\/\" target=\"_blank\" rel=\"noopener noreferrer\">barnacl\u00ednic+ segueix apostant per la tasca de recerca dels professionals d\u2019infermeria<\/a><\/strong><\/p>\n<p><strong>\u00b7 <a href=\"https:\/\/www.barnaclinic.com\/blog\/ca\/blog\/formacio-recerca-infermeria\/\" target=\"_blank\" rel=\"noopener noreferrer\">barnacl\u00ednic+ segueix potenciant la formaci\u00f3 i la recerca en Infermeria del Cl\u00ednic<\/a><\/strong><\/p>\n<p><strong>\u00b7 <a href=\"https:\/\/www.barnaclinic.com\/blog\/ca\/blog\/formacio-infermeria-beques-sabatics\/\" target=\"_blank\" rel=\"noopener noreferrer\">barnacl\u00ednic+ potencia la formaci\u00f3 de professionals d\u2019infermeria del Cl\u00ednic amb les beques Sab\u00e0tics<\/a><\/strong><\/p>\n<p><strong>\u00b7 <a href=\"http:\/\/www.barnaclinic.com\/blog\/blog\/sabatics-2016-oportunidad-profesional\/\" target=\"_blank\" rel=\"noopener noreferrer\">Sab\u00e0tics 2016: &#8220;Una oportunitat \u00fanica, una gran experi\u00e8ncia professional&#8221;<\/a><\/strong><\/p><\/blockquote>\n<\/div>\n<h2>Beques Sab\u00e0tics barnacl\u00ednic+ i intensificacions<\/h2>\n<p>Durant l\u2019acte, com tamb\u00e9 \u00e9s habitual, es van presentar els projectes becats amb els Sab\u00e0tics barnacl\u00ednic+, Premis Talents La Pedrera i Intensificacions Cl\u00ednic. Es tracta d\u2019una iniciativa de la <a href=\"https:\/\/www.clinicbarcelona.org\/ca\/estructura-organitzativa\/direccio-enfermeria\"><strong>Direcci\u00f3 d\u2019Infermeria de l\u2019hospital Cl\u00ednic de Barcelona<\/strong><\/a>, que tenen com a objectiu la millora de l\u2019activitat assistencial del centre mitjan\u00e7ant la formaci\u00f3 dels i les professionals i la <strong>potenciaci\u00f3 de la recerca en infermeria<\/strong>, que es va posar en marxa l\u2019any 2016. La Dra. <strong>Adela Zabalegui<\/strong>, subdirectora de Recerca i Doc\u00e8ncia de la Direcci\u00f3 Infermera, va ser qui es va encarregar de moderar la presentaci\u00f3 dels projectes becats.<br \/>\nEn aquesta ocasi\u00f3, sis van ser els <strong>projectes becats amb un Sab\u00e0tic barnacl\u00ednic+<\/strong>:<\/p>\n<ul>\n<li><strong>Raquel Garc\u00eda Mu\u00f1oz<\/strong>, infermera de pr\u00e0ctica avan\u00e7ada a l\u2019<a href=\"https:\/\/www.clinicbarcelona.org\/ca\/institut\/institut-clinic-de-malalties-digestives-i-metaboliques\">Institut Cl\u00ednic de Malalties Digestives i Metab\u00f2liques (ICMDM)<\/a>, pel projecte \u201cRol de la Infermera de pr\u00e0ctica avan\u00e7ada en el <a class=\"popup-youtube external\" href=\"https:\/\/www.youtube.com\/watch?v=0Lc3sxBCZhY\">trasplantament hep\u00e0tic<\/a>, experi\u00e8ncia als Estats Units\u201d.<\/li>\n<li><strong>Emma Goma Freixes<\/strong>, infermera a l\u2019<a href=\"https:\/\/www.clinicbarcelona.org\/ca\/institut\/institut-clinic-de-nefrologia-i-urologia\">Institut Cl\u00ednic de Nefrologia i Urologia (ICNU)<\/a>, pel projecte \u201cAmpliar els coneixements en la gesti\u00f3 del pacient renal\u201d.<\/li>\n<li><strong>Josep Mirando Salmer\u00f3n<\/strong>, adjunt a la <a href=\"https:\/\/www.clinicbarcelona.org\/ca\/estructura-organitzativa\/direccio-enfermeria\">Direcci\u00f3 Infermera<\/a>, pel projecte \u201cAnalitzar els nous models de la Direcci\u00f3 Infermera, examinar la seva responsabilitat, visibilitat i la consolidaci\u00f3 d\u2019eines tecnol\u00f2giques digitals en la gesti\u00f3 de les infermeres\u201d.<\/li>\n<li><strong>Isabel Agasi Mart\u00ednez<\/strong>, infermera de l\u2019<a href=\"https:\/\/www.clinicbarcelona.org\/ca\/institut\/institut-clinic-de-neurociencies\">Institut Cl\u00ednic de Neuroci\u00e8ncies (ICN)<\/a>, pel projecte \u201cContribuir a la implementaci\u00f3 de grup TMF en el servei de <a href=\"https:\/\/www.barnaclinic.com\/ca\/trastornos-psiquiatricos-y-psicologicos-del-adulto\/\">psiquiatria i psicologia<\/a> de l\u2019hospital Cl\u00ednic de Barcelona\u201d.<\/li>\n<li><strong>Anna Ballesteros Urp\u00ed<\/strong>, educadora social, pel projecte \u201cLa iniciativa QualityRights i la seva aplicabilitat en la recuperaci\u00f3 personal en salut mental en el context de l\u2019Hospital de Dia Infantojuvenil del Servei de Psiquiatria i Psicologia de l\u2019hospital Cl\u00ednic Barcelona\u201d.<\/li>\n<li><strong>Elisabeth Ripoll Romero<\/strong>, infermera de l\u2019<a href=\"https:\/\/www.clinicbarcelona.org\/ca\/institut\/institut-clinic-despecialitats-mediques-i-quirurgiques\">Institut Cl\u00ednic d\u2019Especialitats M\u00e8diques i Qir\u00fargiques (ICEMEQ)<\/a>, pel projecte \u201cRol de la infermera en el programa de recuperaci\u00f3 optimitzada d\u2019artropl\u00e0stia de maluc per disminuir l\u2019ansietat postquir\u00fargica\u201d.<\/li>\n<\/ul>\n<p>Per la seva banda, <strong>Mireia Pascual Tutusaus<\/strong>, infermera de pr\u00e0ctica avan\u00e7ada de l\u2019<a href=\"https:\/\/www.clinicbarcelona.org\/ca\/institut\/institut-clinic-de-ginecologia-obstetricia-i-neonatologia\">Institut Cl\u00ednic de Ginecologia, Obstetr\u00edcia i Neonatologia (ICGON)<\/a>, va rebre un Premi Talents La Pedrera mentre que <strong>Ana C\u00e1mara Lorenzo<\/strong> i <strong>Guadalupe Fern\u00e1ndez Villullas<\/strong>, ambdues infermeres de pr\u00e0ctica avan\u00e7ada de l\u2019<a href=\"https:\/\/www.clinicbarcelona.org\/instituto\/instituto-clinic-de-neurociencias\">ICN<\/a>, i Georgina Feixas Orellana, infermera de pr\u00e0ctica avan\u00e7ada de l\u2019<a href=\"https:\/\/www.clinicbarcelona.org\/instituto\/instituto-clinic-de-ginecologia-obstetricia-y-neonatologia\">ICGON<\/a>, van ser escollides per als <strong>Premis Intensificaci\u00f3 Cl\u00ednic<\/strong>.<\/p>\n<h2>Premis als millors controls d\u2019infermeria<\/h2>\n<p>Finalment, tamb\u00e9 s\u2019han lliurat els premis als millors controls d\u2019infermeria implementant les 5S, un proc\u00e9s d\u2019origen japon\u00e8s que assegura que les \u00e0rees de treball estiguin sistem\u00e0ticament netes, ordenades i organitzades amb el lema \u201cun lloc per a cada cosa i cada cosa en el seu lloc\u201d. Els guanyadors han estat, amb el primer premi la <a href=\"https:\/\/www.clinicbarcelona.org\/ca\/servei\/neonatologia\">Unitat de Neonatologia<\/a>, amb el segon premi <a href=\"https:\/\/www.clinicbarcelona.org\/ca\/servei\/psiquiatria-i-psicologia\">Psiquiatria d\u2019Adults<\/a>, i amb el tercer premi el control d\u2019infermeria de la <a href=\"https:\/\/www.clinicbarcelona.org\/ca\/servei\/pneumologia-i-al-lergia-respiratoria\/asistencia\">Unitat de Cures Intensives Respirat\u00f2ries (UVIR)<\/a>.<br \/>\n<strong>Gemma Mart\u00ednez<\/strong>, adjunta a la Direcci\u00f3 d\u2019Estrat\u00e8gia i Planificaci\u00f3 per a l\u2019\u00c0mbit Assistencial, va ser qui es va encarregar de realitzar la cloenda de l\u2019acte agraint a tots els professionals de la Direcci\u00f3 Infermera la seva tasca di\u00e0ria.<\/p>\n<p>A m\u00e9s, per celebrar aquest dia amb pacients i usuaris, entre altres accions, es va distribuir una targeta a les safates del menjar del diumenge 12 de maig, animant la gent a agrair l\u2019esfor\u00e7 i comprom\u00eds dels professionals. Finalment, com cada any, s\u2019ha repartit un petit obsequi a les professionals.<\/p>\n<h2><strong>Exposici\u00f3 \u201cLa infermeria del #CL\u00cdNIC, un col\u00b7lectiu imprescindible\u201d <\/strong><\/h2>\n<p>A trav\u00e9s de les imatges s\u2019ha volgut mostrar la tasca di\u00e0ria de les infermeres i infermers del Cl\u00ednic, valorant la feina del col\u00b7lectiu, el seu comprom\u00eds i esfor\u00e7. Es tracta d\u2019una recopilaci\u00f3 d\u2019imatges de Francisco Avia, fot\u00f2graf de l\u2019hospital, que mostra el dia a dia d\u2019aquesta professi\u00f3 vocacional, centrada en la cura de pacients, per\u00f2 tamb\u00e9 en la doc\u00e8ncia, la recerca i la gesti\u00f3 infermera. L\u2019exposici\u00f3 est\u00e0 situada al passad\u00eds de la planta 1 \u2013 escales parelles, i es podr\u00e0 veure fins al dia 31 de maig.<\/p>\n<hr \/>\n","protected":false},"excerpt":{"rendered":"<p>Com cada any, l\u2019hospital Cl\u00ednic Barcelona ha celebrat una jornada molt especial, el 14 de maig, Dia Internacional de la Infermera. I igual que en ocasions anteriors, barnacl\u00ednic+ s\u2019ha volgut sumar a la mateixa, reconeixent el paper important que desenvolupen aquests professionals en l\u2019assist\u00e8ncia sanit\u00e0ria. Com \u00e9s habitual, barnacl\u00ednic+ ha finan\u00e7at l\u2019acte institucional i ha [&hellip;]<\/p>\n","protected":false},"author":2,"featured_media":4766,"comment_status":"closed","ping_status":"closed","sticky":false,"template":"","format":"standard","meta":{"footnotes":""},"categories":[2177,1463,1550],"tags":[945,471,1419,1420,946,947,348,1421,949,950,1422,1423],"class_list":["post-4753","post","type-post","status-publish","format-standard","has-post-thumbnail","hentry","category-infermeria","category-memoria","category-relacio-amb-el-clinic","tag-beques-dintensificacio","tag-beques-sabatics","tag-dia-de-la-infermera","tag-dia-de-la-infermeria","tag-dia-internacional-de-la-infermera","tag-dia-internacional-de-la-infermeria","tag-infermeria","tag-infermeria-del-clinic","tag-infermeria-hospital-clinic","tag-investigacio-en-infermeria","tag-investigacio-infermera","tag-sabatics-ca"],"yoast_head":"<!-- This site is optimized with the Yoast SEO plugin v19.14 - https:\/\/yoast.com\/wordpress\/plugins\/seo\/ -->\n<title>barnacl\u00ednic+ posa tot el seu afany a celebrar l&#039;excel\u00b7l\u00e8ncia de l&#039;infermeria del Cl\u00ednic - Blog barnacl\u00ednic+<\/title>\n<meta name=\"robots\" content=\"index, follow, max-snippet:-1, max-image-preview:large, max-video-preview:-1\" \/>\n<link rel=\"canonical\" href=\"https:\/\/www.barnaclinic.com\/blog\/ca\/blog\/barnaclinic-infermeria-clinic\/\" \/>\n<meta property=\"og:locale\" content=\"ca_ES\" \/>\n<meta property=\"og:type\" content=\"article\" \/>\n<meta property=\"og:title\" content=\"barnacl\u00ednic+ posa tot el seu afany a celebrar l&#039;excel\u00b7l\u00e8ncia de l&#039;infermeria del Cl\u00ednic - Blog barnacl\u00ednic+\" \/>\n<meta property=\"og:description\" content=\"Com cada any, l\u2019hospital Cl\u00ednic Barcelona ha celebrat una jornada molt especial, el 14 de maig, Dia Internacional de la Infermera. I igual que en ocasions anteriors, barnacl\u00ednic+ s\u2019ha volgut sumar a la mateixa, reconeixent el paper important que desenvolupen aquests professionals en l\u2019assist\u00e8ncia sanit\u00e0ria. Com \u00e9s habitual, barnacl\u00ednic+ ha finan\u00e7at l\u2019acte institucional i ha [&hellip;]\" \/>\n<meta property=\"og:url\" content=\"https:\/\/www.barnaclinic.com\/blog\/ca\/blog\/barnaclinic-infermeria-clinic\/\" \/>\n<meta property=\"og:site_name\" content=\"Blog barnacl\u00ednic+\" \/>\n<meta property=\"article:published_time\" content=\"2024-05-24T09:21:23+00:00\" \/>\n<meta property=\"article:modified_time\" content=\"2024-05-24T12:48:23+00:00\" \/>\n<meta property=\"og:image\" content=\"https:\/\/www.barnaclinic.com\/blog\/wp-content\/uploads\/2024\/05\/clinic-enfermeria-barnaclinic.jpg\" \/>\n\t<meta property=\"og:image:width\" content=\"1747\" \/>\n\t<meta property=\"og:image:height\" content=\"986\" \/>\n\t<meta property=\"og:image:type\" content=\"image\/jpeg\" \/>\n<meta name=\"author\" content=\"barnacl\u00ednic+\" \/>\n<meta name=\"twitter:label1\" content=\"Escrit per\" \/>\n\t<meta name=\"twitter:data1\" content=\"barnacl\u00ednic+\" \/>\n\t<meta name=\"twitter:label2\" content=\"Temps estimat de lectura\" \/>\n\t<meta name=\"twitter:data2\" content=\"5 minuts\" \/>\n<script type=\"application\/ld+json\" class=\"yoast-schema-graph\">{\"@context\":\"https:\/\/schema.org\",\"@graph\":[{\"@type\":\"WebPage\",\"@id\":\"https:\/\/www.barnaclinic.com\/blog\/ca\/blog\/barnaclinic-infermeria-clinic\/\",\"url\":\"https:\/\/www.barnaclinic.com\/blog\/ca\/blog\/barnaclinic-infermeria-clinic\/\",\"name\":\"barnacl\u00ednic+ posa tot el seu afany a celebrar l'excel\u00b7l\u00e8ncia de l'infermeria del Cl\u00ednic - Blog barnacl\u00ednic+\",\"isPartOf\":{\"@id\":\"https:\/\/www.barnaclinic.com\/blog\/#website\"},\"datePublished\":\"2024-05-24T09:21:23+00:00\",\"dateModified\":\"2024-05-24T12:48:23+00:00\",\"author\":{\"@id\":\"https:\/\/www.barnaclinic.com\/blog\/#\/schema\/person\/062c0219c54bbf07163f34494da33e17\"},\"inLanguage\":\"ca\",\"potentialAction\":[{\"@type\":\"ReadAction\",\"target\":[\"https:\/\/www.barnaclinic.com\/blog\/ca\/blog\/barnaclinic-infermeria-clinic\/\"]}]},{\"@type\":\"WebSite\",\"@id\":\"https:\/\/www.barnaclinic.com\/blog\/#website\",\"url\":\"https:\/\/www.barnaclinic.com\/blog\/\",\"name\":\"Blog barnacl\u00ednic+\",\"description\":\"Informaci\u00f3n y novedades sobre los servicios y profesionales de barnacl\u00ednic+, Hospital Cl\u00ednic de Barcelona\",\"potentialAction\":[{\"@type\":\"SearchAction\",\"target\":{\"@type\":\"EntryPoint\",\"urlTemplate\":\"https:\/\/www.barnaclinic.com\/blog\/?s={search_term_string}\"},\"query-input\":\"required name=search_term_string\"}],\"inLanguage\":\"ca\"},{\"@type\":\"Person\",\"@id\":\"https:\/\/www.barnaclinic.com\/blog\/#\/schema\/person\/062c0219c54bbf07163f34494da33e17\",\"name\":\"barnacl\u00ednic+\",\"url\":\"https:\/\/www.barnaclinic.com\/blog\/ca\/blog\/author\/alex\/\"}]}<\/script>\n<!-- \/ Yoast SEO plugin. -->","yoast_head_json":{"title":"barnacl\u00ednic+ posa tot el seu afany a celebrar l'excel\u00b7l\u00e8ncia de l'infermeria del Cl\u00ednic - Blog barnacl\u00ednic+","robots":{"index":"index","follow":"follow","max-snippet":"max-snippet:-1","max-image-preview":"max-image-preview:large","max-video-preview":"max-video-preview:-1"},"canonical":"https:\/\/www.barnaclinic.com\/blog\/ca\/blog\/barnaclinic-infermeria-clinic\/","og_locale":"ca_ES","og_type":"article","og_title":"barnacl\u00ednic+ posa tot el seu afany a celebrar l'excel\u00b7l\u00e8ncia de l'infermeria del Cl\u00ednic - Blog barnacl\u00ednic+","og_description":"Com cada any, l\u2019hospital Cl\u00ednic Barcelona ha celebrat una jornada molt especial, el 14 de maig, Dia Internacional de la Infermera. I igual que en ocasions anteriors, barnacl\u00ednic+ s\u2019ha volgut sumar a la mateixa, reconeixent el paper important que desenvolupen aquests professionals en l\u2019assist\u00e8ncia sanit\u00e0ria. Com \u00e9s habitual, barnacl\u00ednic+ ha finan\u00e7at l\u2019acte institucional i ha [&hellip;]","og_url":"https:\/\/www.barnaclinic.com\/blog\/ca\/blog\/barnaclinic-infermeria-clinic\/","og_site_name":"Blog barnacl\u00ednic+","article_published_time":"2024-05-24T09:21:23+00:00","article_modified_time":"2024-05-24T12:48:23+00:00","og_image":[{"width":1747,"height":986,"url":"https:\/\/www.barnaclinic.com\/blog\/wp-content\/uploads\/2024\/05\/clinic-enfermeria-barnaclinic.jpg","type":"image\/jpeg"}],"author":"barnacl\u00ednic+","twitter_misc":{"Escrit per":"barnacl\u00ednic+","Temps estimat de lectura":"5 minuts"},"schema":{"@context":"https:\/\/schema.org","@graph":[{"@type":"WebPage","@id":"https:\/\/www.barnaclinic.com\/blog\/ca\/blog\/barnaclinic-infermeria-clinic\/","url":"https:\/\/www.barnaclinic.com\/blog\/ca\/blog\/barnaclinic-infermeria-clinic\/","name":"barnacl\u00ednic+ posa tot el seu afany a celebrar l'excel\u00b7l\u00e8ncia de l'infermeria del Cl\u00ednic - Blog barnacl\u00ednic+","isPartOf":{"@id":"https:\/\/www.barnaclinic.com\/blog\/#website"},"datePublished":"2024-05-24T09:21:23+00:00","dateModified":"2024-05-24T12:48:23+00:00","author":{"@id":"https:\/\/www.barnaclinic.com\/blog\/#\/schema\/person\/062c0219c54bbf07163f34494da33e17"},"inLanguage":"ca","potentialAction":[{"@type":"ReadAction","target":["https:\/\/www.barnaclinic.com\/blog\/ca\/blog\/barnaclinic-infermeria-clinic\/"]}]},{"@type":"WebSite","@id":"https:\/\/www.barnaclinic.com\/blog\/#website","url":"https:\/\/www.barnaclinic.com\/blog\/","name":"Blog barnacl\u00ednic+","description":"Informaci\u00f3n y novedades sobre los servicios y profesionales de barnacl\u00ednic+, Hospital Cl\u00ednic de Barcelona","potentialAction":[{"@type":"SearchAction","target":{"@type":"EntryPoint","urlTemplate":"https:\/\/www.barnaclinic.com\/blog\/?s={search_term_string}"},"query-input":"required name=search_term_string"}],"inLanguage":"ca"},{"@type":"Person","@id":"https:\/\/www.barnaclinic.com\/blog\/#\/schema\/person\/062c0219c54bbf07163f34494da33e17","name":"barnacl\u00ednic+","url":"https:\/\/www.barnaclinic.com\/blog\/ca\/blog\/author\/alex\/"}]}},"_links":{"self":[{"href":"https:\/\/www.barnaclinic.com\/blog\/ca\/wp-json\/wp\/v2\/posts\/4753","targetHints":{"allow":["GET"]}}],"collection":[{"href":"https:\/\/www.barnaclinic.com\/blog\/ca\/wp-json\/wp\/v2\/posts"}],"about":[{"href":"https:\/\/www.barnaclinic.com\/blog\/ca\/wp-json\/wp\/v2\/types\/post"}],"author":[{"embeddable":true,"href":"https:\/\/www.barnaclinic.com\/blog\/ca\/wp-json\/wp\/v2\/users\/2"}],"replies":[{"embeddable":true,"href":"https:\/\/www.barnaclinic.com\/blog\/ca\/wp-json\/wp\/v2\/comments?post=4753"}],"version-history":[{"count":3,"href":"https:\/\/www.barnaclinic.com\/blog\/ca\/wp-json\/wp\/v2\/posts\/4753\/revisions"}],"predecessor-version":[{"id":4769,"href":"https:\/\/www.barnaclinic.com\/blog\/ca\/wp-json\/wp\/v2\/posts\/4753\/revisions\/4769"}],"wp:featuredmedia":[{"embeddable":true,"href":"https:\/\/www.barnaclinic.com\/blog\/ca\/wp-json\/wp\/v2\/media\/4766"}],"wp:attachment":[{"href":"https:\/\/www.barnaclinic.com\/blog\/ca\/wp-json\/wp\/v2\/media?parent=4753"}],"wp:term":[{"taxonomy":"category","embeddable":true,"href":"https:\/\/www.barnaclinic.com\/blog\/ca\/wp-json\/wp\/v2\/categories?post=4753"},{"taxonomy":"post_tag","embeddable":true,"href":"https:\/\/www.barnaclinic.com\/blog\/ca\/wp-json\/wp\/v2\/tags?post=4753"}],"curies":[{"name":"wp","href":"https:\/\/api.w.org\/{rel}","templated":true}]}}