{"id":4595,"date":"2024-03-22T09:53:04","date_gmt":"2024-03-22T09:53:04","guid":{"rendered":"https:\/\/www.barnaclinic.com\/blog\/?p=4595"},"modified":"2024-03-22T09:56:50","modified_gmt":"2024-03-22T09:56:50","slug":"vicente-riambau-academic-ramc","status":"publish","type":"post","link":"https:\/\/www.barnaclinic.com\/blog\/ca\/blog\/vicente-riambau-academic-ramc\/","title":{"rendered":"El Dr. Vicente Riambau, escollit acad\u00e8mic de la Reial Acad\u00e8mia de Medicina de Catalunya"},"content":{"rendered":"<p>El Dr. <a href=\"https:\/\/www.barnaclinic.com\/ca\/quadre-medic\/121\/vicente\" target=\"_blank\" rel=\"noopener\"><strong>Vicente Riambau i Alonso<\/strong><\/a>, reconegut cirurgi\u00e0 vascular de barnacl\u00ednic+ i actual cap de servei d&#8217; <a href=\"https:\/\/www.barnaclinic.com\/ca\/angiologia\/\" target=\"_blank\" rel=\"noopener\"><strong>Angiologia i Cirurgia Vascular<\/strong><\/a> a l&#8217;<a href=\"https:\/\/www.clinicbarcelona.org\/\">hospital Cl\u00ednic Barcelona<\/a>, ha estat designat com a <strong>acad\u00e8mic electe de la Reial Acad\u00e8mia de Medicina de Catalunya<\/strong> en una sessi\u00f3 extraordin\u00e0ria celebrada el passat diumenge 17 de mar\u00e7. Durant aquest esdeveniment, el Dr. Riambau va presentar el seu discurs titulat <em>&#8220;La irrupci\u00f3 del tractament endovascular de l&#8217;aneurisma de aorta: de la relativitat a la intel\u00b7lig\u00e8ncia artificial&#8221;<\/em>, conforme als estatuts de l&#8217;acad\u00e8mia. La r\u00e8plica va ser oferida pel Dr. <a href=\"https:\/\/www.barnaclinic.com\/ca\/quadre-medic\/429\/laureano\" target=\"_blank\" rel=\"noopener\"><strong>Laureano Fern\u00e1ndez-Cruz i P\u00e9rez<\/strong><\/a>, acad\u00e8mic numerari i tamb\u00e9 professional de barnacl\u00ednic+.<\/p>\n<p><!--more--><\/p>\n<blockquote>\n<h4>Des de barnacl\u00ednic+, volem expressar les nostres m\u00e9s sinceres felicitacions al Dr. Riambau per aquest prestigi\u00f3s assoliment, que destaca la seva dedicaci\u00f3 i excel\u00b7l\u00e8ncia en el camp de la cirurgia vascular. La seva destacada tasca com a pioner en el tractament endovascular dels aneurismes de aorta a Espanya reflecteix el seu comprom\u00eds amb la innovaci\u00f3 i l&#8217;avan\u00e7 de la medicina vascular.<\/h4>\n<\/blockquote>\n<h2>El Dr. Riambau, un referent en cirurgia vascular; en assist\u00e8ncia, doc\u00e8ncia i investigaci\u00f3<\/h2>\n<p>Amb m\u00e9s de tres d\u00e8cades d&#8217;experi\u00e8ncia al seu bagatge, el Dr. <a href=\"https:\/\/www.barnaclinic.com\/ca\/quadre-medic\/121\/vicente\" target=\"_blank\" rel=\"noopener\"><strong>Vicente Riambau<\/strong><\/a> \u00e9s reconegut com un referent en l&#8217;especialitat, amb una destacada tasca a l&#8217;hospital Cl\u00ednic i a la nostra instituci\u00f3, barnacl\u00ednic+. Les seves \u00e0rees d&#8217;especialitzaci\u00f3 inclouen la <strong>cirurgia endovascular de l&#8217;aorta<\/strong>, aix\u00ed com la <strong>vascular de membres<\/strong>, <strong>troncs supraa\u00f2rtics<\/strong>, <strong>varices de les cames<\/strong> i <strong>malformacions vasculars<\/strong>.<\/p>\n<p>A m\u00e9s de la seva destacada tasca cl\u00ednica, el Dr. Riambau \u00e9s membre destacat de diverses societats cient\u00edfiques nacionals i internacionals relacionades amb la <strong>cirurgia vascular<\/strong>. Tamb\u00e9 exerceix com a professor associat a la <a href=\"https:\/\/www.ub.edu\/portal\/web\/medicina-ciencies-salut\">Facultat de Medicina i Ci\u00e8ncies de la Salut de la Universitat de Barcelona<\/a>, contribuint a la formaci\u00f3 de les futures generacions de professionals m\u00e8dics.<\/p>\n<p>En l&#8217;\u00e0mbit de la investigaci\u00f3, el Dr. Riambau ha realitzat importants contribucions a l&#8217;avan\u00e7 de la <strong>cirurgia vascular<\/strong>, explorant temes com el <strong>tractament endovascular dels aneurismes de aorta<\/strong>, <strong>nous materials per a la isqu\u00e8mia i ter\u00e0pia g\u00e8nica i cel\u00b7lular en patologia vascular<\/strong>. La seva prol\u00edfica producci\u00f3 cient\u00edfica s&#8217;ha plasmat en m\u00e9s de 400 articles, m\u00e9s de 80 cap\u00edtols, i ha participat en m\u00e9s de 500 pon\u00e8ncies, acumulant un impacte notable en la comunitat cient\u00edfica amb un factor d&#8217;impacte acumulat superior als 2.000 punts.<\/p>\n<div align=\"center\"><iframe loading=\"lazy\" title=\"YouTube video player\" src=\"https:\/\/www.youtube.com\/embed\/HqMywCdR9wk?si=FaQGuQMjwI4XvJGa\" width=\"700\" height=\"394\" frameborder=\"0\" allowfullscreen=\"allowfullscreen\" data-mce-fragment=\"1\"><span data-mce-type=\"bookmark\" style=\"display: inline-block; width: 0px; overflow: hidden; line-height: 0;\" class=\"mce_SELRES_start\">\ufeff<\/span><\/iframe><\/div>\n<hr \/>\n<div id=\"estoy-interesado\" class=\"destacat-site\">\n<h3 style=\"padding-left: 30px; padding-right: 30px;\" align=\"center\"><span style=\"color: white;\">Desitges m\u00e9s informaci\u00f3 sobre la seva activitat o contactar amb el Dr. Vicente Riambau?<\/span><\/h3>\n<p class=\"boto\" style=\"padding-left: 30px; padding-right: 30px;\" align=\"center\"><a class=\"button\" href=\"https:\/\/www.barnaclinic.com\/ca\/quadre-medic\/121\/vicente\" target=\"_blank&amp;\" rel=\"noopener\">M&#8217;INTERESSA<\/a><\/p>\n<\/div>\n","protected":false},"excerpt":{"rendered":"<p>El Dr. Vicente Riambau i Alonso, reconegut cirurgi\u00e0 vascular de barnacl\u00ednic+ i actual cap de servei d&#8217; Angiologia i Cirurgia Vascular a l&#8217;hospital Cl\u00ednic Barcelona, ha estat designat com a acad\u00e8mic electe de la Reial Acad\u00e8mia de Medicina de Catalunya en una sessi\u00f3 extraordin\u00e0ria celebrada el passat diumenge 17 de mar\u00e7. Durant aquest esdeveniment, el [&hellip;]<\/p>\n","protected":false},"author":2,"featured_media":4591,"comment_status":"open","ping_status":"closed","sticky":false,"template":"","format":"standard","meta":{"footnotes":""},"categories":[546,470,612,571],"tags":[2060,2058,2059,2061,1556,2062,2063,2064],"class_list":["post-4595","post","type-post","status-publish","format-standard","has-post-thumbnail","hentry","category-angiologia-i-cirurgia-vascular","category-els-nostres-professionals","category-grup-hospital-clinic","category-grup-hospital-clinic-de-barcelona","tag-angiologia-ca","tag-cirurgia-endovascular","tag-cirurgia-vascular","tag-dr-vicente-riambau-ca","tag-premis","tag-reial-academia-de-medicina-de-catalunya-ca","tag-vicent-riambau-ca","tag-vicente-riambau-ca"],"yoast_head":"<!-- This site is optimized with the Yoast SEO plugin v19.14 - https:\/\/yoast.com\/wordpress\/plugins\/seo\/ -->\n<title>El Dr. Riambau, acad\u00e8mic de la Reial Acad\u00e8mia de Medicina de Catalunya<\/title>\n<meta name=\"description\" content=\"El Dr. Vicente Riambau, cirurgi\u00e0 vascular de barnacl\u00ednic+, ha estat designat acad\u00e8mic electe de la Reial Acad\u00e8mia de Medicina de Catalunya\" \/>\n<meta name=\"robots\" content=\"index, follow, max-snippet:-1, max-image-preview:large, max-video-preview:-1\" \/>\n<link rel=\"canonical\" href=\"https:\/\/www.barnaclinic.com\/blog\/ca\/blog\/vicente-riambau-academic-ramc\/\" \/>\n<meta property=\"og:locale\" content=\"ca_ES\" \/>\n<meta property=\"og:type\" content=\"article\" \/>\n<meta property=\"og:title\" content=\"El Dr. Riambau, acad\u00e8mic de la Reial Acad\u00e8mia de Medicina de Catalunya\" \/>\n<meta property=\"og:description\" content=\"El Dr. Vicente Riambau, cirurgi\u00e0 vascular de barnacl\u00ednic+, ha estat designat acad\u00e8mic electe de la Reial Acad\u00e8mia de Medicina de Catalunya\" \/>\n<meta property=\"og:url\" content=\"https:\/\/www.barnaclinic.com\/blog\/ca\/blog\/vicente-riambau-academic-ramc\/\" \/>\n<meta property=\"og:site_name\" content=\"Blog barnacl\u00ednic+\" \/>\n<meta property=\"article:published_time\" content=\"2024-03-22T09:53:04+00:00\" \/>\n<meta property=\"article:modified_time\" content=\"2024-03-22T09:56:50+00:00\" \/>\n<meta property=\"og:image\" content=\"https:\/\/www.barnaclinic.com\/blog\/wp-content\/uploads\/2024\/03\/Vicente-Riambau-Academico-RAMC.jpg\" \/>\n\t<meta property=\"og:image:width\" content=\"800\" \/>\n\t<meta property=\"og:image:height\" content=\"450\" \/>\n\t<meta property=\"og:image:type\" content=\"image\/jpeg\" \/>\n<meta name=\"author\" content=\"barnacl\u00ednic+\" \/>\n<meta name=\"twitter:label1\" content=\"Escrit per\" \/>\n\t<meta name=\"twitter:data1\" content=\"barnacl\u00ednic+\" \/>\n\t<meta name=\"twitter:label2\" content=\"Temps estimat de lectura\" \/>\n\t<meta name=\"twitter:data2\" content=\"2 minuts\" \/>\n<script type=\"application\/ld+json\" class=\"yoast-schema-graph\">{\"@context\":\"https:\/\/schema.org\",\"@graph\":[{\"@type\":\"WebPage\",\"@id\":\"https:\/\/www.barnaclinic.com\/blog\/ca\/blog\/vicente-riambau-academic-ramc\/\",\"url\":\"https:\/\/www.barnaclinic.com\/blog\/ca\/blog\/vicente-riambau-academic-ramc\/\",\"name\":\"El Dr. Riambau, acad\u00e8mic de la Reial Acad\u00e8mia de Medicina de Catalunya\",\"isPartOf\":{\"@id\":\"https:\/\/www.barnaclinic.com\/blog\/#website\"},\"datePublished\":\"2024-03-22T09:53:04+00:00\",\"dateModified\":\"2024-03-22T09:56:50+00:00\",\"author\":{\"@id\":\"https:\/\/www.barnaclinic.com\/blog\/#\/schema\/person\/062c0219c54bbf07163f34494da33e17\"},\"description\":\"El Dr. Vicente Riambau, cirurgi\u00e0 vascular de barnacl\u00ednic+, ha estat designat acad\u00e8mic electe de la Reial Acad\u00e8mia de Medicina de Catalunya\",\"inLanguage\":\"ca\",\"potentialAction\":[{\"@type\":\"ReadAction\",\"target\":[\"https:\/\/www.barnaclinic.com\/blog\/ca\/blog\/vicente-riambau-academic-ramc\/\"]}]},{\"@type\":\"WebSite\",\"@id\":\"https:\/\/www.barnaclinic.com\/blog\/#website\",\"url\":\"https:\/\/www.barnaclinic.com\/blog\/\",\"name\":\"Blog barnacl\u00ednic+\",\"description\":\"Informaci\u00f3n y novedades sobre los servicios y profesionales de barnacl\u00ednic+, Hospital Cl\u00ednic de Barcelona\",\"potentialAction\":[{\"@type\":\"SearchAction\",\"target\":{\"@type\":\"EntryPoint\",\"urlTemplate\":\"https:\/\/www.barnaclinic.com\/blog\/?s={search_term_string}\"},\"query-input\":\"required name=search_term_string\"}],\"inLanguage\":\"ca\"},{\"@type\":\"Person\",\"@id\":\"https:\/\/www.barnaclinic.com\/blog\/#\/schema\/person\/062c0219c54bbf07163f34494da33e17\",\"name\":\"barnacl\u00ednic+\",\"url\":\"https:\/\/www.barnaclinic.com\/blog\/ca\/blog\/author\/alex\/\"}]}<\/script>\n<!-- \/ Yoast SEO plugin. -->","yoast_head_json":{"title":"El Dr. Riambau, acad\u00e8mic de la Reial Acad\u00e8mia de Medicina de Catalunya","description":"El Dr. Vicente Riambau, cirurgi\u00e0 vascular de barnacl\u00ednic+, ha estat designat acad\u00e8mic electe de la Reial Acad\u00e8mia de Medicina de Catalunya","robots":{"index":"index","follow":"follow","max-snippet":"max-snippet:-1","max-image-preview":"max-image-preview:large","max-video-preview":"max-video-preview:-1"},"canonical":"https:\/\/www.barnaclinic.com\/blog\/ca\/blog\/vicente-riambau-academic-ramc\/","og_locale":"ca_ES","og_type":"article","og_title":"El Dr. Riambau, acad\u00e8mic de la Reial Acad\u00e8mia de Medicina de Catalunya","og_description":"El Dr. Vicente Riambau, cirurgi\u00e0 vascular de barnacl\u00ednic+, ha estat designat acad\u00e8mic electe de la Reial Acad\u00e8mia de Medicina de Catalunya","og_url":"https:\/\/www.barnaclinic.com\/blog\/ca\/blog\/vicente-riambau-academic-ramc\/","og_site_name":"Blog barnacl\u00ednic+","article_published_time":"2024-03-22T09:53:04+00:00","article_modified_time":"2024-03-22T09:56:50+00:00","og_image":[{"width":800,"height":450,"url":"https:\/\/www.barnaclinic.com\/blog\/wp-content\/uploads\/2024\/03\/Vicente-Riambau-Academico-RAMC.jpg","type":"image\/jpeg"}],"author":"barnacl\u00ednic+","twitter_misc":{"Escrit per":"barnacl\u00ednic+","Temps estimat de lectura":"2 minuts"},"schema":{"@context":"https:\/\/schema.org","@graph":[{"@type":"WebPage","@id":"https:\/\/www.barnaclinic.com\/blog\/ca\/blog\/vicente-riambau-academic-ramc\/","url":"https:\/\/www.barnaclinic.com\/blog\/ca\/blog\/vicente-riambau-academic-ramc\/","name":"El Dr. Riambau, acad\u00e8mic de la Reial Acad\u00e8mia de Medicina de Catalunya","isPartOf":{"@id":"https:\/\/www.barnaclinic.com\/blog\/#website"},"datePublished":"2024-03-22T09:53:04+00:00","dateModified":"2024-03-22T09:56:50+00:00","author":{"@id":"https:\/\/www.barnaclinic.com\/blog\/#\/schema\/person\/062c0219c54bbf07163f34494da33e17"},"description":"El Dr. Vicente Riambau, cirurgi\u00e0 vascular de barnacl\u00ednic+, ha estat designat acad\u00e8mic electe de la Reial Acad\u00e8mia de Medicina de Catalunya","inLanguage":"ca","potentialAction":[{"@type":"ReadAction","target":["https:\/\/www.barnaclinic.com\/blog\/ca\/blog\/vicente-riambau-academic-ramc\/"]}]},{"@type":"WebSite","@id":"https:\/\/www.barnaclinic.com\/blog\/#website","url":"https:\/\/www.barnaclinic.com\/blog\/","name":"Blog barnacl\u00ednic+","description":"Informaci\u00f3n y novedades sobre los servicios y profesionales de barnacl\u00ednic+, Hospital Cl\u00ednic de Barcelona","potentialAction":[{"@type":"SearchAction","target":{"@type":"EntryPoint","urlTemplate":"https:\/\/www.barnaclinic.com\/blog\/?s={search_term_string}"},"query-input":"required name=search_term_string"}],"inLanguage":"ca"},{"@type":"Person","@id":"https:\/\/www.barnaclinic.com\/blog\/#\/schema\/person\/062c0219c54bbf07163f34494da33e17","name":"barnacl\u00ednic+","url":"https:\/\/www.barnaclinic.com\/blog\/ca\/blog\/author\/alex\/"}]}},"_links":{"self":[{"href":"https:\/\/www.barnaclinic.com\/blog\/ca\/wp-json\/wp\/v2\/posts\/4595","targetHints":{"allow":["GET"]}}],"collection":[{"href":"https:\/\/www.barnaclinic.com\/blog\/ca\/wp-json\/wp\/v2\/posts"}],"about":[{"href":"https:\/\/www.barnaclinic.com\/blog\/ca\/wp-json\/wp\/v2\/types\/post"}],"author":[{"embeddable":true,"href":"https:\/\/www.barnaclinic.com\/blog\/ca\/wp-json\/wp\/v2\/users\/2"}],"replies":[{"embeddable":true,"href":"https:\/\/www.barnaclinic.com\/blog\/ca\/wp-json\/wp\/v2\/comments?post=4595"}],"version-history":[{"count":3,"href":"https:\/\/www.barnaclinic.com\/blog\/ca\/wp-json\/wp\/v2\/posts\/4595\/revisions"}],"predecessor-version":[{"id":4598,"href":"https:\/\/www.barnaclinic.com\/blog\/ca\/wp-json\/wp\/v2\/posts\/4595\/revisions\/4598"}],"wp:featuredmedia":[{"embeddable":true,"href":"https:\/\/www.barnaclinic.com\/blog\/ca\/wp-json\/wp\/v2\/media\/4591"}],"wp:attachment":[{"href":"https:\/\/www.barnaclinic.com\/blog\/ca\/wp-json\/wp\/v2\/media?parent=4595"}],"wp:term":[{"taxonomy":"category","embeddable":true,"href":"https:\/\/www.barnaclinic.com\/blog\/ca\/wp-json\/wp\/v2\/categories?post=4595"},{"taxonomy":"post_tag","embeddable":true,"href":"https:\/\/www.barnaclinic.com\/blog\/ca\/wp-json\/wp\/v2\/tags?post=4595"}],"curies":[{"name":"wp","href":"https:\/\/api.w.org\/{rel}","templated":true}]}}