{"id":4450,"date":"2023-11-20T15:28:02","date_gmt":"2023-11-20T15:28:02","guid":{"rendered":"https:\/\/www.barnaclinic.com\/blog\/?p=4450"},"modified":"2023-11-20T15:28:02","modified_gmt":"2023-11-20T15:28:02","slug":"millors-metges-despana","status":"publish","type":"post","link":"https:\/\/www.barnaclinic.com\/blog\/ca\/blog\/millors-metges-despana\/","title":{"rendered":"Tres professionals de barnacl\u00ednic+ elegits millors metges d&#8217;Espanya als premis &#8216;Lideratge Reputacional Sanitari&#8217;"},"content":{"rendered":"<p>El passat 13 de novembre es va celebrar a Madrid la primera edici\u00f3 dels &#8220;<a href=\"https:\/\/observatoriodesalud.es\/merco-y-el-observatorio-de-salud-crean-los-premios-al-liderazgo-reputacional-en-espana\"><strong>Lideratge Reputacional Sanitari<\/strong><\/a>&#8220;, uns guardons que reconeixen a les <strong>institucions i professionals del sector sanitari amb millor reputaci\u00f3 d&#8217;Espanya<\/strong> i que s\u00f3n organitzats de forma conjunta per <a href=\"https:\/\/www.merco.info\/es\/\">MERCO<\/a> i l&#8217;<a href=\"https:\/\/observatoriodesalud.es\/\">Observatori de la Salut<\/a>. Entre els <strong>millors metges d&#8217;Espanya<\/strong> de les seves respectives especialitats d&#8217;enguany es troben tres professionals de barnacl\u00ednic+: el Dr. <a href=\"https:\/\/www.barnaclinic.com\/ca\/quadre-medic\/137\/alvar\"><strong>\u00c0lvar Agust\u00ed<\/strong><\/a>, el Dr. <a href=\"https:\/\/www.barnaclinic.com\/ca\/quadre-medic\/272\/antonio\"><strong>Antonio Alcaraz<\/strong><\/a> i el Dr. <a href=\"https:\/\/www.barnaclinic.com\/ca\/quadre-medic\/235\/eduard\"><strong>Eduard Gratac\u00f3s<\/strong><\/a>, especialistes en <a href=\"https:\/\/www.barnaclinic.com\/ca\/respiratori\/pneumologia\/\">Neumologia<\/a>, <a href=\"https:\/\/www.barnaclinic.com\/ca\/especialitats\/61\/urologia\">Urologia<\/a> i <a href=\"https:\/\/www.barnaclinic.com\/ca\/especialitats\/36\/ginecologia-y-obstetricia\">Obstetr\u00edcia i Ginecologia<\/a>, respectivament.<\/p>\n<p><!--more--><\/p>\n<h2>Altres professionals barnacl\u00ednic+ entre els millors metges d&#8217;Espanya<\/h2>\n<p>A m\u00e9s d&#8217;aquests guardons, cal destacar que altres professionals que exerceixen a barnacl\u00ednic+ tamb\u00e9 han estat nominats com a <strong>millors metges d&#8217;Espanya<\/strong>, tot i que finalment no van ser premiats. \u00c9s el cas del Dr. <a href=\"https:\/\/www.barnaclinic.com\/ca\/quadre-medic\/202\/alfredo\"><strong>Alfredo Ad\u00e1n<\/strong><\/a>, d&#8217;<a href=\"https:\/\/www.vision-clinic.es\/ca\/\">Oftalmologia<\/a>, el Dr. <a href=\"https:\/\/www.barnaclinic.com\/ca\/quadre-medic\/331\/eduard\"><strong>Eduard Vieta<\/strong><\/a>, de <a href=\"https:\/\/www.barnaclinic.com\/ca\/solicitar-cita\/?especialidad=53\">Psiquiatria<\/a>, el Dr. <a href=\"https:\/\/www.barnaclinic.com\/ca\/quadre-medic\/24\/francisco\"><strong>Francesc Carmona<\/strong><\/a>, d&#8217;<a href=\"https:\/\/www.barnaclinic.com\/ca\/especialitats\/36\/ginecologia-y-obstetricia\">Obstetr\u00edcia i Ginecologia<\/a>, el Dr. <a href=\"https:\/\/www.barnaclinic.com\/ca\/quadre-medic\/16\/josep\"><strong>Josep Brugada<\/strong><\/a>, de <a href=\"https:\/\/www.barnaclinic.com\/ca\/cardiologia\/\">Cardiologia<\/a>, el Dr. <a href=\"https:\/\/www.barnaclinic.com\/ca\/quadre-medic\/9\/manuel\"><strong>Manuel Bernal<\/strong><\/a>, d&#8217;<a href=\"https:\/\/www.barnaclinic.com\/ca\/especialitats\/21\/otorrinolaringologia\">Otorrinolaringologia<\/a> i la Dra. <a href=\"https:\/\/www.barnaclinic.com\/ca\/quadre-medic\/581\/susana\"><strong>Susana Puig<\/strong><\/a>, de <a href=\"https:\/\/www.barnaclinic.com\/ca\/solicitar-cita\/?especialidad=138\">Dermatologia<\/a>.<\/p>\n<h2>Qu\u00e8 s\u00f3n els premis &#8220;<strong>Lideratge Reputacional Sanitari<\/strong>&#8220;?<\/h2>\n<p>Els premis &#8220;<strong>Lideratge Reputacional Sanitari<\/strong>&#8221; tenen com a objectiu principal valorar i fer visible el gran esfor\u00e7 cl\u00ednic, investigador i de gesti\u00f3 que realitzen a Espanya els metges, centres i gestors sanitaris. Els participants van ser seleccionats mitjan\u00e7ant una metodologia rigorosa, independent i objectiva, verificada per KPMG i per un jurat de 35 experts, i els elegits com a &#8220;<strong>millors metges d&#8217;Espanya<\/strong>&#8221; van ser el resultat d&#8217;una exhaustiva avaluaci\u00f3 realitzada per Merco, amb el seu monitor MRS, i l&#8217;Observatori de la Salut.<br \/>\nEls premis es van dividir en tres categories: projectes m\u00e9s rellevants de les Comunitats Aut\u00f2nomes en l&#8217;\u00e0mbit sanitari, hospitals l\u00edders i <strong>especialistes m\u00e8dics m\u00e9s reputats<\/strong>, els <strong>millors metges d&#8217;Espanya<\/strong>. \u00c9s en aquesta \u00faltima on han rebut el reconeixement els tres professionals de barnacl\u00ednic+. En total, s&#8217;han reconegut professionals de 21 especialitats diferents. A partir d&#8217;ara, els premis Merco-OdS seran concedits anualment.<\/p>\n<hr \/>\n<h4><img loading=\"lazy\" decoding=\"async\" class=\"alignleft wp-image-4426 size-thumbnail\" title=\"Dr. \u00c0lvar Agust\u00ed, millor neum\u00f2leg d'Espanya\" src=\"https:\/\/www.barnaclinic.com\/blog\/wp-content\/uploads\/2023\/11\/Captura-de-pantalla-2023-11-20-a-las-14.48.48-150x150.png\" alt=\"Dr. \u00c0lvar Agust\u00ed, millor neum\u00f2leg d'Espanya\" width=\"150\" height=\"150\" \/>Dr. <a href=\"https:\/\/www.barnaclinic.com\/ca\/quadre-medic\/137\/alvar\">\u00c0lvar Agust\u00ed Garc\u00eda-Navarro<\/a><\/h4>\n<ul>\n<li><strong>Consultor s\u00e8nior del <\/strong><a class=\"external\" href=\"https:\/\/www.clinicbarcelona.org\/instituto\/institut-clinic-respiratorio\" target=\"_blank\" rel=\"external noopener\"><strong>Institut Cl\u00ednic Respiratori<\/strong><\/a> del <a class=\"external\" href=\"https:\/\/www.clinicbarcelona.org\/\" target=\"_blank\" rel=\"external noopener\">Hospital Cl\u00ednic de Barcelona<\/a> i especialista en <a href=\"https:\/\/www.barnaclinic.com\/ca\/respiratori\/pneumologia\/\"><strong>Neumologia barnacl\u00ednic+<\/strong><\/a><\/li>\n<li><strong>Catedr\u00e0tic de Medicina<\/strong> a la <a class=\"external\" href=\"https:\/\/www.ub.edu\/web\/portal\/ca\/\" target=\"_blank\" rel=\"external noopener\">Universitat de Barcelona<\/a><\/li>\n<li><strong>\u00c9s especialista en<\/strong>:<strong> Malalties respirat\u00f2ries en general<\/strong>, amb inter\u00e8s especial en <strong>asma<\/strong> i <strong>malaltia pulmonar obstructiva cr\u00f2nica<\/strong> o <strong>EPOC<\/strong> (bronquitis cr\u00f2nica i enfisema pulmonar) i en <strong><a href=\"https:\/\/www.barnaclinic.com\/ca\/diagnostic-del-cancer\/diagnostic-cancer-de-pulmo\/\">Diagn\u00f2stic del C\u00e0ncer de Pulm\u00f3<\/a><\/strong><\/li>\n<\/ul>\n<p class=\"boto\" style=\"padding-left: 30px; padding-right: 20px;\"><a class=\"button button--cita\" href=\"https:\/\/www.barnaclinic.com\/ca\/quadre-medic\/137\/alvar\" target=\"_blank\" rel=\"noopener noreferrer\">M\u00c9S INFORMACI\u00d3<\/a> | <a class=\"button button--televisita\" href=\"https:\/\/www.barnaclinic.com\/ca\/solicitar-cita\/?profesional=137\" target=\"_blank\" rel=\"noopener noreferrer\">DEMANAR CITA<\/a><\/p>\n<hr \/>\n<h4><img loading=\"lazy\" decoding=\"async\" class=\"alignleft wp-image-4435 size-thumbnail\" src=\"https:\/\/www.barnaclinic.com\/blog\/wp-content\/uploads\/2023\/11\/Captura-de-pantalla-2023-11-20-a-las-14.56.23-150x150.png\" alt=\"\" width=\"150\" height=\"150\" srcset=\"https:\/\/www.barnaclinic.com\/blog\/wp-content\/uploads\/2023\/11\/Captura-de-pantalla-2023-11-20-a-las-14.56.23-150x150.png 150w, https:\/\/www.barnaclinic.com\/blog\/wp-content\/uploads\/2023\/11\/Captura-de-pantalla-2023-11-20-a-las-14.56.23.png 238w\" sizes=\"auto, (max-width: 150px) 100vw, 150px\" \/>Dr. <a href=\"https:\/\/www.barnaclinic.com\/ca\/quadre-medic\/272\/antonio\" target=\"_blank\" rel=\"noopener\"><strong>Antonio Alcaraz Asensio<\/strong><\/a><\/h4>\n<ul>\n<li><strong>Cap del Servei<\/strong> <strong>d&#8217;<a href=\"https:\/\/www.barnaclinic.com\/es\/urologia\/\">Urologia i Trasplant de Rony\u00f3<\/a><\/strong> del <a class=\"external\" href=\"https:\/\/www.hospitalclinic.org\/es\" target=\"_blank\" rel=\"external noopener\"><strong>Hospital Cl\u00ednic de Barcelona<\/strong><\/a><\/li>\n<li><strong>Catedr\u00e0tic<\/strong> <strong>d&#8217;Urologia<\/strong> de la Facultat de Medicina i Ci\u00e8ncies de la Salut de la <a class=\"external\" href=\"http:\/\/www.ub.edu\/web\/ub\/es\/index.html?\" target=\"_blank\" rel=\"external noopener\"><strong>Universitat de Barcelona<\/strong><\/a><\/li>\n<li><strong>\u00c9s pioner mundial en t\u00e8cniques quir\u00fargiques rob\u00f2tiques i laparosc\u00f2piques (<a href=\"http:\/\/www.barnaclinic.com\/blog\/blog\/cirugia-robotica-trasplante-renal\/\">t\u00e8cniques NOTES i LESS<\/a>). \u00c9s especialista en Oncologia quir\u00fargica (pr\u00f2stata, <a href=\"https:\/\/www.barnaclinic.com\/es\/trasplante-renal\/\">rony\u00f3<\/a> i bufeta), <a href=\"https:\/\/www.barnaclinic.com\/ca\/trasplantament-renal\/\">Cirurgia de trasplant de rony\u00f3<\/a><\/strong><\/li>\n<li><strong>Realitza m\u00e9s de 500 cirurgies anuals durant m\u00e9s de 25 anys d&#8217;experi\u00e8ncia. M\u00e9s de 100 realitzades a trav\u00e9s d&#8217;orificis naturals<\/strong><\/li>\n<\/ul>\n<p class=\"boto\" style=\"padding-left: 30px; padding-right: 20px;\"><a class=\"button button--cita\" href=\"https:\/\/www.barnaclinic.com\/ca\/quadre-medic\/272\/antonio\" target=\"_blank\" rel=\"noopener noreferrer\">M\u00c9S INFORMACI\u00d3<\/a> | <a class=\"button button--televisita\" href=\"https:\/\/www.barnaclinic.com\/ca\/solicitar-cita\/?profesional=272\" target=\"_blank\" rel=\"noopener noreferrer\">DEMANAR CITA<\/a><\/p>\n<hr \/>\n<h4><img loading=\"lazy\" decoding=\"async\" class=\"alignleft wp-image-4440 size-thumbnail\" src=\"https:\/\/www.barnaclinic.com\/blog\/wp-content\/uploads\/2023\/11\/Captura-de-pantalla-2023-11-20-a-las-15.00.47-150x150.png\" alt=\"Dr. Eduard Gratac\u00f3s - Millor ginec\u00f2leg d'Espanya\" width=\"150\" height=\"150\" \/>Dr. <a href=\"https:\/\/www.barnaclinic.com\/ca\/quadre-medic\/235\/eduard\" target=\"_blank\" rel=\"noopener\"><strong>Eduard Gratac\u00f3s<\/strong><\/a><\/h4>\n<ul>\n<li><strong>Director del Centre de Medicina Fetal<\/strong> de <strong>barnacl\u00ednic+ <\/strong>i <strong>director de <a class=\"external\" href=\"http:\/\/medicinafetalbarcelona.org\/es\" target=\"_blank\" rel=\"external noopener\">BCNatal<\/a><\/strong>, centre de medicina maternofetal al <a class=\"external\" href=\"http:\/\/www.hospitalclinic.org\/\" target=\"_blank\" rel=\"external noopener\"><strong>Hospital Cl\u00ednic <\/strong><\/a>i <a class=\"external\" href=\"http:\/\/www.hsjdbcn.org\/\" target=\"_blank\" rel=\"external noopener\"><strong>Sant Joan de D\u00e9u de Barcelona<\/strong><\/a><\/li>\n<li><strong>Professor<\/strong> de la <a class=\"external\" href=\"https:\/\/www.ub.edu\/web\/portal\/ca\/\" target=\"_blank\" rel=\"external noopener\"><strong>Universitat de Barcelona<\/strong><\/a><\/li>\n<li><strong>Pioner mundial en cirurgia fetal<\/strong>, ha participat en el disseny i realitzaci\u00f3 per primera vegada al m\u00f3n de diversos tipus de cirurgia fetal.<\/li>\n<li><strong>Ha realitzat m\u00e9s de 2.000 intervencions<\/strong> de <strong>cirurgia fetal<\/strong>. <strong>Segona opini\u00f3 per patologia materna i fetal<\/strong> d&#8217;alta complexitat en <strong>m\u00e9s de 500 casos anuals<\/strong>.<\/li>\n<\/ul>\n<p class=\"boto\" style=\"padding-left: 30px; padding-right: 20px;\"><a class=\"button button--cita\" href=\"https:\/\/www.barnaclinic.com\/ca\/quadre-medic\/235\/eduard\" target=\"_blank\" rel=\"noopener noreferrer\">M\u00c9S INFORMACI\u00d3<\/a> | <a class=\"button button--televisita\" href=\"https:\/\/www.barnaclinic.com\/es\/solicitar-cita\/?profesional=235\" target=\"_blank\" rel=\"noopener noreferrer\">DEMANAR CITA<\/a><\/p>\n<hr \/>\n","protected":false},"excerpt":{"rendered":"<p>El passat 13 de novembre es va celebrar a Madrid la primera edici\u00f3 dels &#8220;Lideratge Reputacional Sanitari&#8220;, uns guardons que reconeixen a les institucions i professionals del sector sanitari amb millor reputaci\u00f3 d&#8217;Espanya i que s\u00f3n organitzats de forma conjunta per MERCO i l&#8217;Observatori de la Salut. Entre els millors metges d&#8217;Espanya de les seves [&hellip;]<\/p>\n","protected":false},"author":2,"featured_media":4445,"comment_status":"closed","ping_status":"closed","sticky":false,"template":"","format":"standard","meta":{"footnotes":""},"categories":[560,1351,470,559,612,571,427,335,393,1096,1901,741,936,545],"tags":[1963,1310,1964,1965,1956,1957,1958,1959,1960,1962,1961],"class_list":["post-4450","post","type-post","status-publish","format-standard","has-post-thumbnail","hentry","category-cirurgia-ginecologica","category-dermatologia-2","category-els-nostres-professionals","category-ginecologia-especialitats","category-grup-hospital-clinic","category-grup-hospital-clinic-de-barcelona","category-neurologia-especialitats","category-otorrinolaringologia","category-pneumologia","category-psicologia-especialitats","category-psiquiatria-2","category-trasplantament","category-trasplantament-renal","category-urologia-especialitats","tag-dr-alvar-agusti-ca","tag-dr-antonio-alcaraz-ca","tag-dr-eduard-gratacos-ca","tag-merco-ca","tag-millor-ginecoleg-despanya","tag-millor-metge-despanya","tag-millor-pneumoleg-despanya","tag-millor-uroleg-despanya","tag-millors-doctors-despanya","tag-millors-metges-despanya","tag-premis-lideratge-reputacional-sanitari"],"yoast_head":"<!-- This site is optimized with the Yoast SEO plugin v19.14 - https:\/\/yoast.com\/wordpress\/plugins\/seo\/ -->\n<title>Tres professionals de barnacl\u00ednic+, millors metges d&#039;Espanya...<\/title>\n<meta name=\"description\" content=\"Tres professionals de barnacl\u00ednic+ han estat elegits millors metges d&#039;Espanya als premis Lideratge Reputacional Sanitari de MERCO i OdS...\" \/>\n<meta name=\"robots\" content=\"index, follow, max-snippet:-1, max-image-preview:large, max-video-preview:-1\" \/>\n<link rel=\"canonical\" href=\"https:\/\/www.barnaclinic.com\/blog\/ca\/blog\/millors-metges-despana\/\" \/>\n<meta property=\"og:locale\" content=\"ca_ES\" \/>\n<meta property=\"og:type\" content=\"article\" \/>\n<meta property=\"og:title\" content=\"Tres professionals de barnacl\u00ednic+, millors metges d&#039;Espanya...\" \/>\n<meta property=\"og:description\" content=\"Tres professionals de barnacl\u00ednic+ han estat elegits millors metges d&#039;Espanya als premis Lideratge Reputacional Sanitari de MERCO i OdS...\" \/>\n<meta property=\"og:url\" content=\"https:\/\/www.barnaclinic.com\/blog\/ca\/blog\/millors-metges-despana\/\" \/>\n<meta property=\"og:site_name\" content=\"Blog barnacl\u00ednic+\" \/>\n<meta property=\"article:published_time\" content=\"2023-11-20T15:28:02+00:00\" \/>\n<meta property=\"og:image\" content=\"https:\/\/www.barnaclinic.com\/blog\/wp-content\/uploads\/2023\/11\/Mejores-medicos-de-Espana.jpg\" \/>\n\t<meta property=\"og:image:width\" content=\"800\" \/>\n\t<meta property=\"og:image:height\" content=\"450\" \/>\n\t<meta property=\"og:image:type\" content=\"image\/jpeg\" \/>\n<meta name=\"author\" content=\"barnacl\u00ednic+\" \/>\n<meta name=\"twitter:label1\" content=\"Escrit per\" \/>\n\t<meta name=\"twitter:data1\" content=\"barnacl\u00ednic+\" \/>\n\t<meta name=\"twitter:label2\" content=\"Temps estimat de lectura\" \/>\n\t<meta name=\"twitter:data2\" content=\"3 minuts\" \/>\n<script type=\"application\/ld+json\" class=\"yoast-schema-graph\">{\"@context\":\"https:\/\/schema.org\",\"@graph\":[{\"@type\":\"WebPage\",\"@id\":\"https:\/\/www.barnaclinic.com\/blog\/ca\/blog\/millors-metges-despana\/\",\"url\":\"https:\/\/www.barnaclinic.com\/blog\/ca\/blog\/millors-metges-despana\/\",\"name\":\"Tres professionals de barnacl\u00ednic+, millors metges d'Espanya...\",\"isPartOf\":{\"@id\":\"https:\/\/www.barnaclinic.com\/blog\/#website\"},\"datePublished\":\"2023-11-20T15:28:02+00:00\",\"dateModified\":\"2023-11-20T15:28:02+00:00\",\"author\":{\"@id\":\"https:\/\/www.barnaclinic.com\/blog\/#\/schema\/person\/062c0219c54bbf07163f34494da33e17\"},\"description\":\"Tres professionals de barnacl\u00ednic+ han estat elegits millors metges d'Espanya als premis Lideratge Reputacional Sanitari de MERCO i OdS...\",\"inLanguage\":\"ca\",\"potentialAction\":[{\"@type\":\"ReadAction\",\"target\":[\"https:\/\/www.barnaclinic.com\/blog\/ca\/blog\/millors-metges-despana\/\"]}]},{\"@type\":\"WebSite\",\"@id\":\"https:\/\/www.barnaclinic.com\/blog\/#website\",\"url\":\"https:\/\/www.barnaclinic.com\/blog\/\",\"name\":\"Blog barnacl\u00ednic+\",\"description\":\"Informaci\u00f3n y novedades sobre los servicios y profesionales de barnacl\u00ednic+, Hospital Cl\u00ednic de Barcelona\",\"potentialAction\":[{\"@type\":\"SearchAction\",\"target\":{\"@type\":\"EntryPoint\",\"urlTemplate\":\"https:\/\/www.barnaclinic.com\/blog\/?s={search_term_string}\"},\"query-input\":\"required name=search_term_string\"}],\"inLanguage\":\"ca\"},{\"@type\":\"Person\",\"@id\":\"https:\/\/www.barnaclinic.com\/blog\/#\/schema\/person\/062c0219c54bbf07163f34494da33e17\",\"name\":\"barnacl\u00ednic+\",\"url\":\"https:\/\/www.barnaclinic.com\/blog\/ca\/blog\/author\/alex\/\"}]}<\/script>\n<!-- \/ Yoast SEO plugin. -->","yoast_head_json":{"title":"Tres professionals de barnacl\u00ednic+, millors metges d'Espanya...","description":"Tres professionals de barnacl\u00ednic+ han estat elegits millors metges d'Espanya als premis Lideratge Reputacional Sanitari de MERCO i OdS...","robots":{"index":"index","follow":"follow","max-snippet":"max-snippet:-1","max-image-preview":"max-image-preview:large","max-video-preview":"max-video-preview:-1"},"canonical":"https:\/\/www.barnaclinic.com\/blog\/ca\/blog\/millors-metges-despana\/","og_locale":"ca_ES","og_type":"article","og_title":"Tres professionals de barnacl\u00ednic+, millors metges d'Espanya...","og_description":"Tres professionals de barnacl\u00ednic+ han estat elegits millors metges d'Espanya als premis Lideratge Reputacional Sanitari de MERCO i OdS...","og_url":"https:\/\/www.barnaclinic.com\/blog\/ca\/blog\/millors-metges-despana\/","og_site_name":"Blog barnacl\u00ednic+","article_published_time":"2023-11-20T15:28:02+00:00","og_image":[{"width":800,"height":450,"url":"https:\/\/www.barnaclinic.com\/blog\/wp-content\/uploads\/2023\/11\/Mejores-medicos-de-Espana.jpg","type":"image\/jpeg"}],"author":"barnacl\u00ednic+","twitter_misc":{"Escrit per":"barnacl\u00ednic+","Temps estimat de lectura":"3 minuts"},"schema":{"@context":"https:\/\/schema.org","@graph":[{"@type":"WebPage","@id":"https:\/\/www.barnaclinic.com\/blog\/ca\/blog\/millors-metges-despana\/","url":"https:\/\/www.barnaclinic.com\/blog\/ca\/blog\/millors-metges-despana\/","name":"Tres professionals de barnacl\u00ednic+, millors metges d'Espanya...","isPartOf":{"@id":"https:\/\/www.barnaclinic.com\/blog\/#website"},"datePublished":"2023-11-20T15:28:02+00:00","dateModified":"2023-11-20T15:28:02+00:00","author":{"@id":"https:\/\/www.barnaclinic.com\/blog\/#\/schema\/person\/062c0219c54bbf07163f34494da33e17"},"description":"Tres professionals de barnacl\u00ednic+ han estat elegits millors metges d'Espanya als premis Lideratge Reputacional Sanitari de MERCO i OdS...","inLanguage":"ca","potentialAction":[{"@type":"ReadAction","target":["https:\/\/www.barnaclinic.com\/blog\/ca\/blog\/millors-metges-despana\/"]}]},{"@type":"WebSite","@id":"https:\/\/www.barnaclinic.com\/blog\/#website","url":"https:\/\/www.barnaclinic.com\/blog\/","name":"Blog barnacl\u00ednic+","description":"Informaci\u00f3n y novedades sobre los servicios y profesionales de barnacl\u00ednic+, Hospital Cl\u00ednic de Barcelona","potentialAction":[{"@type":"SearchAction","target":{"@type":"EntryPoint","urlTemplate":"https:\/\/www.barnaclinic.com\/blog\/?s={search_term_string}"},"query-input":"required name=search_term_string"}],"inLanguage":"ca"},{"@type":"Person","@id":"https:\/\/www.barnaclinic.com\/blog\/#\/schema\/person\/062c0219c54bbf07163f34494da33e17","name":"barnacl\u00ednic+","url":"https:\/\/www.barnaclinic.com\/blog\/ca\/blog\/author\/alex\/"}]}},"_links":{"self":[{"href":"https:\/\/www.barnaclinic.com\/blog\/ca\/wp-json\/wp\/v2\/posts\/4450","targetHints":{"allow":["GET"]}}],"collection":[{"href":"https:\/\/www.barnaclinic.com\/blog\/ca\/wp-json\/wp\/v2\/posts"}],"about":[{"href":"https:\/\/www.barnaclinic.com\/blog\/ca\/wp-json\/wp\/v2\/types\/post"}],"author":[{"embeddable":true,"href":"https:\/\/www.barnaclinic.com\/blog\/ca\/wp-json\/wp\/v2\/users\/2"}],"replies":[{"embeddable":true,"href":"https:\/\/www.barnaclinic.com\/blog\/ca\/wp-json\/wp\/v2\/comments?post=4450"}],"version-history":[{"count":2,"href":"https:\/\/www.barnaclinic.com\/blog\/ca\/wp-json\/wp\/v2\/posts\/4450\/revisions"}],"predecessor-version":[{"id":4454,"href":"https:\/\/www.barnaclinic.com\/blog\/ca\/wp-json\/wp\/v2\/posts\/4450\/revisions\/4454"}],"wp:featuredmedia":[{"embeddable":true,"href":"https:\/\/www.barnaclinic.com\/blog\/ca\/wp-json\/wp\/v2\/media\/4445"}],"wp:attachment":[{"href":"https:\/\/www.barnaclinic.com\/blog\/ca\/wp-json\/wp\/v2\/media?parent=4450"}],"wp:term":[{"taxonomy":"category","embeddable":true,"href":"https:\/\/www.barnaclinic.com\/blog\/ca\/wp-json\/wp\/v2\/categories?post=4450"},{"taxonomy":"post_tag","embeddable":true,"href":"https:\/\/www.barnaclinic.com\/blog\/ca\/wp-json\/wp\/v2\/tags?post=4450"}],"curies":[{"name":"wp","href":"https:\/\/api.w.org\/{rel}","templated":true}]}}