{"id":4386,"date":"2023-10-13T14:36:59","date_gmt":"2023-10-13T14:36:59","guid":{"rendered":"https:\/\/www.barnaclinic.com\/blog\/?p=4386"},"modified":"2023-10-13T14:36:59","modified_gmt":"2023-10-13T14:36:59","slug":"ecografia-cutanea-i-laser-de-co2","status":"publish","type":"post","link":"https:\/\/www.barnaclinic.com\/blog\/ca\/blog\/ecografia-cutanea-i-laser-de-co2\/","title":{"rendered":"barnacl\u00ednic+ incorpora l&#8217;ecografia cut\u00e0nia i el l\u00e0ser de CO2 al seu servei de dermatologia"},"content":{"rendered":"<p>La pell, l&#8217;\u00f2rgan m\u00e9s gran del nostre cos, compleix un paper fonamental en protegir-nos contra amenaces externes, regular la nostra temperatura i transmetre est\u00edmuls sensorials. Mantenir una pell saludable \u00e9s essencial no sols per raons est\u00e8tiques, sin\u00f3 tamb\u00e9 per garantir el nostre benestar general. <strong>Amb el ferm comprom\u00eds de brindar als nostres pacients l&#8217;atenci\u00f3 dermatol\u00f2gica m\u00e9s avan\u00e7ada<\/strong>, en aquest article us presentem dos nous serveis que hem incorporat a barnacl\u00ednic+: l&#8217;<a href=\"https:\/\/www.youtube.com\/watch?v=L0cM_Tr1kek\" target=\"_blank\" rel=\"noopener\"><strong>ecografia cut\u00e0nia<\/strong><\/a> i el <strong>l\u00e0ser de CO2<\/strong>. Es tracta de dues t\u00e8cniques que no nom\u00e9s permeten un <strong>diagn\u00f2stic m\u00e9s prec\u00eds de problemes cutanis<\/strong>, sin\u00f3 que tamb\u00e9 ofereixen <strong>tractaments efectius i menys invasius per a diverses afeccions dermatol\u00f2giques<\/strong>. Descobreix com aquestes eines ens permeten oferir als nostres pacients <strong>millor atenci\u00f3 m\u00e8dica i cura de la pell<\/strong>.<\/p>\n<p><!--more--><\/p>\n<h2>L&#8217;ecografia cut\u00e0nia: Diagn\u00f2stic poc invasiu i molt m\u00e9s<\/h2>\n<div align=\"center\"><iframe loading=\"lazy\" title=\"YouTube video player\" src=\"https:\/\/www.youtube.com\/embed\/L0cM_Tr1kek?si=2Y3EWxN4uWMbqGJi\" width=\"700\" height=\"394\" frameborder=\"0\" allowfullscreen=\"allowfullscreen\" data-mce-fragment=\"1\"><\/iframe><\/div>\n<p>L&#8217;<strong>ec\u00f2graf cutani<\/strong>, tamb\u00e9 conegut com a <strong>ultras\u00f2 dermatol\u00f2gic<\/strong> o <strong>ecografia cut\u00e0nia<\/strong>, que ha adquirit rellev\u00e0ncia en la <strong>dermatologia<\/strong> i la <strong>cirurgia pl\u00e0stica<\/strong>, opera emetent ones sonores que, en penetrar a la pell, reboten en les estructures internes. Les ones reflectides es recullen novament i es converteixen en imatges. A difer\u00e8ncia dels ultrasons tradicionals per examinar \u00f2rgans m\u00e9s interns, els ec\u00f2grafs cutanis usen freq\u00fc\u00e8ncies m\u00e9s altes, aconseguint imatges d&#8217;alta resoluci\u00f3 de les capes m\u00e9s superficials de la pell i teixits adjacents. &#8220;Gr\u00e0cies a aquest ec\u00f2graf \u00e9s possible veure des dels primers mil\u00b7l\u00edmetres fins als \u00faltims cent\u00edmetres del greix subcutani amb un detall que no s&#8217;aconsegueix amb cap altra t\u00e8cnica d&#8217;imatge&#8221;, explica la Dra. <a href=\"https:\/\/www.barnaclinic.com\/ca\/quadre-medic\/590\/priscila\"><strong>Priscila Giavedoni<\/strong><\/a>, dermat\u00f2loga del Servei de <a href=\"https:\/\/www.clinicbarcelona.org\/ca\/servei\/dermatologia\">Dermatologia de l&#8217;Hospital Cl\u00ednic<\/a> i professional de barnacl\u00ednic+.<\/p>\n<blockquote>\n<h4><img loading=\"lazy\" decoding=\"async\" class=\"alignleft wp-image-1103 \" src=\"https:\/\/www.barnaclinic.com\/blog\/traumatologia-deportiva\/wp-content\/uploads\/sites\/3\/Priscila-Giavedoni-150x150.png\" alt=\"Dra. Priscila Giavedoni\" width=\"114\" height=\"109\" \/><\/h4>\n<h4><strong>\u00abAmb l&#8217;ecografia cut\u00e0nia \u00e9s possible veure des dels primers mil\u00b7l\u00edmetres fins als darrers cent\u00edmetres del greix subcutani amb un detall que no s&#8217;aconsegueix amb cap altra t\u00e8cnica d&#8217;imatge<\/strong><strong>\u00bb<\/strong><\/h4>\n<p>Dra. <a href=\"https:\/\/www.barnaclinic.com\/ca\/quadre-medic\/590\/priscila\"><strong>Priscila Giavedoni<\/strong><\/a>, dermat\u00f2loga del Servei de <a href=\"https:\/\/www.clinicbarcelona.org\/ca\/servei\/dermatologia\">Dermatologia de l&#8217;Hospital Cl\u00ednic<\/a> i professional de barnacl\u00ednic+<\/p><\/blockquote>\n<p>L&#8217;<strong>ecografia cut\u00e0nia<\/strong> t\u00e9 m\u00faltiples aplicacions, entre les quals destaca el diagn\u00f2stic, ajudant a <strong>identificar i caracteritzar lesions cut\u00e0nies<\/strong>, <strong>tumors i quists<\/strong>, entre d&#8217;altres. Aix\u00ed mateix, tamb\u00e9 serveix per poder fer-ne un seguiment i veure la resposta als tractaments. &#8220;Es tracta d&#8217;un examen complementari a la bi\u00f2psia que ens ofereix en alguns casos imatges tan caracter\u00edstiques que podem dir quin tipus de tumor es tracta&#8221;, afegeix la Dra. Giaveloni, que apunta com en <strong><a href=\"https:\/\/www.barnaclinic.com\/ca\/dermatologia\/cancer-de-pell-i-melanoma\/\">tumors cutanis<\/a> grans<\/strong> \u00e9s possible saber tamb\u00e9 si prop del tumor hi ha art\u00e8ries, nervis o tendons per facilitar la feina dels cirurgians.<\/p>\n<p>A m\u00e9s, l&#8217;<strong>ecografia cut\u00e0nia<\/strong> \u00e9s molt \u00fatil en les <strong>malalties inflamat\u00f2ries<\/strong>, on la bi\u00f2psia t\u00e9 la limitaci\u00f3 de ser agressiva en necessitar tallar la pell i a m\u00e9s nom\u00e9s es pot estudiar escassos cent\u00edmetres de la pell. \u201cAmb l&#8217;<strong>ultras\u00f2 dermatol\u00f2gic<\/strong> podem fer estudis molt m\u00e9s complets de tota la lesi\u00f3 en poc temps, sent un procediment molt r\u00e0pid i amb molt de valor diagn\u00f2stic\u201d, continua explicant la Dra. Giaveloni.<\/p>\n<p>Finalment, l&#8217;experta destaca que tamb\u00e9 serveix com a guia en procediments com la <a href=\"https:\/\/www.youtube.com\/watch?v=onxB3ve0SGg\">infiltraci\u00f3 de materials de rebliment<\/a> en els procediments de <a href=\"https:\/\/www.barnaclinic.com\/ca\/medicina-estetica\/\">medicina est\u00e8tica<\/a> i per valorar els pacients abans i despr\u00e9s. \u201cEn pacients que ja han estat infiltrats pr\u00e8viament es corre risc quan es fan nous procediments d&#8217;injecci\u00f3. Amb l&#8217;<strong>ecografia cut\u00e0nia<\/strong> \u00e9s possible saber exactament on \u00e9s aquest material i fins i tot de quin tipus \u00e9s, a m\u00e9s de donar-nos dades importants de l&#8217;anatomia del pacient per fer m\u00e9s segura la intervenci\u00f3\u201d, afegeix la dermat\u00f2loga.<\/p>\n<div id=\"estoy-interesado\" class=\"destacat-site\">\n<h4 style=\"padding-left: 15px; padding-right: 15px;\" align=\"center\"><span style=\"color: white;\">VOLS SOL\u00b7LICITAR INFORMACI\u00d3 O T&#8217;INTERESSA EL SERVEI D&#8217;ECOGRAFIA CUT\u00c0NIA?<\/span><\/h4>\n<p style=\"padding-left: 30px; padding-right: 20px;\" align=\"center\"><a class=\"button\" href=\"https:\/\/www.barnaclinic.com\/ca\/solicitar-cita\/?profesional=594\" target=\"_blank\" rel=\"noopener noreferrer\">DEMANAR CITA<\/a>\u00a0 | <a class=\"button\" style=\"padding-left: 30px; padding-right: 20px;\" href=\"https:\/\/www.barnaclinic.com\/ca\/solicitar-televisita\/?profesional=594\" target=\"_blank;\" rel=\"noopener\">SOL\u00b7LICITAR TELEVISITA<\/a><\/p>\n<\/div>\n<h2>El l\u00e0ser de CO2: Una eina vers\u00e0til<\/h2>\n<div align=\"center\"><iframe loading=\"lazy\" title=\"YouTube video player\" src=\"https:\/\/www.youtube.com\/embed\/f2WIRuu0vlI?si=jq9BCTvHEHkVsK40\" width=\"700\" height=\"394\" frameborder=\"0\" allowfullscreen=\"allowfullscreen\" data-mce-fragment=\"1\"><span data-mce-type=\"bookmark\" style=\"display: inline-block; width: 0px; overflow: hidden; line-height: 0;\" class=\"mce_SELRES_start\">\ufeff<\/span><\/iframe><\/div>\n<p>L&#8217;altre servei que ha incorporat barnacl\u00ednic+ \u00e9s el <strong>l\u00e0ser de CO2<\/strong>, un tipus de tecnologia que utilitza di\u00f2xid de carboni com a mitj\u00e0 per generar un feix de llum a l&#8217;espectre infraroig, amb una longitud d&#8217;ona espec\u00edfica de 10.600 nan\u00f2metres. Aquesta longitud d&#8217;ona \u00e9s absorbida especialment per l&#8217;aigua, un component principal de les c\u00e8l\u00b7lules humanes. Quan el feix l\u00e0ser impacta a la pell, vaporitza instant\u00e0niament les c\u00e8l\u00b7lules superficials en evaporar l&#8217;aigua continguda, permetent una <strong>eliminaci\u00f3 precisa i controlada de les capes de la pell<\/strong>.<\/p>\n<p>Hi ha dues maneres de fer servir l&#8217;equip, com explica la Dra. <a href=\"https:\/\/www.barnaclinic.com\/ca\/quadre-medic\/594\/alba\"><strong>Alba Catal\u00e0<\/strong><\/a>, dermat\u00f2loga del Servei de <a href=\"https:\/\/www.clinicbarcelona.org\/ca\/servei\/dermatologia\">Dermatologia de l&#8217;Hospital Cl\u00ednic<\/a> i professional de barnacl\u00ednic+:<\/p>\n<ul>\n<li><span style=\"text-decoration: underline;\"><strong>Mode quir\u00fargic<\/strong><\/span>: \u201cEn aquest cas es fa servir el l\u00e0ser com si fos un bistur\u00ed, amb una gran precisi\u00f3\u201d.<\/li>\n<li><span style=\"text-decoration: underline;\"><strong>Modo fraccionado<\/strong><\/span>: \u201cAqu\u00ed el l\u00e0ser s&#8217;emet en forma de fraccions, en forma de xicotets feixos de llum que ens permeten tractar grans \u00e0rees de la pell fent poc mal\u201d.<\/li>\n<\/ul>\n<p>Una de les principals <strong>indicacions de l&#8217;\u00fas del l\u00e0ser de CO2<\/strong> \u00e9s el <strong>tractament dels nevus exof\u00edlics<\/strong>, \u00e9s a dir, una piga que presenta una projecci\u00f3 o elevaci\u00f3 per sobre de la superf\u00edcie cut\u00e0nia. Aquests nevus poden tenir diverses aparences, des de petits bonys fins a lesions m\u00e9s grans i projectades. \u201cEn aquests casos utilitzem el l\u00e0ser per rebaixar el nevus fins a deixar-lo pla, amb un resultat est\u00e8tic molt satisfactori\u201d, comenta la Dra. Catal\u00e1.<\/p>\n<blockquote>\n<h4><img loading=\"lazy\" decoding=\"async\" class=\"alignleft wp-image-1104 \" src=\"https:\/\/www.barnaclinic.com\/blog\/traumatologia-deportiva\/wp-content\/uploads\/sites\/3\/Alba-Catala-150x150.png\" alt=\"Dra. Alba Catal\u00e0\" width=\"114\" height=\"110\" \/><\/h4>\n<h4><strong>\u00abDavant dels nevus exof\u00edlics, el l\u00e0ser de CO2 permet rebaixar-los fins a deixar-los plans, amb un resultat est\u00e8tic molt satisfactori<\/strong><strong>\u00bb<\/strong><\/h4>\n<p>Dra. <a href=\"https:\/\/www.barnaclinic.com\/ca\/quadre-medic\/594\/alba\"><strong>Alba Catal\u00e0<\/strong><\/a>, dermat\u00f2loga del Servei de <a href=\"https:\/\/www.clinicbarcelona.org\/ca\/servei\/dermatologia\">Dermatologia de l&#8217;Hospital Cl\u00ednic<\/a> i professional de barnacl\u00ednic+<\/p><\/blockquote>\n<p>El <strong>l\u00e0ser de CO2<\/strong> tamb\u00e9 \u00e9s molt \u00fatil en el <strong>tractament de les cicatrius deixades per l&#8217;acne<\/strong>. &#8220;En aquests casos s&#8217;aconsegueix estimular els fibroblasts, unes c\u00e8l\u00b7lules que produeixen col\u00b7lagen que ajuda a <strong>emplenar els buits que deixen aquestes cicatrius de l&#8217;acne<\/strong>&#8220;, continua explicant l&#8217;experta, que apunta la necessitat de fer una correcta avaluaci\u00f3 dels pacients, ja que no totes les cicatrius s\u00f3n iguals.<\/p>\n<div id=\"estoy-interesado\" class=\"destacat-site\">\n<h4 style=\"padding-left: 15px; padding-right: 15px;\" align=\"center\"><span style=\"color: white;\">VOLS SOL\u00b7LICITAR INFORMACI\u00d3 O T&#8217;INTERESSA EL SERVEI DE L\u00c0SER DE CO2?<\/span><\/h4>\n<p style=\"padding-left: 30px; padding-right: 20px;\" align=\"center\"><a class=\"button\" href=\"https:\/\/www.barnaclinic.com\/ca\/solicitar-cita\/?profesional=594\" target=\"_blank\" rel=\"noopener noreferrer\">DEMANAR CITA<\/a>\u00a0 | <a class=\"button\" style=\"padding-left: 30px; padding-right: 20px;\" href=\"https:\/\/www.barnaclinic.com\/ca\/solicitar-televisita\/?profesional=594\" target=\"_blank;\" rel=\"noopener\">SOL\u00b7LICITAR TELEVISITA<\/a><\/p>\n<\/div>\n<h2>Diagn\u00f2stic dermatol\u00f2gic, prevenci\u00f3 i tractament<\/h2>\n<p>Amb el pas del temps i l&#8217;exposici\u00f3 a diversos factors ambientals, la pell pot patir danys, alteracions i malalties que, si no fossin tractades adequadament, podrien tenir conseq\u00fc\u00e8ncies serioses per a la nostra salut. Per aix\u00f2, \u00e9s essencial que comptem amb les eines i tecnologies m\u00e9s avan\u00e7ades per a la cura i el tractament. En aquest sentit, barnacl\u00ednic+ compta amb una <a href=\"https:\/\/www.barnaclinic.com\/blog\/ca\/blog\/unitat-diagnostic-dermatologic\/\"><strong>Unitat de Diagn\u00f2stic Dermatol\u00f2gic<\/strong><\/a>, dirigida per la Dra. <a href=\"https:\/\/www.barnaclinic.com\/ca\/quadre-medic\/581\/susana\"><strong>Susana Puig<\/strong><\/a> i el Dr. <a href=\"https:\/\/www.barnaclinic.com\/ca\/quadre-medic\/582\/josep\"><strong>Josep Malvehy<\/strong><\/a>, que ofereix les darreres opcions disponibles actualment no nom\u00e9s per al <strong>diagn\u00f2stic de les malalties cut\u00e0nies<\/strong> sin\u00f3 tamb\u00e9 per als seus tractaments . Ara, amb la incorporaci\u00f3 de l&#8217;<strong>ecografia cut\u00e0nia<\/strong> i el <strong>l\u00e0ser de CO2<\/strong>, a barnacl\u00ednic+ ampliem la nostra oferta en <strong>prevenci\u00f3, diagn\u00f2stic, tractament i cura de les patologies de la pell<\/strong>.<\/p>\n<div id=\"estoy-interesado\" class=\"destacat-site\">\n<blockquote>\n<h4><small>ET POT INTERESSAR&#8230;<\/small><\/h4>\n<ul>\n<li>\n<h4><a href=\"https:\/\/www.barnaclinic.com\/blog\/ca\/blog\/unitat-diagnostic-dermatologic\/\" target=\"_blank\" rel=\"noopener noreferrer\">barnacl\u00ednic+ posa en marxa la seva Unitat de Diagn\u00f2stic Dermatol\u00f2gic<\/a><\/h4>\n<\/li>\n<li>\n<h4><a href=\"https:\/\/www.barnaclinic.com\/ca\/dermatologia\/cancer-de-pell-i-melanoma\/\" target=\"_blank\" rel=\"noopener\"><strong>C\u00e0ncer de pell i melanoma<\/strong><\/a><\/h4>\n<\/li>\n<\/ul>\n<\/blockquote>\n<\/div>\n","protected":false},"excerpt":{"rendered":"<p>La pell, l&#8217;\u00f2rgan m\u00e9s gran del nostre cos, compleix un paper fonamental en protegir-nos contra amenaces externes, regular la nostra temperatura i transmetre est\u00edmuls sensorials. Mantenir una pell saludable \u00e9s essencial no sols per raons est\u00e8tiques, sin\u00f3 tamb\u00e9 per garantir el nostre benestar general. Amb el ferm comprom\u00eds de brindar als nostres pacients l&#8217;atenci\u00f3 dermatol\u00f2gica [&hellip;]<\/p>\n","protected":false},"author":2,"featured_media":4347,"comment_status":"closed","ping_status":"closed","sticky":false,"template":"","format":"standard","meta":{"footnotes":""},"categories":[1124,1351,413],"tags":[1927,1352,1921,1356,1353,1354,1405,1928,1929,1923,1924,1922,1359,1930,1925,1926],"class_list":["post-4386","post","type-post","status-publish","format-standard","has-post-thumbnail","hentry","category-cancer","category-dermatologia-2","category-els-nostres-serveis","tag-acne-ca","tag-cancer-de-pell","tag-cicatriu-de-lacne","tag-dermatologia-ca","tag-diagnostic-cancer-de-pell","tag-diagnostic-del-cancer-de-pell-i-melanoma","tag-diagnostic-dermatologic","tag-dra-alba-catala-ca","tag-dra-priscila-giaveloni-ca","tag-ecograf-de-cutani","tag-ecograf-dioxid-de-carboni","tag-ecografia-cutania","tag-melanoma-ca","tag-nevus-ca","tag-nevus-exofilic","tag-ultraso-dermatologic"],"yoast_head":"<!-- This site is optimized with the Yoast SEO plugin v19.14 - https:\/\/yoast.com\/wordpress\/plugins\/seo\/ -->\n<title>barnacl\u00ednic+ incorpora l&#039;ecografia cut\u00e0nia i el l\u00e0ser de CO2<\/title>\n<meta name=\"description\" content=\"L&#039;ecografia cut\u00e0nia i el l\u00e0ser de CO2 que permeten un diagn\u00f2stic m\u00e9s prec\u00eds y tractaments efectius i menys invasius de patolog\u00edes de la pell\" \/>\n<meta name=\"robots\" content=\"index, follow, max-snippet:-1, max-image-preview:large, max-video-preview:-1\" \/>\n<link rel=\"canonical\" href=\"https:\/\/www.barnaclinic.com\/blog\/ca\/blog\/ecografia-cutanea-i-laser-de-co2\/\" \/>\n<meta property=\"og:locale\" content=\"ca_ES\" \/>\n<meta property=\"og:type\" content=\"article\" \/>\n<meta property=\"og:title\" content=\"barnacl\u00ednic+ incorpora l&#039;ecografia cut\u00e0nia i el l\u00e0ser de CO2\" \/>\n<meta property=\"og:description\" content=\"L&#039;ecografia cut\u00e0nia i el l\u00e0ser de CO2 que permeten un diagn\u00f2stic m\u00e9s prec\u00eds y tractaments efectius i menys invasius de patolog\u00edes de la pell\" \/>\n<meta property=\"og:url\" content=\"https:\/\/www.barnaclinic.com\/blog\/ca\/blog\/ecografia-cutanea-i-laser-de-co2\/\" \/>\n<meta property=\"og:site_name\" content=\"Blog barnacl\u00ednic+\" \/>\n<meta property=\"article:published_time\" content=\"2023-10-13T14:36:59+00:00\" \/>\n<meta property=\"og:image\" content=\"https:\/\/www.barnaclinic.com\/blog\/wp-content\/uploads\/2023\/09\/ecografia-cutanea-laser-CO2.jpg\" \/>\n\t<meta property=\"og:image:width\" content=\"800\" \/>\n\t<meta property=\"og:image:height\" content=\"450\" \/>\n\t<meta property=\"og:image:type\" content=\"image\/jpeg\" \/>\n<meta name=\"author\" content=\"barnacl\u00ednic+\" \/>\n<meta name=\"twitter:label1\" content=\"Escrit per\" \/>\n\t<meta name=\"twitter:data1\" content=\"barnacl\u00ednic+\" \/>\n\t<meta name=\"twitter:label2\" content=\"Temps estimat de lectura\" \/>\n\t<meta name=\"twitter:data2\" content=\"6 minuts\" \/>\n<script type=\"application\/ld+json\" class=\"yoast-schema-graph\">{\"@context\":\"https:\/\/schema.org\",\"@graph\":[{\"@type\":\"WebPage\",\"@id\":\"https:\/\/www.barnaclinic.com\/blog\/ca\/blog\/ecografia-cutanea-i-laser-de-co2\/\",\"url\":\"https:\/\/www.barnaclinic.com\/blog\/ca\/blog\/ecografia-cutanea-i-laser-de-co2\/\",\"name\":\"barnacl\u00ednic+ incorpora l'ecografia cut\u00e0nia i el l\u00e0ser de CO2\",\"isPartOf\":{\"@id\":\"https:\/\/www.barnaclinic.com\/blog\/#website\"},\"datePublished\":\"2023-10-13T14:36:59+00:00\",\"dateModified\":\"2023-10-13T14:36:59+00:00\",\"author\":{\"@id\":\"https:\/\/www.barnaclinic.com\/blog\/#\/schema\/person\/062c0219c54bbf07163f34494da33e17\"},\"description\":\"L'ecografia cut\u00e0nia i el l\u00e0ser de CO2 que permeten un diagn\u00f2stic m\u00e9s prec\u00eds y tractaments efectius i menys invasius de patolog\u00edes de la pell\",\"inLanguage\":\"ca\",\"potentialAction\":[{\"@type\":\"ReadAction\",\"target\":[\"https:\/\/www.barnaclinic.com\/blog\/ca\/blog\/ecografia-cutanea-i-laser-de-co2\/\"]}]},{\"@type\":\"WebSite\",\"@id\":\"https:\/\/www.barnaclinic.com\/blog\/#website\",\"url\":\"https:\/\/www.barnaclinic.com\/blog\/\",\"name\":\"Blog barnacl\u00ednic+\",\"description\":\"Informaci\u00f3n y novedades sobre los servicios y profesionales de barnacl\u00ednic+, Hospital Cl\u00ednic de Barcelona\",\"potentialAction\":[{\"@type\":\"SearchAction\",\"target\":{\"@type\":\"EntryPoint\",\"urlTemplate\":\"https:\/\/www.barnaclinic.com\/blog\/?s={search_term_string}\"},\"query-input\":\"required name=search_term_string\"}],\"inLanguage\":\"ca\"},{\"@type\":\"Person\",\"@id\":\"https:\/\/www.barnaclinic.com\/blog\/#\/schema\/person\/062c0219c54bbf07163f34494da33e17\",\"name\":\"barnacl\u00ednic+\",\"url\":\"https:\/\/www.barnaclinic.com\/blog\/ca\/blog\/author\/alex\/\"}]}<\/script>\n<!-- \/ Yoast SEO plugin. -->","yoast_head_json":{"title":"barnacl\u00ednic+ incorpora l'ecografia cut\u00e0nia i el l\u00e0ser de CO2","description":"L'ecografia cut\u00e0nia i el l\u00e0ser de CO2 que permeten un diagn\u00f2stic m\u00e9s prec\u00eds y tractaments efectius i menys invasius de patolog\u00edes de la pell","robots":{"index":"index","follow":"follow","max-snippet":"max-snippet:-1","max-image-preview":"max-image-preview:large","max-video-preview":"max-video-preview:-1"},"canonical":"https:\/\/www.barnaclinic.com\/blog\/ca\/blog\/ecografia-cutanea-i-laser-de-co2\/","og_locale":"ca_ES","og_type":"article","og_title":"barnacl\u00ednic+ incorpora l'ecografia cut\u00e0nia i el l\u00e0ser de CO2","og_description":"L'ecografia cut\u00e0nia i el l\u00e0ser de CO2 que permeten un diagn\u00f2stic m\u00e9s prec\u00eds y tractaments efectius i menys invasius de patolog\u00edes de la pell","og_url":"https:\/\/www.barnaclinic.com\/blog\/ca\/blog\/ecografia-cutanea-i-laser-de-co2\/","og_site_name":"Blog barnacl\u00ednic+","article_published_time":"2023-10-13T14:36:59+00:00","og_image":[{"width":800,"height":450,"url":"https:\/\/www.barnaclinic.com\/blog\/wp-content\/uploads\/2023\/09\/ecografia-cutanea-laser-CO2.jpg","type":"image\/jpeg"}],"author":"barnacl\u00ednic+","twitter_misc":{"Escrit per":"barnacl\u00ednic+","Temps estimat de lectura":"6 minuts"},"schema":{"@context":"https:\/\/schema.org","@graph":[{"@type":"WebPage","@id":"https:\/\/www.barnaclinic.com\/blog\/ca\/blog\/ecografia-cutanea-i-laser-de-co2\/","url":"https:\/\/www.barnaclinic.com\/blog\/ca\/blog\/ecografia-cutanea-i-laser-de-co2\/","name":"barnacl\u00ednic+ incorpora l'ecografia cut\u00e0nia i el l\u00e0ser de CO2","isPartOf":{"@id":"https:\/\/www.barnaclinic.com\/blog\/#website"},"datePublished":"2023-10-13T14:36:59+00:00","dateModified":"2023-10-13T14:36:59+00:00","author":{"@id":"https:\/\/www.barnaclinic.com\/blog\/#\/schema\/person\/062c0219c54bbf07163f34494da33e17"},"description":"L'ecografia cut\u00e0nia i el l\u00e0ser de CO2 que permeten un diagn\u00f2stic m\u00e9s prec\u00eds y tractaments efectius i menys invasius de patolog\u00edes de la pell","inLanguage":"ca","potentialAction":[{"@type":"ReadAction","target":["https:\/\/www.barnaclinic.com\/blog\/ca\/blog\/ecografia-cutanea-i-laser-de-co2\/"]}]},{"@type":"WebSite","@id":"https:\/\/www.barnaclinic.com\/blog\/#website","url":"https:\/\/www.barnaclinic.com\/blog\/","name":"Blog barnacl\u00ednic+","description":"Informaci\u00f3n y novedades sobre los servicios y profesionales de barnacl\u00ednic+, Hospital Cl\u00ednic de Barcelona","potentialAction":[{"@type":"SearchAction","target":{"@type":"EntryPoint","urlTemplate":"https:\/\/www.barnaclinic.com\/blog\/?s={search_term_string}"},"query-input":"required name=search_term_string"}],"inLanguage":"ca"},{"@type":"Person","@id":"https:\/\/www.barnaclinic.com\/blog\/#\/schema\/person\/062c0219c54bbf07163f34494da33e17","name":"barnacl\u00ednic+","url":"https:\/\/www.barnaclinic.com\/blog\/ca\/blog\/author\/alex\/"}]}},"_links":{"self":[{"href":"https:\/\/www.barnaclinic.com\/blog\/ca\/wp-json\/wp\/v2\/posts\/4386","targetHints":{"allow":["GET"]}}],"collection":[{"href":"https:\/\/www.barnaclinic.com\/blog\/ca\/wp-json\/wp\/v2\/posts"}],"about":[{"href":"https:\/\/www.barnaclinic.com\/blog\/ca\/wp-json\/wp\/v2\/types\/post"}],"author":[{"embeddable":true,"href":"https:\/\/www.barnaclinic.com\/blog\/ca\/wp-json\/wp\/v2\/users\/2"}],"replies":[{"embeddable":true,"href":"https:\/\/www.barnaclinic.com\/blog\/ca\/wp-json\/wp\/v2\/comments?post=4386"}],"version-history":[{"count":3,"href":"https:\/\/www.barnaclinic.com\/blog\/ca\/wp-json\/wp\/v2\/posts\/4386\/revisions"}],"predecessor-version":[{"id":4389,"href":"https:\/\/www.barnaclinic.com\/blog\/ca\/wp-json\/wp\/v2\/posts\/4386\/revisions\/4389"}],"wp:featuredmedia":[{"embeddable":true,"href":"https:\/\/www.barnaclinic.com\/blog\/ca\/wp-json\/wp\/v2\/media\/4347"}],"wp:attachment":[{"href":"https:\/\/www.barnaclinic.com\/blog\/ca\/wp-json\/wp\/v2\/media?parent=4386"}],"wp:term":[{"taxonomy":"category","embeddable":true,"href":"https:\/\/www.barnaclinic.com\/blog\/ca\/wp-json\/wp\/v2\/categories?post=4386"},{"taxonomy":"post_tag","embeddable":true,"href":"https:\/\/www.barnaclinic.com\/blog\/ca\/wp-json\/wp\/v2\/tags?post=4386"}],"curies":[{"name":"wp","href":"https:\/\/api.w.org\/{rel}","templated":true}]}}