{"id":3811,"date":"2022-11-04T11:39:37","date_gmt":"2022-11-04T11:39:37","guid":{"rendered":"https:\/\/www.barnaclinic.com\/blog\/?p=3811"},"modified":"2022-11-04T11:39:37","modified_gmt":"2022-11-04T11:39:37","slug":"jornada-direccio-infermera","status":"publish","type":"post","link":"https:\/\/www.barnaclinic.com\/blog\/ca\/blog\/jornada-direccio-infermera\/","title":{"rendered":"barnacl\u00ednic+ torna a donar suport un any m\u00e9s a la Jornada Anual de la Direcci\u00f3 Infermera"},"content":{"rendered":"<p>Com \u00e9s habitual per aquestes dates, la <a href=\"https:\/\/www.clinicbarcelona.org\/ca\/estructura-organitzativa\/direccio-enfermeria\" target=\"_blank\" rel=\"noopener\"><span style=\"text-decoration: underline;\">Direcci\u00f3 Infermera del Cl\u00ednic Barcelona<\/span><\/a> ha celebrat una vegada m\u00e9s la seva <strong>Jornada Anual de Professionals d&#8217;Infermer\u00eda<\/strong>, que en aquesta ocasi\u00f3 va aconseguir la quinzena edici\u00f3. Amb un format h\u00edbrid, l&#8217;esdeveniment va comptar amb m\u00e9s de 800 participants (presencials i per streaming) que van poder con\u00e8ixer els treballs cient\u00edfics dels professionals de la direcci\u00f3 i crear un ambient de debat entre els assistents. En el marc d&#8217;aquesta celebraci\u00f3 es va fer entrega dels <strong>Premis C\u00e0psules Innovadores<\/strong>, els finalistes dels quals van ser presentats per la Dra. <strong>Marta Farr\u00e9<\/strong>, infermera de consultes externes de <a href=\"https:\/\/www.barnaclinic.com\/ca\/solicitar-cita\/?especialidad=138\">dermatologia<\/a>. Es tracta d&#8217;<strong>uns premis dirigits a tots aquells grups de treball de l&#8217;Hospital Cl\u00ednic que hagin desenvolupat alguna idea innovadora donant valor a la pr\u00e0ctica assistencial dins de la instituci\u00f3 i amb una dotaci\u00f3 econ\u00f2mica a c\u00e0rrec de barnacl\u00ednic+<\/strong>.<!--more--><\/p>\n<div id=\"estoy-interesado\" class=\"destacat-site\">\n<blockquote>\n<h4>ET POT INTERESSAR\u2026<\/h4>\n<p><strong>\u00b7\u00a0<a href=\"https:\/\/www.barnaclinic.com\/blog\/ca\/blog\/barnaclinic-infermeria-del-clinic\/\" target=\"_blank\" rel=\"noopener noreferrer\">barnacl\u00ednic+ reafirma el comprom\u00eds amb els professionals d\u2019infermeria del Cl\u00ednic<\/a><\/strong><\/p>\n<p><strong>\u00b7\u00a0<a href=\"https:\/\/www.barnaclinic.com\/blog\/ca\/blog\/formacio-recerca-infermeria\/\" target=\"_blank\" rel=\"noopener noreferrer\">barnacl\u00ednic+ segueix potenciant la formaci\u00f3 i la recerca en Infermeria del Cl\u00ednic<\/a><\/strong><\/p><\/blockquote>\n<\/div>\n<h2>Premis C\u00e0psules Innovadores 2022<\/h2>\n<p>A l&#8217;edici\u00f3 d&#8217;enguany dels <strong>Premis C\u00e0psules Innovadores<\/strong> es van presentar un total de 19 propostes que van ser avaluades per la Comissi\u00f3 de Recerca i Innovaci\u00f3 de la <a href=\"https:\/\/www.clinicbarcelona.org\/ca\/estructura-organitzativa\/direccio-enfermeria\" target=\"_blank\" rel=\"noopener\"><span style=\"text-decoration: underline;\">Direcci\u00f3 Infermera<\/span><\/a>, format per un representant de cada institut, centre i \u00e0rea del grup Cl\u00ednic Barcelona. Durant la jornada els assistents van poder votar la seva proposta favorita, per seleccionar finalment cinc premis el lliurament dels quals va anar a c\u00e0rrec de la directora infermera, <strong>Gemma Mart\u00ednez<\/strong>, i el gerent de barnacl\u00ednic+, <strong>Carles Loran<\/strong>.<\/p>\n<p>El <strong>primer premi, dotat amb 1.500 euros<\/strong>, va ser per a <strong>El\u00edas Guillem<\/strong>, infermer especialista en salut mental pel seu projecte <em>\u201cImpacte de la ter\u00e0pia assistida amb gossos dins del funcionament d&#8217;hospital de dia infantil de Salut Mental\u201d<\/em>. El<strong> segon premi, de 1.200 euros<\/strong>, va correspondre a <strong>Ana Mar\u00eda D\u00edaz<\/strong>, infermera de la Unitat de <a href=\"https:\/\/www.barnaclinic.com\/ca\/cirugia-cardiovascular\/index\/\">Cirurgia Cardiovascular<\/a>, pel seu projecte <em>\u201cTer\u00e0pia mirall en pacients amputats unilaterals amb dolor del membre fantasma: Estudi pilot\u201d<\/em>. <strong>Gemma Yago<\/strong>, infermera de pr\u00e0ctica avan\u00e7ada del Dispositiu Transversal de la <a href=\"https:\/\/www.clinicbarcelona.org\/ca\/unitat\/diabetis\">Unitat de Diabetis<\/a>, va aconseguir el <strong>tercer premi, amb una dotaci\u00f3 de 1.000 euros<\/strong>, pel projecte <em>\u201cPrograma de continu\u00eftat assistencial dirigit a pacients de sales d&#8217;hospitalitzaci\u00f3 d&#8217;alt risc cardiovascular. Paper de la infermera de pr\u00e0ctica avan\u00e7ada en risc cardiovascular\u201d<\/em>.<\/p>\n<p>A m\u00e9s d&#8217;aquests tres premis, tamb\u00e9 es van concedir dos acc\u00e8ssits. El <strong>primer acc\u00e8ssit, dotat amb 700 euros<\/strong>, va ser per al projecte <em>\u201cManeig Integral Transversal i Multidisciplinari de l&#8217;Estenosi Valvular A\u00f2rtica (MITMEVA) a l&#8217;Hospital de Dia a Domicili\u201d<\/em>, de <strong>Bego\u00f1a Ib\u00e1\u00f1ez<\/strong>, infermera de pr\u00e0ctica avan\u00e7ada del Dispositiu Transversal d&#8217;Hospitalitzaci\u00f3 a Domicili . El <strong>segon acc\u00e8ssit, amb una dotaci\u00f3 de 500 euros<\/strong>, va ser per a <strong>Patricia Calder\u00f3n<\/strong>, infermera de gesti\u00f3 de cobertures, amb el projecte <em>\u201cNou m\u00e8tode d&#8217;estimaci\u00f3 del volum vesical mitjan\u00e7ant ultrasons\u201d<\/em>.<\/p>\n<div id=\"attachment_3804\" style=\"width: 810px\" class=\"wp-caption aligncenter\"><img loading=\"lazy\" decoding=\"async\" aria-describedby=\"caption-attachment-3804\" class=\"size-full wp-image-3804\" src=\"https:\/\/www.barnaclinic.com\/blog\/wp-content\/uploads\/2022\/11\/Jornada-Enfermeria.jpg\" alt=\"Premiados C\u00e1psulas Innovadoras - Jornada Enfermer\u00eda 2022\" width=\"800\" height=\"450\" srcset=\"https:\/\/www.barnaclinic.com\/blog\/wp-content\/uploads\/2022\/11\/Jornada-Enfermeria.jpg 800w, https:\/\/www.barnaclinic.com\/blog\/wp-content\/uploads\/2022\/11\/Jornada-Enfermeria-300x169.jpg 300w\" sizes=\"(max-width: 800px) 100vw, 800px\" \/><p id=\"caption-attachment-3804\" class=\"wp-caption-text\"><em>Gemma Mart\u00ednez i Carles Loran posen amb els guanyadors dels premis &#8216;C\u00e0psules Innovadores 2022&#8217;<\/em><\/p><\/div>\n<h2>La Jornada Anual de la Direcci\u00f3 Infermera<\/h2>\n<p>Abans de tot aix\u00f2, la jornada va comen\u00e7ar amb unes paraules de <strong>Gemma Mart\u00ednez<\/strong>, directora Infermera del Cl\u00ednic, que va voler agrair a tots els professionals que treballen a l&#8217;hospital el seu esfor\u00e7 i dedicaci\u00f3, sense oblidar el comprom\u00eds amb la investigaci\u00f3 i la innovaci\u00f3 com a eines per a millorar a la pr\u00e0ctica cl\u00ednica i assist\u00e8ncia dels pacients. Tamb\u00e9 va posar en valor el programa de la Jornada que incorporava investigaci\u00f3, innovaci\u00f3, accions properes, intel\u00b7ligents, pioneres i sostenibles, en l\u00ednia amb el pla estrat\u00e8gic del Cl\u00ednic.<\/p>\n<p>La jornada tamb\u00e9 va acollir la presentaci\u00f3 de dues tesis doctorals de la Direcci\u00f3 Infermera de l&#8217;hospital. La Dra. <strong>Cecilia Cuzco<\/strong>, infermera de l&#8217;\u00e0rea de vigil\u00e0ncia intensiva de l&#8217;<a href=\"https:\/\/www.clinicbarcelona.org\/ca\/institut\/institut-clinic-de-medicina-i-dermatologia\">ICMID<\/a> del Cl\u00ednic, va presentar <em>\u201cImpacte d&#8217;una intervenci\u00f3 infermera centrada en l&#8217;apoderament del pacient cr\u00edtic a l&#8217;alta de la unitat de cures intensives\u201d<\/em>. Seguidament, el Dr. <strong>Miguel \u00c1ngel Gim\u00e9nez<\/strong>, coordinador d&#8217;infermeria d&#8217;<a href=\"https:\/\/www.barnaclinic.com\/ca\/especialitats\/7\/arritmias\">ar\u00edtmies<\/a> i hemodin\u00e0mica del Cl\u00ednic, va presentar <em>\u201cAdequaci\u00f3 d&#8217;un sistema de Prescripci\u00f3 Informatitzada per a infermeres de la Unitat de Cures Intensives\u201d<\/em>.<\/p>\n<p>Al llarg de la jornada es van fer tres taules rodones, on es van compartir experi\u00e8ncies de la direcci\u00f3 infermera des de les diferents categories professionals: infermeres, TCAI, nutricionistes, fisioterapeutes, etc.<\/p>\n<p>La cloenda va anar a c\u00e0rrec de la Dra. <strong>Adelaida Zabalegui<\/strong>, subdirectora de Recerca i Doc\u00e8ncia d&#8217;Infermeria del Cl\u00ednic, que va destacar la qualitat dels treballs presentats i l&#8217;alta participaci\u00f3 a la jornada. \u201cEstem demostrant que el talent existeix. Formem part d&#8217;una instituci\u00f3 que cultiva el talent i la participaci\u00f3, i aix\u00f2 ens fa sentir orgullosos de formar-ne part\u201d, va concloure.<\/p>\n","protected":false},"excerpt":{"rendered":"<p>Com \u00e9s habitual per aquestes dates, la Direcci\u00f3 Infermera del Cl\u00ednic Barcelona ha celebrat una vegada m\u00e9s la seva Jornada Anual de Professionals d&#8217;Infermer\u00eda, que en aquesta ocasi\u00f3 va aconseguir la quinzena edici\u00f3. Amb un format h\u00edbrid, l&#8217;esdeveniment va comptar amb m\u00e9s de 800 participants (presencials i per streaming) que van poder con\u00e8ixer els treballs [&hellip;]<\/p>\n","protected":false},"author":2,"featured_media":3801,"comment_status":"closed","ping_status":"closed","sticky":false,"template":"","format":"standard","meta":{"footnotes":""},"categories":[612,571,1550],"tags":[1551,1507,1552,1466,1553,348,351,950,1422,1554,1555,1556,1557],"yoast_head":"<!-- This site is optimized with the Yoast SEO plugin v19.14 - https:\/\/yoast.com\/wordpress\/plugins\/seo\/ -->\n<title>barnacl\u00ednic+ dona suport de nou a la Jornada de Direcci\u00f3 Infermera<\/title>\n<meta name=\"robots\" content=\"index, follow, max-snippet:-1, max-image-preview:large, max-video-preview:-1\" \/>\n<link rel=\"canonical\" href=\"https:\/\/www.barnaclinic.com\/blog\/ca\/blog\/jornada-direccio-infermera\/\" \/>\n<meta property=\"og:locale\" content=\"ca_ES\" \/>\n<meta property=\"og:type\" content=\"article\" \/>\n<meta property=\"og:title\" content=\"barnacl\u00ednic+ dona suport de nou a la Jornada de Direcci\u00f3 Infermera\" \/>\n<meta property=\"og:description\" content=\"Com \u00e9s habitual per aquestes dates, la Direcci\u00f3 Infermera del Cl\u00ednic Barcelona ha celebrat una vegada m\u00e9s la seva Jornada Anual de Professionals d&#8217;Infermer\u00eda, que en aquesta ocasi\u00f3 va aconseguir la quinzena edici\u00f3. Amb un format h\u00edbrid, l&#8217;esdeveniment va comptar amb m\u00e9s de 800 participants (presencials i per streaming) que van poder con\u00e8ixer els treballs [&hellip;]\" \/>\n<meta property=\"og:url\" content=\"https:\/\/www.barnaclinic.com\/blog\/ca\/blog\/jornada-direccio-infermera\/\" \/>\n<meta property=\"og:site_name\" content=\"Blog barnacl\u00ednic+\" \/>\n<meta property=\"article:published_time\" content=\"2022-11-04T11:39:37+00:00\" \/>\n<meta property=\"og:image\" content=\"https:\/\/www.barnaclinic.com\/blog\/wp-content\/uploads\/2022\/11\/jornada-enfermera.jpg\" \/>\n\t<meta property=\"og:image:width\" content=\"800\" \/>\n\t<meta property=\"og:image:height\" content=\"450\" \/>\n\t<meta property=\"og:image:type\" content=\"image\/jpeg\" \/>\n<meta name=\"author\" content=\"barnacl\u00ednic+\" \/>\n<meta name=\"twitter:label1\" content=\"Escrit per\" \/>\n\t<meta name=\"twitter:data1\" content=\"barnacl\u00ednic+\" \/>\n\t<meta name=\"twitter:label2\" content=\"Temps estimat de lectura\" \/>\n\t<meta name=\"twitter:data2\" content=\"4 minuts\" \/>\n<script type=\"application\/ld+json\" class=\"yoast-schema-graph\">{\"@context\":\"https:\/\/schema.org\",\"@graph\":[{\"@type\":\"WebPage\",\"@id\":\"https:\/\/www.barnaclinic.com\/blog\/ca\/blog\/jornada-direccio-infermera\/\",\"url\":\"https:\/\/www.barnaclinic.com\/blog\/ca\/blog\/jornada-direccio-infermera\/\",\"name\":\"barnacl\u00ednic+ dona suport de nou a la Jornada de Direcci\u00f3 Infermera\",\"isPartOf\":{\"@id\":\"https:\/\/www.barnaclinic.com\/blog\/#website\"},\"datePublished\":\"2022-11-04T11:39:37+00:00\",\"dateModified\":\"2022-11-04T11:39:37+00:00\",\"author\":{\"@id\":\"https:\/\/www.barnaclinic.com\/blog\/#\/schema\/person\/54cdc3d8a00f80c3057b6dbc23ba7e07\"},\"inLanguage\":\"ca\",\"potentialAction\":[{\"@type\":\"ReadAction\",\"target\":[\"https:\/\/www.barnaclinic.com\/blog\/ca\/blog\/jornada-direccio-infermera\/\"]}]},{\"@type\":\"WebSite\",\"@id\":\"https:\/\/www.barnaclinic.com\/blog\/#website\",\"url\":\"https:\/\/www.barnaclinic.com\/blog\/\",\"name\":\"Blog barnacl\u00ednic+\",\"description\":\"Informaci\u00f3n y novedades sobre los servicios y profesionales de barnacl\u00ednic+, Hospital Cl\u00ednic de Barcelona\",\"potentialAction\":[{\"@type\":\"SearchAction\",\"target\":{\"@type\":\"EntryPoint\",\"urlTemplate\":\"https:\/\/www.barnaclinic.com\/blog\/?s={search_term_string}\"},\"query-input\":\"required name=search_term_string\"}],\"inLanguage\":\"ca\"},{\"@type\":\"Person\",\"@id\":\"https:\/\/www.barnaclinic.com\/blog\/#\/schema\/person\/54cdc3d8a00f80c3057b6dbc23ba7e07\",\"name\":\"barnacl\u00ednic+\",\"url\":\"https:\/\/www.barnaclinic.com\/blog\/ca\/blog\/author\/alex\/\"}]}<\/script>\n<!-- \/ Yoast SEO plugin. -->","yoast_head_json":{"title":"barnacl\u00ednic+ dona suport de nou a la Jornada de Direcci\u00f3 Infermera","robots":{"index":"index","follow":"follow","max-snippet":"max-snippet:-1","max-image-preview":"max-image-preview:large","max-video-preview":"max-video-preview:-1"},"canonical":"https:\/\/www.barnaclinic.com\/blog\/ca\/blog\/jornada-direccio-infermera\/","og_locale":"ca_ES","og_type":"article","og_title":"barnacl\u00ednic+ dona suport de nou a la Jornada de Direcci\u00f3 Infermera","og_description":"Com \u00e9s habitual per aquestes dates, la Direcci\u00f3 Infermera del Cl\u00ednic Barcelona ha celebrat una vegada m\u00e9s la seva Jornada Anual de Professionals d&#8217;Infermer\u00eda, que en aquesta ocasi\u00f3 va aconseguir la quinzena edici\u00f3. Amb un format h\u00edbrid, l&#8217;esdeveniment va comptar amb m\u00e9s de 800 participants (presencials i per streaming) que van poder con\u00e8ixer els treballs [&hellip;]","og_url":"https:\/\/www.barnaclinic.com\/blog\/ca\/blog\/jornada-direccio-infermera\/","og_site_name":"Blog barnacl\u00ednic+","article_published_time":"2022-11-04T11:39:37+00:00","og_image":[{"width":800,"height":450,"url":"https:\/\/www.barnaclinic.com\/blog\/wp-content\/uploads\/2022\/11\/jornada-enfermera.jpg","type":"image\/jpeg"}],"author":"barnacl\u00ednic+","twitter_misc":{"Escrit per":"barnacl\u00ednic+","Temps estimat de lectura":"4 minuts"},"schema":{"@context":"https:\/\/schema.org","@graph":[{"@type":"WebPage","@id":"https:\/\/www.barnaclinic.com\/blog\/ca\/blog\/jornada-direccio-infermera\/","url":"https:\/\/www.barnaclinic.com\/blog\/ca\/blog\/jornada-direccio-infermera\/","name":"barnacl\u00ednic+ dona suport de nou a la Jornada de Direcci\u00f3 Infermera","isPartOf":{"@id":"https:\/\/www.barnaclinic.com\/blog\/#website"},"datePublished":"2022-11-04T11:39:37+00:00","dateModified":"2022-11-04T11:39:37+00:00","author":{"@id":"https:\/\/www.barnaclinic.com\/blog\/#\/schema\/person\/54cdc3d8a00f80c3057b6dbc23ba7e07"},"inLanguage":"ca","potentialAction":[{"@type":"ReadAction","target":["https:\/\/www.barnaclinic.com\/blog\/ca\/blog\/jornada-direccio-infermera\/"]}]},{"@type":"WebSite","@id":"https:\/\/www.barnaclinic.com\/blog\/#website","url":"https:\/\/www.barnaclinic.com\/blog\/","name":"Blog barnacl\u00ednic+","description":"Informaci\u00f3n y novedades sobre los servicios y profesionales de barnacl\u00ednic+, Hospital Cl\u00ednic de Barcelona","potentialAction":[{"@type":"SearchAction","target":{"@type":"EntryPoint","urlTemplate":"https:\/\/www.barnaclinic.com\/blog\/?s={search_term_string}"},"query-input":"required name=search_term_string"}],"inLanguage":"ca"},{"@type":"Person","@id":"https:\/\/www.barnaclinic.com\/blog\/#\/schema\/person\/54cdc3d8a00f80c3057b6dbc23ba7e07","name":"barnacl\u00ednic+","url":"https:\/\/www.barnaclinic.com\/blog\/ca\/blog\/author\/alex\/"}]}},"_links":{"self":[{"href":"https:\/\/www.barnaclinic.com\/blog\/ca\/wp-json\/wp\/v2\/posts\/3811"}],"collection":[{"href":"https:\/\/www.barnaclinic.com\/blog\/ca\/wp-json\/wp\/v2\/posts"}],"about":[{"href":"https:\/\/www.barnaclinic.com\/blog\/ca\/wp-json\/wp\/v2\/types\/post"}],"author":[{"embeddable":true,"href":"https:\/\/www.barnaclinic.com\/blog\/ca\/wp-json\/wp\/v2\/users\/2"}],"replies":[{"embeddable":true,"href":"https:\/\/www.barnaclinic.com\/blog\/ca\/wp-json\/wp\/v2\/comments?post=3811"}],"version-history":[{"count":2,"href":"https:\/\/www.barnaclinic.com\/blog\/ca\/wp-json\/wp\/v2\/posts\/3811\/revisions"}],"predecessor-version":[{"id":3813,"href":"https:\/\/www.barnaclinic.com\/blog\/ca\/wp-json\/wp\/v2\/posts\/3811\/revisions\/3813"}],"wp:featuredmedia":[{"embeddable":true,"href":"https:\/\/www.barnaclinic.com\/blog\/ca\/wp-json\/wp\/v2\/media\/3801"}],"wp:attachment":[{"href":"https:\/\/www.barnaclinic.com\/blog\/ca\/wp-json\/wp\/v2\/media?parent=3811"}],"wp:term":[{"taxonomy":"category","embeddable":true,"href":"https:\/\/www.barnaclinic.com\/blog\/ca\/wp-json\/wp\/v2\/categories?post=3811"},{"taxonomy":"post_tag","embeddable":true,"href":"https:\/\/www.barnaclinic.com\/blog\/ca\/wp-json\/wp\/v2\/tags?post=3811"}],"curies":[{"name":"wp","href":"https:\/\/api.w.org\/{rel}","templated":true}]}}