{"id":3684,"date":"2022-07-20T09:33:32","date_gmt":"2022-07-20T09:33:32","guid":{"rendered":"https:\/\/www.barnaclinic.com\/blog\/?p=3684"},"modified":"2023-08-16T08:04:50","modified_gmt":"2023-08-16T08:04:50","slug":"sabatics-formacio-metges","status":"publish","type":"post","link":"https:\/\/www.barnaclinic.com\/blog\/ca\/blog\/sabatics-formacio-metges\/","title":{"rendered":"Sab\u00e0tics, una iniciativa per ajudar en la formaci\u00f3 dels professionals m\u00e8dics"},"content":{"rendered":"<p>La formaci\u00f3 en medicina \u00e9s una cosa que no s&#8217;atura mai. La cont\u00ednua innovaci\u00f3 i recerca fan necessari que els professionals m\u00e8dics dediquin part del seu temps a mantenir i millorar la seva compet\u00e8ncia professional, per adaptar-se a les noves demandes i requeriments que es generen per l&#8217;evoluci\u00f3 de la medicina, del sistema sanitari i de la societat en general. Pensant precisament en ajudar en aquesta <strong>formaci\u00f3 m\u00e8dica continuada<\/strong>, l&#8217;<a href=\"https:\/\/www.clinicbarcelona.org\/\">Hospital Cl\u00ednic de Barcelona<\/a> va crear als anys 80 uns ajuts per fer aquesta <strong>formaci\u00f3 en centres d&#8217;excel\u00b7l\u00e8ncia de l&#8217;estranger<\/strong>, els <strong>Permisos Sab\u00e0tics<\/strong>. Posteriorment, el 2015, barnacl\u00ednic+ es va unir a aquesta iniciativa permetent finan\u00e7ar m\u00e9s temps de formaci\u00f3.<\/p>\n<p><!--more--><\/p>\n<p>\u201cAquesta \u00e9s una gran oportunitat per a nosaltres, els professionals de la salut, per continuar formant-nos i millorar aix\u00ed els nostres coneixements i, aix\u00ed, l&#8217;atenci\u00f3 al pacient. Gr\u00e0cies a aquesta positiva i espl\u00e8ndida iniciativa per part de barnacl\u00ednic+ tinc el privilegi de poder treballar a l&#8217;estranger, estar al dia de les darreres novetats al meu camp i poder posar-les en pr\u00e0ctica en el futur millorant aix\u00ed la qualitat assistencial de la nostra instituci\u00f3\u201d, explica la Dra. <a href=\"https:\/\/www.barnaclinic.com\/ca\/quadre-medic\/592\/ana\"><strong>Ana Mar\u00eda Otero<\/strong><\/a>, una de les participants en aquest programa de formaci\u00f3. La Dra. Otero \u00e9s especialista en Cirurgia Gastrointestinal i oncol\u00f2gica de l&#8217;Hospital Cl\u00ednic Barcelona i de barnacl\u00ednic+.<\/p>\n<blockquote>\n<h4><img loading=\"lazy\" decoding=\"async\" class=\"alignleft wp-image-4333 \" src=\"https:\/\/www.barnaclinic.com\/blog\/wp-content\/uploads\/2022\/07\/Captura-de-pantalla-2023-08-16-a-las-9.26.36.png\" alt=\"Dra. An\" width=\"108\" height=\"107\" srcset=\"https:\/\/www.barnaclinic.com\/blog\/wp-content\/uploads\/2022\/07\/Captura-de-pantalla-2023-08-16-a-las-9.26.36.png 280w, https:\/\/www.barnaclinic.com\/blog\/wp-content\/uploads\/2022\/07\/Captura-de-pantalla-2023-08-16-a-las-9.26.36-150x150.png 150w\" sizes=\"auto, (max-width: 108px) 100vw, 108px\" \/>\u201cSab\u00e0tics es una gran oportunidad para seguir form\u00e1ndonos y mejorar as\u00ed nuestros conocimientos y, con ello, la atenci\u00f3n al paciente. Gracias a esta espl\u00e9ndida iniciativa de barnacl\u00ednic+ tengo el privilegio trabajar en el extranjero, estar al d\u00eda de las \u00faltimas novedades en mi campo y poder ponerlas en pr\u00e1ctica en el futuro mejorando la calidad asistencial de nuestra instituci\u00f3n\u201d<\/h4>\n<p>Dra. <strong><a href=\"https:\/\/www.barnaclinic.com\/ca\/quadre-medic\/592\/ana\">Ana Mar\u00eda Otero<\/a>, Especialista en\u00a0<a href=\"https:\/\/www.barnaclinic.com\/ca\/especialitats\/74\/cirugia-general-y-digestiva\">Cirurgia Gastrointestinal<\/a> i oncol\u00f2gica de l&#8217;<a class=\"external\" href=\"https:\/\/www.clinicbarcelona.org\/\" target=\"_blank\" rel=\"external noopener\">Hospital Cl\u00ednic Barcelona<\/a> i de barnacl\u00ednic+<\/strong><\/p><\/blockquote>\n<p>El Dr. <a href=\"https:\/\/www.barnaclinic.com\/ca\/quadre-medic\/578\/borja\"><strong>Borja de Lacy<\/strong><\/a> havia de realitzar el Sab\u00e0tics de 2022 per\u00f2 finalment ho ha posposat, ocupant el seu lloc el Dr. <strong>Adrian Tellez<\/strong>, de Medicina Interna. Tot i aix\u00f2, el Dr. de Lacy destaca la import\u00e0ncia de la formaci\u00f3 continuada: \u201cLes estades a l&#8217;estranger s\u00f3n b\u00e0siques tant per al professional com per a l&#8217;Hospital Cl\u00ednic, per\u00f2 malauradament cal un suport econ\u00f2mic per viure a la majoria dels llocs i m\u00e9s si no es fan gu\u00e0rdies. Aix\u00ed que barnacl\u00ednic+ dugui a terme i financi aquest tipus de projectes em sembla perfecte i demostra el seu inter\u00e8s en la formaci\u00f3 professional\u201d.<\/p>\n<blockquote>\n<h4><a href=\"https:\/\/www.barnaclinic.com\/es\/cuadro-medico\/578\/borja\"><img loading=\"lazy\" decoding=\"async\" class=\"alignleft wp-image-3669\" src=\"https:\/\/www.barnaclinic.com\/blog\/wp-content\/uploads\/2022\/07\/Captura-de-pantalla-2022-07-20-a-las-10.04.59.png\" alt=\"Dr. Borja de Lacy\" width=\"105\" height=\"107\" srcset=\"https:\/\/www.barnaclinic.com\/blog\/wp-content\/uploads\/2022\/07\/Captura-de-pantalla-2022-07-20-a-las-10.04.59.png 482w, https:\/\/www.barnaclinic.com\/blog\/wp-content\/uploads\/2022\/07\/Captura-de-pantalla-2022-07-20-a-las-10.04.59-294x300.png 294w\" sizes=\"auto, (max-width: 105px) 100vw, 105px\" \/><\/a>&#8220;Les estades a l&#8217;estranger s\u00f3n b\u00e0siques tant pel professional com per l&#8217;Hospital Cl\u00ednic (&#8230;) que barnacl\u00ednic+ dugui a terme i financi aquest tipus de projectes em sembla perfecte i demostra el seu inter\u00e8s en la formaci\u00f3 professional&#8221;<\/h4>\n<p>Dr. <a href=\"https:\/\/www.barnaclinic.com\/ca\/quadre-medic\/578\/borja\"><strong>Borja de Lacy<\/strong><\/a>, <strong>Especialista en\u00a0<a href=\"https:\/\/www.barnaclinic.com\/ca\/especialitats\/74\/cirugia-general-y-digestiva\">Cirurgia Gastrointestinal<\/a> i oncol\u00f2gica<\/strong> de l&#8217;<a class=\"external\" href=\"https:\/\/www.clinicbarcelona.org\/\" target=\"_blank\" rel=\"external noopener\">Hospital Cl\u00ednic Barcelona<\/a> i de barnacl\u00ednic+<\/p><\/blockquote>\n<h2>\u2018Permisos Sab\u00e0tics\u2019, per millorar la formaci\u00f3 i crear sinergies<\/h2>\n<p>Gr\u00e0cies a aquesta iniciativa, els <strong>professionals del Grup Hospital Cl\u00ednic<\/strong> tenen la possibilitat de con\u00e8ixer de primera m\u00e0 centres de refer\u00e8ncia en les respectives especialitats i aix\u00f2 \u00e9s una cosa que el Dr. <a href=\"https:\/\/www.barnaclinic.com\/ca\/quadre-medic\/385\/francesc\"><strong>Francesc Balaguer<\/strong><\/a> valora de manera molt positiva. \u201cEls <strong>permisos Sab\u00e0tics<\/strong> per fer estades a l&#8217;estranger s\u00f3n una oportunitat \u00fanica que ofereix el nostre hospital per poder completar i potenciar la nostra carrera assistencial i de recerca. Aquests permisos s\u00f3n claus per visitar centres capdavanters del m\u00f3n i crear sinergies estrat\u00e8giques que sovint porten a millores en l&#8217;assist\u00e8ncia i en projectes de recerca\u201d.<\/p>\n<blockquote>\n<h4><a href=\"https:\/\/www.barnaclinic.com\/es\/cuadro-medico\/385\/francesc\"><img loading=\"lazy\" decoding=\"async\" class=\"alignleft wp-image-3674\" src=\"https:\/\/www.barnaclinic.com\/blog\/wp-content\/uploads\/2022\/07\/Captura-de-pantalla-2022-07-20-a-las-10.07.29.png\" alt=\"Dr. Francesc Balaguer\" width=\"104\" height=\"106\" srcset=\"https:\/\/www.barnaclinic.com\/blog\/wp-content\/uploads\/2022\/07\/Captura-de-pantalla-2022-07-20-a-las-10.07.29.png 488w, https:\/\/www.barnaclinic.com\/blog\/wp-content\/uploads\/2022\/07\/Captura-de-pantalla-2022-07-20-a-las-10.07.29-294x300.png 294w\" sizes=\"auto, (max-width: 104px) 100vw, 104px\" \/><\/a>\u201cEls permisos Sab\u00e0tics per fer estades a l&#8217;estranger s\u00f3n claus per visitar centres capdavanters del m\u00f3n i crear sinergies estrat\u00e8giques que sovint porten a millores en l&#8217;assist\u00e8ncia i en projectes de recerca\u201d<\/h4>\n<p>Dr. <a href=\"https:\/\/www.barnaclinic.com\/ca\/quadre-medic\/385\/francesc\"><strong>Francesc Balaguer<\/strong><\/a>, <strong>Cap del Servei de <\/strong><a class=\"external\" href=\"https:\/\/www.barnaclinic.com\/ca\/especialitats\/108\/gastroenterologia\" target=\"_blank\" rel=\"external noopener\"><strong>Gastroenterologia<\/strong><\/a> de l&#8217;<a class=\"external\" href=\"https:\/\/www.hospitalclinic.org\/es\" target=\"_blank\" rel=\"external noopener\">Hospital Cl\u00ednic de Barcelona<\/a> i especialista en Aparell Digestiu de barnacl\u00ednic+<\/p><\/blockquote>\n<p>Poder con\u00e8ixer de primera m\u00e0 com es treballa a altres centres \u00e9s important per entendre que hi hagi maneres diferents d&#8217;abordar problemes similars, com destaca el Dr. <a href=\"https:\/\/www.barnaclinic.com\/ca\/quadre-medic\/578\/borja\"><strong>Borja de Lacy<\/strong><\/a>. \u201cJa durant la resid\u00e8ncia em vaig adonar de la import\u00e0ncia de rotar fora i obrir la ment. El poder anar-me&#8217;n durant un any a aprendre <strong>cirurgia oncol\u00f2gica i de <a href=\"https:\/\/www.barnaclinic.com\/blog\/ca\/blog\/carcinomatosi-peritoneal\/\">carcinomatosi peritoneal<\/a><\/strong> a un dels centres referents mundials suposa una oportunitat indescriptible que no penso desaprofitar\u201d.<\/p>\n<p>D&#8217;una manera semblant opina la Dra. <strong>Ana Otero<\/strong>. \u201cEn el meu cas, estic fent una estada a la <em><a href=\"https:\/\/my.clevelandclinic.org\/\">Cleveland Cl\u00ednic<\/a><\/em>. Es tracta d&#8217;un centre d&#8217;alta reputaci\u00f3 a nivell mundial al camp de la malaltia inflamat\u00f2ria intestinal, que brinda una atenci\u00f3 integral a aquest tipus de pacients, amb un enfocament multidisciplinari, mitjan\u00e7ant els darrers aven\u00e7os tant en tractament com en diagn\u00f2stic. A m\u00e9s compta amb un ampli projecte de recerca, en qu\u00e8 estan duent a terme diversos estudis actualment, podent participar-hi i posteriorment podr\u00e9 aplicar tots aquests nous coneixements al nostre medi\u201d.<\/p>\n<p>Tamb\u00e9 la Dra. <strong>Anna Gonc\u00e9<\/strong>\u00a0valora molt positivament aquests programes. \u201cHa estat una experi\u00e8ncia molt interessant i motivadora. He aprofundit en un tema que m&#8217;interessa molt i del que tenen molta experi\u00e8ncia al centre on he fet l&#8217;estada. Tamb\u00e9 a nivell personal ha estat molt enriquidor canviar de pa\u00eds i h\u00e0bitat. Sens dubte recomanaria a altres col\u00b7legues que participin en aquesta iniciativa\u201d.<\/p>\n<h5>Els \u2018Permisos Sab\u00e0tics\u2019 concedits per barnacl\u00ednic+<\/h5>\n<p>Aquests han estat els diferents seleccionats a les diferents convocat\u00f2ries de &#8216;<strong>Permisos Sab\u00e0tics<\/strong>&#8216; realitzades fins ara.<\/p>\n<ul>\n<li>2014:\n<ul>\n<li><strong>Santiago S\u00e1nchez<\/strong> \u2013 <a href=\"https:\/\/www.barnaclinic.com\/ca\/especialitats\/74\/cirugia-general-y-digestiva\">Cirurgia General i digestiva<\/a>: Objectiu: <a href=\"https:\/\/www.barnaclinic.com\/ca\/cirugia-del-pancreas\/\">T\u00e8cniques quir\u00fargiques de resecci\u00f3 pancre\u00e0tica<\/a> i biliar. Centre d&#8217;estada: <a href=\"https:\/\/www.centre-hepato-biliaire.org\/\">Centre H\u00e9pato-Biliaire Paul Brousse<\/a> \u2013 Par\u00eds (Fran\u00e7a).<\/li>\n<\/ul>\n<\/li>\n<li>2015:\n<ul>\n<li><strong>Cristina Carrera<\/strong> \u2013 Dermatologia. Objectiu: Noves t\u00e8cniques fot\u00f2niques per al <a href=\"https:\/\/www.barnaclinic.com\/ca\/dermatologia\/cancer-de-pell-i-melanoma\/\">diagn\u00f2stic i tractament del c\u00e0ncer cutani: melanoma i carcinoma<\/a>. Centre d&#8217;Estada: <a href=\"https:\/\/www.mskcc.org\/es\/cuidadosenmsk\">Memorial Sloan-Kettering<\/a> &#8211; Nova York (Estats Units).<\/li>\n<\/ul>\n<\/li>\n<li>2016:\n<ul>\n<li><strong>Eva Rivas<\/strong> \u2013 Anestesiologia. Objectiu: Efecte del paracetamol en les complicacions postoperat\u00f2ries relacionades amb l&#8217;administraci\u00f3 d&#8217;opioides als obesos m\u00f2rbids. Centre d&#8217;estada: <a href=\"https:\/\/my.clevelandclinic.org\/research\">Research Cleveland Clinic<\/a> \u2013 Cleveland (Estats Units).<\/li>\n<\/ul>\n<\/li>\n<li>2017:\n<ul>\n<li><strong>Ana M. L\u00f3pez<\/strong> \u2013 Anestesiologia i reanimaci\u00f3. Objectiu: Efic\u00e0cia de bupivaxaina lopos\u00f2mica perunereal en el control del dolor postoperatori en cirurgia ortop\u00e8dica. Centre d&#8217;estada: <a href=\"https:\/\/www.nysora.com\/fellowship\/\">NYSORA Europe Creer a Ziekenhuis Oost<\/a>&#8211; Genk (B\u00e8lgica).<\/li>\n<\/ul>\n<\/li>\n<li>2018:\n<ul>\n<li><strong>Jos\u00e9 Luis Blanco<\/strong> \u2013 Malalties Infeccioses. Objectiu: Projecte per a l&#8217;optimitzaci\u00f3 global (assist\u00e8ncia, investigaci\u00f3 i doc\u00e8ncia) del programa de prevenci\u00f3 de c\u00e0ncer de canal anal de l&#8217;Hospital Cl\u00ednic de Barcelona. Centre d\u00b4estada: <a href=\"https:\/\/kirby.unsw.edu.au\/\">Kirby Institute<\/a> \u2013 Kensington (Austr\u00e0lia).<\/li>\n<\/ul>\n<\/li>\n<li>2019:\n<ul>\n<li><a href=\"https:\/\/www.barnaclinic.com\/es\/cuadro-medico\/296\/david\"><strong>David S\u00e1nchez<\/strong><\/a> \u2013 <a href=\"https:\/\/www.barnaclinic.com\/ca\/respiratori\/cirurgia-toracica\/\">Cirurgia Tor\u00e0cica<\/a>. Objectiu: Programa de tractament quir\u00fargic del mesotelioma pleural, cirurgia rob\u00f2tica i <a href=\"https:\/\/www.barnaclinic.com\/ca\/diagnostic-del-cancer\/diagnostic-cancer-de-pulmo\/\">cribratge del c\u00e0ncer de pulm\u00f3<\/a>. Centre d&#8217;estada: <a href=\"https:\/\/surgery.utoronto.ca\/division-thoracic-surgery\">Division of Thoracic Surgey<\/a> &#8211; Toronto (Canad\u00e0).<\/li>\n<\/ul>\n<\/li>\n<li>2020:\n<ul>\n<li><a href=\"https:\/\/www.barnaclinic.com\/ca\/quadre-medic\/592\/ana\"><strong>Ana Mar\u00eda Otero<\/strong><\/a> \u2013 <a href=\"https:\/\/www.barnaclinic.com\/ca\/especialitats\/74\/cirugia-general-y-digestiva\">Cirurgia General i digestiva<\/a>. Objectiu: Tractaments actuals perianals complexos en pacients amb malaltia de Crohn. Centre d&#8217;estada: <a href=\"https:\/\/my.clevelandclinic.org\/\">Cleveland Clinic<\/a> \u2013 Ohio (Estats Units).<\/li>\n<\/ul>\n<\/li>\n<li>2021:\n<ul>\n<li><a href=\"https:\/\/www.barnaclinic.com\/ca\/quadre-medic\/385\/francesc\"><strong>Francesc Balaguer<\/strong><\/a> \u2013 <a href=\"https:\/\/www.barnaclinic.com\/ca\/especialitats\/108\/gastroenterologia\">Gastroenterologia<\/a>. Objectiu: S\u00edndrome de Lynch. Centre d&#8217;estada: <a href=\"https:\/\/www.upenn.edu\/\">University of Pennsylvania<\/a> &#8211; Filad\u00e8lfia (Estats Units).<\/li>\n<li><strong>Anna Gonc\u00e9<\/strong> \u2013 <a href=\"https:\/\/www.barnaclinic.com\/ca\/medicina-fetal\/\">Medicina Maternofetal<\/a>. Objetiu: CMV. Cribratge universal el primer trimestre de l&#8217;embar\u00e0s. Claus per a una implantaci\u00f3 racional. Centre d\u00b4estada: <a href=\"https:\/\/www.ghu-paris.fr\/en\">GHU Paris<\/a>. Centre Hospital Necker-Enfants Malades. Par\u00eds (Fran\u00e7a).<\/li>\n<li><a href=\"https:\/\/www.barnaclinic.com\/ca\/quadre-medic\/522\/mariona\"><strong>Mariona Rius<\/strong><\/a> \u2013 <a href=\"https:\/\/www.barnaclinic.com\/ca\/especialitats\/36\/ginecologia-y-obstetricia\">Ginecologia<\/a>. Objetiu: Desenvolupament i aplicaci\u00f3 d\u00b4un programa de cirurgia rob\u00f2tica en endometriosi profunda. Centre d&#8217;estada:<a href=\"https:\/\/gabymoawad.com\/\">Center for endometriosis and Advanced Pelvic Surgery (CEAPS)<\/a>. Washington D.C. (Estats Units).<\/li>\n<li><a href=\"https:\/\/www.barnaclinic.com\/ca\/quadre-medic\/503\/ana-isabel\"><strong>Ana Isabel Tercero<\/strong><\/a> \u2013 <a href=\"https:\/\/www.barnaclinic.com\/ca\/especialitats\/26\/neurologia\">Neurologia<\/a>. Objectiu: Monitoritzaci\u00f3 neurofisiol\u00f2gica intraoperat\u00f2ria (MNIO), amb un inter\u00e8s especial en la seva aplicaci\u00f3 en patologia neuroquir\u00fargica. Centre d&#8217;estada: <a href=\"https:\/\/www.insel.ch\/de\/\">University Hospital, Inselspital Bern<\/a>. Berna (Su\u00efssa).<\/li>\n<\/ul>\n<\/li>\n<li>2022:\n<ul>\n<li><strong>Adrian Tellez<\/strong> \u2013 <a href=\"https:\/\/www.barnaclinic.com\/ca\/solicitar-cita\/?especialidad=25\">Medicina Interna<\/a>. Objectiu: Pacients que requereixen oxigenaci\u00f3 per la membrana extracorp\u00f2ria. Centre d&#8217;estada: <a href=\"https:\/\/www.radboudumc.nl\/en\/patient-care\">Radboud University Nijmegen Medical Centre<\/a>, Holanda\u00a0 (Pa\u00edses Bajos)<\/li>\n<\/ul>\n<\/li>\n<\/ul>\n<hr \/>\n<p>&nbsp;<\/p>\n","protected":false},"excerpt":{"rendered":"<p>La formaci\u00f3 en medicina \u00e9s una cosa que no s&#8217;atura mai. La cont\u00ednua innovaci\u00f3 i recerca fan necessari que els professionals m\u00e8dics dediquin part del seu temps a mantenir i millorar la seva compet\u00e8ncia professional, per adaptar-se a les noves demandes i requeriments que es generen per l&#8217;evoluci\u00f3 de la medicina, del sistema sanitari i [&hellip;]<\/p>\n","protected":false},"author":2,"featured_media":3680,"comment_status":"closed","ping_status":"closed","sticky":false,"template":"","format":"standard","meta":{"footnotes":""},"categories":[470,612,571,1463,1204],"tags":[471,349,1464,1465,1466,1317,1423],"class_list":["post-3684","post","type-post","status-publish","format-standard","has-post-thumbnail","hentry","category-els-nostres-professionals","category-grup-hospital-clinic","category-grup-hospital-clinic-de-barcelona","category-memoria","category-recerca","tag-beques-sabatics","tag-formacio","tag-formacio-medica","tag-grup-hospital-clinic-de-barcelona","tag-hospital-clinic-2","tag-hospital-clinic-de-barcelona-ca","tag-sabatics-ca"],"yoast_head":"<!-- This site is optimized with the Yoast SEO plugin v19.14 - https:\/\/yoast.com\/wordpress\/plugins\/seo\/ -->\n<title>Sab\u00e0tics, una iniciativa per ajudar en la formaci\u00f3 dels professionals m\u00e8dics<\/title>\n<meta name=\"description\" content=\"Pensant en ajudar en la formaci\u00f3 m\u00e8dica continuada a l&#039;estranger, l&#039;Hospital Cl\u00ednic de Barcelona va crear els Permisos Sab\u00e0tics...\" \/>\n<meta name=\"robots\" content=\"index, follow, max-snippet:-1, max-image-preview:large, max-video-preview:-1\" \/>\n<link rel=\"canonical\" href=\"https:\/\/www.barnaclinic.com\/blog\/ca\/blog\/sabatics-formacio-metges\/\" \/>\n<meta property=\"og:locale\" content=\"ca_ES\" \/>\n<meta property=\"og:type\" content=\"article\" \/>\n<meta property=\"og:title\" content=\"Sab\u00e0tics, una iniciativa per ajudar en la formaci\u00f3 dels professionals m\u00e8dics\" \/>\n<meta property=\"og:description\" content=\"Pensant en ajudar en la formaci\u00f3 m\u00e8dica continuada a l&#039;estranger, l&#039;Hospital Cl\u00ednic de Barcelona va crear els Permisos Sab\u00e0tics...\" \/>\n<meta property=\"og:url\" content=\"https:\/\/www.barnaclinic.com\/blog\/ca\/blog\/sabatics-formacio-metges\/\" \/>\n<meta property=\"og:site_name\" content=\"Blog barnacl\u00ednic+\" \/>\n<meta property=\"article:published_time\" content=\"2022-07-20T09:33:32+00:00\" \/>\n<meta property=\"article:modified_time\" content=\"2023-08-16T08:04:50+00:00\" \/>\n<meta property=\"og:image\" content=\"https:\/\/www.barnaclinic.com\/blog\/wp-content\/uploads\/2022\/07\/permisos-sabatics.jpg\" \/>\n\t<meta property=\"og:image:width\" content=\"800\" \/>\n\t<meta property=\"og:image:height\" content=\"450\" \/>\n\t<meta property=\"og:image:type\" content=\"image\/jpeg\" \/>\n<meta name=\"author\" content=\"barnacl\u00ednic+\" \/>\n<meta name=\"twitter:label1\" content=\"Escrit per\" \/>\n\t<meta name=\"twitter:data1\" content=\"barnacl\u00ednic+\" \/>\n\t<meta name=\"twitter:label2\" content=\"Temps estimat de lectura\" \/>\n\t<meta name=\"twitter:data2\" content=\"6 minuts\" \/>\n<script type=\"application\/ld+json\" class=\"yoast-schema-graph\">{\"@context\":\"https:\/\/schema.org\",\"@graph\":[{\"@type\":\"WebPage\",\"@id\":\"https:\/\/www.barnaclinic.com\/blog\/ca\/blog\/sabatics-formacio-metges\/\",\"url\":\"https:\/\/www.barnaclinic.com\/blog\/ca\/blog\/sabatics-formacio-metges\/\",\"name\":\"Sab\u00e0tics, una iniciativa per ajudar en la formaci\u00f3 dels professionals m\u00e8dics\",\"isPartOf\":{\"@id\":\"https:\/\/www.barnaclinic.com\/blog\/#website\"},\"datePublished\":\"2022-07-20T09:33:32+00:00\",\"dateModified\":\"2023-08-16T08:04:50+00:00\",\"author\":{\"@id\":\"https:\/\/www.barnaclinic.com\/blog\/#\/schema\/person\/062c0219c54bbf07163f34494da33e17\"},\"description\":\"Pensant en ajudar en la formaci\u00f3 m\u00e8dica continuada a l'estranger, l'Hospital Cl\u00ednic de Barcelona va crear els Permisos Sab\u00e0tics...\",\"inLanguage\":\"ca\",\"potentialAction\":[{\"@type\":\"ReadAction\",\"target\":[\"https:\/\/www.barnaclinic.com\/blog\/ca\/blog\/sabatics-formacio-metges\/\"]}]},{\"@type\":\"WebSite\",\"@id\":\"https:\/\/www.barnaclinic.com\/blog\/#website\",\"url\":\"https:\/\/www.barnaclinic.com\/blog\/\",\"name\":\"Blog barnacl\u00ednic+\",\"description\":\"Informaci\u00f3n y novedades sobre los servicios y profesionales de barnacl\u00ednic+, Hospital Cl\u00ednic de Barcelona\",\"potentialAction\":[{\"@type\":\"SearchAction\",\"target\":{\"@type\":\"EntryPoint\",\"urlTemplate\":\"https:\/\/www.barnaclinic.com\/blog\/?s={search_term_string}\"},\"query-input\":\"required name=search_term_string\"}],\"inLanguage\":\"ca\"},{\"@type\":\"Person\",\"@id\":\"https:\/\/www.barnaclinic.com\/blog\/#\/schema\/person\/062c0219c54bbf07163f34494da33e17\",\"name\":\"barnacl\u00ednic+\",\"url\":\"https:\/\/www.barnaclinic.com\/blog\/ca\/blog\/author\/alex\/\"}]}<\/script>\n<!-- \/ Yoast SEO plugin. -->","yoast_head_json":{"title":"Sab\u00e0tics, una iniciativa per ajudar en la formaci\u00f3 dels professionals m\u00e8dics","description":"Pensant en ajudar en la formaci\u00f3 m\u00e8dica continuada a l'estranger, l'Hospital Cl\u00ednic de Barcelona va crear els Permisos Sab\u00e0tics...","robots":{"index":"index","follow":"follow","max-snippet":"max-snippet:-1","max-image-preview":"max-image-preview:large","max-video-preview":"max-video-preview:-1"},"canonical":"https:\/\/www.barnaclinic.com\/blog\/ca\/blog\/sabatics-formacio-metges\/","og_locale":"ca_ES","og_type":"article","og_title":"Sab\u00e0tics, una iniciativa per ajudar en la formaci\u00f3 dels professionals m\u00e8dics","og_description":"Pensant en ajudar en la formaci\u00f3 m\u00e8dica continuada a l'estranger, l'Hospital Cl\u00ednic de Barcelona va crear els Permisos Sab\u00e0tics...","og_url":"https:\/\/www.barnaclinic.com\/blog\/ca\/blog\/sabatics-formacio-metges\/","og_site_name":"Blog barnacl\u00ednic+","article_published_time":"2022-07-20T09:33:32+00:00","article_modified_time":"2023-08-16T08:04:50+00:00","og_image":[{"width":800,"height":450,"url":"https:\/\/www.barnaclinic.com\/blog\/wp-content\/uploads\/2022\/07\/permisos-sabatics.jpg","type":"image\/jpeg"}],"author":"barnacl\u00ednic+","twitter_misc":{"Escrit per":"barnacl\u00ednic+","Temps estimat de lectura":"6 minuts"},"schema":{"@context":"https:\/\/schema.org","@graph":[{"@type":"WebPage","@id":"https:\/\/www.barnaclinic.com\/blog\/ca\/blog\/sabatics-formacio-metges\/","url":"https:\/\/www.barnaclinic.com\/blog\/ca\/blog\/sabatics-formacio-metges\/","name":"Sab\u00e0tics, una iniciativa per ajudar en la formaci\u00f3 dels professionals m\u00e8dics","isPartOf":{"@id":"https:\/\/www.barnaclinic.com\/blog\/#website"},"datePublished":"2022-07-20T09:33:32+00:00","dateModified":"2023-08-16T08:04:50+00:00","author":{"@id":"https:\/\/www.barnaclinic.com\/blog\/#\/schema\/person\/062c0219c54bbf07163f34494da33e17"},"description":"Pensant en ajudar en la formaci\u00f3 m\u00e8dica continuada a l'estranger, l'Hospital Cl\u00ednic de Barcelona va crear els Permisos Sab\u00e0tics...","inLanguage":"ca","potentialAction":[{"@type":"ReadAction","target":["https:\/\/www.barnaclinic.com\/blog\/ca\/blog\/sabatics-formacio-metges\/"]}]},{"@type":"WebSite","@id":"https:\/\/www.barnaclinic.com\/blog\/#website","url":"https:\/\/www.barnaclinic.com\/blog\/","name":"Blog barnacl\u00ednic+","description":"Informaci\u00f3n y novedades sobre los servicios y profesionales de barnacl\u00ednic+, Hospital Cl\u00ednic de Barcelona","potentialAction":[{"@type":"SearchAction","target":{"@type":"EntryPoint","urlTemplate":"https:\/\/www.barnaclinic.com\/blog\/?s={search_term_string}"},"query-input":"required name=search_term_string"}],"inLanguage":"ca"},{"@type":"Person","@id":"https:\/\/www.barnaclinic.com\/blog\/#\/schema\/person\/062c0219c54bbf07163f34494da33e17","name":"barnacl\u00ednic+","url":"https:\/\/www.barnaclinic.com\/blog\/ca\/blog\/author\/alex\/"}]}},"_links":{"self":[{"href":"https:\/\/www.barnaclinic.com\/blog\/ca\/wp-json\/wp\/v2\/posts\/3684","targetHints":{"allow":["GET"]}}],"collection":[{"href":"https:\/\/www.barnaclinic.com\/blog\/ca\/wp-json\/wp\/v2\/posts"}],"about":[{"href":"https:\/\/www.barnaclinic.com\/blog\/ca\/wp-json\/wp\/v2\/types\/post"}],"author":[{"embeddable":true,"href":"https:\/\/www.barnaclinic.com\/blog\/ca\/wp-json\/wp\/v2\/users\/2"}],"replies":[{"embeddable":true,"href":"https:\/\/www.barnaclinic.com\/blog\/ca\/wp-json\/wp\/v2\/comments?post=3684"}],"version-history":[{"count":5,"href":"https:\/\/www.barnaclinic.com\/blog\/ca\/wp-json\/wp\/v2\/posts\/3684\/revisions"}],"predecessor-version":[{"id":4341,"href":"https:\/\/www.barnaclinic.com\/blog\/ca\/wp-json\/wp\/v2\/posts\/3684\/revisions\/4341"}],"wp:featuredmedia":[{"embeddable":true,"href":"https:\/\/www.barnaclinic.com\/blog\/ca\/wp-json\/wp\/v2\/media\/3680"}],"wp:attachment":[{"href":"https:\/\/www.barnaclinic.com\/blog\/ca\/wp-json\/wp\/v2\/media?parent=3684"}],"wp:term":[{"taxonomy":"category","embeddable":true,"href":"https:\/\/www.barnaclinic.com\/blog\/ca\/wp-json\/wp\/v2\/categories?post=3684"},{"taxonomy":"post_tag","embeddable":true,"href":"https:\/\/www.barnaclinic.com\/blog\/ca\/wp-json\/wp\/v2\/tags?post=3684"}],"curies":[{"name":"wp","href":"https:\/\/api.w.org\/{rel}","templated":true}]}}