{"id":3501,"date":"2022-04-08T10:07:49","date_gmt":"2022-04-08T10:07:49","guid":{"rendered":"https:\/\/www.barnaclinic.com\/blog\/?p=3501"},"modified":"2022-04-08T10:29:17","modified_gmt":"2022-04-08T10:29:17","slug":"manuel-bernal-premis-visio-audiologia","status":"publish","type":"post","link":"https:\/\/www.barnaclinic.com\/blog\/ca\/blog\/manuel-bernal-premis-visio-audiologia\/","title":{"rendered":"El Dr. Manuel Bernal ha estat reconegut als Premis Nacionals de Visi\u00f3 i Audiologia 2022"},"content":{"rendered":"<p>Divendres passat 1 d&#8217;abril es va celebrar a Madrid la <strong>primera edici\u00f3 dels <a href=\"https:\/\/www.elsuplemento.es\/gala\/premios-vision-y-audiologia-siglo-xxi\/i-edicion-premios-nacionales-vision-y-audiologia-2022-g12\">Premis Nacionals de Visi\u00f3 i Audiologia<\/a><\/strong>. Aquest esdeveniment, impulsat per <a href=\"https:\/\/www.elsuplemento.es\/\" target=\"_blank\" rel=\"noopener\">El Suplemento<\/a>, ha nascut amb l&#8217;objectiu de reunir professionals de primer nivell que treballen cada dia en la investigaci\u00f3, innovaci\u00f3 i aven\u00e7 de la Tecnologia i la Medicina necess\u00e0ria per al perfecte funcionament de dos sentits que s\u00f3n fonamentals per a les persones: la vista i l&#8217;o\u00efda. En aquesta primera edici\u00f3, entre els diferents premiats, s&#8217;ha trobat el Dr. <a href=\"https:\/\/www.barnaclinic.com\/ca\/quadre-medic\/9\/manuel\"><strong>Manuel Bernal Sprekelsen<\/strong><\/a>, que ha estat distingit a la categoria d&#8217;<a href=\"https:\/\/www.barnaclinic.com\/ca\/especialitats\/21\/otorrinolaringologia\">Otorinolaringologia<\/a>.<\/p>\n<p><!--more--><\/p>\n<p>El Dr. <a href=\"https:\/\/www.barnaclinic.com\/ca\/quadre-medic\/9\/manuel\"><strong>Manuel Bernal Sprekelsen<\/strong><\/a> \u00e9s actualment cap del <a href=\"https:\/\/www.clinicbarcelona.org\/ca\/servei\/otorrinolaringologia\">Servei d&#8217;Otorinolaringologia de l&#8217;Hospital Cl\u00ednic de Barcelona<\/a> a m\u00e9s de ser professional de barnacl\u00ednic+. Aquest treball cl\u00ednic el compagina amb la investigaci\u00f3 i forma part del <a href=\"https:\/\/www.clinicbarcelona.org\/ca\/idibaps\/arees-de-recerca\/biopatologia-i-bioenginyeria-respiratoria-cardiovascular-i-renal\/immunoal-lergia-respiratoria-clinica-i-experimental-irce\">grup d&#8217;Immunologia Respirat\u00f2ria Cl\u00ednica i Experimental de l&#8217;Institut d&#8217;Investigacions Biom\u00e8diques August Pi i Sunyer (IDIBAPS)<\/a>. El Dr. <strong>Manuel Bernal<\/strong> tamb\u00e9 porta a terme una tasca d&#8217;ensenyament important, ja que \u00e9s catedr\u00e0tic d&#8217;Otorinolaringologia a la Universitat de Barcelona i a la Universitat de Valenica. A tots aquests c\u00e0rrecs se suma que des de l&#8217;octubre del 2021 \u00e9s tamb\u00e9 president de la <a href=\"https:\/\/seorl.net\/\">Sociedad Espa\u00f1ola de Otorrinolaringolog\u00eda y Cirug\u00eda de Cabeza y Cuello.<\/a><\/p>\n<div align=\"center\"><iframe loading=\"lazy\" title=\"YouTube video player\" src=\"https:\/\/www.youtube.com\/embed\/eMqDF8qKwSY\" width=\"700\" height=\"394\" frameborder=\"0\" allowfullscreen=\"allowfullscreen\" data-mce-fragment=\"1\"><span data-mce-type=\"bookmark\" style=\"display: inline-block; width: 0px; overflow: hidden; line-height: 0;\" class=\"mce_SELRES_start\">\ufeff<\/span><\/iframe><\/div>\n<p>Format a la Universitat de Val\u00e8ncia, el Dr. Bernal va cursar el doctorat i l&#8217;especialitat a la Johannes Gutenberg University de Mainz a Alemanya. Al llarg de m\u00e9s de 35 anys de carrera s&#8217;ha especialitzat en cirurgia endosc\u00f2pica del sinus i de la base del crani, cirurgia reconstructiva de l&#8217;orella mitjana i cirurgia l\u00e0ser transoral de tumors malignes amb preservaci\u00f3 de laringe. De fet, <strong>\u00e9s un dels pioners mundials en l&#8217;abordatge m\u00ednimament invasiu de patologies de nas i pits paranasals<\/strong>. Actualment duu a terme m\u00e9s d&#8217;un centenar de <strong>cirurgies de sinusitis altament complexes<\/strong> a l&#8217;any amb una taxa de mortalitat de zero. \u00c9s a m\u00e9s <strong>autor de m\u00e9s de 200 publicacions cient\u00edfiques<\/strong> indexades nacionals i internacionals.<\/p>\n<div id=\"estoy-interesado\" class=\"destacat-site\">\n<h4 style=\"padding-left: 30px;\">ET POT INTERESSAR\u2026<\/h4>\n<h4 style=\"padding-left: 30px;\">\u00b7\u00a0<a href=\"https:\/\/www.barnaclinic.com\/ca\/quadre-medic\/9\/manuel\" target=\"_blank\" rel=\"noopener noreferrer\">Perfil del Dr. Manuel Bernal Sprekelsen<\/a><\/h4>\n<\/div>\n<hr \/>\n<div id=\"estoy-interesado\" class=\"destacat-site\">\n<h1 style=\"padding-left: 15px; padding-right: 15px;\" align=\"center\"><span style=\"color: white;\">VOLS CONTACTAR AMB EL DR. MANUEL BERNAL SPREKELSEN?<\/span><\/h1>\n<p style=\"padding-left: 30px; padding-right: 20px;\" align=\"center\"><a class=\"button\" href=\"https:\/\/www.barnaclinic.com\/ca\/solicitar-cita\/?profesional=9\" target=\"_blank\" rel=\"noopener noreferrer\">DEMANAR CITA<\/a>\u00a0 | <a class=\"button\" style=\"padding-left: 30px; padding-right: 20px;\" href=\"https:\/\/www.barnaclinic.com\/ca\/solicitar-televisita\/?profesional=9\" target=\"_blank;\" rel=\"noopener\">SOL\u00b7LICITAR TELEVISITA<\/a><\/p>\n<\/div>\n","protected":false},"excerpt":{"rendered":"<p>Divendres passat 1 d&#8217;abril es va celebrar a Madrid la primera edici\u00f3 dels Premis Nacionals de Visi\u00f3 i Audiologia. Aquest esdeveniment, impulsat per El Suplemento, ha nascut amb l&#8217;objectiu de reunir professionals de primer nivell que treballen cada dia en la investigaci\u00f3, innovaci\u00f3 i aven\u00e7 de la Tecnologia i la Medicina necess\u00e0ria per al perfecte [&hellip;]<\/p>\n","protected":false},"author":2,"featured_media":3498,"comment_status":"open","ping_status":"closed","sticky":false,"template":"","format":"standard","meta":{"footnotes":""},"categories":[335],"tags":[1324,1327,1328,337,1325,1326],"class_list":["post-3501","post","type-post","status-publish","format-standard","has-post-thumbnail","hentry","category-otorrinolaringologia","tag-cirurgia-de-cap-i-coll","tag-dr-manuel-bernal-sprekelsen-ca","tag-manuel-bernal-ca","tag-otorinolaringologia","tag-premi","tag-premis-nacionals-de-visio-i-audiologia"],"yoast_head":"<!-- This site is optimized with the Yoast SEO plugin v19.14 - https:\/\/yoast.com\/wordpress\/plugins\/seo\/ -->\n<title>El Dr. Manuel Bernal, reconegut als Premis de Visi\u00f3 i Audiologia<\/title>\n<meta name=\"description\" content=\"A la 1a edici\u00f3 dels Premis Nacionals de Visi\u00f3 i Audiologia s&#039;ha distingit el Dr. Manuel Bernal Sprekelsen a Otorrinolaringologia...\" \/>\n<meta name=\"robots\" content=\"index, follow, max-snippet:-1, max-image-preview:large, max-video-preview:-1\" \/>\n<link rel=\"canonical\" href=\"https:\/\/www.barnaclinic.com\/blog\/ca\/blog\/manuel-bernal-premis-visio-audiologia\/\" \/>\n<meta property=\"og:locale\" content=\"ca_ES\" \/>\n<meta property=\"og:type\" content=\"article\" \/>\n<meta property=\"og:title\" content=\"El Dr. Manuel Bernal, reconegut als Premis de Visi\u00f3 i Audiologia\" \/>\n<meta property=\"og:description\" content=\"A la 1a edici\u00f3 dels Premis Nacionals de Visi\u00f3 i Audiologia s&#039;ha distingit el Dr. Manuel Bernal Sprekelsen a Otorrinolaringologia...\" \/>\n<meta property=\"og:url\" content=\"https:\/\/www.barnaclinic.com\/blog\/ca\/blog\/manuel-bernal-premis-visio-audiologia\/\" \/>\n<meta property=\"og:site_name\" content=\"Blog barnacl\u00ednic+\" \/>\n<meta property=\"article:published_time\" content=\"2022-04-08T10:07:49+00:00\" \/>\n<meta property=\"article:modified_time\" content=\"2022-04-08T10:29:17+00:00\" \/>\n<meta property=\"og:image\" content=\"https:\/\/www.barnaclinic.com\/blog\/wp-content\/uploads\/2022\/04\/premio-manuel-bernal.jpg\" \/>\n\t<meta property=\"og:image:width\" content=\"800\" \/>\n\t<meta property=\"og:image:height\" content=\"450\" \/>\n\t<meta property=\"og:image:type\" content=\"image\/jpeg\" \/>\n<meta name=\"author\" content=\"barnacl\u00ednic+\" \/>\n<meta name=\"twitter:label1\" content=\"Escrit per\" \/>\n\t<meta name=\"twitter:data1\" content=\"barnacl\u00ednic+\" \/>\n\t<meta name=\"twitter:label2\" content=\"Temps estimat de lectura\" \/>\n\t<meta name=\"twitter:data2\" content=\"2 minuts\" \/>\n<script type=\"application\/ld+json\" class=\"yoast-schema-graph\">{\"@context\":\"https:\/\/schema.org\",\"@graph\":[{\"@type\":\"WebPage\",\"@id\":\"https:\/\/www.barnaclinic.com\/blog\/ca\/blog\/manuel-bernal-premis-visio-audiologia\/\",\"url\":\"https:\/\/www.barnaclinic.com\/blog\/ca\/blog\/manuel-bernal-premis-visio-audiologia\/\",\"name\":\"El Dr. Manuel Bernal, reconegut als Premis de Visi\u00f3 i Audiologia\",\"isPartOf\":{\"@id\":\"https:\/\/www.barnaclinic.com\/blog\/#website\"},\"datePublished\":\"2022-04-08T10:07:49+00:00\",\"dateModified\":\"2022-04-08T10:29:17+00:00\",\"author\":{\"@id\":\"https:\/\/www.barnaclinic.com\/blog\/#\/schema\/person\/062c0219c54bbf07163f34494da33e17\"},\"description\":\"A la 1a edici\u00f3 dels Premis Nacionals de Visi\u00f3 i Audiologia s'ha distingit el Dr. Manuel Bernal Sprekelsen a Otorrinolaringologia...\",\"inLanguage\":\"ca\",\"potentialAction\":[{\"@type\":\"ReadAction\",\"target\":[\"https:\/\/www.barnaclinic.com\/blog\/ca\/blog\/manuel-bernal-premis-visio-audiologia\/\"]}]},{\"@type\":\"WebSite\",\"@id\":\"https:\/\/www.barnaclinic.com\/blog\/#website\",\"url\":\"https:\/\/www.barnaclinic.com\/blog\/\",\"name\":\"Blog barnacl\u00ednic+\",\"description\":\"Informaci\u00f3n y novedades sobre los servicios y profesionales de barnacl\u00ednic+, Hospital Cl\u00ednic de Barcelona\",\"potentialAction\":[{\"@type\":\"SearchAction\",\"target\":{\"@type\":\"EntryPoint\",\"urlTemplate\":\"https:\/\/www.barnaclinic.com\/blog\/?s={search_term_string}\"},\"query-input\":\"required name=search_term_string\"}],\"inLanguage\":\"ca\"},{\"@type\":\"Person\",\"@id\":\"https:\/\/www.barnaclinic.com\/blog\/#\/schema\/person\/062c0219c54bbf07163f34494da33e17\",\"name\":\"barnacl\u00ednic+\",\"url\":\"https:\/\/www.barnaclinic.com\/blog\/ca\/blog\/author\/alex\/\"}]}<\/script>\n<!-- \/ Yoast SEO plugin. -->","yoast_head_json":{"title":"El Dr. Manuel Bernal, reconegut als Premis de Visi\u00f3 i Audiologia","description":"A la 1a edici\u00f3 dels Premis Nacionals de Visi\u00f3 i Audiologia s'ha distingit el Dr. Manuel Bernal Sprekelsen a Otorrinolaringologia...","robots":{"index":"index","follow":"follow","max-snippet":"max-snippet:-1","max-image-preview":"max-image-preview:large","max-video-preview":"max-video-preview:-1"},"canonical":"https:\/\/www.barnaclinic.com\/blog\/ca\/blog\/manuel-bernal-premis-visio-audiologia\/","og_locale":"ca_ES","og_type":"article","og_title":"El Dr. Manuel Bernal, reconegut als Premis de Visi\u00f3 i Audiologia","og_description":"A la 1a edici\u00f3 dels Premis Nacionals de Visi\u00f3 i Audiologia s'ha distingit el Dr. Manuel Bernal Sprekelsen a Otorrinolaringologia...","og_url":"https:\/\/www.barnaclinic.com\/blog\/ca\/blog\/manuel-bernal-premis-visio-audiologia\/","og_site_name":"Blog barnacl\u00ednic+","article_published_time":"2022-04-08T10:07:49+00:00","article_modified_time":"2022-04-08T10:29:17+00:00","og_image":[{"width":800,"height":450,"url":"https:\/\/www.barnaclinic.com\/blog\/wp-content\/uploads\/2022\/04\/premio-manuel-bernal.jpg","type":"image\/jpeg"}],"author":"barnacl\u00ednic+","twitter_misc":{"Escrit per":"barnacl\u00ednic+","Temps estimat de lectura":"2 minuts"},"schema":{"@context":"https:\/\/schema.org","@graph":[{"@type":"WebPage","@id":"https:\/\/www.barnaclinic.com\/blog\/ca\/blog\/manuel-bernal-premis-visio-audiologia\/","url":"https:\/\/www.barnaclinic.com\/blog\/ca\/blog\/manuel-bernal-premis-visio-audiologia\/","name":"El Dr. Manuel Bernal, reconegut als Premis de Visi\u00f3 i Audiologia","isPartOf":{"@id":"https:\/\/www.barnaclinic.com\/blog\/#website"},"datePublished":"2022-04-08T10:07:49+00:00","dateModified":"2022-04-08T10:29:17+00:00","author":{"@id":"https:\/\/www.barnaclinic.com\/blog\/#\/schema\/person\/062c0219c54bbf07163f34494da33e17"},"description":"A la 1a edici\u00f3 dels Premis Nacionals de Visi\u00f3 i Audiologia s'ha distingit el Dr. Manuel Bernal Sprekelsen a Otorrinolaringologia...","inLanguage":"ca","potentialAction":[{"@type":"ReadAction","target":["https:\/\/www.barnaclinic.com\/blog\/ca\/blog\/manuel-bernal-premis-visio-audiologia\/"]}]},{"@type":"WebSite","@id":"https:\/\/www.barnaclinic.com\/blog\/#website","url":"https:\/\/www.barnaclinic.com\/blog\/","name":"Blog barnacl\u00ednic+","description":"Informaci\u00f3n y novedades sobre los servicios y profesionales de barnacl\u00ednic+, Hospital Cl\u00ednic de Barcelona","potentialAction":[{"@type":"SearchAction","target":{"@type":"EntryPoint","urlTemplate":"https:\/\/www.barnaclinic.com\/blog\/?s={search_term_string}"},"query-input":"required name=search_term_string"}],"inLanguage":"ca"},{"@type":"Person","@id":"https:\/\/www.barnaclinic.com\/blog\/#\/schema\/person\/062c0219c54bbf07163f34494da33e17","name":"barnacl\u00ednic+","url":"https:\/\/www.barnaclinic.com\/blog\/ca\/blog\/author\/alex\/"}]}},"_links":{"self":[{"href":"https:\/\/www.barnaclinic.com\/blog\/ca\/wp-json\/wp\/v2\/posts\/3501","targetHints":{"allow":["GET"]}}],"collection":[{"href":"https:\/\/www.barnaclinic.com\/blog\/ca\/wp-json\/wp\/v2\/posts"}],"about":[{"href":"https:\/\/www.barnaclinic.com\/blog\/ca\/wp-json\/wp\/v2\/types\/post"}],"author":[{"embeddable":true,"href":"https:\/\/www.barnaclinic.com\/blog\/ca\/wp-json\/wp\/v2\/users\/2"}],"replies":[{"embeddable":true,"href":"https:\/\/www.barnaclinic.com\/blog\/ca\/wp-json\/wp\/v2\/comments?post=3501"}],"version-history":[{"count":3,"href":"https:\/\/www.barnaclinic.com\/blog\/ca\/wp-json\/wp\/v2\/posts\/3501\/revisions"}],"predecessor-version":[{"id":3504,"href":"https:\/\/www.barnaclinic.com\/blog\/ca\/wp-json\/wp\/v2\/posts\/3501\/revisions\/3504"}],"wp:featuredmedia":[{"embeddable":true,"href":"https:\/\/www.barnaclinic.com\/blog\/ca\/wp-json\/wp\/v2\/media\/3498"}],"wp:attachment":[{"href":"https:\/\/www.barnaclinic.com\/blog\/ca\/wp-json\/wp\/v2\/media?parent=3501"}],"wp:term":[{"taxonomy":"category","embeddable":true,"href":"https:\/\/www.barnaclinic.com\/blog\/ca\/wp-json\/wp\/v2\/categories?post=3501"},{"taxonomy":"post_tag","embeddable":true,"href":"https:\/\/www.barnaclinic.com\/blog\/ca\/wp-json\/wp\/v2\/tags?post=3501"}],"curies":[{"name":"wp","href":"https:\/\/api.w.org\/{rel}","templated":true}]}}