{"id":2454,"date":"2022-01-28T15:00:21","date_gmt":"2022-01-28T15:00:21","guid":{"rendered":"https:\/\/www.barnaclinic.com\/blog\/ca\/?p=2454"},"modified":"2022-11-16T18:28:27","modified_gmt":"2022-11-16T18:28:27","slug":"test-genomic-personalitzar-tractament-del-cancer-de-mama","status":"publish","type":"post","link":"https:\/\/www.barnaclinic.com\/blog\/ca\/blog\/test-genomic-personalitzar-tractament-del-cancer-de-mama\/","title":{"rendered":"Un nou test gen\u00f2mic permet personalitzar el tractament del c\u00e0ncer de mama HER2+"},"content":{"rendered":"<p>El c\u00e0ncer \u00e9s una malaltia molt heterog\u00e8nia i per aix\u00f2 s&#8217;est\u00e0 investigant per poder desenvolupar tractaments que s&#8217;adaptin a les caracter\u00edstiques de cada subtipus. Per\u00f2 despr\u00e9s hi ha el repte d&#8217;identificar quins pacients s\u00f3n les que m\u00e9s es beneficien de cada tractament. Pensant en aix\u00f2 s&#8217;ha creat HER2DX, un <strong>test gen\u00f2mic que prediu la superviv\u00e8ncia i la possibilitat de respondre als tractaments de les pacients de c\u00e0ncer de mama HER2 positiu<\/strong> als seus estats m\u00e9s preco\u00e7os. Aquesta eina \u00e9s <strong>el primer test gen\u00f2mic creat a tot el m\u00f3n per a aquesta malaltia<\/strong> i en el seu desenvolupament han participat investigadors del\u00a0<a href=\"https:\/\/www.ub.edu\/web\/ub\/es\/recerca_innovacio\/recerca_a_la_UB\/instituts\/institutsparticipats\/idibaps.html\" target=\"_blank\" rel=\"noopener noreferrer\">Cl\u00ednic &#8211; IDIBAPS &#8211; UB<\/a>, de la <a href=\"https:\/\/www.vallhebron.com\/es\/quienes-somos\/vall-dhebron-instituto-de-oncologia\">Vall d&#8217;Hebron Institut d&#8217;Oncologia<\/a>, la <a href=\"https:\/\/www.unipd.it\/en\/\">Universit\u00e0 di Padova (It\u00e0lia)<\/a> i <a href=\"https:\/\/www.reveal-genomics.com\/\">REVEAL GENOMICS<\/a>.<\/p>\n<p><!--more--><\/p>\n<p><em>\u201cAquest nou test \u00e9s el fruit de m\u00e9s de deu anys de recerca sobre el c\u00e0ncer de mama HER2 positiu. Un treball que ha servit per entendre que aquest tipus de tumors es divideixen en diversos subtipus segons l&#8217;expressi\u00f3 de m\u00faltiples gens, amb pron\u00f2stics i respostes als tractaments diferents en cada cas. Ara, amb HER2DX esperem ajudar els especialistes en la presa de decisions per a un millor maneig de les pacients\u201d<\/em>, explica el Dr. <a href=\"https:\/\/www.barnaclinic.com\/ca\/quadre-medic\/308\/aleix\"><strong>Aleix Prat<\/strong><\/a>, cap del Servei d&#8217;<a href=\"https:\/\/www.barnaclinic.com\/ca\/oncologia-medica\/\"><strong>Oncologia M\u00e8dica<\/strong><\/a> de l&#8217;<a href=\"https:\/\/www.clinicbarcelona.org\/\" target=\"_blank\" rel=\"noopener noreferrer\">Hospital Cl\u00ednic<\/a>, <strong>especialista de barnacl\u00ednic+<\/strong> i cap del grup de <a href=\"https:\/\/www.clinicbarcelona.org\/ca\/idibaps\/arees-de-recerca\/oncologia-i-hematologia\/genomica-translacional-i-terapies-dirigides-en-tumors-solids\">Gen\u00f2mica Traslacional i ter\u00e0pies dirigides a tumors s\u00f2lids de l&#8217;IDIBAPS<\/a>. El Dr. Prat, a m\u00e9s, \u00e9s professor titular de la\u00a0<a href=\"https:\/\/www.ub.edu\/web\/portal\/ca\/\">Universitat de Barcelona<\/a> i un dels cofundadors de la companyia\u00a0<a href=\"https:\/\/www.reveal-genomics.com\/\">REVEAL GENOMICS<\/a>, que ser\u00e0 qui comercialitzi el nou test.<\/p>\n<blockquote>\n<h4><a href=\"https:\/\/www.barnaclinic.com\/es\/cuadro-medico\/308\/aleix\"><img loading=\"lazy\" decoding=\"async\" class=\"alignleft wp-image-1404\" src=\"http:\/\/www.barnaclinic.com\/blog\/wp-content\/uploads\/2019\/08\/Captura-de-pantalla-2019-08-30-a-las-11.33.25-150x150.png\" alt=\"Aleix Prat\" width=\"90\" height=\"90\" srcset=\"https:\/\/www.barnaclinic.com\/blog\/wp-content\/uploads\/2019\/08\/Captura-de-pantalla-2019-08-30-a-las-11.33.25-150x150.png 150w, https:\/\/www.barnaclinic.com\/blog\/wp-content\/uploads\/2019\/08\/Captura-de-pantalla-2019-08-30-a-las-11.33.25-300x300.png 300w, https:\/\/www.barnaclinic.com\/blog\/wp-content\/uploads\/2019\/08\/Captura-de-pantalla-2019-08-30-a-las-11.33.25.png 718w\" sizes=\"auto, (max-width: 90px) 100vw, 90px\" \/><\/a><\/h4>\n<h4>\u201cAquest nou test gen\u00f2mic \u00e9s el fruit de m\u00e9s de deu anys de recerca sobre el c\u00e0ncer de mama HER2 positiu i, amb ell, esperem ajudar els especialistes en la presa de decisions per a un millor maneig de les pacients\u201d<\/h4>\n<p>Dr.\u00a0<a href=\"https:\/\/www.barnaclinic.com\/ca\/quadre-medic\/308\/aleix\"><strong>Aleix Prat<\/strong><\/a>,\u00a0<a href=\"https:\/\/www.barnaclinic.com\/ca\/oncologia-medica\/\">Oncologia M\u00e8dica<\/a><\/p><\/blockquote>\n<p>Per validar la fiabilitat d&#8217;aquesta eina, el Dr.\u00a0<a href=\"https:\/\/www.barnaclinic.com\/ca\/quadre-medic\/308\/aleix\"><strong>Aleix Prat<\/strong><\/a>, en col\u00b7laboraci\u00f3 amb el grup de recerca de la\u00a0<a href=\"https:\/\/www.unipd.it\/en\/\">Universit\u00e0 di Padova<\/a>, dirigit pel Prof. <strong>Pierfranco Conte<\/strong> i la Prof. <strong>Valentina Guarneri<\/strong>, va coordinar un estudi amb m\u00e9s de mil pacients, els resultats dels quals acaben de ser publicats a la revista\u00a0<a href=\"https:\/\/www.thelancet.com\/journals\/ebiom\/home\" target=\"_blank\" rel=\"noopener noreferrer\"><em>The Lancet EBioMedicine<\/em><\/a>.<\/p>\n<div id=\"estoy-interesado\" class=\"destacat-site\">\n<h4 style=\"padding-left: 30px;\">ET POT INTERESSAR\u2026<\/h4>\n<h4 style=\"padding-left: 30px;\">\u00b7\u00a0<a href=\"https:\/\/www.barnaclinic.com\/blog\/ca\/blog\/her2dx-millors-invents-2022\/\" target=\"_blank\" rel=\"noopener noreferrer\">HER2DX, un dels millors invents del 2022 segons la revista TIME<\/a><\/h4>\n<\/div>\n<h2>Aquest test gen\u00f2mic per al c\u00e0ncer de mama permet evitar tractaments innecessaris<\/h2>\n<p>A trav\u00e9s del mesurament de l&#8217;ARN de 27 gens i integrant aquesta informaci\u00f3 amb dades cl\u00edniques com la mida del tumor i l&#8217;afectaci\u00f3 dels ganglis axil\u00b7lars, <a href=\"https:\/\/www.clinicbarcelona.org\/ca\/noticies\/desenvolupen-her2dx-un-biomarcador-pronostic-per-a-pacients-amb-cancer-de-mama-her2\"><strong>HER2DX<\/strong><\/a> \u00e9s capa\u00e7 de dividir les pacients en grups de baix o alt risc a trav\u00e9s de puntuacions a mitjan\u00e7ant un programari anal\u00edtic intel\u00b7ligent. Per aconseguir aquest objectiu, el <strong>test gen\u00f2mic<\/strong> t\u00e9 en compte quatre processos biol\u00f2gics importants del <strong>c\u00e0ncer de mama<\/strong>: l&#8217;activaci\u00f3 del sistema immunol\u00f2gic dins del tumor, l&#8217;estat diferenciat de les c\u00e8l\u00b7lules tumorals, la proliferaci\u00f3 del tumor i l&#8217;expressi\u00f3 del mateix gen HER2 i diversos gens ve\u00efns al cromosoma 17.<\/p>\n<p>D&#8217;aquesta manera, l&#8217;eina \u00e9s capa\u00e7 d&#8217;oferir dues informacions importants sobre el comportament del tumor que serviran per adequar el tractament a cada cas. D&#8217;una banda, el pron\u00f2stic de la pacient, aportant <strong>informaci\u00f3 sobre quina probabilitat cal que el c\u00e0ncer pugui reapar\u00e8ixer en els deu anys seg\u00fcents<\/strong>. De l&#8217;altra, la <strong>sensibilitat del tumor a la quimioter\u00e0pia i els tractaments anti-HER2 administrats abans de la cirurgia del tumor<\/strong>. Aix\u00ed, el test ajudar\u00e0 a decidir si cal fer una cirurgia o un tractament amb f\u00e0rmacs.<\/p>\n<blockquote>\n<h4><a href=\"https:\/\/www.barnaclinic.com\/es\/cuadro-medico\/308\/aleix\"><img loading=\"lazy\" decoding=\"async\" class=\"alignleft wp-image-1404\" src=\"http:\/\/www.barnaclinic.com\/blog\/wp-content\/uploads\/2019\/08\/Captura-de-pantalla-2019-08-30-a-las-11.33.25-150x150.png\" alt=\"Aleix Prat\" width=\"90\" height=\"90\" srcset=\"https:\/\/www.barnaclinic.com\/blog\/wp-content\/uploads\/2019\/08\/Captura-de-pantalla-2019-08-30-a-las-11.33.25-150x150.png 150w, https:\/\/www.barnaclinic.com\/blog\/wp-content\/uploads\/2019\/08\/Captura-de-pantalla-2019-08-30-a-las-11.33.25-300x300.png 300w, https:\/\/www.barnaclinic.com\/blog\/wp-content\/uploads\/2019\/08\/Captura-de-pantalla-2019-08-30-a-las-11.33.25.png 718w\" sizes=\"auto, (max-width: 90px) 100vw, 90px\" \/><\/a><\/h4>\n<h4>&#8220;Volem ajudar els especialistes a sentir-se segurs de no fer servir la quimioter\u00e0pia en els casos que no calgui&#8221;<\/h4>\n<p>Dr.\u00a0<a href=\"https:\/\/www.barnaclinic.com\/ca\/quadre-medic\/308\/aleix\"><strong>Aleix Prat<\/strong><\/a>,\u00a0<a href=\"https:\/\/www.barnaclinic.com\/ca\/oncologia-medica\/\">Oncologia M\u00e8dica<\/a><\/p><\/blockquote>\n<p>\u201cD&#8217;aquesta manera, volem ajudar els especialistes a sentir-se segurs de no fer servir la quimioter\u00e0pia en els casos que no calgui\u201d, puntualitza el Dr.\u00a0<a href=\"https:\/\/www.barnaclinic.com\/ca\/quadre-medic\/308\/aleix\"><strong>Aleix Prat<\/strong><\/a>. I \u00e9s que els impulsors d&#8217;aquesta eina calculen que fins a un 30% dels casos analitzats pel test permetran aplicar ter\u00e0pies m\u00e9s lleus a les pacients, evitant aix\u00ed els efectes secundaris m\u00e9s greus en els casos que no calgui.<\/p>\n<hr \/>\n<div align=\"center\"><iframe loading=\"lazy\" title=\"YouTube video player\" src=\"https:\/\/www.youtube.com\/embed\/fv4sqzgwcmY\" width=\"700\" height=\"394\" frameborder=\"0\" allowfullscreen=\"allowfullscreen\" data-mce-fragment=\"1\"><\/iframe><\/div>\n<hr \/>\n<div id=\"estoy-interesado\" class=\"destacat-site\">\n<h4 style=\"padding-left: 30px;\">LI POT INTERESSAR\u2026<\/h4>\n<h4 style=\"padding-left: 30px;\">\u00b7\u00a0<a href=\"https:\/\/www.barnaclinic.com\/blog\/ca\/blog\/test-molecular-diagnostic-cancer\/\" target=\"_blank\" rel=\"noopener noreferrer\">Un nou test molecular detecta alteracions gen\u00e8tiques en els tumors i millora el diagn\u00f2stic i tractament personalitzat del c\u00e0ncer<\/a><\/h4>\n<h4 style=\"padding-left: 30px;\">\u00b7\u00a0<a href=\"https:\/\/www.barnaclinic.com\/ca\/diagnostic-del-cancer\/estudi-genetic-risc-cancer\/\" target=\"_blank\" rel=\"noopener noreferrer\">Estudi gen\u00e8tic per detecci\u00f3 de risc de c\u00e0ncer<\/a><\/h4>\n<h4 style=\"padding-left: 30px;\">\u00b7\u00a0<a href=\"https:\/\/www.barnaclinic.com\/blog\/oncologia\/ca\/medicina-precisio-futur-oncologia\/\" target=\"_blank\" rel=\"noopener noreferrer\">Qu\u00e8 \u00e9s la medicina de precisi\u00f3 i quin \u00e9s el futur de l\u2019oncologia?<\/a><\/h4>\n<\/div>\n<h2>El c\u00e0ncer de mama HER2 positiu, una malaltia molt comuna<\/h2>\n<p><strong>Al voltant del 20% de tots els tumors de mama diagnosticats s\u00f3n HER2 positius<\/strong>. Es calcula que a Europa es diagnostica una dona amb <strong>c\u00e0ncer de mama HER2 positiu<\/strong> cada sis minuts. Aix\u00f2 suposa <strong>m\u00e9s de 100.000 dones cada any<\/strong>. Des de fa m\u00e9s de cinc anys, la l\u00ednia de recerca del Dr. Prat i el Dr. <strong>Charles M. Perou<\/strong>, investigador de la\u00a0<a href=\"https:\/\/www.unc.edu\/\">University of North Carolina<\/a> (Chapel Hill, Estats Units), cofundador tamb\u00e9 de\u00a0<a href=\"https:\/\/www.reveal-genomics.com\/\" target=\"_blank\" rel=\"noopener noreferrer\">REVEAL GENOMICS<\/a> i coautor de l&#8217;estudi, perm\u00e8s descriure l&#8217;heterogene\u00eftat biol\u00f2gica de la <strong>malaltia HER2 positiva<\/strong> i identificar pacients amb beneficis diferents dels tractaments i pacients amb diferents riscos de recaigudes despr\u00e9s de rebre un <strong>diagn\u00f2stic de c\u00e0ncer de mama<\/strong>.<\/p>\n<p>Fins ara, no existien eines per predir el risc de recaiguda i la superviv\u00e8ncia m\u00e9s enll\u00e0 de la mida del tumor i la pres\u00e8ncia de malaltia als ganglis axil\u00b7lars. \u201cMalgrat els grans aven\u00e7os terap\u00e8utics en l&#8217;\u00faltima d\u00e8cada al <strong>c\u00e0ncer de mama HER2+<\/strong>, la gran majoria de pacients no reben un tractament \u00f2ptim; \u00e9s a dir, o b\u00e9 m\u00e9s tractaments dels que necessita la pacient, o b\u00e9 els tractaments que donem no s\u00f3n suficients per guarir. El problema \u00e9s que decisions terap\u00e8utiques tan importants com la necessitat (i el tipus) de quimioter\u00e0pia, o la quantitat (o durada) del tractament anti-HER2, no tenen en compte l&#8217;heterogene\u00eftat biol\u00f2gica d&#8217;aquesta malaltia\u201d, comenta el Prof. Conte, coautor de lestudi.<\/p>\n<p>\u201cNo \u00e9s nou que la gen\u00f2mica ens proporciona moltes dades. Per\u00f2 ara per primera vegada, en el context del c\u00e0ncer de mama HER2+, hem pogut desenvolupar una eina que porti tota aquesta informaci\u00f3 a la pr\u00e0ctica cl\u00ednica, per aconseguir que el tractament sigui el m\u00e9s personalitzat i prec\u00eds possible. Els tests que prediuen no nom\u00e9s la resposta a un determinat f\u00e0rmac sin\u00f3 tamb\u00e9 informen sobre aspectes biol\u00f2gics de la malaltia, com HER2Dx, s\u00f3n els que ajudaran m\u00e9s a l&#8217;onc\u00f2leg en un futur, ja que li permetran aprofundir i entendre cada cas en concret\u201d , va explicar la Dra. <strong>Ana Vivancos<\/strong>, cap del grup de Gen\u00f2mica del C\u00e0ncer del VHIO i cofundadora de REVEAL GENOMICS.<\/p>\n<h2>El primer test a nivell mundial especialitzat en c\u00e0ncer de mama HER2+<\/h2>\n<p>HER2DX est\u00e0 ja disponible i \u00e9s comercialitzat per la spin-off\u00a0<a href=\"https:\/\/www.reveal-genomics.com\/\" target=\"_blank\" rel=\"noopener noreferrer\">REVEAL GENOMICS<\/a> els fundadors de la qual, a m\u00e9s del Dr. Prat, el Dr. Perou i la Dra. Vivancos, s\u00f3n el Dr. <strong>Joel S. Parker<\/strong>, de la\u00a0<a href=\"https:\/\/www.unc.edu\/\">University of North Carolina<\/a> (Chapel Hill, USA), i la Dra. <strong>Patricia Villagrasa-Gonz\u00e1lez<\/strong>, CEO de la companyia.<\/p>\n<p>\u201cDespr\u00e9s de nom\u00e9s un any des de la creaci\u00f3 de REVEAL GENOMICS, ens alegra presentar el primer test de la companyia al camp de l&#8217;oncologia de precisi\u00f3. Estem conven\u00e7uts que HER2DX ajudar\u00e0 onc\u00f2legs i pacients a prendre decisions terap\u00e8utiques precises gr\u00e0cies a la informaci\u00f3 que proporciona\u201d, assenyala la Dra. Villagrasa-Gonz\u00e1lez. HER2DX s&#8217;implementa gr\u00e0cies a un acord de partnership de REVEAL GENOMICS amb el <a href=\"http:\/\/cdb.hospitalclinic.org\/\">Centre de Diagn\u00f2stic Biom\u00e8dic<\/a> (CDB) de l&#8217;Hospital Cl\u00ednic, dirigit per la Dra. <strong>Aurea Mira<\/strong> qui, juntament amb el seu equip, s\u00f3n tamb\u00e9 coautors de l&#8217;article: \u201c\u00c9s un gran salt d&#8217;innovaci\u00f3 tecnol\u00f2gica i cient\u00edfica que, amb l&#8217;experi\u00e8ncia del CDB, estar\u00e0 disponible en un temps r\u00e8cord en benefici de les pacients amb c\u00e0ncer de mama\u201d, apunta la Dra. Mira.<\/p>\n<div id=\"estoy-interesado\" class=\"destacat-site\">\n<h4 style=\"padding-left: 15px; padding-right: 15px; text-align: left;\" align=\"CENTER\"><span style=\"color: white;\">LI POT INTERESSAR&#8230;<\/span><\/h4>\n<ul>\n<li>\n<h4 class=\"f\"><a href=\"https:\/\/www.barnaclinic.com\/blog\/ca\/blog\/biopsia-liquida-analisi-del-cancer\/\" target=\"_blank\" rel=\"noopener noreferrer\">La bi\u00f2psia l\u00edquida demostra la seva utilitat a l\u2019an\u00e0lisi del c\u00e0ncer<\/a><\/h4>\n<\/li>\n<li>\n<h4 class=\"f\"><a href=\"https:\/\/www.barnaclinic.com\/blog\/oncologia\/ca\/biopsia-liquida\/\" target=\"_blank\" rel=\"noopener noreferrer\">La bi\u00f2psia l\u00edquida, diagn\u00f2stic del c\u00e0ncer no invasiu, tractament personalitzat i seguiment<\/a><\/h4>\n<\/li>\n<li>\n<h4 class=\"f\"><a href=\"https:\/\/www.barnaclinic.com\/blog\/ca\/blog\/guardant-360\/\" target=\"_blank\" rel=\"noopener noreferrer\">El millor test de bi\u00f2psia l\u00edquida per a pacients amb c\u00e0ncer avan\u00e7at arriba a barnacl\u00ednic+<\/a><\/h4>\n<\/li>\n<\/ul>\n<\/div>\n<hr \/>\n<div id=\"cita\" class=\"destacat-site\">\n<h4 style=\"padding-left: 15px; padding-right: 15px;\" align=\"CENTER\"><span style=\"color: white;\">\u00a1VOL M\u00c9S INFORMACI\u00d3 SOBRE EL TEST GEN\u00d2MIC PER AL C\u00c0NCER DE MAMA HER2+ O VOL CONTACTAR AMB EL SERVEI D&#8217;ONCOLOGIA M\u00c8DICA?\u00a1<\/span><\/h4>\n<p class=\"boto\" style=\"padding-left: 30px; padding-right: 20px;\" align=\"center\"><a class=\"button button--cita\" href=\"https:\/\/www.barnaclinic.com\/ca\/solicitar-cita\/?especialidad=128\" target=\"_blank\" rel=\"noopener noreferrer\">DEMANAR\u00a0CITA PRESENCIAL<\/a> |\u00a0<a class=\"button button--televisita\" href=\"https:\/\/www.barnaclinic.com\/ca\/solicitar-televisita\/?especialidad=128\" target=\"_blank\" rel=\"noopener noreferrer\">SOL\u00b7LICITAR TELEVISITA<\/a><\/p>\n<\/div>\n","protected":false},"excerpt":{"rendered":"<p>El c\u00e0ncer \u00e9s una malaltia molt heterog\u00e8nia i per aix\u00f2 s&#8217;est\u00e0 investigant per poder desenvolupar tractaments que s&#8217;adaptin a les caracter\u00edstiques de cada subtipus. Per\u00f2 despr\u00e9s hi ha el repte d&#8217;identificar quins pacients s\u00f3n les que m\u00e9s es beneficien de cada tractament. Pensant en aix\u00f2 s&#8217;ha creat HER2DX, un test gen\u00f2mic que prediu la superviv\u00e8ncia [&hellip;]<\/p>\n","protected":false},"author":2,"featured_media":3407,"comment_status":"closed","ping_status":"closed","sticky":false,"template":"","format":"standard","meta":{"footnotes":""},"categories":[1124,434,435],"tags":[1245,1246,1247,1248,1249],"class_list":["post-2454","post","type-post","status-publish","format-standard","has-post-thumbnail","hentry","category-cancer","category-oncologia-medica-2","category-proves-de-diagnostic","tag-diagnostic-del-cancer-de-mama","tag-personalitzar-tractament-del-cancer-de-mama","tag-test-genomic","tag-test-genomic-cancer-de-mama","tag-tractament-del-cancer-de-mama"],"yoast_head":"<!-- This site is optimized with the Yoast SEO plugin v19.14 - https:\/\/yoast.com\/wordpress\/plugins\/seo\/ -->\n<title>Un nou test gen\u00f2mic permet personalitzar el tractament del c\u00e0ncer de mama HER2+ - Blog barnacl\u00ednic+<\/title>\n<meta name=\"robots\" content=\"index, follow, max-snippet:-1, max-image-preview:large, max-video-preview:-1\" \/>\n<link rel=\"canonical\" href=\"https:\/\/www.barnaclinic.com\/blog\/ca\/blog\/test-genomic-personalitzar-tractament-del-cancer-de-mama\/\" \/>\n<meta property=\"og:locale\" content=\"ca_ES\" \/>\n<meta property=\"og:type\" content=\"article\" \/>\n<meta property=\"og:title\" content=\"Un nou test gen\u00f2mic permet personalitzar el tractament del c\u00e0ncer de mama HER2+ - Blog barnacl\u00ednic+\" \/>\n<meta property=\"og:description\" content=\"El c\u00e0ncer \u00e9s una malaltia molt heterog\u00e8nia i per aix\u00f2 s&#8217;est\u00e0 investigant per poder desenvolupar tractaments que s&#8217;adaptin a les caracter\u00edstiques de cada subtipus. Per\u00f2 despr\u00e9s hi ha el repte d&#8217;identificar quins pacients s\u00f3n les que m\u00e9s es beneficien de cada tractament. Pensant en aix\u00f2 s&#8217;ha creat HER2DX, un test gen\u00f2mic que prediu la superviv\u00e8ncia [&hellip;]\" \/>\n<meta property=\"og:url\" content=\"https:\/\/www.barnaclinic.com\/blog\/ca\/blog\/test-genomic-personalitzar-tractament-del-cancer-de-mama\/\" \/>\n<meta property=\"og:site_name\" content=\"Blog barnacl\u00ednic+\" \/>\n<meta property=\"article:published_time\" content=\"2022-01-28T15:00:21+00:00\" \/>\n<meta property=\"article:modified_time\" content=\"2022-11-16T18:28:27+00:00\" \/>\n<meta property=\"og:image\" content=\"https:\/\/www.barnaclinic.com\/blog\/wp-content\/uploads\/2022\/01\/test-genomico-cancer-de-mama.jpg\" \/>\n\t<meta property=\"og:image:width\" content=\"800\" \/>\n\t<meta property=\"og:image:height\" content=\"450\" \/>\n\t<meta property=\"og:image:type\" content=\"image\/jpeg\" \/>\n<meta name=\"author\" content=\"barnacl\u00ednic+\" \/>\n<meta name=\"twitter:label1\" content=\"Escrit per\" \/>\n\t<meta name=\"twitter:data1\" content=\"barnacl\u00ednic+\" \/>\n\t<meta name=\"twitter:label2\" content=\"Temps estimat de lectura\" \/>\n\t<meta name=\"twitter:data2\" content=\"7 minuts\" \/>\n<script type=\"application\/ld+json\" class=\"yoast-schema-graph\">{\"@context\":\"https:\/\/schema.org\",\"@graph\":[{\"@type\":\"WebPage\",\"@id\":\"https:\/\/www.barnaclinic.com\/blog\/ca\/blog\/test-genomic-personalitzar-tractament-del-cancer-de-mama\/\",\"url\":\"https:\/\/www.barnaclinic.com\/blog\/ca\/blog\/test-genomic-personalitzar-tractament-del-cancer-de-mama\/\",\"name\":\"Un nou test gen\u00f2mic permet personalitzar el tractament del c\u00e0ncer de mama HER2+ - Blog barnacl\u00ednic+\",\"isPartOf\":{\"@id\":\"https:\/\/www.barnaclinic.com\/blog\/#website\"},\"datePublished\":\"2022-01-28T15:00:21+00:00\",\"dateModified\":\"2022-11-16T18:28:27+00:00\",\"author\":{\"@id\":\"https:\/\/www.barnaclinic.com\/blog\/#\/schema\/person\/062c0219c54bbf07163f34494da33e17\"},\"inLanguage\":\"ca\",\"potentialAction\":[{\"@type\":\"ReadAction\",\"target\":[\"https:\/\/www.barnaclinic.com\/blog\/ca\/blog\/test-genomic-personalitzar-tractament-del-cancer-de-mama\/\"]}]},{\"@type\":\"WebSite\",\"@id\":\"https:\/\/www.barnaclinic.com\/blog\/#website\",\"url\":\"https:\/\/www.barnaclinic.com\/blog\/\",\"name\":\"Blog barnacl\u00ednic+\",\"description\":\"Informaci\u00f3n y novedades sobre los servicios y profesionales de barnacl\u00ednic+, Hospital Cl\u00ednic de Barcelona\",\"potentialAction\":[{\"@type\":\"SearchAction\",\"target\":{\"@type\":\"EntryPoint\",\"urlTemplate\":\"https:\/\/www.barnaclinic.com\/blog\/?s={search_term_string}\"},\"query-input\":\"required name=search_term_string\"}],\"inLanguage\":\"ca\"},{\"@type\":\"Person\",\"@id\":\"https:\/\/www.barnaclinic.com\/blog\/#\/schema\/person\/062c0219c54bbf07163f34494da33e17\",\"name\":\"barnacl\u00ednic+\",\"url\":\"https:\/\/www.barnaclinic.com\/blog\/ca\/blog\/author\/alex\/\"}]}<\/script>\n<!-- \/ Yoast SEO plugin. -->","yoast_head_json":{"title":"Un nou test gen\u00f2mic permet personalitzar el tractament del c\u00e0ncer de mama HER2+ - Blog barnacl\u00ednic+","robots":{"index":"index","follow":"follow","max-snippet":"max-snippet:-1","max-image-preview":"max-image-preview:large","max-video-preview":"max-video-preview:-1"},"canonical":"https:\/\/www.barnaclinic.com\/blog\/ca\/blog\/test-genomic-personalitzar-tractament-del-cancer-de-mama\/","og_locale":"ca_ES","og_type":"article","og_title":"Un nou test gen\u00f2mic permet personalitzar el tractament del c\u00e0ncer de mama HER2+ - Blog barnacl\u00ednic+","og_description":"El c\u00e0ncer \u00e9s una malaltia molt heterog\u00e8nia i per aix\u00f2 s&#8217;est\u00e0 investigant per poder desenvolupar tractaments que s&#8217;adaptin a les caracter\u00edstiques de cada subtipus. Per\u00f2 despr\u00e9s hi ha el repte d&#8217;identificar quins pacients s\u00f3n les que m\u00e9s es beneficien de cada tractament. Pensant en aix\u00f2 s&#8217;ha creat HER2DX, un test gen\u00f2mic que prediu la superviv\u00e8ncia [&hellip;]","og_url":"https:\/\/www.barnaclinic.com\/blog\/ca\/blog\/test-genomic-personalitzar-tractament-del-cancer-de-mama\/","og_site_name":"Blog barnacl\u00ednic+","article_published_time":"2022-01-28T15:00:21+00:00","article_modified_time":"2022-11-16T18:28:27+00:00","og_image":[{"width":800,"height":450,"url":"https:\/\/www.barnaclinic.com\/blog\/wp-content\/uploads\/2022\/01\/test-genomico-cancer-de-mama.jpg","type":"image\/jpeg"}],"author":"barnacl\u00ednic+","twitter_misc":{"Escrit per":"barnacl\u00ednic+","Temps estimat de lectura":"7 minuts"},"schema":{"@context":"https:\/\/schema.org","@graph":[{"@type":"WebPage","@id":"https:\/\/www.barnaclinic.com\/blog\/ca\/blog\/test-genomic-personalitzar-tractament-del-cancer-de-mama\/","url":"https:\/\/www.barnaclinic.com\/blog\/ca\/blog\/test-genomic-personalitzar-tractament-del-cancer-de-mama\/","name":"Un nou test gen\u00f2mic permet personalitzar el tractament del c\u00e0ncer de mama HER2+ - Blog barnacl\u00ednic+","isPartOf":{"@id":"https:\/\/www.barnaclinic.com\/blog\/#website"},"datePublished":"2022-01-28T15:00:21+00:00","dateModified":"2022-11-16T18:28:27+00:00","author":{"@id":"https:\/\/www.barnaclinic.com\/blog\/#\/schema\/person\/062c0219c54bbf07163f34494da33e17"},"inLanguage":"ca","potentialAction":[{"@type":"ReadAction","target":["https:\/\/www.barnaclinic.com\/blog\/ca\/blog\/test-genomic-personalitzar-tractament-del-cancer-de-mama\/"]}]},{"@type":"WebSite","@id":"https:\/\/www.barnaclinic.com\/blog\/#website","url":"https:\/\/www.barnaclinic.com\/blog\/","name":"Blog barnacl\u00ednic+","description":"Informaci\u00f3n y novedades sobre los servicios y profesionales de barnacl\u00ednic+, Hospital Cl\u00ednic de Barcelona","potentialAction":[{"@type":"SearchAction","target":{"@type":"EntryPoint","urlTemplate":"https:\/\/www.barnaclinic.com\/blog\/?s={search_term_string}"},"query-input":"required name=search_term_string"}],"inLanguage":"ca"},{"@type":"Person","@id":"https:\/\/www.barnaclinic.com\/blog\/#\/schema\/person\/062c0219c54bbf07163f34494da33e17","name":"barnacl\u00ednic+","url":"https:\/\/www.barnaclinic.com\/blog\/ca\/blog\/author\/alex\/"}]}},"_links":{"self":[{"href":"https:\/\/www.barnaclinic.com\/blog\/ca\/wp-json\/wp\/v2\/posts\/2454","targetHints":{"allow":["GET"]}}],"collection":[{"href":"https:\/\/www.barnaclinic.com\/blog\/ca\/wp-json\/wp\/v2\/posts"}],"about":[{"href":"https:\/\/www.barnaclinic.com\/blog\/ca\/wp-json\/wp\/v2\/types\/post"}],"author":[{"embeddable":true,"href":"https:\/\/www.barnaclinic.com\/blog\/ca\/wp-json\/wp\/v2\/users\/2"}],"replies":[{"embeddable":true,"href":"https:\/\/www.barnaclinic.com\/blog\/ca\/wp-json\/wp\/v2\/comments?post=2454"}],"version-history":[{"count":3,"href":"https:\/\/www.barnaclinic.com\/blog\/ca\/wp-json\/wp\/v2\/posts\/2454\/revisions"}],"predecessor-version":[{"id":3827,"href":"https:\/\/www.barnaclinic.com\/blog\/ca\/wp-json\/wp\/v2\/posts\/2454\/revisions\/3827"}],"wp:featuredmedia":[{"embeddable":true,"href":"https:\/\/www.barnaclinic.com\/blog\/ca\/wp-json\/wp\/v2\/media\/3407"}],"wp:attachment":[{"href":"https:\/\/www.barnaclinic.com\/blog\/ca\/wp-json\/wp\/v2\/media?parent=2454"}],"wp:term":[{"taxonomy":"category","embeddable":true,"href":"https:\/\/www.barnaclinic.com\/blog\/ca\/wp-json\/wp\/v2\/categories?post=2454"},{"taxonomy":"post_tag","embeddable":true,"href":"https:\/\/www.barnaclinic.com\/blog\/ca\/wp-json\/wp\/v2\/tags?post=2454"}],"curies":[{"name":"wp","href":"https:\/\/api.w.org\/{rel}","templated":true}]}}