{"id":1965,"date":"2021-03-03T09:56:05","date_gmt":"2021-03-03T09:56:05","guid":{"rendered":"http:\/\/www.barnaclinic.com\/blog\/ca\/?p=1965"},"modified":"2025-04-15T14:49:31","modified_gmt":"2025-04-15T14:49:31","slug":"laser-per-a-lepilepsia-farmacoresistent","status":"publish","type":"post","link":"https:\/\/www.barnaclinic.com\/blog\/ca\/blog\/laser-per-a-lepilepsia-farmacoresistent\/","title":{"rendered":"Nou tractament amb l\u00e0ser per a l&#8217;epil\u00e8psia farmacoresistent"},"content":{"rendered":"<p>El Grup Hospital Cl\u00ednic ha incorporat recentment a la seva <a href=\"https:\/\/www.barnaclinic.com\/ca\/neurologia\/epilepsia\/\" target=\"_blank\" rel=\"noopener noreferrer\"><strong>Unitat d&#8217;Epil\u00e8psia<\/strong><\/a> un nou equip de<strong> l\u00e0ser intersticial<\/strong>, una tecnologia m\u00ednimament invasiva que serveix per a, entre altres coses, el<strong> tractament d&#8217;aquelles epil\u00e8psies que no responen als tractaments farmacol\u00f2gics<\/strong> convencionals i que suposen el 30% de tots els pacients amb <a href=\"https:\/\/www.barnaclinic.com\/es\/neurocirugia\/epilepsia\/\" target=\"_blank\" rel=\"noopener noreferrer\"><strong>epil\u00e8psia<\/strong><\/a>.<!--more--><\/p>\n<p><em>&#8220;Amb aquest nou equipament \u00e9s possible fer lesions molt selectives dels focus epilept\u00f2gens, que s\u00f3n l&#8217;origen de les crisis epil\u00e8ptiques, en qu\u00e8 la microcirurgia convencional pot ser massa invasiva&#8221;<\/em>, explica el Dr.<a href=\"https:\/\/www.barnaclinic.com\/ca\/quadre-medic\/189\/jordi\" target=\"_blank\" rel=\"noopener noreferrer\"><strong> Jordi Rumi\u00e0<\/strong><\/a>, <strong><a href=\"https:\/\/www.barnaclinic.com\/ca\/neurocirugia\/\" target=\"_blank\" rel=\"noopener noreferrer\">neurocirurgi\u00e0<\/a> de barnacl\u00ednic+<\/strong> i coordinador del <a href=\"http:\/\/www.barnaclinic.com\/blog\/blog\/neurocirugia-funcional-20-anos\/\" target=\"_blank\" rel=\"noopener noreferrer\"><strong>Programa de Neurocirurgia Funcional<\/strong><\/a> per a Adults i Pediatria de l&#8217;<a href=\"https:\/\/www.clinicbarcelona.org\/\" target=\"_blank\" rel=\"noopener noreferrer\">Hospital Cl\u00ednic de Barcelona<\/a>.<\/p>\n<blockquote>\n<h4><a href=\"https:\/\/www.barnaclinic.com\/es\/cuadro-medico\/189\/jordi\"><img loading=\"lazy\" decoding=\"async\" class=\"alignleft \" src=\"http:\/\/www.barnaclinic.com\/blog\/neurocirugia\/wp-content\/uploads\/sites\/16\/2019\/04\/jordi-rumia.png\" alt=\"Dr. Jordi Rumi\u00e0 - Cirug\u00eda de la Epilepsia\" width=\"97\" height=\"97\" \/><\/a>&#8220;Amb el nou l\u00e0ser intersticial \u00e9s possible fer lesions molt selectives dels focus epilept\u00f2gens, que s\u00f3n l&#8217;origen de les crisis epil\u00e8ptiques, en qu\u00e8 la microcirurgia convencional pot ser massa invasiva&#8221;<\/h4>\n<p>Dr.<a href=\"https:\/\/www.barnaclinic.com\/ca\/quadre-medic\/189\/jordi\" target=\"_blank\" rel=\"noopener noreferrer\"><strong>\u00a0Jordi Rumi\u00e0<\/strong><\/a>,\u00a0<strong><a href=\"https:\/\/www.barnaclinic.com\/ca\/neurocirugia\/\" target=\"_blank\" rel=\"noopener noreferrer\">Neurocirurgi\u00e0<\/a><\/strong><\/p><\/blockquote>\n<h3>Nou l\u00e0ser per a l&#8217;epil\u00e8psia: Major precisi\u00f3 i seguretat<\/h3>\n<p>En la intervenci\u00f3 de l&#8217;<a href=\"https:\/\/www.barnaclinic.com\/ca\/neurologia\/epilepsia\/\" target=\"_blank\" rel=\"noopener noreferrer\"><strong>epil\u00e8psia<\/strong><\/a> amb el nou <strong>l\u00e0ser intersticial<\/strong>, mitjan\u00e7ant un bra\u00e7 rob\u00f2tic guiat per imatge tridimensional s&#8217;insereix una fibra \u00f2ptica prima en el teixit malalt. A trav\u00e9s d&#8217;ella i mitjan\u00e7ant el l\u00e0ser, s&#8217;elimina la zona on s&#8217;inicien les crisis epil\u00e8ptiques de manera molt poc agressiva i evitant lesionar el cervell circumdant sa. Per guiar tot el proc\u00e9s es fa servir una resson\u00e0ncia magn\u00e8tica que ofereix control en temps real i alta seguretat. Tot aix\u00f2 es tradueix en una <strong>intervenci\u00f3 menys agressiva que permet una recuperaci\u00f3 postoperat\u00f2ria m\u00e9s r\u00e0pida i un ingr\u00e9s hospitalari m\u00e9s curt<\/strong>.<\/p>\n<p><strong>El nou l\u00e0ser per a l&#8217;epil\u00e8psia est\u00e0 indicat per a pacients amb epil\u00e8psia focal<\/strong> en qu\u00e8 les crisis s&#8217;inicien en lesions ben definides i de mida petita, no superiors mai als 3 cent\u00edmetres d&#8217;ample. Tamb\u00e9 est\u00e0 indicat per a \u00e0rees d&#8217;acc\u00e9s arriscat mitjan\u00e7ant la microcirurgia convencional.<\/p>\n<p><em>&#8220;Els principals avantatges s\u00f3n que aquest procediment es realitza a trav\u00e9s d&#8217;un petit tall a la pell i es respecten els teixits sans i funcionals que envolten la lesi\u00f3. La seva capacitat de realitzar fins i tot en r\u00e8gim d&#8217;estada hospital\u00e0ria i la r\u00e0pida i completa recuperaci\u00f3 en poc temps tamb\u00e9 s\u00f3n de destacar&#8221;<\/em>, comenta el Dr. <a href=\"https:\/\/www.barnaclinic.com\/ca\/quadre-medic\/326\/pedro\" target=\"_blank\" rel=\"noopener noreferrer\"><strong>Pedro Rold\u00e1n<\/strong><\/a>, <strong><a href=\"https:\/\/www.barnaclinic.com\/ca\/neurocirugia\/\" target=\"_blank\" rel=\"noopener noreferrer\">neurocirurgi\u00e0<\/a> funcional de barnacl\u00ednic+<\/strong>, especialitzat en <a href=\"https:\/\/www.barnaclinic.com\/ca\/trastorns-del-movimient\/\" target=\"_blank\" rel=\"noopener noreferrer\"><strong>Trastorns de el Moviment<\/strong><\/a> i\u00a0<a href=\"https:\/\/www.barnaclinic.com\/es\/neurocirugia\/epilepsia\/\" target=\"_blank\" rel=\"noopener noreferrer\"><strong>Epil\u00e8psia<\/strong><\/a>.<\/p>\n<blockquote>\n<h4><img loading=\"lazy\" decoding=\"async\" class=\" wp-image-1953 alignleft\" src=\"http:\/\/www.barnaclinic.com\/blog\/wp-content\/uploads\/2021\/03\/Captura-de-pantalla-2021-03-02-a-las-17.42.18.png\" alt=\"Pedro Roldan - Trastornos del Movimiento y Epilepsia\" width=\"98\" height=\"97\" \/>&#8220;La principals avantatges l&#8217;\u00fas de l\u00e0ser per a l&#8217;<a href=\"https:\/\/www.barnaclinic.com\/ca\/neurologia\/epilepsia\/\">epil\u00e8psia<\/a> s\u00f3n: que la intervenci\u00f3 es realitza a trav\u00e9s d&#8217;un petit tall a la pell, que es realitza en r\u00e8gim d&#8217;estada hospital\u00e0ria i que la recuperaci\u00f3 \u00e9s m\u00e9s r\u00e0pida&#8221;<\/h4>\n<p>Dr.\u00a0<a href=\"https:\/\/www.barnaclinic.com\/ca\/quadre-medic\/326\/pedro\" target=\"_blank\" rel=\"noopener noreferrer\"><strong>Pedro Rold\u00e1n<\/strong><\/a>,\u00a0<strong><a href=\"https:\/\/www.barnaclinic.com\/ca\/neurocirugia\/\" target=\"_blank\" rel=\"noopener noreferrer\">Neurocirurgi\u00e0<\/a><\/strong><\/p><\/blockquote>\n<h3>El l\u00e0ser intersticial, tamb\u00e9 per al tractament d&#8217;altres patologies<\/h3>\n<p>Tot i que <strong>la principal indicaci\u00f3 d&#8217;aquest nou l\u00e0ser \u00e9s per al tractament de l&#8217;epil\u00e8psia<\/strong>, no \u00e9s aquesta la seva \u00fanica funci\u00f3. Tamb\u00e9 \u00e9s possible el seu \u00fas en altres patologies, com explica el Dr.\u00a0<a href=\"https:\/\/www.barnaclinic.com\/ca\/quadre-medic\/189\/jordi\" target=\"_blank\" rel=\"noopener noreferrer\"><strong>Jordi Rumi\u00e0<\/strong><\/a>: &#8220;Tamb\u00e9 \u00e9s possible emprar-ho en <a href=\"https:\/\/www.barnaclinic.com\/ca\/neurocirugia\/tumor-cerebral-ca\/\" target=\"_blank\" rel=\"noopener noreferrer\">n\u00f2duls tumorals<\/a> o en angiomes cavernosos profunds. Es tracta a m\u00e9s d&#8217;una alternativa per a aquells pacients que opten per una cirurgia m\u00ednimament invasiva&#8221;.<\/p>\n<h3>Sobre l&#8217;epil\u00e8psia<\/h3>\n<p>L&#8217;<a href=\"https:\/\/www.barnaclinic.com\/es\/neurocirugia\/epilepsia\/\" target=\"_blank\" rel=\"noopener noreferrer\"><strong>epil\u00e8psia<\/strong><\/a>\u00a0\u00e9s una de les malalties neurol\u00f2giques m\u00e9s comunes, en la qual els canvis en el teixit cerebral fan que estigui massa o irritable. Aix\u00f2 produeix que l&#8217;activitat cerebral es torni anormal i provoqui convulsions o per\u00edodes de comportaments o sensacions inusuals. A vegades pot ocasionar fins i tot la p\u00e8rdua de consci\u00e8ncia.<\/p>\n<p>A Espanya es calcula que sis de cada cent persones pateixen <strong>epil\u00e8psia<\/strong>, que afecta tant a homes com a dones de qualsevol edat, origen \u00e8tnic o regi\u00f3 geogr\u00e0fica. D&#8217;aquestes persones afectades per l&#8217;<strong>epil\u00e8psia<\/strong> fins a un 20% tindran crisis recurrents.<\/p>\n<p>Un 70% dels <strong>malalts d&#8217;epil\u00e8psia<\/strong> respon adequadament als tractaments farmacol\u00f2gics per poder controlar la seva malaltia. En la resta dels pacients, l&#8217;<strong><a href=\"https:\/\/www.barnaclinic.com\/ca\/neurologia\/epilepsia\/\">epil\u00e8psia<\/a> \u00e9s intractable mitjan\u00e7ant medicaments<\/strong>, necessiten cirurgia o <a href=\"https:\/\/www.barnaclinic.com\/ca\/neurocirugia\/estimulacio-cerebral-profunda\/\"><strong>estimulaci\u00f3 cerebral profunda<\/strong><\/a>. Aix\u00f2 suposa que a Espanya hi ha uns 100.000 malalts en els que s&#8217;han de considerar aquests tractaments alternatius.<\/p>\n<blockquote>\n<h4>El nou l\u00e1ser intersticial\u00a0est\u00e0 especialment indicat per als casos d&#8217;epil\u00e8psies resistents al tractament farmacol\u00f2gic, que suposen el 30% de tots els casos<\/h4>\n<\/blockquote>\n<h2>Referents en neurocirurgia funcional<\/h2>\n<p>El\u00a0<a href=\"https:\/\/www.clinicbarcelona.org\/\" target=\"_blank\" rel=\"noopener noreferrer\">Grupo Hospital Cl\u00ednic<\/a> t\u00e9 una <strong>\u00e0mplia experi\u00e8ncia en el tractament d&#8217;aquests pacients amb epil\u00e8psia farmacoresistent<\/strong>, fruit d&#8217;un <a href=\"https:\/\/www.youtube.com\/watch?v=lyWBtY20h3k\" target=\"_blank\" rel=\"noopener noreferrer\">treball multidisciplinari de m\u00e9s de 25 anys<\/a>. Aix\u00f2 li ha valgut per aconseguir una acreditaci\u00f3 d&#8217;excel\u00b7l\u00e8ncia CSUR com a <strong>centre de refer\u00e8ncia en <a href=\"https:\/\/www.barnaclinic.com\/ca\/neurologia\/epilepsia\/\">epil\u00e8psia refract\u00e0ria<\/a><\/strong> i per formar part de la <a href=\"https:\/\/epi-care.eu\/\" target=\"_blank\" rel=\"noopener noreferrer\">Xarxa Europea de Epil\u00e8psies Rares i Complexes (EPICARE)<\/a>.<\/p>\n<div id=\"estoy-interesado\" class=\"destacat-site\">\n<h4 style=\"padding-left: 30px;\">LI\u00a0POT INTERESSAR\u2026<\/h4>\n<h4 style=\"padding-left: 30px;\"><a href=\"http:\/\/www.barnaclinic.com\/blog\/blog\/neurocirugia-funcional-20-anos\/\" target=\"_blank\" rel=\"noopener noreferrer\">Neurocirug\u00eda Funcional, 20 a\u00f1os y casi 1.000 intervenciones<\/a><\/h4>\n<\/div>\n<hr \/>\n<div id=\"estoy-interesado\" class=\"destacat-site\">\n<h3 style=\"padding-left: 15px; padding-right: 15px;\" align=\"center\"><span style=\"color: white;\">VOL CONTACTAR AMB EL NOSTRE EQUIP DE PROFESSIONALS DE LA UNITAT DE EPILEPSIA?<\/span><\/h3>\n<p style=\"padding-left: 30px; padding-right: 20px;\" align=\"center\"><a class=\"button\" href=\"https:\/\/www.barnaclinic.com\/ca\/solicitar-cita\/?especialidad=141\" target=\"_blank\" rel=\"noopener noreferrer\">DEMANAR CITA<\/a>\u00a0|\u00a0<a class=\"button\" style=\"padding-left: 30px; padding-right: 20px;\" href=\"https:\/\/www.barnaclinic.com\/ca\/solicitar-televisita\/?especialidad=141\" target=\"_blank;\" rel=\"noopener\">SOL\u00b7LICITAR TELEVISITA<\/a><\/p>\n<\/div>\n","protected":false},"excerpt":{"rendered":"<p>El Grup Hospital Cl\u00ednic ha incorporat recentment a la seva Unitat d&#8217;Epil\u00e8psia un nou equip de l\u00e0ser intersticial, una tecnologia m\u00ednimament invasiva que serveix per a, entre altres coses, el tractament d&#8217;aquelles epil\u00e8psies que no responen als tractaments farmacol\u00f2gics convencionals i que suposen el 30% de tots els pacients amb epil\u00e8psia.<\/p>\n","protected":false},"author":2,"featured_media":3329,"comment_status":"closed","ping_status":"closed","sticky":false,"template":"","format":"standard","meta":{"footnotes":""},"categories":[413,336,427],"tags":[852,1777,853,1778,854,855,856,857,858,859,860],"class_list":["post-1965","post","type-post","status-publish","format-standard","has-post-thumbnail","hentry","category-els-nostres-serveis","category-neurocirurgia","category-neurologia-especialitats","tag-cirurgia-de-lepilepsia","tag-dr-pedro-roldan-ca","tag-dr-pere-roldan","tag-epilepsia-ca","tag-laser-per-epilepsia","tag-laser-per-lepilepsia","tag-neurocirurgia","tag-neurocirurgia-funcional","tag-programa-de-neurocirurgia-funcional","tag-tractament-de-lepilepsia","tag-unitat-depilepsia"],"yoast_head":"<!-- This site is optimized with the Yoast SEO plugin v19.14 - https:\/\/yoast.com\/wordpress\/plugins\/seo\/ -->\n<title>Nou tractament amb l\u00e0ser per a l&#039;epil\u00e8psia farmacoresistent<\/title>\n<meta name=\"description\" content=\"El Grup Hospital Cl\u00ednic ha incorporat un nou equip de l\u00e0ser per a l&#039;epil\u00e8psia, per tractar de forma m\u00ednimament invasiva l&#039;epil\u00e8psia farmacorresistent.\" \/>\n<meta name=\"robots\" content=\"index, follow, max-snippet:-1, max-image-preview:large, max-video-preview:-1\" \/>\n<link rel=\"canonical\" href=\"https:\/\/www.barnaclinic.com\/blog\/ca\/blog\/laser-per-a-lepilepsia-farmacoresistent\/\" \/>\n<meta property=\"og:locale\" content=\"ca_ES\" \/>\n<meta property=\"og:type\" content=\"article\" \/>\n<meta property=\"og:title\" content=\"Nou tractament amb l\u00e0ser per a l&#039;epil\u00e8psia farmacoresistent\" \/>\n<meta property=\"og:description\" content=\"El Grup Hospital Cl\u00ednic ha incorporat un nou equip de l\u00e0ser per a l&#039;epil\u00e8psia, per tractar de forma m\u00ednimament invasiva l&#039;epil\u00e8psia farmacorresistent.\" \/>\n<meta property=\"og:url\" content=\"https:\/\/www.barnaclinic.com\/blog\/ca\/blog\/laser-per-a-lepilepsia-farmacoresistent\/\" \/>\n<meta property=\"og:site_name\" content=\"Blog barnacl\u00ednic+\" \/>\n<meta property=\"article:published_time\" content=\"2021-03-03T09:56:05+00:00\" \/>\n<meta property=\"article:modified_time\" content=\"2025-04-15T14:49:31+00:00\" \/>\n<meta property=\"og:image\" content=\"https:\/\/www.barnaclinic.com\/blog\/wp-content\/uploads\/2021\/03\/laser-para-epilepsia.jpg\" \/>\n\t<meta property=\"og:image:width\" content=\"800\" \/>\n\t<meta property=\"og:image:height\" content=\"350\" \/>\n\t<meta property=\"og:image:type\" content=\"image\/jpeg\" \/>\n<meta name=\"author\" content=\"barnacl\u00ednic+\" \/>\n<meta name=\"twitter:label1\" content=\"Escrit per\" \/>\n\t<meta name=\"twitter:data1\" content=\"barnacl\u00ednic+\" \/>\n\t<meta name=\"twitter:label2\" content=\"Temps estimat de lectura\" \/>\n\t<meta name=\"twitter:data2\" content=\"4 minuts\" \/>\n<script type=\"application\/ld+json\" class=\"yoast-schema-graph\">{\"@context\":\"https:\/\/schema.org\",\"@graph\":[{\"@type\":\"WebPage\",\"@id\":\"https:\/\/www.barnaclinic.com\/blog\/ca\/blog\/laser-per-a-lepilepsia-farmacoresistent\/\",\"url\":\"https:\/\/www.barnaclinic.com\/blog\/ca\/blog\/laser-per-a-lepilepsia-farmacoresistent\/\",\"name\":\"Nou tractament amb l\u00e0ser per a l'epil\u00e8psia farmacoresistent\",\"isPartOf\":{\"@id\":\"https:\/\/www.barnaclinic.com\/blog\/#website\"},\"datePublished\":\"2021-03-03T09:56:05+00:00\",\"dateModified\":\"2025-04-15T14:49:31+00:00\",\"author\":{\"@id\":\"https:\/\/www.barnaclinic.com\/blog\/#\/schema\/person\/062c0219c54bbf07163f34494da33e17\"},\"description\":\"El Grup Hospital Cl\u00ednic ha incorporat un nou equip de l\u00e0ser per a l'epil\u00e8psia, per tractar de forma m\u00ednimament invasiva l'epil\u00e8psia farmacorresistent.\",\"inLanguage\":\"ca\",\"potentialAction\":[{\"@type\":\"ReadAction\",\"target\":[\"https:\/\/www.barnaclinic.com\/blog\/ca\/blog\/laser-per-a-lepilepsia-farmacoresistent\/\"]}]},{\"@type\":\"WebSite\",\"@id\":\"https:\/\/www.barnaclinic.com\/blog\/#website\",\"url\":\"https:\/\/www.barnaclinic.com\/blog\/\",\"name\":\"Blog barnacl\u00ednic+\",\"description\":\"Informaci\u00f3n y novedades sobre los servicios y profesionales de barnacl\u00ednic+, Hospital Cl\u00ednic de Barcelona\",\"potentialAction\":[{\"@type\":\"SearchAction\",\"target\":{\"@type\":\"EntryPoint\",\"urlTemplate\":\"https:\/\/www.barnaclinic.com\/blog\/?s={search_term_string}\"},\"query-input\":\"required name=search_term_string\"}],\"inLanguage\":\"ca\"},{\"@type\":\"Person\",\"@id\":\"https:\/\/www.barnaclinic.com\/blog\/#\/schema\/person\/062c0219c54bbf07163f34494da33e17\",\"name\":\"barnacl\u00ednic+\",\"url\":\"https:\/\/www.barnaclinic.com\/blog\/ca\/blog\/author\/alex\/\"}]}<\/script>\n<!-- \/ Yoast SEO plugin. -->","yoast_head_json":{"title":"Nou tractament amb l\u00e0ser per a l'epil\u00e8psia farmacoresistent","description":"El Grup Hospital Cl\u00ednic ha incorporat un nou equip de l\u00e0ser per a l'epil\u00e8psia, per tractar de forma m\u00ednimament invasiva l'epil\u00e8psia farmacorresistent.","robots":{"index":"index","follow":"follow","max-snippet":"max-snippet:-1","max-image-preview":"max-image-preview:large","max-video-preview":"max-video-preview:-1"},"canonical":"https:\/\/www.barnaclinic.com\/blog\/ca\/blog\/laser-per-a-lepilepsia-farmacoresistent\/","og_locale":"ca_ES","og_type":"article","og_title":"Nou tractament amb l\u00e0ser per a l'epil\u00e8psia farmacoresistent","og_description":"El Grup Hospital Cl\u00ednic ha incorporat un nou equip de l\u00e0ser per a l'epil\u00e8psia, per tractar de forma m\u00ednimament invasiva l'epil\u00e8psia farmacorresistent.","og_url":"https:\/\/www.barnaclinic.com\/blog\/ca\/blog\/laser-per-a-lepilepsia-farmacoresistent\/","og_site_name":"Blog barnacl\u00ednic+","article_published_time":"2021-03-03T09:56:05+00:00","article_modified_time":"2025-04-15T14:49:31+00:00","og_image":[{"width":800,"height":350,"url":"https:\/\/www.barnaclinic.com\/blog\/wp-content\/uploads\/2021\/03\/laser-para-epilepsia.jpg","type":"image\/jpeg"}],"author":"barnacl\u00ednic+","twitter_misc":{"Escrit per":"barnacl\u00ednic+","Temps estimat de lectura":"4 minuts"},"schema":{"@context":"https:\/\/schema.org","@graph":[{"@type":"WebPage","@id":"https:\/\/www.barnaclinic.com\/blog\/ca\/blog\/laser-per-a-lepilepsia-farmacoresistent\/","url":"https:\/\/www.barnaclinic.com\/blog\/ca\/blog\/laser-per-a-lepilepsia-farmacoresistent\/","name":"Nou tractament amb l\u00e0ser per a l'epil\u00e8psia farmacoresistent","isPartOf":{"@id":"https:\/\/www.barnaclinic.com\/blog\/#website"},"datePublished":"2021-03-03T09:56:05+00:00","dateModified":"2025-04-15T14:49:31+00:00","author":{"@id":"https:\/\/www.barnaclinic.com\/blog\/#\/schema\/person\/062c0219c54bbf07163f34494da33e17"},"description":"El Grup Hospital Cl\u00ednic ha incorporat un nou equip de l\u00e0ser per a l'epil\u00e8psia, per tractar de forma m\u00ednimament invasiva l'epil\u00e8psia farmacorresistent.","inLanguage":"ca","potentialAction":[{"@type":"ReadAction","target":["https:\/\/www.barnaclinic.com\/blog\/ca\/blog\/laser-per-a-lepilepsia-farmacoresistent\/"]}]},{"@type":"WebSite","@id":"https:\/\/www.barnaclinic.com\/blog\/#website","url":"https:\/\/www.barnaclinic.com\/blog\/","name":"Blog barnacl\u00ednic+","description":"Informaci\u00f3n y novedades sobre los servicios y profesionales de barnacl\u00ednic+, Hospital Cl\u00ednic de Barcelona","potentialAction":[{"@type":"SearchAction","target":{"@type":"EntryPoint","urlTemplate":"https:\/\/www.barnaclinic.com\/blog\/?s={search_term_string}"},"query-input":"required name=search_term_string"}],"inLanguage":"ca"},{"@type":"Person","@id":"https:\/\/www.barnaclinic.com\/blog\/#\/schema\/person\/062c0219c54bbf07163f34494da33e17","name":"barnacl\u00ednic+","url":"https:\/\/www.barnaclinic.com\/blog\/ca\/blog\/author\/alex\/"}]}},"_links":{"self":[{"href":"https:\/\/www.barnaclinic.com\/blog\/ca\/wp-json\/wp\/v2\/posts\/1965","targetHints":{"allow":["GET"]}}],"collection":[{"href":"https:\/\/www.barnaclinic.com\/blog\/ca\/wp-json\/wp\/v2\/posts"}],"about":[{"href":"https:\/\/www.barnaclinic.com\/blog\/ca\/wp-json\/wp\/v2\/types\/post"}],"author":[{"embeddable":true,"href":"https:\/\/www.barnaclinic.com\/blog\/ca\/wp-json\/wp\/v2\/users\/2"}],"replies":[{"embeddable":true,"href":"https:\/\/www.barnaclinic.com\/blog\/ca\/wp-json\/wp\/v2\/comments?post=1965"}],"version-history":[{"count":4,"href":"https:\/\/www.barnaclinic.com\/blog\/ca\/wp-json\/wp\/v2\/posts\/1965\/revisions"}],"predecessor-version":[{"id":5150,"href":"https:\/\/www.barnaclinic.com\/blog\/ca\/wp-json\/wp\/v2\/posts\/1965\/revisions\/5150"}],"wp:featuredmedia":[{"embeddable":true,"href":"https:\/\/www.barnaclinic.com\/blog\/ca\/wp-json\/wp\/v2\/media\/3329"}],"wp:attachment":[{"href":"https:\/\/www.barnaclinic.com\/blog\/ca\/wp-json\/wp\/v2\/media?parent=1965"}],"wp:term":[{"taxonomy":"category","embeddable":true,"href":"https:\/\/www.barnaclinic.com\/blog\/ca\/wp-json\/wp\/v2\/categories?post=1965"},{"taxonomy":"post_tag","embeddable":true,"href":"https:\/\/www.barnaclinic.com\/blog\/ca\/wp-json\/wp\/v2\/tags?post=1965"}],"curies":[{"name":"wp","href":"https:\/\/api.w.org\/{rel}","templated":true}]}}