{"id":1698,"date":"2020-06-09T08:19:00","date_gmt":"2020-06-09T08:19:00","guid":{"rendered":"http:\/\/www.barnaclinic.com\/blog\/ca\/?p=1698"},"modified":"2020-06-26T13:39:29","modified_gmt":"2020-06-26T13:39:29","slug":"diagnostic-de-la-covid-19-sequeles","status":"publish","type":"post","link":"https:\/\/www.barnaclinic.com\/blog\/ca\/blog\/diagnostic-de-la-covid-19-sequeles\/","title":{"rendered":"Nova oferta de diagn\u00f2stic de la COVID-19 i de les seves possibles seq\u00fceles"},"content":{"rendered":"<p>En la fase de <strong>desescalada de la pand\u00e8mia per COVID-19<\/strong> en qu\u00e8 ens trobem est\u00e0 sent i\u00a0ser\u00e0 fonamental el correcte <strong>diagn\u00f2stic de la malaltia<\/strong>. A m\u00e9s, va ser molt important la identificaci\u00f3 d&#8217;aquelles persones que l&#8217;han passat i les seves possibles seq\u00fceles. Per aquest motiu, a barnacl\u00ednic+ hem dissenyat diversos protocols diagn\u00f2stics per als diferents perfils de pacient: <strong><a href=\"https:\/\/www.barnaclinic.com\/ca\/covid-19\/#diagnostic-de-la-covid-19\" target=\"_blank\" rel=\"noopener noreferrer\">diagn\u00f2stic de la COVID-19<\/a> previ a l&#8217;ingr\u00e9s<\/strong> (<strong>PCR<\/strong>), <strong>confirmaci\u00f3 de contacte<\/strong> (<strong>Serologia<\/strong>) i <a href=\"https:\/\/www.barnaclinic.com\/ca\/covid-19\/#avaluacio-de-les-sequeeles-de-la-covid-19\" target=\"_blank\" rel=\"noopener noreferrer\"><strong>avaluaci\u00f3 i tractament de les seq\u00fceles post-COVID-19<\/strong><\/a>.<\/p>\n<p><!--more--><br \/>\n<a class=\"button\" href=\"https:\/\/www.clinicbarcelona.org\/ca\/premsa\/ultima-hora\/situacio-i-consells-davant-la-pandemia-per-covid-19\">M\u00c9S INFORMACI\u00d3 I INFORMACI\u00d3 ACTUALITZADA SOBRE LA COVID-19<\/a><\/p>\n<h2>En qu\u00e8 consisteix el diagn\u00f2stic de la COVID-19 barnacl\u00ednic+?<\/h2>\n<p>El <a href=\"http:\/\/hospitalclinic.org\"><strong>Grup Hospital Cl\u00ednic de Barcelona<\/strong><\/a> ha estat <strong>centre de refer\u00e8ncia en el <a href=\"https:\/\/www.barnaclinic.com\/ca\/covid-19\/\" target=\"_blank\" rel=\"noopener noreferrer\">maneig de la COVID-19<\/a><\/strong>. Per aquest motiu, els nostres equips porten mesos afrontant la pand\u00e8mia, adquirint experi\u00e8ncia i desenvolupant protocols d&#8217;actuaci\u00f3 i estudis al respecte. A <strong>barnacl\u00ednic+<\/strong>, basant-nos en l&#8217;evid\u00e8ncia cient\u00edfica existent i en l&#8217;experi\u00e8ncia adquirida pels nostres professionals, hem desenvolupat diversos <strong>protocols de diagn\u00f2stic<\/strong> adaptats als diferents perfils de <strong>pacient COVID-19<\/strong> i <strong>post-COVID-19<\/strong>.<\/p>\n<h2>Diagn\u00f2stic de la COVID-19 adaptat a el tipus de pacient<\/h2>\n<ul>\n<li>\n<h5>PACIENT QUE HA INGRESSAR O SER\u00a0SOTM\u00c8S A\u00a0UNA INTERVENCI\u00d3<\/h5>\n<\/li>\n<\/ul>\n<p>Per <strong>assegurar la seguretat dels nostres pacients i dels nostres professionals<\/strong>, hem de controlar l&#8217;estat d&#8217;aquelles persones que ingressen a la nostra sala d&#8217;hospitalitzaci\u00f3 o que\u00a0han\u00a0de ser sotmeses a una intervenci\u00f3. Per a aix\u00f2, controlem si presenta la cl\u00ednica i els <a href=\"https:\/\/www.barnaclinic.com\/ca\/covid-19\/\" target=\"_blank\" rel=\"noopener noreferrer\"><strong>s\u00edmptomes de la COVID-19<\/strong><\/a>: tos, febre, dificultat per respirar, etc\u00e8tera &#8230; I, d&#8217;altra banda, seguim un <strong>protocol de seguretat i protecci\u00f3 per als altres pacients i professionals<\/strong>. Entre altres coses, <strong>realitzem una prova PCR per al diagn\u00f2stic de la COVID-19,<\/strong> amb presa de mostres nasals i lar\u00edngies.<\/p>\n<p>La <strong>PCR<\/strong> \u00e9s un tipus de prova que es realitza per identificar la pres\u00e8ncia a la via respirat\u00f2ria superior de <strong>material gen\u00e8tic del coronavirus SARS-CoV-2<\/strong>, <strong>causant de la COVID-19<\/strong>. Es tracta de la <strong>prova de diagn\u00f2stic est\u00e0ndard de refer\u00e8ncia per a la COVID-19<\/strong>. Aix\u00f2 \u00e9s degut a que t\u00e9 una bona sensibilitat (no d\u00f3na falsos negatius) i una bona especificitat (no d\u00f3na falsos positius).<\/p>\n<p><a class=\"button\" href=\"https:\/\/www.barnaclinic.com\/ca\/covid-19\/#tipus-de-proves-de-diagnostic-de-la-covid-19\">M\u00c9S INFORMACI\u00d3 SOBRE LA PCR A BARNACL\u00cdNIC+<\/a><\/p>\n<ul>\n<li>\n<h5>PACIENT SOSPIT\u00d3S DE CONTACTE<\/h5>\n<\/li>\n<\/ul>\n<p>Ara que la pand\u00e8mia est\u00e0 minorant o pr\u00e0cticament desapareixent, hi haur\u00e0 qui vulgui o necessiti saber si ha tingut una <a href=\"https:\/\/www.barnaclinic.com\/ca\/covid-19\/\" target=\"_blank\" rel=\"noopener noreferrer\"><strong>infecci\u00f3 per COVID-19<\/strong><\/a>. El Dr.\u00a0<a href=\"https:\/\/www.barnaclinic.com\/ca\/quadre-medic\/209\/alfonso\"><strong>Alfonso L\u00f3pez-Soto<\/strong><\/a>, Adjunt a la direcci\u00f3 Assistencial i especialista de <a href=\"https:\/\/www.barnaclinic.com\/ca\/solicitar-cita\/?especialidad=25\" target=\"_blank\" rel=\"noopener noreferrer\">Medicina Interna<\/a> de barnacl\u00ednic+, explica que es tracta pacients &#8220;que han tingut una <strong>PCR positiva<\/strong> i un quadre cl\u00ednic compatible, o aquells, que no ho han passat, per\u00f2 que volen saber si realment han estat en contacte&#8221;. Per a aquests casos, hem desenvolupat \u00e9s <strong>un protocol que ens permet identificar la pres\u00e8ncia d&#8217;anticossos contra la COVID-19<\/strong>. Per a aix\u00f2, es realitzar\u00e0 un <strong>test serol\u00f2gic<\/strong> a trav\u00e9s d&#8217;una an\u00e0lisi de sang. Aquest tipus de prova de laboratori permet detectar la resposta immunol\u00f2gica per la pres\u00e8ncia (en algun moment) de la <strong>COVID-19<\/strong>. El <strong>test serol\u00f2gic<\/strong> detecta, sobretot, els anticossos IgG (aquells que s&#8217;adhereixen al coronavirus per desactivar-lo).<\/p>\n<p><a class=\"button\" href=\"https:\/\/www.barnaclinic.com\/ca\/covid-19\/#tipus-de-proves-de-diagnostic-de-la-covid-19\">M\u00c9S INFORMACI\u00d3 SOBRE EL TEST SEROL\u00d2GIC A BARNACL\u00cdNIC+<\/a><\/p>\n<h2>Per qu\u00e8 \u00e9s important la interpretaci\u00f3 de les proves COVID-19 per part d&#8217;un expert?<\/h2>\n<p>Per obtenir resultats fiables <strong>\u00e9s fonamental la recollida de les mostres per part de professionals experimentats<\/strong>. A m\u00e9s, la interpretaci\u00f3 de les <a href=\"https:\/\/www.barnaclinic.com\/ca\/covid-19\/#tipus-de-proves-de-diagnostic-de-la-covid-19\" target=\"_blank\" rel=\"noopener noreferrer\"><strong>proves de diagn\u00f2stic de la COVID-19<\/strong><\/a> ha de realitzar-la un equip m\u00e8dic expert en el maneig de la malaltia. Per explicar-ho, el Dr. <strong>L\u00f3pez-Soto<\/strong> subratlla la import\u00e0ncia del m\u00e8tode de recollida per obtenir una alta sensibilitat: &#8220;la PCR, en frotis nasal o faringi, si \u00e9s realitzada per personal expert, t\u00e9 una elevada sensibilitat, de fins al 90 per cent &#8220;. Per a l&#8217;an\u00e0lisi del 10% restant ser\u00e0 fonamental la interpretaci\u00f3 de l&#8217;equip m\u00e8dic ja que, com explica el doctor: &#8220;Una PCR negativa no ens descarta, en les fases inicials, la <strong>infecci\u00f3 per COVID-19<\/strong>&#8220;.<\/p>\n<p>El mateix passa amb el <strong>diagn\u00f2stic de la COVID-19 mitjan\u00e7ant proves de serologia<\/strong>. Com explica el doctor: &#8220;No tots els pacients produeixen anticossos de la mateixa manera&#8221;. Hi ha pacients que, en les fases inicials, entre el set\u00e8 i el des\u00e8 dia, tenen una producci\u00f3 d&#8217;anticossos baixa. En aquests casos, \u00e9s fonamental interpretar els resultats i, si fos necessari, repetir la prova a el cap d&#8217;uns dies.<\/p>\n<p>Per tot aix\u00f2, \u00e9s fonamental l&#8217;an\u00e0lisi combinada de les dades cl\u00edniques del pacient amb els resultats de les <a href=\"https:\/\/www.barnaclinic.com\/ca\/covid-19\/#tipus-de-proves-de-diagnostic-de-la-covid-19\" target=\"_blank\" rel=\"noopener noreferrer\"><strong>proves de diagn\u00f2stic de la COVID-19<\/strong><\/a>. En aquest sentit, com afirma el Dr. <strong>L\u00f3pez-Soto<\/strong>, &#8220;L&#8217;\u00fanic que pot fer una interpretaci\u00f3 adequada, per evitar falsos positius o falsos negatius, \u00e9s un professional m\u00e8dic qualificat. Ha de tenir experi\u00e8ncia en el <strong>diagn\u00f2stic, el tractament i el maneig de la COVID-19<\/strong>&#8220;.<\/p>\n<blockquote>\n<h4><img loading=\"lazy\" decoding=\"async\" class=\"alignleft wp-image-1737\" src=\"http:\/\/www.barnaclinic.com\/blog\/wp-content\/uploads\/2020\/06\/lopez-soto-alfonso-150x150.jpg\" alt=\"\" width=\"90\" height=\"90\" srcset=\"https:\/\/www.barnaclinic.com\/blog\/wp-content\/uploads\/2020\/06\/lopez-soto-alfonso-150x150.jpg 150w, https:\/\/www.barnaclinic.com\/blog\/wp-content\/uploads\/2020\/06\/lopez-soto-alfonso-300x300.jpg 300w, https:\/\/www.barnaclinic.com\/blog\/wp-content\/uploads\/2020\/06\/lopez-soto-alfonso.jpg 356w\" sizes=\"auto, (max-width: 90px) 100vw, 90px\" \/><\/h4>\n<h4>&#8220;L&#8217;\u00fanic que pot fer una interpretaci\u00f3 adequada, per evitar falsos positius o falsos negatius, \u00e9s un professional m\u00e8dic qualificat i que tingui experi\u00e8ncia en el diagn\u00f2stic, el tractament i el maneig de la COVID-19&#8221;<\/h4>\n<p>Dr. <a href=\"https:\/\/www.barnaclinic.com\/ca\/quadre-medic\/209\/alfonso\" target=\"_blank\" rel=\"noopener noreferrer\">Alfonso L\u00f3pez Soto<\/a><\/p><\/blockquote>\n<h2>Diagn\u00f2stic i tractament de les complicacions i seq\u00fceles de la COVID-19<\/h2>\n<ul>\n<li>\n<h5>Seq\u00fceles respirat\u00f2ries post-COVID-19<\/h5>\n<\/li>\n<\/ul>\n<div align=\"center\"><iframe loading=\"lazy\" src=\"https:\/\/www.youtube.com\/embed\/p3HWo0CIvzA\" width=\"700\" height=\"394\" frameborder=\"0\" align=\"center\" allowfullscreen=\"allowfullscreen\" data-mce-fragment=\"1\"><\/iframe><\/div>\n<p>&#8220;Creiem que un percentatge de <strong>pacients que ha passat la COVID-19<\/strong> presentar\u00e0 <strong>lesions fibr\u00f2tiques<\/strong> o <strong>seq\u00fceles pulmonars<\/strong> a mitj\u00e0 o llarg termini&#8221;. Ho afirma el Dr. <a href=\"https:\/\/www.barnaclinic.com\/ca\/quadre-medic\/451\/jacobo\" target=\"_blank\" rel=\"noopener noreferrer\"><strong>Jacobo Sellar\u00e9s<\/strong><\/a>, <a href=\"https:\/\/www.barnaclinic.com\/ca\/respiratori\/pneumologia\/\" target=\"_blank\" rel=\"noopener noreferrer\">pneum\u00f2leg<\/a> de barnacl\u00ednic+ i coordinador del Grup de Malalties Intersticials pulmonars de l&#8217;<a href=\"https:\/\/www.clinicbarcelona.org\/\" target=\"_blank\" rel=\"noopener noreferrer\">Hospital Cl\u00ednic de Barcelona<\/a>. A l&#8217;Hospital Cl\u00ednic estan veient que alguns pacients, sobretot els que han estat m\u00e9s greus, un cop passada la fase aguda de la malaltia, mantenen <strong>imatges en el pulm\u00f3 i sensaci\u00f3 de falta d&#8217;aire<\/strong> <strong>despr\u00e9s de la COVID-19<\/strong>.<\/p>\n<blockquote>\n<h4><a href=\"https:\/\/www.barnaclinic.com\/es\/cuadro-medico\/451\/jacobo\"><img loading=\"lazy\" decoding=\"async\" class=\"alignleft wp-image-1685\" src=\"http:\/\/www.barnaclinic.com\/blog\/wp-content\/uploads\/2020\/06\/Captura-de-pantalla-2020-06-04-a-las-19.25.17-150x150.png\" alt=\"\" width=\"94\" height=\"95\" srcset=\"https:\/\/www.barnaclinic.com\/blog\/wp-content\/uploads\/2020\/06\/Captura-de-pantalla-2020-06-04-a-las-19.25.17-150x150.png 150w, https:\/\/www.barnaclinic.com\/blog\/wp-content\/uploads\/2020\/06\/Captura-de-pantalla-2020-06-04-a-las-19.25.17.png 254w\" sizes=\"auto, (max-width: 94px) 100vw, 94px\" \/><\/a>&#8220;Creiem que un percentatge de pacients que ha passat la COVID-19 presentar\u00e0 lesions fibr\u00f2tiques o seq\u00fceles pulmonars a mitj\u00e0 o llarg termini&#8221;<\/h4>\n<p>Dr.\u00a0<a href=\"https:\/\/www.barnaclinic.com\/ca\/quadre-medic\/451\/jacobo\" target=\"_blank\" rel=\"noopener noreferrer\">Jacobo Sellar\u00e9s<\/a><\/p><\/blockquote>\n<p>En aquest sentit, des de barnacl\u00ednic+ hem desenvolupat una <strong>oferta de serveis per a aquells pacients que han superat la COVID-19 per\u00f2 que segueixen presentant complicacions respirat\u00f2ries<\/strong>. <strong>Complicacions de la COVID-19<\/strong> com la <strong>pneum\u00f2nia bilateral<\/strong>, la <strong>inflamaci\u00f3 persistent de les vies respirat\u00f2ries<\/strong> o l&#8217;<strong>emb\u00f2lia pulmonar<\/strong>. Patologies que poden ocasionar <strong>seq\u00fceles respirat\u00f2ries<\/strong> a mitj\u00e0 i llarg termini. Aquest tipus de complicacions han de ser diagnosticades i seguides amb atenci\u00f3. A m\u00e9s, han de ser tractades per <strong>professionals m\u00e8dics amb experi\u00e8ncia en el maneig de patologies v\u00edriques similars a la COVID-19<\/strong>. El nostre equip multidisciplinari ha definit una s\u00e8rie de protocols, adaptats a cada cas, que contemplen proves com el TAC tor\u00e0cic, l&#8217;esc\u00e0ner de pulm\u00f3 i diverses proves de funci\u00f3 pulmonar.<\/p>\n<ul>\n<li>\n<h5>P\u00e8rdua de l&#8217;Olfacte i del Gust post-COVID-19<\/h5>\n<\/li>\n<\/ul>\n<div align=\"center\"><iframe loading=\"lazy\" src=\"https:\/\/www.youtube.com\/embed\/nkjAZYon7gE\" width=\"700\" height=\"394\" frameborder=\"0\" align=\"center\" allowfullscreen=\"allowfullscreen\" data-mce-fragment=\"1\"><\/iframe><\/div>\n<p>&#8220;Segons els \u00faltims estudis, fins a un 88% dels <strong>pacients amb COVID-19<\/strong> presenten una <a href=\"http:\/\/www.barnaclinic.com\/blog\/orl\/ca\/perdua-de-lolfacte-i-covid-19\/\" target=\"_blank\" rel=\"noopener noreferrer\"><strong>p\u00e8rdua de l&#8217;olfacte i del gust<\/strong><\/a>&#8220;. Explica el Dr. <a href=\"https:\/\/www.barnaclinic.com\/ca\/quadre-medic\/195\/isam\" target=\"_blank\" rel=\"noopener noreferrer\"><strong>Isam Alobid<\/strong><\/a>, <a href=\"https:\/\/www.barnaclinic.com\/ca\/especialitats\/21\/otorrinolaringologia\" target=\"_blank\" rel=\"noopener noreferrer\">rin\u00f3logo<\/a> de barncl\u00ednic+ i de l&#8217;<a href=\"https:\/\/www.clinicbarcelona.org\/\" target=\"_blank\" rel=\"noopener noreferrer\">Hospital Cl\u00ednic de Barcelona<\/a>. La majoria d&#8217;ells, al voltant de l&#8217;80%, recuperar\u00e0 la capacitat olfactiva de forma espont\u00e0nia. No obstant aix\u00f2, l&#8217;experi\u00e8ncia amb altres <strong>anosmies post-virals<\/strong> fa pensar que una part d&#8217;aquests pacients seguir\u00e0 presentant una p\u00e8rdua a mig &#8211; llarg termini. Per a aquest percentatge de pacients actualment nom\u00e9s hi ha un tipus de tractament, l&#8217;<a href=\"http:\/\/www.barnaclinic.com\/blog\/orl\/ca\/perdua-de-lolfacte-i-covid-19\/\" target=\"_blank\" rel=\"noopener noreferrer\"><strong>entrenament olfactori<\/strong><\/a>.<\/p>\n<blockquote>\n<h4><strong><a href=\"https:\/\/www.barnaclinic.com\/es\/cuadro-medico\/195\/isam\"><img loading=\"lazy\" decoding=\"async\" class=\"alignleft wp-image-1259 lazy-loaded\" src=\"http:\/\/www.barnaclinic.com\/blog\/wp-content\/uploads\/2018\/03\/isam-alobid.png\" alt=\"Isam Alobid\" width=\"90\" height=\"90\" data-lazy-type=\"image\" data-src=\"http:\/\/www.barnaclinic.com\/blog\/wp-content\/uploads\/2018\/03\/isam-alobid.png\" \/><\/a><\/strong><\/h4>\n<h4>&#8220;Segons els \u00faltims estudis, fins a un 88% dels pacients amb COVID-19 presenten una p\u00e8rdua de l&#8217;olfacte i del gust. Una petita part no els recuperar\u00e0 a mig-llarg termini &#8220;<\/h4>\n<p>Dr.\u00a0<a href=\"https:\/\/www.barnaclinic.com\/ca\/quadre-medic\/195\/isam\">Isam Alobid<\/a><\/p><\/blockquote>\n<p><strong>A barnacl\u00ednic+ hem desenvolupat un protocol per al diagn\u00f2stic, el <a href=\"http:\/\/www.barnaclinic.com\/blog\/orl\/ca\/perdua-de-lolfacte-i-covid-19\/\" target=\"_blank\" rel=\"noopener noreferrer\">seguiment i el tractament de l&#8217;anomia Post-COVID-19<\/a><\/strong>. Aquells pacients que hagin patit la COVID-19, hagin <strong>perdut l&#8217;olfacte i el gust<\/strong>, han de ser avaluats i seguits.<\/p>\n<p>El nostre equip se&#8217;ls ha de fer una exploraci\u00f3 profunda; per descartar que la p\u00e8rdua estigui produ\u00efda per una alteraci\u00f3 endonasal, se&#8217;ls far\u00e0 una endosc\u00f2pia i una resson\u00e0ncia magn\u00e8tica del bulb olfactori. A continuaci\u00f3, se&#8217;ls portar\u00e0 a terme una <strong>olfactometria<\/strong>.<\/p>\n<p><strong>A barnacl\u00ednic+ comptem amb una olfactometria de 8 olors<\/strong>, que ofereix dades exactes i aclaridors sobre la capacitat olfactiva. Finalment, i depenent dels resultats, se&#8217;ls recomanar\u00e0 un <strong>entrenament olfactiu<\/strong>. L&#8217;<strong>entrenament o training olfactori<\/strong> consistent en una exposici\u00f3 repetitiva i estructurada a diferents odorants que permet tornar a recon\u00e8ixer les olors.<\/p>\n<p>En la nostra experi\u00e8ncia amb la <strong>an\u00f2smia post-viral<\/strong>, l&#8217;<strong>entrenament olfactori<\/strong> ha ofert \u00f2ptims resultats. Com afirma el Dr. Alobid: &#8220;un de cada tres pacients an\u00f3smicos recuperen l&#8217;olfacte amb un <strong>entrenament olfactori<\/strong> de sis mesos de mitjana&#8221;.<\/p>\n<p><a class=\"button\" href=\"http:\/\/www.barnaclinic.com\/blog\/orl\/perdida-de-olfato-covid-19\/\">M\u00c9S INFORMACI\u00d3 SOBRE P\u00c8RDUA DE L&#8217;OLFACTE I COVID-19<\/a><\/p>\n<hr \/>\n<div id=\"estoy-interesado\" class=\"destacat-site\">\n<h3 style=\"padding-left: 15px; padding-right: 15px;\" align=\"center\"><span style=\"color: white;\">NECESSITES DIAGN\u00d2STIC DE LA COVID-19 O VOLS AVALUAR LES POSSIBLES SEQ\u00dcELES?<\/span><\/h3>\n<p style=\"padding-left: 30px; padding-right: 20px;\" align=\"center\"><a class=\"button\" href=\"https:\/\/www.barnaclinic.com\/ca\/solicitar-cita\/?especialidad=184\" target=\"_blank\" rel=\"noopener noreferrer\">DEMANAR CITA<\/a>\u00a0| <a class=\"button\" style=\"padding-left: 30px; padding-right: 20px;\" href=\"https:\/\/www.barnaclinic.com\/ca\/solicitar-televisita\/?especialidad=184\" target=\"_blank;\">SOL\u00b7LICITAR TELEVISITA<\/a><\/p>\n<\/div>\n","protected":false},"excerpt":{"rendered":"<p>En la fase de desescalada de la pand\u00e8mia per COVID-19 en qu\u00e8 ens trobem est\u00e0 sent i\u00a0ser\u00e0 fonamental el correcte diagn\u00f2stic de la malaltia. A m\u00e9s, va ser molt important la identificaci\u00f3 d&#8217;aquelles persones que l&#8217;han passat i les seves possibles seq\u00fceles. Per aquest motiu, a barnacl\u00ednic+ hem dissenyat diversos protocols diagn\u00f2stics per als diferents [&hellip;]<\/p>\n","protected":false},"author":2,"featured_media":1694,"comment_status":"open","ping_status":"open","sticky":false,"template":"","format":"standard","meta":{"footnotes":""},"categories":[413,335,393,435],"tags":[637,638,639,640,396,641],"class_list":["post-1698","post","type-post","status-publish","format-standard","has-post-thumbnail","hentry","category-els-nostres-serveis","category-otorrinolaringologia","category-pneumologia","category-proves-de-diagnostic","tag-complicacions-de-la-covid-19","tag-complicacions-post-covid-19","tag-diagnostic-covid-19","tag-dr-alfons-lopez-soto","tag-pneumologia","tag-sequeles-de-la-covid-19","has-post-video"],"yoast_head":"<!-- This site is optimized with the Yoast SEO plugin v19.14 - https:\/\/yoast.com\/wordpress\/plugins\/seo\/ -->\n<title>Nova oferta de diagn\u00f2stic de la COVID-19 i les seves possibles seq\u00fceles<\/title>\n<meta name=\"description\" content=\"En la fase de desescalada de la pand\u00e8mia va ser fonamental el correcte diagn\u00f2stic de la COVID-19 i de les possibles seq\u00fceles post-COVID-19 ...\" \/>\n<meta name=\"robots\" content=\"index, follow, max-snippet:-1, max-image-preview:large, max-video-preview:-1\" \/>\n<link rel=\"canonical\" href=\"https:\/\/www.barnaclinic.com\/blog\/ca\/blog\/diagnostic-de-la-covid-19-sequeles\/\" \/>\n<meta property=\"og:locale\" content=\"ca_ES\" \/>\n<meta property=\"og:type\" content=\"article\" \/>\n<meta property=\"og:title\" content=\"Nova oferta de diagn\u00f2stic de la COVID-19 i les seves possibles seq\u00fceles\" \/>\n<meta property=\"og:description\" content=\"En la fase de desescalada de la pand\u00e8mia va ser fonamental el correcte diagn\u00f2stic de la COVID-19 i de les possibles seq\u00fceles post-COVID-19 ...\" \/>\n<meta property=\"og:url\" content=\"https:\/\/www.barnaclinic.com\/blog\/ca\/blog\/diagnostic-de-la-covid-19-sequeles\/\" \/>\n<meta property=\"og:site_name\" content=\"Blog barnacl\u00ednic+\" \/>\n<meta property=\"article:published_time\" content=\"2020-06-09T08:19:00+00:00\" \/>\n<meta property=\"article:modified_time\" content=\"2020-06-26T13:39:29+00:00\" \/>\n<meta property=\"og:image\" content=\"https:\/\/www.barnaclinic.com\/blog\/wp-content\/uploads\/2020\/06\/Diagn\u00f3stico-de-la-COVID-19-S\u00edntomas-en-qu\u00e9-consiste-pruebas-de-laboratorio-y-posibles-secuelas.jpeg\" \/>\n\t<meta property=\"og:image:width\" content=\"1280\" \/>\n\t<meta property=\"og:image:height\" content=\"720\" \/>\n\t<meta property=\"og:image:type\" content=\"image\/jpeg\" \/>\n<meta name=\"author\" content=\"barnacl\u00ednic+\" \/>\n<meta name=\"twitter:label1\" content=\"Escrit per\" \/>\n\t<meta name=\"twitter:data1\" content=\"barnacl\u00ednic+\" \/>\n\t<meta name=\"twitter:label2\" content=\"Temps estimat de lectura\" \/>\n\t<meta name=\"twitter:data2\" content=\"7 minuts\" \/>\n<script type=\"application\/ld+json\" class=\"yoast-schema-graph\">{\"@context\":\"https:\/\/schema.org\",\"@graph\":[{\"@type\":\"WebPage\",\"@id\":\"https:\/\/www.barnaclinic.com\/blog\/ca\/blog\/diagnostic-de-la-covid-19-sequeles\/\",\"url\":\"https:\/\/www.barnaclinic.com\/blog\/ca\/blog\/diagnostic-de-la-covid-19-sequeles\/\",\"name\":\"Nova oferta de diagn\u00f2stic de la COVID-19 i les seves possibles seq\u00fceles\",\"isPartOf\":{\"@id\":\"https:\/\/www.barnaclinic.com\/blog\/#website\"},\"datePublished\":\"2020-06-09T08:19:00+00:00\",\"dateModified\":\"2020-06-26T13:39:29+00:00\",\"author\":{\"@id\":\"https:\/\/www.barnaclinic.com\/blog\/#\/schema\/person\/062c0219c54bbf07163f34494da33e17\"},\"description\":\"En la fase de desescalada de la pand\u00e8mia va ser fonamental el correcte diagn\u00f2stic de la COVID-19 i de les possibles seq\u00fceles post-COVID-19 ...\",\"inLanguage\":\"ca\",\"potentialAction\":[{\"@type\":\"ReadAction\",\"target\":[\"https:\/\/www.barnaclinic.com\/blog\/ca\/blog\/diagnostic-de-la-covid-19-sequeles\/\"]}]},{\"@type\":\"WebSite\",\"@id\":\"https:\/\/www.barnaclinic.com\/blog\/#website\",\"url\":\"https:\/\/www.barnaclinic.com\/blog\/\",\"name\":\"Blog barnacl\u00ednic+\",\"description\":\"Informaci\u00f3n y novedades sobre los servicios y profesionales de barnacl\u00ednic+, Hospital Cl\u00ednic de Barcelona\",\"potentialAction\":[{\"@type\":\"SearchAction\",\"target\":{\"@type\":\"EntryPoint\",\"urlTemplate\":\"https:\/\/www.barnaclinic.com\/blog\/?s={search_term_string}\"},\"query-input\":\"required name=search_term_string\"}],\"inLanguage\":\"ca\"},{\"@type\":\"Person\",\"@id\":\"https:\/\/www.barnaclinic.com\/blog\/#\/schema\/person\/062c0219c54bbf07163f34494da33e17\",\"name\":\"barnacl\u00ednic+\",\"url\":\"https:\/\/www.barnaclinic.com\/blog\/ca\/blog\/author\/alex\/\"}]}<\/script>\n<!-- \/ Yoast SEO plugin. -->","yoast_head_json":{"title":"Nova oferta de diagn\u00f2stic de la COVID-19 i les seves possibles seq\u00fceles","description":"En la fase de desescalada de la pand\u00e8mia va ser fonamental el correcte diagn\u00f2stic de la COVID-19 i de les possibles seq\u00fceles post-COVID-19 ...","robots":{"index":"index","follow":"follow","max-snippet":"max-snippet:-1","max-image-preview":"max-image-preview:large","max-video-preview":"max-video-preview:-1"},"canonical":"https:\/\/www.barnaclinic.com\/blog\/ca\/blog\/diagnostic-de-la-covid-19-sequeles\/","og_locale":"ca_ES","og_type":"article","og_title":"Nova oferta de diagn\u00f2stic de la COVID-19 i les seves possibles seq\u00fceles","og_description":"En la fase de desescalada de la pand\u00e8mia va ser fonamental el correcte diagn\u00f2stic de la COVID-19 i de les possibles seq\u00fceles post-COVID-19 ...","og_url":"https:\/\/www.barnaclinic.com\/blog\/ca\/blog\/diagnostic-de-la-covid-19-sequeles\/","og_site_name":"Blog barnacl\u00ednic+","article_published_time":"2020-06-09T08:19:00+00:00","article_modified_time":"2020-06-26T13:39:29+00:00","og_image":[{"width":1280,"height":720,"url":"https:\/\/www.barnaclinic.com\/blog\/wp-content\/uploads\/2020\/06\/Diagn\u00f3stico-de-la-COVID-19-S\u00edntomas-en-qu\u00e9-consiste-pruebas-de-laboratorio-y-posibles-secuelas.jpeg","type":"image\/jpeg"}],"author":"barnacl\u00ednic+","twitter_misc":{"Escrit per":"barnacl\u00ednic+","Temps estimat de lectura":"7 minuts"},"schema":{"@context":"https:\/\/schema.org","@graph":[{"@type":"WebPage","@id":"https:\/\/www.barnaclinic.com\/blog\/ca\/blog\/diagnostic-de-la-covid-19-sequeles\/","url":"https:\/\/www.barnaclinic.com\/blog\/ca\/blog\/diagnostic-de-la-covid-19-sequeles\/","name":"Nova oferta de diagn\u00f2stic de la COVID-19 i les seves possibles seq\u00fceles","isPartOf":{"@id":"https:\/\/www.barnaclinic.com\/blog\/#website"},"datePublished":"2020-06-09T08:19:00+00:00","dateModified":"2020-06-26T13:39:29+00:00","author":{"@id":"https:\/\/www.barnaclinic.com\/blog\/#\/schema\/person\/062c0219c54bbf07163f34494da33e17"},"description":"En la fase de desescalada de la pand\u00e8mia va ser fonamental el correcte diagn\u00f2stic de la COVID-19 i de les possibles seq\u00fceles post-COVID-19 ...","inLanguage":"ca","potentialAction":[{"@type":"ReadAction","target":["https:\/\/www.barnaclinic.com\/blog\/ca\/blog\/diagnostic-de-la-covid-19-sequeles\/"]}]},{"@type":"WebSite","@id":"https:\/\/www.barnaclinic.com\/blog\/#website","url":"https:\/\/www.barnaclinic.com\/blog\/","name":"Blog barnacl\u00ednic+","description":"Informaci\u00f3n y novedades sobre los servicios y profesionales de barnacl\u00ednic+, Hospital Cl\u00ednic de Barcelona","potentialAction":[{"@type":"SearchAction","target":{"@type":"EntryPoint","urlTemplate":"https:\/\/www.barnaclinic.com\/blog\/?s={search_term_string}"},"query-input":"required name=search_term_string"}],"inLanguage":"ca"},{"@type":"Person","@id":"https:\/\/www.barnaclinic.com\/blog\/#\/schema\/person\/062c0219c54bbf07163f34494da33e17","name":"barnacl\u00ednic+","url":"https:\/\/www.barnaclinic.com\/blog\/ca\/blog\/author\/alex\/"}]}},"_links":{"self":[{"href":"https:\/\/www.barnaclinic.com\/blog\/ca\/wp-json\/wp\/v2\/posts\/1698","targetHints":{"allow":["GET"]}}],"collection":[{"href":"https:\/\/www.barnaclinic.com\/blog\/ca\/wp-json\/wp\/v2\/posts"}],"about":[{"href":"https:\/\/www.barnaclinic.com\/blog\/ca\/wp-json\/wp\/v2\/types\/post"}],"author":[{"embeddable":true,"href":"https:\/\/www.barnaclinic.com\/blog\/ca\/wp-json\/wp\/v2\/users\/2"}],"replies":[{"embeddable":true,"href":"https:\/\/www.barnaclinic.com\/blog\/ca\/wp-json\/wp\/v2\/comments?post=1698"}],"version-history":[{"count":8,"href":"https:\/\/www.barnaclinic.com\/blog\/ca\/wp-json\/wp\/v2\/posts\/1698\/revisions"}],"predecessor-version":[{"id":1739,"href":"https:\/\/www.barnaclinic.com\/blog\/ca\/wp-json\/wp\/v2\/posts\/1698\/revisions\/1739"}],"wp:featuredmedia":[{"embeddable":true,"href":"https:\/\/www.barnaclinic.com\/blog\/ca\/wp-json\/wp\/v2\/media\/1694"}],"wp:attachment":[{"href":"https:\/\/www.barnaclinic.com\/blog\/ca\/wp-json\/wp\/v2\/media?parent=1698"}],"wp:term":[{"taxonomy":"category","embeddable":true,"href":"https:\/\/www.barnaclinic.com\/blog\/ca\/wp-json\/wp\/v2\/categories?post=1698"},{"taxonomy":"post_tag","embeddable":true,"href":"https:\/\/www.barnaclinic.com\/blog\/ca\/wp-json\/wp\/v2\/tags?post=1698"}],"curies":[{"name":"wp","href":"https:\/\/api.w.org\/{rel}","templated":true}]}}