{"id":1463,"date":"2019-10-30T13:59:10","date_gmt":"2019-10-30T13:59:10","guid":{"rendered":"http:\/\/www.barnaclinic.com\/blog\/ca\/?p=1463"},"modified":"2019-10-30T13:59:47","modified_gmt":"2019-10-30T13:59:47","slug":"antonio-de-lacy-premi-honorific-acs","status":"publish","type":"post","link":"https:\/\/www.barnaclinic.com\/blog\/ca\/blog\/antonio-de-lacy-premi-honorific-acs\/","title":{"rendered":"El Dr. Antonio De Lacy rep el Premi Honor\u00edfic de l&#8217;American College of Surgeons"},"content":{"rendered":"<p><span class=\"notranslate\">El passat 28 d&#8217;octubre, el Dr.\u00a0<strong><a href=\"https:\/\/www.barnaclinic.com\/ca\/quadre-medic\/119\/antonio-m\" target=\"_blank\" rel=\"noopener noreferrer\">Antonio De Lacy<\/a><\/strong>, Cap del Servei de\u00a0<a href=\"https:\/\/www.clinicbarcelona.org\/ca\/servei\/cirurgia-gastrointestinal\" target=\"_blank\" rel=\"noopener noreferrer\">Cirurgia Gastrointestinal de l&#8217;Hospital Cl\u00ednic<\/a>\u00a0i especialista de\u00a0<a href=\"https:\/\/www.barnaclinic.com\/ca\/especialitats\/74\/cirugia-general-y-digestiva\" target=\"_blank\" rel=\"noopener noreferrer\"><strong>Cirurgia General i Digestiva<\/strong><\/a>\u00a0de\u00a0<strong>barnacl\u00ednic+<\/strong>,\u00a0va rebre el\u00a0<strong>Premi Honor\u00edfic de l&#8217;<a href=\"https:\/\/www.facs.org\">American College of Surgeons (ACS)<\/a><\/strong>\u00a0, la major condecoraci\u00f3 internacional en cirurgia.<\/span>\u00a0<span class=\"notranslate\">Amb motiu del\u00a0<a href=\"https:\/\/www.facs.org\/clincon2019\/\" target=\"_blank\" rel=\"noopener noreferrer\">Clinical Congress<\/a>\u00a0de l&#8217;ACS, li van atorgar un premi que reconeix l&#8217;excel\u00b7l\u00e8ncia i lideratge mundial del Dr.\u00a0<strong><a href=\"https:\/\/www.barnaclinic.com\/ca\/quadre-medic\/119\/antonio-m\" target=\"_blank\" rel=\"noopener noreferrer\">De Lacy<\/a><\/strong>\u00a0i que nom\u00e9s sis cirurgians espanyols havien rebut en les 116 edicions des de la seva fundaci\u00f3, el 1913.<\/span><\/p>\n<p><!--more--><\/p>\n<h2><span class=\"notranslate\">AMERICAN COLLEGE OF SURGEONS I CLINICAL CONGRESS 2019, ELS MILLORS CIRURGIANS DEL M\u00d3N<\/span><\/h2>\n<p><span class=\"notranslate\">El\u00a0<strong><a href=\"https:\/\/www.facs.org\">American College of Surgeons (ACS)<\/a><\/strong>\u00a0est\u00e0 format per m\u00e9s de 82.000 cirurgians de totes les especialitats de la medicina.<\/span>\u00a0<span class=\"notranslate\">T\u00e9 com a objectiu la promoci\u00f3 de programes d&#8217;alta qualitat de formaci\u00f3 i educaci\u00f3 de cirurgians de totes les disciplines per, d&#8217;aquesta manera, millorar la salut i la seguretat dels pacients.<\/span><\/p>\n<p><span class=\"notranslate\">Per la seva banda, el\u00a0<strong><a href=\"https:\/\/www.facs.org\/clincon2019\/\" target=\"_blank\" rel=\"noopener noreferrer\">Clinical Congress<\/a><\/strong><strong>\u00a0de l&#8217;ACS<\/strong>\u00a0\u00e9s una reuni\u00f3 cient\u00edfica anual que t\u00e9 com a objectiu mantenir actualitzats als Membres de l&#8217;ACS i a facultatius interessats sobre les \u00faltimes novetats en cirurgia.<\/span>\u00a0<span class=\"notranslate\">Es tracta d&#8217;uns dels congressos mundials m\u00e9s reconeguts i amb m\u00e9s prestigi del panorama internacional.<\/span>\u00a0<span class=\"notranslate\">En ell, s&#8217;ofereix un programa que abasta m\u00faltiples especialitats de la cirurgia i diversos camps de la Medicina.<\/span><\/p>\n<p>&nbsp;<\/p>\n<h2><span class=\"notranslate\">EL DR DE LACY, NOU MEMBRE HONOR\u00cdFIC DE L&#8217;ACS<\/span><\/h2>\n<p><span class=\"notranslate\">Amb el\u00a0<strong>Premi Honor\u00edfic,<\/strong>\u00a0el Dr.\u00a0<strong><a href=\"https:\/\/www.barnaclinic.com\/ca\/quadre-medic\/119\/antonio-m\" target=\"_blank\" rel=\"noopener noreferrer\">Antonio De Lacy<\/a><\/strong>\u00a0ha passat a ser\u00a0<a href=\"https:\/\/www.facs.org\/media\/press-releases\/2019\/honorary-fellows102819\" target=\"_blank\" rel=\"noopener noreferrer\">Membre Honor\u00edfic de l&#8217;American College of Surgeons<\/a>.<\/span>\u00a0<span class=\"notranslate\">Segons l&#8217;ACS, aquest honor es deu a: Posseir una reputaci\u00f3 internacional en el camp de la cirurgia o la medicina i haver prestat distingits serveis humanitaris, especialment en el camp de la ci\u00e8ncia m\u00e8dica.<\/span><\/p>\n<blockquote class=\"twitter-tweet\">\n<p dir=\"ltr\" lang=\"en\">Thank you Prof. Ronald V. Maier, President of the <a href=\"https:\/\/twitter.com\/AmCollSurgeons?ref_src=twsrc%5Etfw\">@AmCollSurgeons<\/a>, &amp; Prof. <a href=\"https:\/\/twitter.com\/SWexner?ref_src=twsrc%5Etfw\">@SWexner<\/a> for this Honorary Award. Deeply honored! <a href=\"https:\/\/twitter.com\/hashtag\/ACSCC19?src=hash&amp;ref_src=twsrc%5Etfw\">#ACSCC19<\/a> <a href=\"https:\/\/t.co\/zifzHlE1Mq\">pic.twitter.com\/zifzHlE1Mq<\/a><\/p>\n<p>\u2014 Antonio de Lacy (@AntoniodeLacy) <a href=\"https:\/\/twitter.com\/AntoniodeLacy\/status\/1188646927644147712?ref_src=twsrc%5Etfw\">October 28, 2019<\/a><\/p><\/blockquote>\n<p><script async src=\"https:\/\/platform.twitter.com\/widgets.js\" charset=\"utf-8\"><\/script><\/p>\n<p><small>Despr\u00e9s de la consecuci\u00f3 d&#8217;aquesta fita, el Dr. De Lacy va agrair la distinci\u00f3 al Prof. Ronald V. Maier, President de l&#8217;ACS, i al Prof. Steven D. Waxner.<\/small><\/p>\n<hr \/>\n<div id=\"estoy-interesado\" class=\"destacat-site\">\n<h4 style=\"padding-left: 15px; padding-right: 15px;\" align=\"CENTER\"><span style=\"color: white;\">DESITJA M\u00c9S INFORMACI\u00d3 O DEMANAR UNA CITA AMB EL DR. ANTONI DE LACY?<\/span><\/h4>\n<p class=\"boto\" style=\"padding-left: 30px; padding-right: 20px;\" align=\"center\"><a class=\"button\" href=\"https:\/\/www.barnaclinic.com\/ca\/quadre-medic\/119\/antonio-m\" target=\"_blank&amp;\">M\u00c9S INFORMACI\u00d3<\/a><\/p>\n<\/div>\n","protected":false},"excerpt":{"rendered":"<p>El passat 28 d&#8217;octubre, el Dr.\u00a0Antonio De Lacy, Cap del Servei de\u00a0Cirurgia Gastrointestinal de l&#8217;Hospital Cl\u00ednic\u00a0i especialista de\u00a0Cirurgia General i Digestiva\u00a0de\u00a0barnacl\u00ednic+,\u00a0va rebre el\u00a0Premi Honor\u00edfic de l&#8217;American College of Surgeons (ACS)\u00a0, la major condecoraci\u00f3 internacional en cirurgia.\u00a0Amb motiu del\u00a0Clinical Congress\u00a0de l&#8217;ACS, li van atorgar un premi que reconeix l&#8217;excel\u00b7l\u00e8ncia i lideratge mundial del Dr.\u00a0De Lacy\u00a0i que [&hellip;]<\/p>\n","protected":false},"author":2,"featured_media":1461,"comment_status":"open","ping_status":"open","sticky":false,"template":"","format":"standard","meta":{"footnotes":""},"categories":[320,1,85],"tags":[536,535,534,540,541,542],"class_list":["post-1463","post","type-post","status-publish","format-standard","has-post-thumbnail","hentry","category-cirurgia-digestiva","category-sin-categoria","category-uncategorized-ca","tag-acs","tag-american-college-of-surgeons","tag-antonio-de-lacy","tag-cirurgia-gastrointestinal","tag-cirurgia-general-i-digestiva","tag-premi-honorific"],"yoast_head":"<!-- This site is optimized with the Yoast SEO plugin v19.14 - https:\/\/yoast.com\/wordpress\/plugins\/seo\/ -->\n<title>El Dr. Antonio De Lacy rep el Premi Honor\u00edfic de l&#039;American College of Surgeons<\/title>\n<meta name=\"description\" content=\"El Dr. Antonio De Lacy, Cirurgia General i Digestiva barnacl\u00ednic+, Premi honor\u00edfic de l&#039;American College of Surgeons, la major Distinci\u00f3 int. en cirurgia...\" \/>\n<meta name=\"robots\" content=\"index, follow, max-snippet:-1, max-image-preview:large, max-video-preview:-1\" \/>\n<link rel=\"canonical\" href=\"https:\/\/www.barnaclinic.com\/blog\/ca\/blog\/antonio-de-lacy-premi-honorific-acs\/\" \/>\n<meta property=\"og:locale\" content=\"ca_ES\" \/>\n<meta property=\"og:type\" content=\"article\" \/>\n<meta property=\"og:title\" content=\"El Dr. Antonio De Lacy rep el Premi Honor\u00edfic de l&#039;American College of Surgeons\" \/>\n<meta property=\"og:description\" content=\"El Dr. Antonio De Lacy, Cirurgia General i Digestiva barnacl\u00ednic+, Premi honor\u00edfic de l&#039;American College of Surgeons, la major Distinci\u00f3 int. en cirurgia...\" \/>\n<meta property=\"og:url\" content=\"https:\/\/www.barnaclinic.com\/blog\/ca\/blog\/antonio-de-lacy-premi-honorific-acs\/\" \/>\n<meta property=\"og:site_name\" content=\"Blog barnacl\u00ednic+\" \/>\n<meta property=\"article:published_time\" content=\"2019-10-30T13:59:10+00:00\" \/>\n<meta property=\"article:modified_time\" content=\"2019-10-30T13:59:47+00:00\" \/>\n<meta property=\"og:image\" content=\"https:\/\/www.barnaclinic.com\/blog\/wp-content\/uploads\/2019\/10\/antonio-de-lacy-american-college-surgeons.jpg\" \/>\n\t<meta property=\"og:image:width\" content=\"800\" \/>\n\t<meta property=\"og:image:height\" content=\"350\" \/>\n\t<meta property=\"og:image:type\" content=\"image\/jpeg\" \/>\n<meta name=\"author\" content=\"barnacl\u00ednic+\" \/>\n<meta name=\"twitter:label1\" content=\"Escrit per\" \/>\n\t<meta name=\"twitter:data1\" content=\"barnacl\u00ednic+\" \/>\n\t<meta name=\"twitter:label2\" content=\"Temps estimat de lectura\" \/>\n\t<meta name=\"twitter:data2\" content=\"2 minuts\" \/>\n<script type=\"application\/ld+json\" class=\"yoast-schema-graph\">{\"@context\":\"https:\/\/schema.org\",\"@graph\":[{\"@type\":\"WebPage\",\"@id\":\"https:\/\/www.barnaclinic.com\/blog\/ca\/blog\/antonio-de-lacy-premi-honorific-acs\/\",\"url\":\"https:\/\/www.barnaclinic.com\/blog\/ca\/blog\/antonio-de-lacy-premi-honorific-acs\/\",\"name\":\"El Dr. Antonio De Lacy rep el Premi Honor\u00edfic de l'American College of Surgeons\",\"isPartOf\":{\"@id\":\"https:\/\/www.barnaclinic.com\/blog\/#website\"},\"datePublished\":\"2019-10-30T13:59:10+00:00\",\"dateModified\":\"2019-10-30T13:59:47+00:00\",\"author\":{\"@id\":\"https:\/\/www.barnaclinic.com\/blog\/#\/schema\/person\/062c0219c54bbf07163f34494da33e17\"},\"description\":\"El Dr. Antonio De Lacy, Cirurgia General i Digestiva barnacl\u00ednic+, Premi honor\u00edfic de l'American College of Surgeons, la major Distinci\u00f3 int. en cirurgia...\",\"inLanguage\":\"ca\",\"potentialAction\":[{\"@type\":\"ReadAction\",\"target\":[\"https:\/\/www.barnaclinic.com\/blog\/ca\/blog\/antonio-de-lacy-premi-honorific-acs\/\"]}]},{\"@type\":\"WebSite\",\"@id\":\"https:\/\/www.barnaclinic.com\/blog\/#website\",\"url\":\"https:\/\/www.barnaclinic.com\/blog\/\",\"name\":\"Blog barnacl\u00ednic+\",\"description\":\"Informaci\u00f3n y novedades sobre los servicios y profesionales de barnacl\u00ednic+, Hospital Cl\u00ednic de Barcelona\",\"potentialAction\":[{\"@type\":\"SearchAction\",\"target\":{\"@type\":\"EntryPoint\",\"urlTemplate\":\"https:\/\/www.barnaclinic.com\/blog\/?s={search_term_string}\"},\"query-input\":\"required name=search_term_string\"}],\"inLanguage\":\"ca\"},{\"@type\":\"Person\",\"@id\":\"https:\/\/www.barnaclinic.com\/blog\/#\/schema\/person\/062c0219c54bbf07163f34494da33e17\",\"name\":\"barnacl\u00ednic+\",\"url\":\"https:\/\/www.barnaclinic.com\/blog\/ca\/blog\/author\/alex\/\"}]}<\/script>\n<!-- \/ Yoast SEO plugin. -->","yoast_head_json":{"title":"El Dr. Antonio De Lacy rep el Premi Honor\u00edfic de l'American College of Surgeons","description":"El Dr. Antonio De Lacy, Cirurgia General i Digestiva barnacl\u00ednic+, Premi honor\u00edfic de l'American College of Surgeons, la major Distinci\u00f3 int. en cirurgia...","robots":{"index":"index","follow":"follow","max-snippet":"max-snippet:-1","max-image-preview":"max-image-preview:large","max-video-preview":"max-video-preview:-1"},"canonical":"https:\/\/www.barnaclinic.com\/blog\/ca\/blog\/antonio-de-lacy-premi-honorific-acs\/","og_locale":"ca_ES","og_type":"article","og_title":"El Dr. Antonio De Lacy rep el Premi Honor\u00edfic de l'American College of Surgeons","og_description":"El Dr. Antonio De Lacy, Cirurgia General i Digestiva barnacl\u00ednic+, Premi honor\u00edfic de l'American College of Surgeons, la major Distinci\u00f3 int. en cirurgia...","og_url":"https:\/\/www.barnaclinic.com\/blog\/ca\/blog\/antonio-de-lacy-premi-honorific-acs\/","og_site_name":"Blog barnacl\u00ednic+","article_published_time":"2019-10-30T13:59:10+00:00","article_modified_time":"2019-10-30T13:59:47+00:00","og_image":[{"width":800,"height":350,"url":"https:\/\/www.barnaclinic.com\/blog\/wp-content\/uploads\/2019\/10\/antonio-de-lacy-american-college-surgeons.jpg","type":"image\/jpeg"}],"author":"barnacl\u00ednic+","twitter_misc":{"Escrit per":"barnacl\u00ednic+","Temps estimat de lectura":"2 minuts"},"schema":{"@context":"https:\/\/schema.org","@graph":[{"@type":"WebPage","@id":"https:\/\/www.barnaclinic.com\/blog\/ca\/blog\/antonio-de-lacy-premi-honorific-acs\/","url":"https:\/\/www.barnaclinic.com\/blog\/ca\/blog\/antonio-de-lacy-premi-honorific-acs\/","name":"El Dr. Antonio De Lacy rep el Premi Honor\u00edfic de l'American College of Surgeons","isPartOf":{"@id":"https:\/\/www.barnaclinic.com\/blog\/#website"},"datePublished":"2019-10-30T13:59:10+00:00","dateModified":"2019-10-30T13:59:47+00:00","author":{"@id":"https:\/\/www.barnaclinic.com\/blog\/#\/schema\/person\/062c0219c54bbf07163f34494da33e17"},"description":"El Dr. Antonio De Lacy, Cirurgia General i Digestiva barnacl\u00ednic+, Premi honor\u00edfic de l'American College of Surgeons, la major Distinci\u00f3 int. en cirurgia...","inLanguage":"ca","potentialAction":[{"@type":"ReadAction","target":["https:\/\/www.barnaclinic.com\/blog\/ca\/blog\/antonio-de-lacy-premi-honorific-acs\/"]}]},{"@type":"WebSite","@id":"https:\/\/www.barnaclinic.com\/blog\/#website","url":"https:\/\/www.barnaclinic.com\/blog\/","name":"Blog barnacl\u00ednic+","description":"Informaci\u00f3n y novedades sobre los servicios y profesionales de barnacl\u00ednic+, Hospital Cl\u00ednic de Barcelona","potentialAction":[{"@type":"SearchAction","target":{"@type":"EntryPoint","urlTemplate":"https:\/\/www.barnaclinic.com\/blog\/?s={search_term_string}"},"query-input":"required name=search_term_string"}],"inLanguage":"ca"},{"@type":"Person","@id":"https:\/\/www.barnaclinic.com\/blog\/#\/schema\/person\/062c0219c54bbf07163f34494da33e17","name":"barnacl\u00ednic+","url":"https:\/\/www.barnaclinic.com\/blog\/ca\/blog\/author\/alex\/"}]}},"_links":{"self":[{"href":"https:\/\/www.barnaclinic.com\/blog\/ca\/wp-json\/wp\/v2\/posts\/1463","targetHints":{"allow":["GET"]}}],"collection":[{"href":"https:\/\/www.barnaclinic.com\/blog\/ca\/wp-json\/wp\/v2\/posts"}],"about":[{"href":"https:\/\/www.barnaclinic.com\/blog\/ca\/wp-json\/wp\/v2\/types\/post"}],"author":[{"embeddable":true,"href":"https:\/\/www.barnaclinic.com\/blog\/ca\/wp-json\/wp\/v2\/users\/2"}],"replies":[{"embeddable":true,"href":"https:\/\/www.barnaclinic.com\/blog\/ca\/wp-json\/wp\/v2\/comments?post=1463"}],"version-history":[{"count":1,"href":"https:\/\/www.barnaclinic.com\/blog\/ca\/wp-json\/wp\/v2\/posts\/1463\/revisions"}],"predecessor-version":[{"id":1464,"href":"https:\/\/www.barnaclinic.com\/blog\/ca\/wp-json\/wp\/v2\/posts\/1463\/revisions\/1464"}],"wp:featuredmedia":[{"embeddable":true,"href":"https:\/\/www.barnaclinic.com\/blog\/ca\/wp-json\/wp\/v2\/media\/1461"}],"wp:attachment":[{"href":"https:\/\/www.barnaclinic.com\/blog\/ca\/wp-json\/wp\/v2\/media?parent=1463"}],"wp:term":[{"taxonomy":"category","embeddable":true,"href":"https:\/\/www.barnaclinic.com\/blog\/ca\/wp-json\/wp\/v2\/categories?post=1463"},{"taxonomy":"post_tag","embeddable":true,"href":"https:\/\/www.barnaclinic.com\/blog\/ca\/wp-json\/wp\/v2\/tags?post=1463"}],"curies":[{"name":"wp","href":"https:\/\/api.w.org\/{rel}","templated":true}]}}