{"id":1417,"date":"2019-09-20T10:38:14","date_gmt":"2019-09-20T10:38:14","guid":{"rendered":"http:\/\/www.barnaclinic.com\/blog\/ca\/?p=1417"},"modified":"2019-09-20T11:50:24","modified_gmt":"2019-09-20T11:50:24","slug":"ipc-emirats-arabs-barnaclinic","status":"publish","type":"post","link":"https:\/\/www.barnaclinic.com\/blog\/ca\/blog\/ipc-emirats-arabs-barnaclinic\/","title":{"rendered":"Una delegaci\u00f3 del Departament Internacional d&#8217;Atenci\u00f3 al Pacient dels Emirats \u00c0rabs Units visita barnacl\u00ednic+"},"content":{"rendered":"<p>El passat 17 de setembre, vam rebre a una Delegaci\u00f3 del <a href=\"https:\/\/www.haad.ae\/haad\/tabid\/201\/Default.aspx\" target=\"_blank\" rel=\"noopener noreferrer\"><strong>Departament Internacional d\u2019Atenci\u00f3 al Pacient (IPCD) <\/strong><\/a>del <strong><a href=\"https:\/\/www.doh.gov.ae\/\" target=\"_blank\" rel=\"noopener noreferrer\">Departament de Salut dels Emirats \u00c0rabs units (DoH)<\/a>.<\/strong> Liderada per la seva directora Ms <strong>Hind Mubarak Al Zaabi<\/strong>, est\u00e0 emmarcada dins de l&#8217;acord de col\u00b7laboraci\u00f3 signat fa un any. Durant la visita, la delegaci\u00f3 del <strong><a href=\"https:\/\/www.haad.ae\/haad\/tabid\/201\/Default.aspx\" target=\"_blank\" rel=\"noopener noreferrer\">IPCD<\/a>\u00a0<\/strong>va poder con\u00e8ixer les nostres instal\u00b7lacions, intercanviar impressions amb alguns dels nostres professionals i informar-se sobre els nostres processos i solucions log\u00edstiques.<\/p>\n<p><!--more--><\/p>\n<h2><strong>Acord de col\u00b7laboraci\u00f3 entre el Departament de Salut EAU (DoH) i barnacl\u00ednic+ Grup Hospital Cl\u00ednic<\/strong><\/h2>\n<p>Fa gaireb\u00e9 un any, el 28 de setembre de 2018, <strong>barnaclinic+<\/strong> i el <a href=\"https:\/\/www.doh.gov.ae\/\" target=\"_blank\" rel=\"noopener noreferrer\"><strong>DoH<\/strong><\/a> vam signar un acord de col\u00b7laboraci\u00f3 a l&#8217;Ambaixada de Madrid. L&#8217;objectiu principal d&#8217;aquest acord \u00e9s donar suport a les necessitats assistencials d&#8217;aquells pacients que el <a href=\"https:\/\/www.haad.ae\/haad\/tabid\/201\/Default.aspx\" target=\"_blank\" rel=\"noopener noreferrer\"><strong>IPCD<\/strong><\/a> determina i facilitar la integraci\u00f3 amb l&#8217;equip assistencial i l&#8217;adaptaci\u00f3 a la ciutat durant aquest proc\u00e9s.<\/p>\n<h2><strong>Visita de la Delegaci\u00f3 del IPCD dels Uni\u00f3 dels Emirats \u00c0rabs<\/strong><\/h2>\n<p>En el context d&#8217;aquest acord, el passat 17 de setembre, una Delegaci\u00f3 del <strong><a href=\"https:\/\/www.haad.ae\/haad\/tabid\/201\/Default.aspx\" target=\"_blank\" rel=\"noopener noreferrer\">IPCD<\/a> (DoH)<\/strong> va visitar <strong>barnacl\u00ednic+<\/strong> per a con\u00e8ixer personalment el nostre centre i determinar quines s\u00f3n les especialitats m\u00e9s destacades.<\/p>\n<p>La delegaci\u00f3, formada per Ms <strong>Hind Al Zaabi<\/strong> i diversos membres del <em>Medical Board<\/em> del\u00a0<strong><a href=\"https:\/\/www.haad.ae\/haad\/tabid\/201\/Default.aspx\" target=\"_blank\" rel=\"noopener noreferrer\">IPCD<\/a><\/strong>\u00a0(Dr. <strong>Yaqoub Al Hamadi<\/strong> i Dra. <strong>Nawal Al Kaabi<\/strong>), va iniciar la seva visita parlant amb la Dra. <strong>Montserrat Rovira<\/strong> sobre el nostre <a href=\"https:\/\/www.barnaclinic.com\/ca\/trasplante-de-celulas-madre-hematopoyeticas\/\" target=\"_blank\" rel=\"noopener noreferrer\"><strong>Programa de Trasplantament de Progenitors Hematopo\u00e8tics<\/strong><\/a>. A continuaci\u00f3, el Dr. <a href=\"https:\/\/www.barnaclinic.com\/ca\/quadre-medic\/27\/manuel\" target=\"_blank\" rel=\"noopener noreferrer\"><strong>Manuel Castell\u00e0 <\/strong><\/a>va presentar l&#8217;<a href=\"https:\/\/www.barnaclinic.com\/ca\/cardiologia\/\" target=\"_blank\" rel=\"noopener noreferrer\"><strong>Institut de Cardiologia<\/strong><\/a> i els \u00faltims avan\u00e7os en <a href=\"https:\/\/www.barnaclinic.com\/ca\/cirugia-cardiovascular\/index\/\" target=\"_blank\" rel=\"noopener noreferrer\"><strong>Cirurgia Cardiovascular<\/strong><\/a> i van visitar amb el Dr. <a href=\"https:\/\/www.barnaclinic.com\/ca\/quadre-medic\/172\/manel\" target=\"_blank\" rel=\"noopener noreferrer\"><strong>Manel Sabat\u00e9<\/strong><\/a> la <a href=\"https:\/\/www.youtube.com\/watch?v=hziAwrMEYEM\" target=\"_blank\" rel=\"noopener noreferrer\"><strong>Unitat i l&#8217;UCI d&#8217;Hemodin\u00e0mica<\/strong><\/a>. El Dr. <a href=\"https:\/\/www.barnaclinic.com\/ca\/quadre-medic\/119\/antonio-m\" target=\"_blank\" rel=\"noopener noreferrer\"><strong>Antonio de Lacy<\/strong><\/a>, va presentar l&#8217;<a href=\"https:\/\/www.clinicbarcelona.org\/instituto\/instituto-clinic-de-enfermedades-digestivas-y-metabolicas\" target=\"_blank\" rel=\"noopener noreferrer\"><strong>Institut de Malalties Digestives i Metab\u00f2liques<\/strong><\/a>. Es va centrar en l&#8217;<strong>oncologia digestiva<\/strong>, i va presentar les noves t\u00e8cniques per a l&#8217;abordatge del <a href=\"https:\/\/www.barnaclinic.com\/ca\/especialitats\/119\/cirugia-laparoscopica-en-el-cancer-de-colon-y-recto\" target=\"_blank\" rel=\"noopener noreferrer\"><strong>c\u00e0ncer de c\u00f2lon (TaTME)<\/strong><\/a> confirmant la nostra aposta per la <strong>cirurgia m\u00ednimament invasiva<\/strong>. Finalment, el Dr. <a href=\"https:\/\/www.barnaclinic.com\/ca\/quadre-medic\/36\/joaquim\" target=\"_blank\" rel=\"noopener noreferrer\"><strong>Joaquim Ense\u00f1at<\/strong><\/a> els va explicar per qu\u00e8 som referents internacionals en <a href=\"https:\/\/www.barnaclinic.com\/ca\/neurocirugia\/\" target=\"_blank\" rel=\"noopener noreferrer\"><strong>Neurocirurgia<\/strong><\/a> i micro-cirurgia cerebral.<\/p>\n<p>A m\u00e9s de la informaci\u00f3 sobre la nostra activitat assistencial, la Delegaci\u00f3 del\u00a0<strong><a href=\"https:\/\/www.haad.ae\/haad\/tabid\/201\/Default.aspx\" target=\"_blank\" rel=\"noopener noreferrer\">IPCD<\/a><\/strong>\u00a0es va mostrar molt interessada en l&#8217;experi\u00e8ncia global del pacient i en les nostres solucions per a facilitar la mobilitat, l&#8217;allotjament, la comunicaci\u00f3 i el suport global.<\/p>\n<p><strong>El<\/strong> <strong>futur de la col\u00b7laboraci\u00f3<\/strong><\/p>\n<p>Amb la intenci\u00f3 de seguir alineats amb els requeriments d&#8217;efici\u00e8ncia del Sotssecretari del Ministeri de Salut, la seva Excel\u00b7l\u00e8ncia Dr. <strong>Mohamed Hamad Al Hameli<\/strong>, <strong>barnacl\u00ednic+<\/strong> va proposar accions a Barcelona i Abu Dhabi per a identificar en quines especialitats concretes <strong>barnacl\u00ednic+<\/strong> podria oferir una proposta de valor diferenciada per als pacients i el <strong><a href=\"https:\/\/www.doh.gov.ae\/\" target=\"_blank\" rel=\"noopener noreferrer\">Departament de Salut dels Emirats \u00c0rabs Units<\/a>.<\/strong><\/p>\n","protected":false},"excerpt":{"rendered":"<p>El passat 17 de setembre, vam rebre a una Delegaci\u00f3 del Departament Internacional d\u2019Atenci\u00f3 al Pacient (IPCD) del Departament de Salut dels Emirats \u00c0rabs units (DoH). Liderada per la seva directora Ms Hind Mubarak Al Zaabi, est\u00e0 emmarcada dins de l&#8217;acord de col\u00b7laboraci\u00f3 signat fa un any. Durant la visita, la delegaci\u00f3 del IPCD\u00a0va poder [&hellip;]<\/p>\n","protected":false},"author":2,"featured_media":1424,"comment_status":"closed","ping_status":"closed","sticky":false,"template":"","format":"standard","meta":{"footnotes":""},"categories":[269],"tags":[509,271,510],"class_list":["post-1417","post","type-post","status-publish","format-standard","has-post-thumbnail","hentry","category-projecte-dinternacionalitzacio","tag-departament-de-salut","tag-emirats-arabs","tag-projecte-dinternacionalitzacio","has-post-video"],"yoast_head":"<!-- This site is optimized with the Yoast SEO plugin v19.14 - https:\/\/yoast.com\/wordpress\/plugins\/seo\/ -->\n<title>Una delegaci\u00f3 del Departament Internacional d&#039;Atenci\u00f3 al Pacient dels Emirats \u00c0rabs Units visita barnacl\u00ednic+ - Blog barnacl\u00ednic+<\/title>\n<meta name=\"robots\" content=\"index, follow, max-snippet:-1, max-image-preview:large, max-video-preview:-1\" \/>\n<link rel=\"canonical\" href=\"https:\/\/www.barnaclinic.com\/blog\/ca\/blog\/ipc-emirats-arabs-barnaclinic\/\" \/>\n<meta property=\"og:locale\" content=\"ca_ES\" \/>\n<meta property=\"og:type\" content=\"article\" \/>\n<meta property=\"og:title\" content=\"Una delegaci\u00f3 del Departament Internacional d&#039;Atenci\u00f3 al Pacient dels Emirats \u00c0rabs Units visita barnacl\u00ednic+ - Blog barnacl\u00ednic+\" \/>\n<meta property=\"og:description\" content=\"El passat 17 de setembre, vam rebre a una Delegaci\u00f3 del Departament Internacional d\u2019Atenci\u00f3 al Pacient (IPCD) del Departament de Salut dels Emirats \u00c0rabs units (DoH). Liderada per la seva directora Ms Hind Mubarak Al Zaabi, est\u00e0 emmarcada dins de l&#8217;acord de col\u00b7laboraci\u00f3 signat fa un any. Durant la visita, la delegaci\u00f3 del IPCD\u00a0va poder [&hellip;]\" \/>\n<meta property=\"og:url\" content=\"https:\/\/www.barnaclinic.com\/blog\/ca\/blog\/ipc-emirats-arabs-barnaclinic\/\" \/>\n<meta property=\"og:site_name\" content=\"Blog barnacl\u00ednic+\" \/>\n<meta property=\"article:published_time\" content=\"2019-09-20T10:38:14+00:00\" \/>\n<meta property=\"article:modified_time\" content=\"2019-09-20T11:50:24+00:00\" \/>\n<meta property=\"og:image\" content=\"https:\/\/www.barnaclinic.com\/blog\/wp-content\/uploads\/2019\/09\/International-Patient-Care-Department-delegation-of-the-United-Arab-Emirates-visits-barnacl\u00ednic-1.jpeg\" \/>\n\t<meta property=\"og:image:width\" content=\"1280\" \/>\n\t<meta property=\"og:image:height\" content=\"720\" \/>\n\t<meta property=\"og:image:type\" content=\"image\/jpeg\" \/>\n<meta name=\"author\" content=\"barnacl\u00ednic+\" \/>\n<meta name=\"twitter:label1\" content=\"Escrit per\" \/>\n\t<meta name=\"twitter:data1\" content=\"barnacl\u00ednic+\" \/>\n\t<meta name=\"twitter:label2\" content=\"Temps estimat de lectura\" \/>\n\t<meta name=\"twitter:data2\" content=\"2 minuts\" \/>\n<script type=\"application\/ld+json\" class=\"yoast-schema-graph\">{\"@context\":\"https:\/\/schema.org\",\"@graph\":[{\"@type\":\"WebPage\",\"@id\":\"https:\/\/www.barnaclinic.com\/blog\/ca\/blog\/ipc-emirats-arabs-barnaclinic\/\",\"url\":\"https:\/\/www.barnaclinic.com\/blog\/ca\/blog\/ipc-emirats-arabs-barnaclinic\/\",\"name\":\"Una delegaci\u00f3 del Departament Internacional d'Atenci\u00f3 al Pacient dels Emirats \u00c0rabs Units visita barnacl\u00ednic+ - Blog barnacl\u00ednic+\",\"isPartOf\":{\"@id\":\"https:\/\/www.barnaclinic.com\/blog\/#website\"},\"datePublished\":\"2019-09-20T10:38:14+00:00\",\"dateModified\":\"2019-09-20T11:50:24+00:00\",\"author\":{\"@id\":\"https:\/\/www.barnaclinic.com\/blog\/#\/schema\/person\/062c0219c54bbf07163f34494da33e17\"},\"inLanguage\":\"ca\",\"potentialAction\":[{\"@type\":\"ReadAction\",\"target\":[\"https:\/\/www.barnaclinic.com\/blog\/ca\/blog\/ipc-emirats-arabs-barnaclinic\/\"]}]},{\"@type\":\"WebSite\",\"@id\":\"https:\/\/www.barnaclinic.com\/blog\/#website\",\"url\":\"https:\/\/www.barnaclinic.com\/blog\/\",\"name\":\"Blog barnacl\u00ednic+\",\"description\":\"Informaci\u00f3n y novedades sobre los servicios y profesionales de barnacl\u00ednic+, Hospital Cl\u00ednic de Barcelona\",\"potentialAction\":[{\"@type\":\"SearchAction\",\"target\":{\"@type\":\"EntryPoint\",\"urlTemplate\":\"https:\/\/www.barnaclinic.com\/blog\/?s={search_term_string}\"},\"query-input\":\"required name=search_term_string\"}],\"inLanguage\":\"ca\"},{\"@type\":\"Person\",\"@id\":\"https:\/\/www.barnaclinic.com\/blog\/#\/schema\/person\/062c0219c54bbf07163f34494da33e17\",\"name\":\"barnacl\u00ednic+\",\"url\":\"https:\/\/www.barnaclinic.com\/blog\/ca\/blog\/author\/alex\/\"}]}<\/script>\n<!-- \/ Yoast SEO plugin. -->","yoast_head_json":{"title":"Una delegaci\u00f3 del Departament Internacional d'Atenci\u00f3 al Pacient dels Emirats \u00c0rabs Units visita barnacl\u00ednic+ - Blog barnacl\u00ednic+","robots":{"index":"index","follow":"follow","max-snippet":"max-snippet:-1","max-image-preview":"max-image-preview:large","max-video-preview":"max-video-preview:-1"},"canonical":"https:\/\/www.barnaclinic.com\/blog\/ca\/blog\/ipc-emirats-arabs-barnaclinic\/","og_locale":"ca_ES","og_type":"article","og_title":"Una delegaci\u00f3 del Departament Internacional d'Atenci\u00f3 al Pacient dels Emirats \u00c0rabs Units visita barnacl\u00ednic+ - Blog barnacl\u00ednic+","og_description":"El passat 17 de setembre, vam rebre a una Delegaci\u00f3 del Departament Internacional d\u2019Atenci\u00f3 al Pacient (IPCD) del Departament de Salut dels Emirats \u00c0rabs units (DoH). Liderada per la seva directora Ms Hind Mubarak Al Zaabi, est\u00e0 emmarcada dins de l&#8217;acord de col\u00b7laboraci\u00f3 signat fa un any. Durant la visita, la delegaci\u00f3 del IPCD\u00a0va poder [&hellip;]","og_url":"https:\/\/www.barnaclinic.com\/blog\/ca\/blog\/ipc-emirats-arabs-barnaclinic\/","og_site_name":"Blog barnacl\u00ednic+","article_published_time":"2019-09-20T10:38:14+00:00","article_modified_time":"2019-09-20T11:50:24+00:00","og_image":[{"width":1280,"height":720,"url":"https:\/\/www.barnaclinic.com\/blog\/wp-content\/uploads\/2019\/09\/International-Patient-Care-Department-delegation-of-the-United-Arab-Emirates-visits-barnacl\u00ednic-1.jpeg","type":"image\/jpeg"}],"author":"barnacl\u00ednic+","twitter_misc":{"Escrit per":"barnacl\u00ednic+","Temps estimat de lectura":"2 minuts"},"schema":{"@context":"https:\/\/schema.org","@graph":[{"@type":"WebPage","@id":"https:\/\/www.barnaclinic.com\/blog\/ca\/blog\/ipc-emirats-arabs-barnaclinic\/","url":"https:\/\/www.barnaclinic.com\/blog\/ca\/blog\/ipc-emirats-arabs-barnaclinic\/","name":"Una delegaci\u00f3 del Departament Internacional d'Atenci\u00f3 al Pacient dels Emirats \u00c0rabs Units visita barnacl\u00ednic+ - Blog barnacl\u00ednic+","isPartOf":{"@id":"https:\/\/www.barnaclinic.com\/blog\/#website"},"datePublished":"2019-09-20T10:38:14+00:00","dateModified":"2019-09-20T11:50:24+00:00","author":{"@id":"https:\/\/www.barnaclinic.com\/blog\/#\/schema\/person\/062c0219c54bbf07163f34494da33e17"},"inLanguage":"ca","potentialAction":[{"@type":"ReadAction","target":["https:\/\/www.barnaclinic.com\/blog\/ca\/blog\/ipc-emirats-arabs-barnaclinic\/"]}]},{"@type":"WebSite","@id":"https:\/\/www.barnaclinic.com\/blog\/#website","url":"https:\/\/www.barnaclinic.com\/blog\/","name":"Blog barnacl\u00ednic+","description":"Informaci\u00f3n y novedades sobre los servicios y profesionales de barnacl\u00ednic+, Hospital Cl\u00ednic de Barcelona","potentialAction":[{"@type":"SearchAction","target":{"@type":"EntryPoint","urlTemplate":"https:\/\/www.barnaclinic.com\/blog\/?s={search_term_string}"},"query-input":"required name=search_term_string"}],"inLanguage":"ca"},{"@type":"Person","@id":"https:\/\/www.barnaclinic.com\/blog\/#\/schema\/person\/062c0219c54bbf07163f34494da33e17","name":"barnacl\u00ednic+","url":"https:\/\/www.barnaclinic.com\/blog\/ca\/blog\/author\/alex\/"}]}},"_links":{"self":[{"href":"https:\/\/www.barnaclinic.com\/blog\/ca\/wp-json\/wp\/v2\/posts\/1417","targetHints":{"allow":["GET"]}}],"collection":[{"href":"https:\/\/www.barnaclinic.com\/blog\/ca\/wp-json\/wp\/v2\/posts"}],"about":[{"href":"https:\/\/www.barnaclinic.com\/blog\/ca\/wp-json\/wp\/v2\/types\/post"}],"author":[{"embeddable":true,"href":"https:\/\/www.barnaclinic.com\/blog\/ca\/wp-json\/wp\/v2\/users\/2"}],"replies":[{"embeddable":true,"href":"https:\/\/www.barnaclinic.com\/blog\/ca\/wp-json\/wp\/v2\/comments?post=1417"}],"version-history":[{"count":1,"href":"https:\/\/www.barnaclinic.com\/blog\/ca\/wp-json\/wp\/v2\/posts\/1417\/revisions"}],"predecessor-version":[{"id":1418,"href":"https:\/\/www.barnaclinic.com\/blog\/ca\/wp-json\/wp\/v2\/posts\/1417\/revisions\/1418"}],"wp:featuredmedia":[{"embeddable":true,"href":"https:\/\/www.barnaclinic.com\/blog\/ca\/wp-json\/wp\/v2\/media\/1424"}],"wp:attachment":[{"href":"https:\/\/www.barnaclinic.com\/blog\/ca\/wp-json\/wp\/v2\/media?parent=1417"}],"wp:term":[{"taxonomy":"category","embeddable":true,"href":"https:\/\/www.barnaclinic.com\/blog\/ca\/wp-json\/wp\/v2\/categories?post=1417"},{"taxonomy":"post_tag","embeddable":true,"href":"https:\/\/www.barnaclinic.com\/blog\/ca\/wp-json\/wp\/v2\/tags?post=1417"}],"curies":[{"name":"wp","href":"https:\/\/api.w.org\/{rel}","templated":true}]}}